{"id":529,"date":"2024-11-12T14:03:02","date_gmt":"2024-11-12T13:03:02","guid":{"rendered":"https:\/\/nyforetagarcentrum.se\/katrineholm\/?p=529"},"modified":"2024-11-12T14:03:41","modified_gmt":"2024-11-12T13:03:41","slug":"ny-verksamhetsledare-erica-borjesson","status":"publish","type":"post","link":"https:\/\/nyforetagarcentrum.se\/vastrasormland\/2024\/11\/12\/ny-verksamhetsledare-erica-borjesson\/","title":{"rendered":"Ny verksamhetsledare &#8211; Erica B\u00f6rjesson"},"content":{"rendered":"\n<p>&#8221;H\u00e4r finns s\u00e5 mycket potential&#8221; Jag vet att vi har en fantastiskt gynnsam f\u00f6retagskultur i v\u00e5r region och vill du lyckas h\u00e4r \u00e4r m\u00f6jligheterna m\u00e5nga. Jag har drivit f\u00f6retag sedan jag var 19\u00e5r och vet att det g\u00e5r att omvandla en hobby till verksamhet. Kanske g\u00e5r du och funderar p\u00e5 om f\u00f6retag \u00e4r n\u00e5got f\u00f6r dig, kom p\u00e5 en informationstr\u00e4ff och ta reda p\u00e5 vad det faktiskt inneb\u00e4r att starta f\u00f6retag. Varmt v\u00e4lkommen att boka r\u00e5dgivning hos mig eller n\u00e5gon av mina kollegor, vi finns f\u00f6r dig!<\/p>\n","protected":false},"excerpt":{"rendered":"<p>&#8221;H\u00e4r finns s\u00e5 mycket potential&#8221; Jag vet att vi har en fantastiskt gynnsam f\u00f6retagskultur i v\u00e5r region och vill du lyckas h\u00e4r \u00e4r m\u00f6jligheterna m\u00e5nga. Jag har drivit f\u00f6retag sedan jag var 19\u00e5r och vet att det g\u00e5r att omvandla en hobby till verksamhet. Kanske g\u00e5r du och funderar p\u00e5 om f\u00f6retag \u00e4r n\u00e5got f\u00f6r [&hellip;]<\/p>\n","protected":false},"author":20,"featured_media":526,"comment_status":"open","ping_status":"open","sticky":false,"template":"","format":"standard","meta":{"footnotes":""},"categories":[1],"tags":[],"acf":[],"yoast_head":"<!-- This site is optimized with the Yoast SEO plugin v22.9 - https:\/\/yoast.com\/wordpress\/plugins\/seo\/ -->\n<title>Ny verksamhetsledare - Erica B\u00f6rjesson - V\u00e4stra S\u00f6rmland<\/title>\n<meta name=\"description\" content=\"&quot;H\u00e4r finns s\u00e5 mycket potential&quot; Jag vet att vi har en fantastiskt gynnsam f\u00f6retagskultur i v\u00e5r region och vill du lyckas h\u00e4r \u00e4r m\u00f6jligheterna m\u00e5nga. Jag har drivit f\u00f6retag sedan jag var 19\u00e5r och vet att det g\u00e5r att omvandla en hobby till verksamhet. Kanske g\u00e5r du och funderar p\u00e5 om f\u00f6retag \u00e4r n\u00e5got f\u00f6r dig, kom p\u00e5 en informationstr\u00e4ff och ta reda p\u00e5 vad det faktiskt inneb\u00e4r att starta f\u00f6retag. Varmt v\u00e4lkommen att boka r\u00e5dgivning hos mig eller n\u00e5gon av mina kollegor, vi finns f\u00f6r dig!\" \/>\n<meta name=\"robots\" content=\"index, follow, max-snippet:-1, max-image-preview:large, max-video-preview:-1\" \/>\n<link rel=\"canonical\" href=\"https:\/\/nyforetagarcentrum.se\/vastrasormland\/2024\/11\/12\/ny-verksamhetsledare-erica-borjesson\/\" \/>\n<meta property=\"og:locale\" content=\"sv_SE\" \/>\n<meta property=\"og:type\" content=\"article\" \/>\n<meta property=\"og:title\" content=\"Ny verksamhetsledare - Erica B\u00f6rjesson - V\u00e4stra S\u00f6rmland\" \/>\n<meta property=\"og:description\" content=\"&quot;H\u00e4r finns s\u00e5 mycket potential&quot; Jag vet att vi har en fantastiskt gynnsam f\u00f6retagskultur i v\u00e5r region och vill du lyckas h\u00e4r \u00e4r m\u00f6jligheterna m\u00e5nga. Jag har drivit f\u00f6retag sedan jag var 19\u00e5r och vet att det g\u00e5r att omvandla en hobby till verksamhet. Kanske g\u00e5r du och funderar p\u00e5 om f\u00f6retag \u00e4r n\u00e5got f\u00f6r dig, kom p\u00e5 en informationstr\u00e4ff och ta reda p\u00e5 vad det faktiskt inneb\u00e4r att starta f\u00f6retag. Varmt v\u00e4lkommen att boka r\u00e5dgivning hos mig eller n\u00e5gon av mina kollegor, vi finns f\u00f6r dig!\" \/>\n<meta property=\"og:url\" content=\"https:\/\/nyforetagarcentrum.se\/vastrasormland\/2024\/11\/12\/ny-verksamhetsledare-erica-borjesson\/\" \/>\n<meta property=\"og:site_name\" content=\"V\u00e4stra S\u00f6rmland\" \/>\n<meta property=\"article:published_time\" content=\"2024-11-12T13:03:02+00:00\" \/>\n<meta property=\"article:modified_time\" content=\"2024-11-12T13:03:41+00:00\" \/>\n<meta property=\"og:image\" content=\"https:\/\/nyforetagarcentrum.se\/vastrasormland\/wp-content\/uploads\/sites\/65\/2024\/10\/image001.jpg\" \/>\n\t<meta property=\"og:image:width\" content=\"1500\" \/>\n\t<meta property=\"og:image:height\" content=\"2000\" \/>\n\t<meta property=\"og:image:type\" content=\"image\/jpeg\" \/>\n<meta name=\"author\" content=\"katrineholm\" \/>\n<meta name=\"twitter:card\" content=\"summary_large_image\" \/>\n<meta name=\"twitter:label1\" content=\"Skriven av\" \/>\n\t<meta name=\"twitter:data1\" content=\"katrineholm\" \/>\n\t<meta name=\"twitter:label2\" content=\"Ber\u00e4knad l\u00e4stid\" \/>\n\t<meta name=\"twitter:data2\" content=\"1 minut\" \/>\n<script type=\"application\/ld+json\" class=\"yoast-schema-graph\">{\"@context\":\"https:\/\/schema.org\",\"@graph\":[{\"@type\":\"Article\",\"@id\":\"https:\/\/nyforetagarcentrum.se\/vastrasormland\/2024\/11\/12\/ny-verksamhetsledare-erica-borjesson\/#article\",\"isPartOf\":{\"@id\":\"https:\/\/nyforetagarcentrum.se\/vastrasormland\/2024\/11\/12\/ny-verksamhetsledare-erica-borjesson\/\"},\"author\":{\"name\":\"katrineholm\",\"@id\":\"https:\/\/nyforetagarcentrum.se\/vastrasormland\/#\/schema\/person\/a68f109833605600673b2f4fb22855b9\"},\"headline\":\"Ny verksamhetsledare &#8211; Erica B\u00f6rjesson\",\"datePublished\":\"2024-11-12T13:03:02+00:00\",\"dateModified\":\"2024-11-12T13:03:41+00:00\",\"mainEntityOfPage\":{\"@id\":\"https:\/\/nyforetagarcentrum.se\/vastrasormland\/2024\/11\/12\/ny-verksamhetsledare-erica-borjesson\/\"},\"wordCount\":112,\"commentCount\":0,\"publisher\":{\"@id\":\"https:\/\/nyforetagarcentrum.se\/vastrasormland\/#organization\"},\"image\":{\"@id\":\"https:\/\/nyforetagarcentrum.se\/vastrasormland\/2024\/11\/12\/ny-verksamhetsledare-erica-borjesson\/#primaryimage\"},\"thumbnailUrl\":\"https:\/\/nyforetagarcentrum.se\/vastrasormland\/wp-content\/uploads\/sites\/65\/2024\/10\/image001.jpg\",\"inLanguage\":\"sv-SE\",\"potentialAction\":[{\"@type\":\"CommentAction\",\"name\":\"Comment\",\"target\":[\"https:\/\/nyforetagarcentrum.se\/vastrasormland\/2024\/11\/12\/ny-verksamhetsledare-erica-borjesson\/#respond\"]}]},{\"@type\":\"WebPage\",\"@id\":\"https:\/\/nyforetagarcentrum.se\/vastrasormland\/2024\/11\/12\/ny-verksamhetsledare-erica-borjesson\/\",\"url\":\"https:\/\/nyforetagarcentrum.se\/vastrasormland\/2024\/11\/12\/ny-verksamhetsledare-erica-borjesson\/\",\"name\":\"Ny verksamhetsledare - Erica B\u00f6rjesson - V\u00e4stra S\u00f6rmland\",\"isPartOf\":{\"@id\":\"https:\/\/nyforetagarcentrum.se\/vastrasormland\/#website\"},\"primaryImageOfPage\":{\"@id\":\"https:\/\/nyforetagarcentrum.se\/vastrasormland\/2024\/11\/12\/ny-verksamhetsledare-erica-borjesson\/#primaryimage\"},\"image\":{\"@id\":\"https:\/\/nyforetagarcentrum.se\/vastrasormland\/2024\/11\/12\/ny-verksamhetsledare-erica-borjesson\/#primaryimage\"},\"thumbnailUrl\":\"https:\/\/nyforetagarcentrum.se\/vastrasormland\/wp-content\/uploads\/sites\/65\/2024\/10\/image001.jpg\",\"datePublished\":\"2024-11-12T13:03:02+00:00\",\"dateModified\":\"2024-11-12T13:03:41+00:00\",\"description\":\"\\\"H\u00e4r finns s\u00e5 mycket potential\\\" Jag vet att vi har en fantastiskt gynnsam f\u00f6retagskultur i v\u00e5r region och vill du lyckas h\u00e4r \u00e4r m\u00f6jligheterna m\u00e5nga. Jag har drivit f\u00f6retag sedan jag var 19\u00e5r och vet att det g\u00e5r att omvandla en hobby till verksamhet. Kanske g\u00e5r du och funderar p\u00e5 om f\u00f6retag \u00e4r n\u00e5got f\u00f6r dig, kom p\u00e5 en informationstr\u00e4ff och ta reda p\u00e5 vad det faktiskt inneb\u00e4r att starta f\u00f6retag. Varmt v\u00e4lkommen att boka r\u00e5dgivning hos mig eller n\u00e5gon av mina kollegor, vi finns f\u00f6r dig!\",\"breadcrumb\":{\"@id\":\"https:\/\/nyforetagarcentrum.se\/vastrasormland\/2024\/11\/12\/ny-verksamhetsledare-erica-borjesson\/#breadcrumb\"},\"inLanguage\":\"sv-SE\",\"potentialAction\":[{\"@type\":\"ReadAction\",\"target\":[\"https:\/\/nyforetagarcentrum.se\/vastrasormland\/2024\/11\/12\/ny-verksamhetsledare-erica-borjesson\/\"]}]},{\"@type\":\"ImageObject\",\"inLanguage\":\"sv-SE\",\"@id\":\"https:\/\/nyforetagarcentrum.se\/vastrasormland\/2024\/11\/12\/ny-verksamhetsledare-erica-borjesson\/#primaryimage\",\"url\":\"https:\/\/nyforetagarcentrum.se\/vastrasormland\/wp-content\/uploads\/sites\/65\/2024\/10\/image001.jpg\",\"contentUrl\":\"https:\/\/nyforetagarcentrum.se\/vastrasormland\/wp-content\/uploads\/sites\/65\/2024\/10\/image001.jpg\",\"width\":1500,\"height\":2000},{\"@type\":\"BreadcrumbList\",\"@id\":\"https:\/\/nyforetagarcentrum.se\/vastrasormland\/2024\/11\/12\/ny-verksamhetsledare-erica-borjesson\/#breadcrumb\",\"itemListElement\":[{\"@type\":\"ListItem\",\"position\":1,\"name\":\"Hem\",\"item\":\"https:\/\/nyforetagarcentrum.se\/vastrasormland\/\"},{\"@type\":\"ListItem\",\"position\":2,\"name\":\"Ny verksamhetsledare &#8211; Erica B\u00f6rjesson\"}]},{\"@type\":\"WebSite\",\"@id\":\"https:\/\/nyforetagarcentrum.se\/vastrasormland\/#website\",\"url\":\"https:\/\/nyforetagarcentrum.se\/vastrasormland\/\",\"name\":\"V\u00e4stra S\u00f6rmland\",\"description\":\"Sveriges ledande kraft f\u00f6r fler nya livskraftiga f\u00f6retag\",\"publisher\":{\"@id\":\"https:\/\/nyforetagarcentrum.se\/vastrasormland\/#organization\"},\"potentialAction\":[{\"@type\":\"SearchAction\",\"target\":{\"@type\":\"EntryPoint\",\"urlTemplate\":\"https:\/\/nyforetagarcentrum.se\/vastrasormland\/?s={search_term_string}\"},\"query-input\":\"required name=search_term_string\"}],\"inLanguage\":\"sv-SE\"},{\"@type\":\"Organization\",\"@id\":\"https:\/\/nyforetagarcentrum.se\/vastrasormland\/#organization\",\"name\":\"V\u00e4stra S\u00f6rmland\",\"url\":\"https:\/\/nyforetagarcentrum.se\/vastrasormland\/\",\"logo\":{\"@type\":\"ImageObject\",\"inLanguage\":\"sv-SE\",\"@id\":\"https:\/\/nyforetagarcentrum.se\/vastrasormland\/#\/schema\/logo\/image\/\",\"url\":\"https:\/\/nyforetagarcentrum.se\/vastrasormland\/wp-content\/uploads\/sites\/65\/2024\/07\/vastrasormland_bla.png\",\"contentUrl\":\"https:\/\/nyforetagarcentrum.se\/vastrasormland\/wp-content\/uploads\/sites\/65\/2024\/07\/vastrasormland_bla.png\",\"width\":870,\"height\":355,\"caption\":\"V\u00e4stra S\u00f6rmland\"},\"image\":{\"@id\":\"https:\/\/nyforetagarcentrum.se\/vastrasormland\/#\/schema\/logo\/image\/\"}},{\"@type\":\"Person\",\"@id\":\"https:\/\/nyforetagarcentrum.se\/vastrasormland\/#\/schema\/person\/a68f109833605600673b2f4fb22855b9\",\"name\":\"katrineholm\",\"image\":{\"@type\":\"ImageObject\",\"inLanguage\":\"sv-SE\",\"@id\":\"https:\/\/nyforetagarcentrum.se\/vastrasormland\/#\/schema\/person\/image\/\",\"url\":\"https:\/\/secure.gravatar.com\/avatar\/a14588d92ca1b192403b95021c3ebba4?s=96&d=mm&r=g\",\"contentUrl\":\"https:\/\/secure.gravatar.com\/avatar\/a14588d92ca1b192403b95021c3ebba4?s=96&d=mm&r=g\",\"caption\":\"katrineholm\"},\"url\":\"https:\/\/nyforetagarcentrum.se\/vastrasormland\/author\/katrineholm\/\"}]}<\/script>\n<!-- \/ Yoast SEO plugin. -->","yoast_head_json":{"title":"Ny verksamhetsledare - Erica B\u00f6rjesson - V\u00e4stra S\u00f6rmland","description":"\"H\u00e4r finns s\u00e5 mycket potential\" Jag vet att vi har en fantastiskt gynnsam f\u00f6retagskultur i v\u00e5r region och vill du lyckas h\u00e4r \u00e4r m\u00f6jligheterna m\u00e5nga. Jag har drivit f\u00f6retag sedan jag var 19\u00e5r och vet att det g\u00e5r att omvandla en hobby till verksamhet. Kanske g\u00e5r du och funderar p\u00e5 om f\u00f6retag \u00e4r n\u00e5got f\u00f6r dig, kom p\u00e5 en informationstr\u00e4ff och ta reda p\u00e5 vad det faktiskt inneb\u00e4r att starta f\u00f6retag. Varmt v\u00e4lkommen att boka r\u00e5dgivning hos mig eller n\u00e5gon av mina kollegor, vi finns f\u00f6r dig!","robots":{"index":"index","follow":"follow","max-snippet":"max-snippet:-1","max-image-preview":"max-image-preview:large","max-video-preview":"max-video-preview:-1"},"canonical":"https:\/\/nyforetagarcentrum.se\/vastrasormland\/2024\/11\/12\/ny-verksamhetsledare-erica-borjesson\/","og_locale":"sv_SE","og_type":"article","og_title":"Ny verksamhetsledare - Erica B\u00f6rjesson - V\u00e4stra S\u00f6rmland","og_description":"\"H\u00e4r finns s\u00e5 mycket potential\" Jag vet att vi har en fantastiskt gynnsam f\u00f6retagskultur i v\u00e5r region och vill du lyckas h\u00e4r \u00e4r m\u00f6jligheterna m\u00e5nga. Jag har drivit f\u00f6retag sedan jag var 19\u00e5r och vet att det g\u00e5r att omvandla en hobby till verksamhet. Kanske g\u00e5r du och funderar p\u00e5 om f\u00f6retag \u00e4r n\u00e5got f\u00f6r dig, kom p\u00e5 en informationstr\u00e4ff och ta reda p\u00e5 vad det faktiskt inneb\u00e4r att starta f\u00f6retag. Varmt v\u00e4lkommen att boka r\u00e5dgivning hos mig eller n\u00e5gon av mina kollegor, vi finns f\u00f6r dig!","og_url":"https:\/\/nyforetagarcentrum.se\/vastrasormland\/2024\/11\/12\/ny-verksamhetsledare-erica-borjesson\/","og_site_name":"V\u00e4stra S\u00f6rmland","article_published_time":"2024-11-12T13:03:02+00:00","article_modified_time":"2024-11-12T13:03:41+00:00","og_image":[{"width":1500,"height":2000,"url":"https:\/\/nyforetagarcentrum.se\/vastrasormland\/wp-content\/uploads\/sites\/65\/2024\/10\/image001.jpg","type":"image\/jpeg"}],"author":"katrineholm","twitter_card":"summary_large_image","twitter_misc":{"Skriven av":"katrineholm","Ber\u00e4knad l\u00e4stid":"1 minut"},"schema":{"@context":"https:\/\/schema.org","@graph":[{"@type":"Article","@id":"https:\/\/nyforetagarcentrum.se\/vastrasormland\/2024\/11\/12\/ny-verksamhetsledare-erica-borjesson\/#article","isPartOf":{"@id":"https:\/\/nyforetagarcentrum.se\/vastrasormland\/2024\/11\/12\/ny-verksamhetsledare-erica-borjesson\/"},"author":{"name":"katrineholm","@id":"https:\/\/nyforetagarcentrum.se\/vastrasormland\/#\/schema\/person\/a68f109833605600673b2f4fb22855b9"},"headline":"Ny verksamhetsledare &#8211; Erica B\u00f6rjesson","datePublished":"2024-11-12T13:03:02+00:00","dateModified":"2024-11-12T13:03:41+00:00","mainEntityOfPage":{"@id":"https:\/\/nyforetagarcentrum.se\/vastrasormland\/2024\/11\/12\/ny-verksamhetsledare-erica-borjesson\/"},"wordCount":112,"commentCount":0,"publisher":{"@id":"https:\/\/nyforetagarcentrum.se\/vastrasormland\/#organization"},"image":{"@id":"https:\/\/nyforetagarcentrum.se\/vastrasormland\/2024\/11\/12\/ny-verksamhetsledare-erica-borjesson\/#primaryimage"},"thumbnailUrl":"https:\/\/nyforetagarcentrum.se\/vastrasormland\/wp-content\/uploads\/sites\/65\/2024\/10\/image001.jpg","inLanguage":"sv-SE","potentialAction":[{"@type":"CommentAction","name":"Comment","target":["https:\/\/nyforetagarcentrum.se\/vastrasormland\/2024\/11\/12\/ny-verksamhetsledare-erica-borjesson\/#respond"]}]},{"@type":"WebPage","@id":"https:\/\/nyforetagarcentrum.se\/vastrasormland\/2024\/11\/12\/ny-verksamhetsledare-erica-borjesson\/","url":"https:\/\/nyforetagarcentrum.se\/vastrasormland\/2024\/11\/12\/ny-verksamhetsledare-erica-borjesson\/","name":"Ny verksamhetsledare - Erica B\u00f6rjesson - V\u00e4stra S\u00f6rmland","isPartOf":{"@id":"https:\/\/nyforetagarcentrum.se\/vastrasormland\/#website"},"primaryImageOfPage":{"@id":"https:\/\/nyforetagarcentrum.se\/vastrasormland\/2024\/11\/12\/ny-verksamhetsledare-erica-borjesson\/#primaryimage"},"image":{"@id":"https:\/\/nyforetagarcentrum.se\/vastrasormland\/2024\/11\/12\/ny-verksamhetsledare-erica-borjesson\/#primaryimage"},"thumbnailUrl":"https:\/\/nyforetagarcentrum.se\/vastrasormland\/wp-content\/uploads\/sites\/65\/2024\/10\/image001.jpg","datePublished":"2024-11-12T13:03:02+00:00","dateModified":"2024-11-12T13:03:41+00:00","description":"\"H\u00e4r finns s\u00e5 mycket potential\" Jag vet att vi har en fantastiskt gynnsam f\u00f6retagskultur i v\u00e5r region och vill du lyckas h\u00e4r \u00e4r m\u00f6jligheterna m\u00e5nga. Jag har drivit f\u00f6retag sedan jag var 19\u00e5r och vet att det g\u00e5r att omvandla en hobby till verksamhet. Kanske g\u00e5r du och funderar p\u00e5 om f\u00f6retag \u00e4r n\u00e5got f\u00f6r dig, kom p\u00e5 en informationstr\u00e4ff och ta reda p\u00e5 vad det faktiskt inneb\u00e4r att starta f\u00f6retag. Varmt v\u00e4lkommen att boka r\u00e5dgivning hos mig eller n\u00e5gon av mina kollegor, vi finns f\u00f6r dig!","breadcrumb":{"@id":"https:\/\/nyforetagarcentrum.se\/vastrasormland\/2024\/11\/12\/ny-verksamhetsledare-erica-borjesson\/#breadcrumb"},"inLanguage":"sv-SE","potentialAction":[{"@type":"ReadAction","target":["https:\/\/nyforetagarcentrum.se\/vastrasormland\/2024\/11\/12\/ny-verksamhetsledare-erica-borjesson\/"]}]},{"@type":"ImageObject","inLanguage":"sv-SE","@id":"https:\/\/nyforetagarcentrum.se\/vastrasormland\/2024\/11\/12\/ny-verksamhetsledare-erica-borjesson\/#primaryimage","url":"https:\/\/nyforetagarcentrum.se\/vastrasormland\/wp-content\/uploads\/sites\/65\/2024\/10\/image001.jpg","contentUrl":"https:\/\/nyforetagarcentrum.se\/vastrasormland\/wp-content\/uploads\/sites\/65\/2024\/10\/image001.jpg","width":1500,"height":2000},{"@type":"BreadcrumbList","@id":"https:\/\/nyforetagarcentrum.se\/vastrasormland\/2024\/11\/12\/ny-verksamhetsledare-erica-borjesson\/#breadcrumb","itemListElement":[{"@type":"ListItem","position":1,"name":"Hem","item":"https:\/\/nyforetagarcentrum.se\/vastrasormland\/"},{"@type":"ListItem","position":2,"name":"Ny verksamhetsledare &#8211; Erica B\u00f6rjesson"}]},{"@type":"WebSite","@id":"https:\/\/nyforetagarcentrum.se\/vastrasormland\/#website","url":"https:\/\/nyforetagarcentrum.se\/vastrasormland\/","name":"V\u00e4stra S\u00f6rmland","description":"Sveriges ledande kraft f\u00f6r fler nya livskraftiga f\u00f6retag","publisher":{"@id":"https:\/\/nyforetagarcentrum.se\/vastrasormland\/#organization"},"potentialAction":[{"@type":"SearchAction","target":{"@type":"EntryPoint","urlTemplate":"https:\/\/nyforetagarcentrum.se\/vastrasormland\/?s={search_term_string}"},"query-input":"required name=search_term_string"}],"inLanguage":"sv-SE"},{"@type":"Organization","@id":"https:\/\/nyforetagarcentrum.se\/vastrasormland\/#organization","name":"V\u00e4stra S\u00f6rmland","url":"https:\/\/nyforetagarcentrum.se\/vastrasormland\/","logo":{"@type":"ImageObject","inLanguage":"sv-SE","@id":"https:\/\/nyforetagarcentrum.se\/vastrasormland\/#\/schema\/logo\/image\/","url":"https:\/\/nyforetagarcentrum.se\/vastrasormland\/wp-content\/uploads\/sites\/65\/2024\/07\/vastrasormland_bla.png","contentUrl":"https:\/\/nyforetagarcentrum.se\/vastrasormland\/wp-content\/uploads\/sites\/65\/2024\/07\/vastrasormland_bla.png","width":870,"height":355,"caption":"V\u00e4stra S\u00f6rmland"},"image":{"@id":"https:\/\/nyforetagarcentrum.se\/vastrasormland\/#\/schema\/logo\/image\/"}},{"@type":"Person","@id":"https:\/\/nyforetagarcentrum.se\/vastrasormland\/#\/schema\/person\/a68f109833605600673b2f4fb22855b9","name":"katrineholm","image":{"@type":"ImageObject","inLanguage":"sv-SE","@id":"https:\/\/nyforetagarcentrum.se\/vastrasormland\/#\/schema\/person\/image\/","url":"https:\/\/secure.gravatar.com\/avatar\/a14588d92ca1b192403b95021c3ebba4?s=96&d=mm&r=g","contentUrl":"https:\/\/secure.gravatar.com\/avatar\/a14588d92ca1b192403b95021c3ebba4?s=96&d=mm&r=g","caption":"katrineholm"},"url":"https:\/\/nyforetagarcentrum.se\/vastrasormland\/author\/katrineholm\/"}]}},"_links":{"self":[{"href":"https:\/\/nyforetagarcentrum.se\/vastrasormland\/wp-json\/wp\/v2\/posts\/529"}],"collection":[{"href":"https:\/\/nyforetagarcentrum.se\/vastrasormland\/wp-json\/wp\/v2\/posts"}],"about":[{"href":"https:\/\/nyforetagarcentrum.se\/vastrasormland\/wp-json\/wp\/v2\/types\/post"}],"author":[{"embeddable":true,"href":"https:\/\/nyforetagarcentrum.se\/vastrasormland\/wp-json\/wp\/v2\/users\/20"}],"replies":[{"embeddable":true,"href":"https:\/\/nyforetagarcentrum.se\/vastrasormland\/wp-json\/wp\/v2\/comments?post=529"}],"version-history":[{"count":2,"href":"https:\/\/nyforetagarcentrum.se\/vastrasormland\/wp-json\/wp\/v2\/posts\/529\/revisions"}],"predecessor-version":[{"id":532,"href":"https:\/\/nyforetagarcentrum.se\/vastrasormland\/wp-json\/wp\/v2\/posts\/529\/revisions\/532"}],"wp:featuredmedia":[{"embeddable":true,"href":"https:\/\/nyforetagarcentrum.se\/vastrasormland\/wp-json\/wp\/v2\/media\/526"}],"wp:attachment":[{"href":"https:\/\/nyforetagarcentrum.se\/vastrasormland\/wp-json\/wp\/v2\/media?parent=529"}],"wp:term":[{"taxonomy":"category","embeddable":true,"href":"https:\/\/nyforetagarcentrum.se\/vastrasormland\/wp-json\/wp\/v2\/categories?post=529"},{"taxonomy":"post_tag","embeddable":true,"href":"https:\/\/nyforetagarcentrum.se\/vastrasormland\/wp-json\/wp\/v2\/tags?post=529"}],"curies":[{"name":"wp","href":"https:\/\/api.w.org\/{rel}","templated":true}]}}