{"id":1875,"date":"2026-09-01T09:43:42","date_gmt":"2026-09-01T07:43:42","guid":{"rendered":"https:\/\/nyforetagarcentrum.se\/vast\/?p=1875"},"modified":"2026-09-01T09:43:42","modified_gmt":"2026-09-01T07:43:42","slug":"manadens-nyforetagare-nenad-iseni-pa-yrkesbanken-ab","status":"publish","type":"post","link":"https:\/\/nyforetagarcentrum.se\/vast\/2026\/09\/01\/manadens-nyforetagare-nenad-iseni-pa-yrkesbanken-ab\/","title":{"rendered":"M\u00e5nadens nyf\u00f6retagare \u2013 Nenad Iseni p\u00e5 Yrkesb\u00e4nken AB"},"content":{"rendered":"\n<p><strong>Nenad Iseni<\/strong>, som bor i Varekil med sin sambo och tv\u00e5 s\u00f6ner, har en bakgrund som bilmekaniker, coach och verkstadschef. I dag arbetar han som Key Account Manager inom export p\u00e5 Wallmek i Kung\u00e4lv \u2013 erfarenheter som lade grunden till hans f\u00f6retagsid\u00e9.<\/p>\n\n\n\n<p>Id\u00e9n till <strong>Yrkesb\u00e4nken AB<\/strong> f\u00f6ddes ur ett problem Nenad sj\u00e4lv upplevt fr\u00e5n b\u00e5da sidor av arbetslivet. Som chef s\u00e5g han att de mest intressanta kandidaterna ofta redan hade jobb och d\u00e4rf\u00f6r inte s\u00f6kte utannonserade tj\u00e4nster. Samtidigt visste han hur det k\u00e4ndes att sj\u00e4lv vara nyfiken p\u00e5 andra m\u00f6jligheter, men utan att vilja kalla sig arbetss\u00f6kande.<\/p>\n\n\n\n<p>L\u00f6sningen blev Yrkesb\u00e4nken \u2013 en tj\u00e4nst d\u00e4r yrkesverksamma kostnadsfritt kan skapa en anonym profil och visa sin kompetens. F\u00f6retag kan hitta intressanta kandidater och skicka f\u00f6rfr\u00e5gningar, men det \u00e4r alltid kandidaten som best\u00e4mmer n\u00e4r identiteten ska avsl\u00f6jas.<\/p>\n\n\n\n<p>Det personliga engagemanget \u00e4r en viktig del av tj\u00e4nsten. Nenad g\u00e5r sj\u00e4lv igenom kandidaterna och arbetar aktivt f\u00f6r att hitta relevanta f\u00f6retag och matchningar. M\u00e5let \u00e4r att hj\u00e4lpa m\u00e4nniskor och f\u00f6retag att hitta varandra \u2013 och att \u00f6ppna d\u00f6rren till nya m\u00f6jligheter utan att man f\u00f6rst beh\u00f6ver ta steget att aktivt s\u00f6ka jobb.<\/p>\n\n\n\n<p>P\u00e5 bara tre m\u00e5nader gick Nenad fr\u00e5n id\u00e9 till f\u00e4rdig hemsida och aktiebolag. Som f\u00f6rstag\u00e5ngsf\u00f6retagare har han framf\u00f6r allt f\u00e5tt l\u00e4ra sig vikten av t\u00e5lamod och att v\u00e5ga ta hj\u00e4lp. Teres p\u00e5 <strong>Nyf\u00f6retagarCentrum V\u00e4st <\/strong>har varit ett viktigt st\u00f6d p\u00e5 v\u00e4gen.<\/p>\n\n\n\n<p>Hans r\u00e5d till andra som funderar p\u00e5 att starta eget \u00e4r enkelt: <strong>K\u00f6r!<\/strong> Men g\u00e5 igenom id\u00e9n ordentligt, unders\u00f6k marknaden och v\u00e5ga ta hj\u00e4lp av m\u00e4nniskor som kan s\u00e5dant du sj\u00e4lv inte kan.<\/p>\n\n\n\n<figure class=\"wp-block-image size-large\"><img loading=\"lazy\" decoding=\"async\" width=\"1024\" height=\"683\" src=\"https:\/\/nyforetagarcentrum.se\/vast\/wp-content\/uploads\/sites\/78\/2026\/08\/yrkesbanken-logo-2-1024x683.png\" alt=\"\" class=\"wp-image-1880\" srcset=\"https:\/\/nyforetagarcentrum.se\/vast\/wp-content\/uploads\/sites\/78\/2026\/08\/yrkesbanken-logo-2-1024x683.png 1024w, https:\/\/nyforetagarcentrum.se\/vast\/wp-content\/uploads\/sites\/78\/2026\/08\/yrkesbanken-logo-2-300x200.png 300w, https:\/\/nyforetagarcentrum.se\/vast\/wp-content\/uploads\/sites\/78\/2026\/08\/yrkesbanken-logo-2-768x512.png 768w, https:\/\/nyforetagarcentrum.se\/vast\/wp-content\/uploads\/sites\/78\/2026\/08\/yrkesbanken-logo-2.png 1536w\" sizes=\"(max-width: 1024px) 100vw, 1024px\" \/><\/figure>\n\n\n\n<div class=\"wp-block-buttons is-layout-flex wp-block-buttons-is-layout-flex\">\n<div class=\"wp-block-button\"><a class=\"wp-block-button__link wp-element-button\" href=\"https:\/\/www.instagram.com\/yrkesbanken.se\/\" target=\"_blank\" rel=\"noreferrer noopener\">Bes\u00f6k Yrkesbanken p\u00e5 Instagram<\/a><\/div>\n<\/div>\n","protected":false},"excerpt":{"rendered":"<p>Nenad Iseni, som bor i Varekil med sin sambo och tv\u00e5 s\u00f6ner, har en bakgrund som bilmekaniker, coach och verkstadschef. I dag arbetar han som Key Account Manager inom export p\u00e5 Wallmek i Kung\u00e4lv \u2013 erfarenheter som lade grunden till hans f\u00f6retagsid\u00e9. Id\u00e9n till Yrkesb\u00e4nken AB f\u00f6ddes ur ett problem Nenad sj\u00e4lv upplevt fr\u00e5n b\u00e5da [&hellip;]<\/p>\n","protected":false},"author":28,"featured_media":1878,"comment_status":"open","ping_status":"open","sticky":false,"template":"","format":"standard","meta":{"footnotes":""},"categories":[21],"tags":[],"acf":[],"yoast_head":"<!-- This site is optimized with the Yoast SEO plugin v22.9 - https:\/\/yoast.com\/wordpress\/plugins\/seo\/ -->\n<title>M\u00e5nadens nyf\u00f6retagare \u2013 Nenad Iseni p\u00e5 Yrkesb\u00e4nken AB - V\u00e4st<\/title>\n<meta name=\"robots\" content=\"index, follow, max-snippet:-1, max-image-preview:large, max-video-preview:-1\" \/>\n<link rel=\"canonical\" href=\"https:\/\/nyforetagarcentrum.se\/vast\/2026\/09\/01\/manadens-nyforetagare-nenad-iseni-pa-yrkesbanken-ab\/\" \/>\n<meta property=\"og:locale\" content=\"sv_SE\" \/>\n<meta property=\"og:type\" content=\"article\" \/>\n<meta property=\"og:title\" content=\"M\u00e5nadens nyf\u00f6retagare \u2013 Nenad Iseni p\u00e5 Yrkesb\u00e4nken AB - V\u00e4st\" \/>\n<meta property=\"og:description\" content=\"Nenad Iseni, som bor i Varekil med sin sambo och tv\u00e5 s\u00f6ner, har en bakgrund som bilmekaniker, coach och verkstadschef. I dag arbetar han som Key Account Manager inom export p\u00e5 Wallmek i Kung\u00e4lv \u2013 erfarenheter som lade grunden till hans f\u00f6retagsid\u00e9. Id\u00e9n till Yrkesb\u00e4nken AB f\u00f6ddes ur ett problem Nenad sj\u00e4lv upplevt fr\u00e5n b\u00e5da [&hellip;]\" \/>\n<meta property=\"og:url\" content=\"https:\/\/nyforetagarcentrum.se\/vast\/2026\/09\/01\/manadens-nyforetagare-nenad-iseni-pa-yrkesbanken-ab\/\" \/>\n<meta property=\"og:site_name\" content=\"V\u00e4st\" \/>\n<meta property=\"article:published_time\" content=\"2026-09-01T07:43:42+00:00\" \/>\n<meta property=\"og:image\" content=\"https:\/\/nyforetagarcentrum.se\/vast\/wp-content\/uploads\/sites\/78\/2026\/08\/Yrkesbanken-AB.png\" \/>\n\t<meta property=\"og:image:width\" content=\"1920\" \/>\n\t<meta property=\"og:image:height\" content=\"1080\" \/>\n\t<meta property=\"og:image:type\" content=\"image\/png\" \/>\n<meta name=\"author\" content=\"vast\" \/>\n<meta name=\"twitter:card\" content=\"summary_large_image\" \/>\n<meta name=\"twitter:label1\" content=\"Skriven av\" \/>\n\t<meta name=\"twitter:data1\" content=\"vast\" \/>\n\t<meta name=\"twitter:label2\" content=\"Ber\u00e4knad l\u00e4stid\" \/>\n\t<meta name=\"twitter:data2\" content=\"2 minuter\" \/>\n<script type=\"application\/ld+json\" class=\"yoast-schema-graph\">{\"@context\":\"https:\/\/schema.org\",\"@graph\":[{\"@type\":\"Article\",\"@id\":\"https:\/\/nyforetagarcentrum.se\/vast\/2026\/09\/01\/manadens-nyforetagare-nenad-iseni-pa-yrkesbanken-ab\/#article\",\"isPartOf\":{\"@id\":\"https:\/\/nyforetagarcentrum.se\/vast\/2026\/09\/01\/manadens-nyforetagare-nenad-iseni-pa-yrkesbanken-ab\/\"},\"author\":{\"name\":\"vast\",\"@id\":\"https:\/\/nyforetagarcentrum.se\/vast\/#\/schema\/person\/11e9dd2ec5605c6958a2caa631ac879e\"},\"headline\":\"M\u00e5nadens nyf\u00f6retagare \u2013 Nenad Iseni p\u00e5 Yrkesb\u00e4nken AB\",\"datePublished\":\"2026-09-01T07:43:42+00:00\",\"dateModified\":\"2026-09-01T07:43:42+00:00\",\"mainEntityOfPage\":{\"@id\":\"https:\/\/nyforetagarcentrum.se\/vast\/2026\/09\/01\/manadens-nyforetagare-nenad-iseni-pa-yrkesbanken-ab\/\"},\"wordCount\":340,\"commentCount\":0,\"publisher\":{\"@id\":\"https:\/\/nyforetagarcentrum.se\/vast\/#organization\"},\"image\":{\"@id\":\"https:\/\/nyforetagarcentrum.se\/vast\/2026\/09\/01\/manadens-nyforetagare-nenad-iseni-pa-yrkesbanken-ab\/#primaryimage\"},\"thumbnailUrl\":\"https:\/\/nyforetagarcentrum.se\/vast\/wp-content\/uploads\/sites\/78\/2026\/08\/Yrkesbanken-AB.png\",\"articleSection\":[\"M\u00e5nadens nyf\u00f6retagare\"],\"inLanguage\":\"sv-SE\",\"potentialAction\":[{\"@type\":\"CommentAction\",\"name\":\"Comment\",\"target\":[\"https:\/\/nyforetagarcentrum.se\/vast\/2026\/09\/01\/manadens-nyforetagare-nenad-iseni-pa-yrkesbanken-ab\/#respond\"]}]},{\"@type\":\"WebPage\",\"@id\":\"https:\/\/nyforetagarcentrum.se\/vast\/2026\/09\/01\/manadens-nyforetagare-nenad-iseni-pa-yrkesbanken-ab\/\",\"url\":\"https:\/\/nyforetagarcentrum.se\/vast\/2026\/09\/01\/manadens-nyforetagare-nenad-iseni-pa-yrkesbanken-ab\/\",\"name\":\"M\u00e5nadens nyf\u00f6retagare \u2013 Nenad Iseni p\u00e5 Yrkesb\u00e4nken AB - V\u00e4st\",\"isPartOf\":{\"@id\":\"https:\/\/nyforetagarcentrum.se\/vast\/#website\"},\"primaryImageOfPage\":{\"@id\":\"https:\/\/nyforetagarcentrum.se\/vast\/2026\/09\/01\/manadens-nyforetagare-nenad-iseni-pa-yrkesbanken-ab\/#primaryimage\"},\"image\":{\"@id\":\"https:\/\/nyforetagarcentrum.se\/vast\/2026\/09\/01\/manadens-nyforetagare-nenad-iseni-pa-yrkesbanken-ab\/#primaryimage\"},\"thumbnailUrl\":\"https:\/\/nyforetagarcentrum.se\/vast\/wp-content\/uploads\/sites\/78\/2026\/08\/Yrkesbanken-AB.png\",\"datePublished\":\"2026-09-01T07:43:42+00:00\",\"dateModified\":\"2026-09-01T07:43:42+00:00\",\"breadcrumb\":{\"@id\":\"https:\/\/nyforetagarcentrum.se\/vast\/2026\/09\/01\/manadens-nyforetagare-nenad-iseni-pa-yrkesbanken-ab\/#breadcrumb\"},\"inLanguage\":\"sv-SE\",\"potentialAction\":[{\"@type\":\"ReadAction\",\"target\":[\"https:\/\/nyforetagarcentrum.se\/vast\/2026\/09\/01\/manadens-nyforetagare-nenad-iseni-pa-yrkesbanken-ab\/\"]}]},{\"@type\":\"ImageObject\",\"inLanguage\":\"sv-SE\",\"@id\":\"https:\/\/nyforetagarcentrum.se\/vast\/2026\/09\/01\/manadens-nyforetagare-nenad-iseni-pa-yrkesbanken-ab\/#primaryimage\",\"url\":\"https:\/\/nyforetagarcentrum.se\/vast\/wp-content\/uploads\/sites\/78\/2026\/08\/Yrkesbanken-AB.png\",\"contentUrl\":\"https:\/\/nyforetagarcentrum.se\/vast\/wp-content\/uploads\/sites\/78\/2026\/08\/Yrkesbanken-AB.png\",\"width\":1920,\"height\":1080},{\"@type\":\"BreadcrumbList\",\"@id\":\"https:\/\/nyforetagarcentrum.se\/vast\/2026\/09\/01\/manadens-nyforetagare-nenad-iseni-pa-yrkesbanken-ab\/#breadcrumb\",\"itemListElement\":[{\"@type\":\"ListItem\",\"position\":1,\"name\":\"Hem\",\"item\":\"https:\/\/nyforetagarcentrum.se\/vast\/\"},{\"@type\":\"ListItem\",\"position\":2,\"name\":\"M\u00e5nadens nyf\u00f6retagare \u2013 Nenad Iseni p\u00e5 Yrkesb\u00e4nken AB\"}]},{\"@type\":\"WebSite\",\"@id\":\"https:\/\/nyforetagarcentrum.se\/vast\/#website\",\"url\":\"https:\/\/nyforetagarcentrum.se\/vast\/\",\"name\":\"V\u00e4st\",\"description\":\"Sveriges ledande kraft f\u00f6r fler nya livskraftiga f\u00f6retag\",\"publisher\":{\"@id\":\"https:\/\/nyforetagarcentrum.se\/vast\/#organization\"},\"potentialAction\":[{\"@type\":\"SearchAction\",\"target\":{\"@type\":\"EntryPoint\",\"urlTemplate\":\"https:\/\/nyforetagarcentrum.se\/vast\/?s={search_term_string}\"},\"query-input\":\"required name=search_term_string\"}],\"inLanguage\":\"sv-SE\"},{\"@type\":\"Organization\",\"@id\":\"https:\/\/nyforetagarcentrum.se\/vast\/#organization\",\"name\":\"V\u00e4st\",\"url\":\"https:\/\/nyforetagarcentrum.se\/vast\/\",\"logo\":{\"@type\":\"ImageObject\",\"inLanguage\":\"sv-SE\",\"@id\":\"https:\/\/nyforetagarcentrum.se\/vast\/#\/schema\/logo\/image\/\",\"url\":\"https:\/\/nyforetagarcentrum.se\/vast\/wp-content\/uploads\/sites\/78\/2024\/07\/vast_bla.png\",\"contentUrl\":\"https:\/\/nyforetagarcentrum.se\/vast\/wp-content\/uploads\/sites\/78\/2024\/07\/vast_bla.png\",\"width\":870,\"height\":355,\"caption\":\"V\u00e4st\"},\"image\":{\"@id\":\"https:\/\/nyforetagarcentrum.se\/vast\/#\/schema\/logo\/image\/\"}},{\"@type\":\"Person\",\"@id\":\"https:\/\/nyforetagarcentrum.se\/vast\/#\/schema\/person\/11e9dd2ec5605c6958a2caa631ac879e\",\"name\":\"vast\",\"image\":{\"@type\":\"ImageObject\",\"inLanguage\":\"sv-SE\",\"@id\":\"https:\/\/nyforetagarcentrum.se\/vast\/#\/schema\/person\/image\/\",\"url\":\"https:\/\/secure.gravatar.com\/avatar\/276df30e6ec485308cf875b6bbd49a8d?s=96&d=mm&r=g\",\"contentUrl\":\"https:\/\/secure.gravatar.com\/avatar\/276df30e6ec485308cf875b6bbd49a8d?s=96&d=mm&r=g\",\"caption\":\"vast\"},\"url\":\"https:\/\/nyforetagarcentrum.se\/vast\/author\/vast\/\"}]}<\/script>\n<!-- \/ Yoast SEO plugin. -->","yoast_head_json":{"title":"M\u00e5nadens nyf\u00f6retagare \u2013 Nenad Iseni p\u00e5 Yrkesb\u00e4nken AB - V\u00e4st","robots":{"index":"index","follow":"follow","max-snippet":"max-snippet:-1","max-image-preview":"max-image-preview:large","max-video-preview":"max-video-preview:-1"},"canonical":"https:\/\/nyforetagarcentrum.se\/vast\/2026\/09\/01\/manadens-nyforetagare-nenad-iseni-pa-yrkesbanken-ab\/","og_locale":"sv_SE","og_type":"article","og_title":"M\u00e5nadens nyf\u00f6retagare \u2013 Nenad Iseni p\u00e5 Yrkesb\u00e4nken AB - V\u00e4st","og_description":"Nenad Iseni, som bor i Varekil med sin sambo och tv\u00e5 s\u00f6ner, har en bakgrund som bilmekaniker, coach och verkstadschef. I dag arbetar han som Key Account Manager inom export p\u00e5 Wallmek i Kung\u00e4lv \u2013 erfarenheter som lade grunden till hans f\u00f6retagsid\u00e9. Id\u00e9n till Yrkesb\u00e4nken AB f\u00f6ddes ur ett problem Nenad sj\u00e4lv upplevt fr\u00e5n b\u00e5da [&hellip;]","og_url":"https:\/\/nyforetagarcentrum.se\/vast\/2026\/09\/01\/manadens-nyforetagare-nenad-iseni-pa-yrkesbanken-ab\/","og_site_name":"V\u00e4st","article_published_time":"2026-09-01T07:43:42+00:00","og_image":[{"width":1920,"height":1080,"url":"https:\/\/nyforetagarcentrum.se\/vast\/wp-content\/uploads\/sites\/78\/2026\/08\/Yrkesbanken-AB.png","type":"image\/png"}],"author":"vast","twitter_card":"summary_large_image","twitter_misc":{"Skriven av":"vast","Ber\u00e4knad l\u00e4stid":"2 minuter"},"schema":{"@context":"https:\/\/schema.org","@graph":[{"@type":"Article","@id":"https:\/\/nyforetagarcentrum.se\/vast\/2026\/09\/01\/manadens-nyforetagare-nenad-iseni-pa-yrkesbanken-ab\/#article","isPartOf":{"@id":"https:\/\/nyforetagarcentrum.se\/vast\/2026\/09\/01\/manadens-nyforetagare-nenad-iseni-pa-yrkesbanken-ab\/"},"author":{"name":"vast","@id":"https:\/\/nyforetagarcentrum.se\/vast\/#\/schema\/person\/11e9dd2ec5605c6958a2caa631ac879e"},"headline":"M\u00e5nadens nyf\u00f6retagare \u2013 Nenad Iseni p\u00e5 Yrkesb\u00e4nken AB","datePublished":"2026-09-01T07:43:42+00:00","dateModified":"2026-09-01T07:43:42+00:00","mainEntityOfPage":{"@id":"https:\/\/nyforetagarcentrum.se\/vast\/2026\/09\/01\/manadens-nyforetagare-nenad-iseni-pa-yrkesbanken-ab\/"},"wordCount":340,"commentCount":0,"publisher":{"@id":"https:\/\/nyforetagarcentrum.se\/vast\/#organization"},"image":{"@id":"https:\/\/nyforetagarcentrum.se\/vast\/2026\/09\/01\/manadens-nyforetagare-nenad-iseni-pa-yrkesbanken-ab\/#primaryimage"},"thumbnailUrl":"https:\/\/nyforetagarcentrum.se\/vast\/wp-content\/uploads\/sites\/78\/2026\/08\/Yrkesbanken-AB.png","articleSection":["M\u00e5nadens nyf\u00f6retagare"],"inLanguage":"sv-SE","potentialAction":[{"@type":"CommentAction","name":"Comment","target":["https:\/\/nyforetagarcentrum.se\/vast\/2026\/09\/01\/manadens-nyforetagare-nenad-iseni-pa-yrkesbanken-ab\/#respond"]}]},{"@type":"WebPage","@id":"https:\/\/nyforetagarcentrum.se\/vast\/2026\/09\/01\/manadens-nyforetagare-nenad-iseni-pa-yrkesbanken-ab\/","url":"https:\/\/nyforetagarcentrum.se\/vast\/2026\/09\/01\/manadens-nyforetagare-nenad-iseni-pa-yrkesbanken-ab\/","name":"M\u00e5nadens nyf\u00f6retagare \u2013 Nenad Iseni p\u00e5 Yrkesb\u00e4nken AB - V\u00e4st","isPartOf":{"@id":"https:\/\/nyforetagarcentrum.se\/vast\/#website"},"primaryImageOfPage":{"@id":"https:\/\/nyforetagarcentrum.se\/vast\/2026\/09\/01\/manadens-nyforetagare-nenad-iseni-pa-yrkesbanken-ab\/#primaryimage"},"image":{"@id":"https:\/\/nyforetagarcentrum.se\/vast\/2026\/09\/01\/manadens-nyforetagare-nenad-iseni-pa-yrkesbanken-ab\/#primaryimage"},"thumbnailUrl":"https:\/\/nyforetagarcentrum.se\/vast\/wp-content\/uploads\/sites\/78\/2026\/08\/Yrkesbanken-AB.png","datePublished":"2026-09-01T07:43:42+00:00","dateModified":"2026-09-01T07:43:42+00:00","breadcrumb":{"@id":"https:\/\/nyforetagarcentrum.se\/vast\/2026\/09\/01\/manadens-nyforetagare-nenad-iseni-pa-yrkesbanken-ab\/#breadcrumb"},"inLanguage":"sv-SE","potentialAction":[{"@type":"ReadAction","target":["https:\/\/nyforetagarcentrum.se\/vast\/2026\/09\/01\/manadens-nyforetagare-nenad-iseni-pa-yrkesbanken-ab\/"]}]},{"@type":"ImageObject","inLanguage":"sv-SE","@id":"https:\/\/nyforetagarcentrum.se\/vast\/2026\/09\/01\/manadens-nyforetagare-nenad-iseni-pa-yrkesbanken-ab\/#primaryimage","url":"https:\/\/nyforetagarcentrum.se\/vast\/wp-content\/uploads\/sites\/78\/2026\/08\/Yrkesbanken-AB.png","contentUrl":"https:\/\/nyforetagarcentrum.se\/vast\/wp-content\/uploads\/sites\/78\/2026\/08\/Yrkesbanken-AB.png","width":1920,"height":1080},{"@type":"BreadcrumbList","@id":"https:\/\/nyforetagarcentrum.se\/vast\/2026\/09\/01\/manadens-nyforetagare-nenad-iseni-pa-yrkesbanken-ab\/#breadcrumb","itemListElement":[{"@type":"ListItem","position":1,"name":"Hem","item":"https:\/\/nyforetagarcentrum.se\/vast\/"},{"@type":"ListItem","position":2,"name":"M\u00e5nadens nyf\u00f6retagare \u2013 Nenad Iseni p\u00e5 Yrkesb\u00e4nken AB"}]},{"@type":"WebSite","@id":"https:\/\/nyforetagarcentrum.se\/vast\/#website","url":"https:\/\/nyforetagarcentrum.se\/vast\/","name":"V\u00e4st","description":"Sveriges ledande kraft f\u00f6r fler nya livskraftiga f\u00f6retag","publisher":{"@id":"https:\/\/nyforetagarcentrum.se\/vast\/#organization"},"potentialAction":[{"@type":"SearchAction","target":{"@type":"EntryPoint","urlTemplate":"https:\/\/nyforetagarcentrum.se\/vast\/?s={search_term_string}"},"query-input":"required name=search_term_string"}],"inLanguage":"sv-SE"},{"@type":"Organization","@id":"https:\/\/nyforetagarcentrum.se\/vast\/#organization","name":"V\u00e4st","url":"https:\/\/nyforetagarcentrum.se\/vast\/","logo":{"@type":"ImageObject","inLanguage":"sv-SE","@id":"https:\/\/nyforetagarcentrum.se\/vast\/#\/schema\/logo\/image\/","url":"https:\/\/nyforetagarcentrum.se\/vast\/wp-content\/uploads\/sites\/78\/2024\/07\/vast_bla.png","contentUrl":"https:\/\/nyforetagarcentrum.se\/vast\/wp-content\/uploads\/sites\/78\/2024\/07\/vast_bla.png","width":870,"height":355,"caption":"V\u00e4st"},"image":{"@id":"https:\/\/nyforetagarcentrum.se\/vast\/#\/schema\/logo\/image\/"}},{"@type":"Person","@id":"https:\/\/nyforetagarcentrum.se\/vast\/#\/schema\/person\/11e9dd2ec5605c6958a2caa631ac879e","name":"vast","image":{"@type":"ImageObject","inLanguage":"sv-SE","@id":"https:\/\/nyforetagarcentrum.se\/vast\/#\/schema\/person\/image\/","url":"https:\/\/secure.gravatar.com\/avatar\/276df30e6ec485308cf875b6bbd49a8d?s=96&d=mm&r=g","contentUrl":"https:\/\/secure.gravatar.com\/avatar\/276df30e6ec485308cf875b6bbd49a8d?s=96&d=mm&r=g","caption":"vast"},"url":"https:\/\/nyforetagarcentrum.se\/vast\/author\/vast\/"}]}},"_links":{"self":[{"href":"https:\/\/nyforetagarcentrum.se\/vast\/wp-json\/wp\/v2\/posts\/1875"}],"collection":[{"href":"https:\/\/nyforetagarcentrum.se\/vast\/wp-json\/wp\/v2\/posts"}],"about":[{"href":"https:\/\/nyforetagarcentrum.se\/vast\/wp-json\/wp\/v2\/types\/post"}],"author":[{"embeddable":true,"href":"https:\/\/nyforetagarcentrum.se\/vast\/wp-json\/wp\/v2\/users\/28"}],"replies":[{"embeddable":true,"href":"https:\/\/nyforetagarcentrum.se\/vast\/wp-json\/wp\/v2\/comments?post=1875"}],"version-history":[{"count":7,"href":"https:\/\/nyforetagarcentrum.se\/vast\/wp-json\/wp\/v2\/posts\/1875\/revisions"}],"predecessor-version":[{"id":1888,"href":"https:\/\/nyforetagarcentrum.se\/vast\/wp-json\/wp\/v2\/posts\/1875\/revisions\/1888"}],"wp:featuredmedia":[{"embeddable":true,"href":"https:\/\/nyforetagarcentrum.se\/vast\/wp-json\/wp\/v2\/media\/1878"}],"wp:attachment":[{"href":"https:\/\/nyforetagarcentrum.se\/vast\/wp-json\/wp\/v2\/media?parent=1875"}],"wp:term":[{"taxonomy":"category","embeddable":true,"href":"https:\/\/nyforetagarcentrum.se\/vast\/wp-json\/wp\/v2\/categories?post=1875"},{"taxonomy":"post_tag","embeddable":true,"href":"https:\/\/nyforetagarcentrum.se\/vast\/wp-json\/wp\/v2\/tags?post=1875"}],"curies":[{"name":"wp","href":"https:\/\/api.w.org\/{rel}","templated":true}]}}