{"id":852,"date":"2024-09-10T16:01:01","date_gmt":"2024-09-10T14:01:01","guid":{"rendered":"https:\/\/nyforetagarcentrum.se\/sydostraskane\/?p=852"},"modified":"2024-09-10T16:02:01","modified_gmt":"2024-09-10T14:02:01","slug":"snabbsummering-av-ystad-summit","status":"publish","type":"post","link":"https:\/\/nyforetagarcentrum.se\/sydostraskane\/2024\/09\/10\/snabbsummering-av-ystad-summit\/","title":{"rendered":"Snabbsummering av Ystad Summit"},"content":{"rendered":"\n<p>Vi vill rikta ett stort tack till alla bes\u00f6kare och arrang\u00f6rer f\u00f6r en lyckat Ystad Summit. Ett extra stort tack till Sparbanken Syd som gjorde v\u00e5r medverkan m\u00f6jlig tack vare sin stiftelse <a href=\"https:\/\/www.sparbankensyd.se\/om-oss\/samhallsengagemang\/stiftelsen\">Sparbanken Syds Stiftelse<\/a>.\u00a0<\/p>\n\n\n\n<p>Under dagarna hann vi p\u00e5 Nyf\u00f6retagarCentrum Syd\u00f6stra Sk\u00e5ne med att tr\u00e4ffa framtidens f\u00f6retagare, aktiva f\u00f6retagare, innovat\u00f6rer \u2013 ja, som sagt, massvis med intressanta m\u00f6ten.<br>\u2013 Det \u00e4r viktigt f\u00f6r oss p\u00e5 Nyf\u00f6retagarcentrum Syd\u00f6stra Sk\u00e5ne att synas och ber\u00e4tta om v\u00e5r verksamhet dels f\u00f6r v\u00e5ra kunder men ocks\u00e5 f\u00f6r v\u00e5ra samarbetspartners som g\u00f6r det m\u00f6jligt f\u00f6r oss att erbjuda kostnadsfria r\u00e5dgivningar och aktiviteter, s\u00e4ger verksamhetsledare Ann-Sofie Larsson n\u00e4r dagarna summeras.<\/p>\n\n\n\n<p>Vi hann ocks\u00e5 med en Alumni-After-Work med programmet <a href=\"https:\/\/nyforetagarcentrum.se\/sydostraskane\/skuggstyrelsen\/\">Skuggstyrelsen<\/a> som vi driver tillsammans med Innovationscenter f\u00f6r landsbygden.\u00a0<\/p>\n\n\n\n<p>Tack!<\/p>\n\n\n\n<figure class=\"wp-block-image size-full\"><img loading=\"lazy\" decoding=\"async\" width=\"450\" height=\"125\" src=\"https:\/\/nyforetagarcentrum.se\/sydostraskane\/wp-content\/uploads\/sites\/68\/2024\/06\/Tack_till_Spb_Syd_utan_logga-1.jpg\" alt=\"\" class=\"wp-image-822\" srcset=\"https:\/\/nyforetagarcentrum.se\/sydostraskane\/wp-content\/uploads\/sites\/68\/2024\/06\/Tack_till_Spb_Syd_utan_logga-1.jpg 450w, https:\/\/nyforetagarcentrum.se\/sydostraskane\/wp-content\/uploads\/sites\/68\/2024\/06\/Tack_till_Spb_Syd_utan_logga-1-300x83.jpg 300w\" sizes=\"(max-width: 450px) 100vw, 450px\" \/><\/figure>\n\n\n\n<p>Bilder fr\u00e5n Ystad Summit:<\/p>\n\n\n\n<figure class=\"wp-block-image size-large is-resized\"><img loading=\"lazy\" decoding=\"async\" width=\"768\" height=\"1024\" src=\"https:\/\/nyforetagarcentrum.se\/sydostraskane\/wp-content\/uploads\/sites\/68\/2024\/09\/Stefan-Ystad-Summit-768x1024.jpg\" alt=\"\" class=\"wp-image-857\" style=\"width:800px;height:auto\" srcset=\"https:\/\/nyforetagarcentrum.se\/sydostraskane\/wp-content\/uploads\/sites\/68\/2024\/09\/Stefan-Ystad-Summit-768x1024.jpg 768w, https:\/\/nyforetagarcentrum.se\/sydostraskane\/wp-content\/uploads\/sites\/68\/2024\/09\/Stefan-Ystad-Summit-225x300.jpg 225w, https:\/\/nyforetagarcentrum.se\/sydostraskane\/wp-content\/uploads\/sites\/68\/2024\/09\/Stefan-Ystad-Summit-1152x1536.jpg 1152w, https:\/\/nyforetagarcentrum.se\/sydostraskane\/wp-content\/uploads\/sites\/68\/2024\/09\/Stefan-Ystad-Summit-810x1080.jpg 810w, https:\/\/nyforetagarcentrum.se\/sydostraskane\/wp-content\/uploads\/sites\/68\/2024\/09\/Stefan-Ystad-Summit.jpg 1536w\" sizes=\"(max-width: 768px) 100vw, 768px\" \/><\/figure>\n\n\n\n<p>Stefan Litzberg med v\u00e5r tygp\u00e5se i h\u00f6gsta hugg, redo att prata f\u00f6retagande.<\/p>\n\n\n\n<figure class=\"wp-block-image size-large is-resized\"><img loading=\"lazy\" decoding=\"async\" width=\"862\" height=\"1024\" src=\"https:\/\/nyforetagarcentrum.se\/sydostraskane\/wp-content\/uploads\/sites\/68\/2024\/09\/Skarmavbild-2024-09-10-kl.-15.54.13-2-862x1024.png\" alt=\"\" class=\"wp-image-856\" style=\"width:800px;height:auto\" srcset=\"https:\/\/nyforetagarcentrum.se\/sydostraskane\/wp-content\/uploads\/sites\/68\/2024\/09\/Skarmavbild-2024-09-10-kl.-15.54.13-2-862x1024.png 862w, https:\/\/nyforetagarcentrum.se\/sydostraskane\/wp-content\/uploads\/sites\/68\/2024\/09\/Skarmavbild-2024-09-10-kl.-15.54.13-2-252x300.png 252w, https:\/\/nyforetagarcentrum.se\/sydostraskane\/wp-content\/uploads\/sites\/68\/2024\/09\/Skarmavbild-2024-09-10-kl.-15.54.13-2-768x913.png 768w, https:\/\/nyforetagarcentrum.se\/sydostraskane\/wp-content\/uploads\/sites\/68\/2024\/09\/Skarmavbild-2024-09-10-kl.-15.54.13-2-909x1080.png 909w, https:\/\/nyforetagarcentrum.se\/sydostraskane\/wp-content\/uploads\/sites\/68\/2024\/09\/Skarmavbild-2024-09-10-kl.-15.54.13-2.png 1072w\" sizes=\"(max-width: 862px) 100vw, 862px\" \/><\/figure>\n\n\n\n<p>R\u00e5dgivare Charlotte Nygren med Sparbanken Syds Carl-Johan Wiedel<\/p>\n\n\n\n<figure class=\"wp-block-image size-full\"><img loading=\"lazy\" decoding=\"async\" width=\"968\" height=\"968\" src=\"https:\/\/nyforetagarcentrum.se\/sydostraskane\/wp-content\/uploads\/sites\/68\/2024\/09\/Ystad-Summit-2024.png\" alt=\"\" class=\"wp-image-853\" srcset=\"https:\/\/nyforetagarcentrum.se\/sydostraskane\/wp-content\/uploads\/sites\/68\/2024\/09\/Ystad-Summit-2024.png 968w, https:\/\/nyforetagarcentrum.se\/sydostraskane\/wp-content\/uploads\/sites\/68\/2024\/09\/Ystad-Summit-2024-300x300.png 300w, https:\/\/nyforetagarcentrum.se\/sydostraskane\/wp-content\/uploads\/sites\/68\/2024\/09\/Ystad-Summit-2024-150x150.png 150w, https:\/\/nyforetagarcentrum.se\/sydostraskane\/wp-content\/uploads\/sites\/68\/2024\/09\/Ystad-Summit-2024-768x768.png 768w\" sizes=\"(max-width: 968px) 100vw, 968px\" \/><\/figure>\n\n\n\n<p>Verksamhetsledare Ann-Sofie Larsson &amp; r\u00e5dgivare Charlotte Nygren i Nyf\u00f6retagarCentrums monter<\/p>\n","protected":false},"excerpt":{"rendered":"<p>Vi vill rikta ett stort tack till alla bes\u00f6kare och arrang\u00f6rer f\u00f6r en lyckat Ystad Summit. Ett extra stort tack till Sparbanken Syd som gjorde v\u00e5r medverkan m\u00f6jlig tack vare sin stiftelse Sparbanken Syds Stiftelse.\u00a0 Under dagarna hann vi p\u00e5 Nyf\u00f6retagarCentrum Syd\u00f6stra Sk\u00e5ne med att tr\u00e4ffa framtidens f\u00f6retagare, aktiva f\u00f6retagare, innovat\u00f6rer \u2013 ja, som sagt, [&hellip;]<\/p>\n","protected":false},"author":27,"featured_media":853,"comment_status":"open","ping_status":"open","sticky":false,"template":"","format":"standard","meta":{"footnotes":""},"categories":[1],"tags":[],"acf":[],"yoast_head":"<!-- This site is optimized with the Yoast SEO plugin v22.9 - https:\/\/yoast.com\/wordpress\/plugins\/seo\/ -->\n<title>Snabbsummering av Ystad Summit - Syd\u00f6stra Sk\u00e5ne<\/title>\n<meta name=\"robots\" content=\"index, follow, max-snippet:-1, max-image-preview:large, max-video-preview:-1\" \/>\n<link rel=\"canonical\" href=\"https:\/\/nyforetagarcentrum.se\/sydostraskane\/2024\/09\/10\/snabbsummering-av-ystad-summit\/\" \/>\n<meta property=\"og:locale\" content=\"sv_SE\" \/>\n<meta property=\"og:type\" content=\"article\" \/>\n<meta property=\"og:title\" content=\"Snabbsummering av Ystad Summit - Syd\u00f6stra Sk\u00e5ne\" \/>\n<meta property=\"og:description\" content=\"Vi vill rikta ett stort tack till alla bes\u00f6kare och arrang\u00f6rer f\u00f6r en lyckat Ystad Summit. Ett extra stort tack till Sparbanken Syd som gjorde v\u00e5r medverkan m\u00f6jlig tack vare sin stiftelse Sparbanken Syds Stiftelse.\u00a0 Under dagarna hann vi p\u00e5 Nyf\u00f6retagarCentrum Syd\u00f6stra Sk\u00e5ne med att tr\u00e4ffa framtidens f\u00f6retagare, aktiva f\u00f6retagare, innovat\u00f6rer \u2013 ja, som sagt, [&hellip;]\" \/>\n<meta property=\"og:url\" content=\"https:\/\/nyforetagarcentrum.se\/sydostraskane\/2024\/09\/10\/snabbsummering-av-ystad-summit\/\" \/>\n<meta property=\"og:site_name\" content=\"Syd\u00f6stra Sk\u00e5ne\" \/>\n<meta property=\"article:published_time\" content=\"2024-09-10T14:01:01+00:00\" \/>\n<meta property=\"article:modified_time\" content=\"2024-09-10T14:02:01+00:00\" \/>\n<meta property=\"og:image\" content=\"https:\/\/nyforetagarcentrum.se\/sydostraskane\/wp-content\/uploads\/sites\/68\/2024\/09\/Ystad-Summit-2024.png\" \/>\n\t<meta property=\"og:image:width\" content=\"968\" \/>\n\t<meta property=\"og:image:height\" content=\"968\" \/>\n\t<meta property=\"og:image:type\" content=\"image\/png\" \/>\n<meta name=\"author\" content=\"ystad\" \/>\n<meta name=\"twitter:card\" content=\"summary_large_image\" \/>\n<meta name=\"twitter:label1\" content=\"Skriven av\" \/>\n\t<meta name=\"twitter:data1\" content=\"ystad\" \/>\n\t<meta name=\"twitter:label2\" content=\"Ber\u00e4knad l\u00e4stid\" \/>\n\t<meta name=\"twitter:data2\" content=\"2 minuter\" \/>\n<script type=\"application\/ld+json\" class=\"yoast-schema-graph\">{\"@context\":\"https:\/\/schema.org\",\"@graph\":[{\"@type\":\"Article\",\"@id\":\"https:\/\/nyforetagarcentrum.se\/sydostraskane\/2024\/09\/10\/snabbsummering-av-ystad-summit\/#article\",\"isPartOf\":{\"@id\":\"https:\/\/nyforetagarcentrum.se\/sydostraskane\/2024\/09\/10\/snabbsummering-av-ystad-summit\/\"},\"author\":{\"name\":\"ystad\",\"@id\":\"https:\/\/nyforetagarcentrum.se\/sydostraskane\/#\/schema\/person\/871cbde92ecae0eacb623eb0043fab04\"},\"headline\":\"Snabbsummering av Ystad Summit\",\"datePublished\":\"2024-09-10T14:01:01+00:00\",\"dateModified\":\"2024-09-10T14:02:01+00:00\",\"mainEntityOfPage\":{\"@id\":\"https:\/\/nyforetagarcentrum.se\/sydostraskane\/2024\/09\/10\/snabbsummering-av-ystad-summit\/\"},\"wordCount\":196,\"commentCount\":0,\"publisher\":{\"@id\":\"https:\/\/nyforetagarcentrum.se\/sydostraskane\/#organization\"},\"image\":{\"@id\":\"https:\/\/nyforetagarcentrum.se\/sydostraskane\/2024\/09\/10\/snabbsummering-av-ystad-summit\/#primaryimage\"},\"thumbnailUrl\":\"https:\/\/nyforetagarcentrum.se\/sydostraskane\/wp-content\/uploads\/sites\/68\/2024\/09\/Ystad-Summit-2024.png\",\"articleSection\":[\"Nyheter\"],\"inLanguage\":\"sv-SE\",\"potentialAction\":[{\"@type\":\"CommentAction\",\"name\":\"Comment\",\"target\":[\"https:\/\/nyforetagarcentrum.se\/sydostraskane\/2024\/09\/10\/snabbsummering-av-ystad-summit\/#respond\"]}]},{\"@type\":\"WebPage\",\"@id\":\"https:\/\/nyforetagarcentrum.se\/sydostraskane\/2024\/09\/10\/snabbsummering-av-ystad-summit\/\",\"url\":\"https:\/\/nyforetagarcentrum.se\/sydostraskane\/2024\/09\/10\/snabbsummering-av-ystad-summit\/\",\"name\":\"Snabbsummering av Ystad Summit - Syd\u00f6stra Sk\u00e5ne\",\"isPartOf\":{\"@id\":\"https:\/\/nyforetagarcentrum.se\/sydostraskane\/#website\"},\"primaryImageOfPage\":{\"@id\":\"https:\/\/nyforetagarcentrum.se\/sydostraskane\/2024\/09\/10\/snabbsummering-av-ystad-summit\/#primaryimage\"},\"image\":{\"@id\":\"https:\/\/nyforetagarcentrum.se\/sydostraskane\/2024\/09\/10\/snabbsummering-av-ystad-summit\/#primaryimage\"},\"thumbnailUrl\":\"https:\/\/nyforetagarcentrum.se\/sydostraskane\/wp-content\/uploads\/sites\/68\/2024\/09\/Ystad-Summit-2024.png\",\"datePublished\":\"2024-09-10T14:01:01+00:00\",\"dateModified\":\"2024-09-10T14:02:01+00:00\",\"breadcrumb\":{\"@id\":\"https:\/\/nyforetagarcentrum.se\/sydostraskane\/2024\/09\/10\/snabbsummering-av-ystad-summit\/#breadcrumb\"},\"inLanguage\":\"sv-SE\",\"potentialAction\":[{\"@type\":\"ReadAction\",\"target\":[\"https:\/\/nyforetagarcentrum.se\/sydostraskane\/2024\/09\/10\/snabbsummering-av-ystad-summit\/\"]}]},{\"@type\":\"ImageObject\",\"inLanguage\":\"sv-SE\",\"@id\":\"https:\/\/nyforetagarcentrum.se\/sydostraskane\/2024\/09\/10\/snabbsummering-av-ystad-summit\/#primaryimage\",\"url\":\"https:\/\/nyforetagarcentrum.se\/sydostraskane\/wp-content\/uploads\/sites\/68\/2024\/09\/Ystad-Summit-2024.png\",\"contentUrl\":\"https:\/\/nyforetagarcentrum.se\/sydostraskane\/wp-content\/uploads\/sites\/68\/2024\/09\/Ystad-Summit-2024.png\",\"width\":968,\"height\":968},{\"@type\":\"BreadcrumbList\",\"@id\":\"https:\/\/nyforetagarcentrum.se\/sydostraskane\/2024\/09\/10\/snabbsummering-av-ystad-summit\/#breadcrumb\",\"itemListElement\":[{\"@type\":\"ListItem\",\"position\":1,\"name\":\"Hem\",\"item\":\"https:\/\/nyforetagarcentrum.se\/sydostraskane\/\"},{\"@type\":\"ListItem\",\"position\":2,\"name\":\"Snabbsummering av Ystad Summit\"}]},{\"@type\":\"WebSite\",\"@id\":\"https:\/\/nyforetagarcentrum.se\/sydostraskane\/#website\",\"url\":\"https:\/\/nyforetagarcentrum.se\/sydostraskane\/\",\"name\":\"Syd\u00f6stra Sk\u00e5ne\",\"description\":\"Sveriges ledande kraft f\u00f6r fler nya livskraftiga f\u00f6retag\",\"publisher\":{\"@id\":\"https:\/\/nyforetagarcentrum.se\/sydostraskane\/#organization\"},\"potentialAction\":[{\"@type\":\"SearchAction\",\"target\":{\"@type\":\"EntryPoint\",\"urlTemplate\":\"https:\/\/nyforetagarcentrum.se\/sydostraskane\/?s={search_term_string}\"},\"query-input\":\"required name=search_term_string\"}],\"inLanguage\":\"sv-SE\"},{\"@type\":\"Organization\",\"@id\":\"https:\/\/nyforetagarcentrum.se\/sydostraskane\/#organization\",\"name\":\"Syd\u00f6stra Sk\u00e5ne\",\"url\":\"https:\/\/nyforetagarcentrum.se\/sydostraskane\/\",\"logo\":{\"@type\":\"ImageObject\",\"inLanguage\":\"sv-SE\",\"@id\":\"https:\/\/nyforetagarcentrum.se\/sydostraskane\/#\/schema\/logo\/image\/\",\"url\":\"https:\/\/nyforetagarcentrum.se\/sydostraskane\/wp-content\/uploads\/sites\/68\/2024\/07\/sydostraskane_bla.png\",\"contentUrl\":\"https:\/\/nyforetagarcentrum.se\/sydostraskane\/wp-content\/uploads\/sites\/68\/2024\/07\/sydostraskane_bla.png\",\"width\":870,\"height\":355,\"caption\":\"Syd\u00f6stra Sk\u00e5ne\"},\"image\":{\"@id\":\"https:\/\/nyforetagarcentrum.se\/sydostraskane\/#\/schema\/logo\/image\/\"}},{\"@type\":\"Person\",\"@id\":\"https:\/\/nyforetagarcentrum.se\/sydostraskane\/#\/schema\/person\/871cbde92ecae0eacb623eb0043fab04\",\"name\":\"ystad\",\"image\":{\"@type\":\"ImageObject\",\"inLanguage\":\"sv-SE\",\"@id\":\"https:\/\/nyforetagarcentrum.se\/sydostraskane\/#\/schema\/person\/image\/\",\"url\":\"https:\/\/secure.gravatar.com\/avatar\/a90224bc1aa425ec1c80b20be40b6f37?s=96&d=mm&r=g\",\"contentUrl\":\"https:\/\/secure.gravatar.com\/avatar\/a90224bc1aa425ec1c80b20be40b6f37?s=96&d=mm&r=g\",\"caption\":\"ystad\"},\"url\":\"https:\/\/nyforetagarcentrum.se\/sydostraskane\/author\/ystad\/\"}]}<\/script>\n<!-- \/ Yoast SEO plugin. -->","yoast_head_json":{"title":"Snabbsummering av Ystad Summit - Syd\u00f6stra Sk\u00e5ne","robots":{"index":"index","follow":"follow","max-snippet":"max-snippet:-1","max-image-preview":"max-image-preview:large","max-video-preview":"max-video-preview:-1"},"canonical":"https:\/\/nyforetagarcentrum.se\/sydostraskane\/2024\/09\/10\/snabbsummering-av-ystad-summit\/","og_locale":"sv_SE","og_type":"article","og_title":"Snabbsummering av Ystad Summit - Syd\u00f6stra Sk\u00e5ne","og_description":"Vi vill rikta ett stort tack till alla bes\u00f6kare och arrang\u00f6rer f\u00f6r en lyckat Ystad Summit. Ett extra stort tack till Sparbanken Syd som gjorde v\u00e5r medverkan m\u00f6jlig tack vare sin stiftelse Sparbanken Syds Stiftelse.\u00a0 Under dagarna hann vi p\u00e5 Nyf\u00f6retagarCentrum Syd\u00f6stra Sk\u00e5ne med att tr\u00e4ffa framtidens f\u00f6retagare, aktiva f\u00f6retagare, innovat\u00f6rer \u2013 ja, som sagt, [&hellip;]","og_url":"https:\/\/nyforetagarcentrum.se\/sydostraskane\/2024\/09\/10\/snabbsummering-av-ystad-summit\/","og_site_name":"Syd\u00f6stra Sk\u00e5ne","article_published_time":"2024-09-10T14:01:01+00:00","article_modified_time":"2024-09-10T14:02:01+00:00","og_image":[{"width":968,"height":968,"url":"https:\/\/nyforetagarcentrum.se\/sydostraskane\/wp-content\/uploads\/sites\/68\/2024\/09\/Ystad-Summit-2024.png","type":"image\/png"}],"author":"ystad","twitter_card":"summary_large_image","twitter_misc":{"Skriven av":"ystad","Ber\u00e4knad l\u00e4stid":"2 minuter"},"schema":{"@context":"https:\/\/schema.org","@graph":[{"@type":"Article","@id":"https:\/\/nyforetagarcentrum.se\/sydostraskane\/2024\/09\/10\/snabbsummering-av-ystad-summit\/#article","isPartOf":{"@id":"https:\/\/nyforetagarcentrum.se\/sydostraskane\/2024\/09\/10\/snabbsummering-av-ystad-summit\/"},"author":{"name":"ystad","@id":"https:\/\/nyforetagarcentrum.se\/sydostraskane\/#\/schema\/person\/871cbde92ecae0eacb623eb0043fab04"},"headline":"Snabbsummering av Ystad Summit","datePublished":"2024-09-10T14:01:01+00:00","dateModified":"2024-09-10T14:02:01+00:00","mainEntityOfPage":{"@id":"https:\/\/nyforetagarcentrum.se\/sydostraskane\/2024\/09\/10\/snabbsummering-av-ystad-summit\/"},"wordCount":196,"commentCount":0,"publisher":{"@id":"https:\/\/nyforetagarcentrum.se\/sydostraskane\/#organization"},"image":{"@id":"https:\/\/nyforetagarcentrum.se\/sydostraskane\/2024\/09\/10\/snabbsummering-av-ystad-summit\/#primaryimage"},"thumbnailUrl":"https:\/\/nyforetagarcentrum.se\/sydostraskane\/wp-content\/uploads\/sites\/68\/2024\/09\/Ystad-Summit-2024.png","articleSection":["Nyheter"],"inLanguage":"sv-SE","potentialAction":[{"@type":"CommentAction","name":"Comment","target":["https:\/\/nyforetagarcentrum.se\/sydostraskane\/2024\/09\/10\/snabbsummering-av-ystad-summit\/#respond"]}]},{"@type":"WebPage","@id":"https:\/\/nyforetagarcentrum.se\/sydostraskane\/2024\/09\/10\/snabbsummering-av-ystad-summit\/","url":"https:\/\/nyforetagarcentrum.se\/sydostraskane\/2024\/09\/10\/snabbsummering-av-ystad-summit\/","name":"Snabbsummering av Ystad Summit - Syd\u00f6stra Sk\u00e5ne","isPartOf":{"@id":"https:\/\/nyforetagarcentrum.se\/sydostraskane\/#website"},"primaryImageOfPage":{"@id":"https:\/\/nyforetagarcentrum.se\/sydostraskane\/2024\/09\/10\/snabbsummering-av-ystad-summit\/#primaryimage"},"image":{"@id":"https:\/\/nyforetagarcentrum.se\/sydostraskane\/2024\/09\/10\/snabbsummering-av-ystad-summit\/#primaryimage"},"thumbnailUrl":"https:\/\/nyforetagarcentrum.se\/sydostraskane\/wp-content\/uploads\/sites\/68\/2024\/09\/Ystad-Summit-2024.png","datePublished":"2024-09-10T14:01:01+00:00","dateModified":"2024-09-10T14:02:01+00:00","breadcrumb":{"@id":"https:\/\/nyforetagarcentrum.se\/sydostraskane\/2024\/09\/10\/snabbsummering-av-ystad-summit\/#breadcrumb"},"inLanguage":"sv-SE","potentialAction":[{"@type":"ReadAction","target":["https:\/\/nyforetagarcentrum.se\/sydostraskane\/2024\/09\/10\/snabbsummering-av-ystad-summit\/"]}]},{"@type":"ImageObject","inLanguage":"sv-SE","@id":"https:\/\/nyforetagarcentrum.se\/sydostraskane\/2024\/09\/10\/snabbsummering-av-ystad-summit\/#primaryimage","url":"https:\/\/nyforetagarcentrum.se\/sydostraskane\/wp-content\/uploads\/sites\/68\/2024\/09\/Ystad-Summit-2024.png","contentUrl":"https:\/\/nyforetagarcentrum.se\/sydostraskane\/wp-content\/uploads\/sites\/68\/2024\/09\/Ystad-Summit-2024.png","width":968,"height":968},{"@type":"BreadcrumbList","@id":"https:\/\/nyforetagarcentrum.se\/sydostraskane\/2024\/09\/10\/snabbsummering-av-ystad-summit\/#breadcrumb","itemListElement":[{"@type":"ListItem","position":1,"name":"Hem","item":"https:\/\/nyforetagarcentrum.se\/sydostraskane\/"},{"@type":"ListItem","position":2,"name":"Snabbsummering av Ystad Summit"}]},{"@type":"WebSite","@id":"https:\/\/nyforetagarcentrum.se\/sydostraskane\/#website","url":"https:\/\/nyforetagarcentrum.se\/sydostraskane\/","name":"Syd\u00f6stra Sk\u00e5ne","description":"Sveriges ledande kraft f\u00f6r fler nya livskraftiga f\u00f6retag","publisher":{"@id":"https:\/\/nyforetagarcentrum.se\/sydostraskane\/#organization"},"potentialAction":[{"@type":"SearchAction","target":{"@type":"EntryPoint","urlTemplate":"https:\/\/nyforetagarcentrum.se\/sydostraskane\/?s={search_term_string}"},"query-input":"required name=search_term_string"}],"inLanguage":"sv-SE"},{"@type":"Organization","@id":"https:\/\/nyforetagarcentrum.se\/sydostraskane\/#organization","name":"Syd\u00f6stra Sk\u00e5ne","url":"https:\/\/nyforetagarcentrum.se\/sydostraskane\/","logo":{"@type":"ImageObject","inLanguage":"sv-SE","@id":"https:\/\/nyforetagarcentrum.se\/sydostraskane\/#\/schema\/logo\/image\/","url":"https:\/\/nyforetagarcentrum.se\/sydostraskane\/wp-content\/uploads\/sites\/68\/2024\/07\/sydostraskane_bla.png","contentUrl":"https:\/\/nyforetagarcentrum.se\/sydostraskane\/wp-content\/uploads\/sites\/68\/2024\/07\/sydostraskane_bla.png","width":870,"height":355,"caption":"Syd\u00f6stra Sk\u00e5ne"},"image":{"@id":"https:\/\/nyforetagarcentrum.se\/sydostraskane\/#\/schema\/logo\/image\/"}},{"@type":"Person","@id":"https:\/\/nyforetagarcentrum.se\/sydostraskane\/#\/schema\/person\/871cbde92ecae0eacb623eb0043fab04","name":"ystad","image":{"@type":"ImageObject","inLanguage":"sv-SE","@id":"https:\/\/nyforetagarcentrum.se\/sydostraskane\/#\/schema\/person\/image\/","url":"https:\/\/secure.gravatar.com\/avatar\/a90224bc1aa425ec1c80b20be40b6f37?s=96&d=mm&r=g","contentUrl":"https:\/\/secure.gravatar.com\/avatar\/a90224bc1aa425ec1c80b20be40b6f37?s=96&d=mm&r=g","caption":"ystad"},"url":"https:\/\/nyforetagarcentrum.se\/sydostraskane\/author\/ystad\/"}]}},"_links":{"self":[{"href":"https:\/\/nyforetagarcentrum.se\/sydostraskane\/wp-json\/wp\/v2\/posts\/852"}],"collection":[{"href":"https:\/\/nyforetagarcentrum.se\/sydostraskane\/wp-json\/wp\/v2\/posts"}],"about":[{"href":"https:\/\/nyforetagarcentrum.se\/sydostraskane\/wp-json\/wp\/v2\/types\/post"}],"author":[{"embeddable":true,"href":"https:\/\/nyforetagarcentrum.se\/sydostraskane\/wp-json\/wp\/v2\/users\/27"}],"replies":[{"embeddable":true,"href":"https:\/\/nyforetagarcentrum.se\/sydostraskane\/wp-json\/wp\/v2\/comments?post=852"}],"version-history":[{"count":2,"href":"https:\/\/nyforetagarcentrum.se\/sydostraskane\/wp-json\/wp\/v2\/posts\/852\/revisions"}],"predecessor-version":[{"id":859,"href":"https:\/\/nyforetagarcentrum.se\/sydostraskane\/wp-json\/wp\/v2\/posts\/852\/revisions\/859"}],"wp:featuredmedia":[{"embeddable":true,"href":"https:\/\/nyforetagarcentrum.se\/sydostraskane\/wp-json\/wp\/v2\/media\/853"}],"wp:attachment":[{"href":"https:\/\/nyforetagarcentrum.se\/sydostraskane\/wp-json\/wp\/v2\/media?parent=852"}],"wp:term":[{"taxonomy":"category","embeddable":true,"href":"https:\/\/nyforetagarcentrum.se\/sydostraskane\/wp-json\/wp\/v2\/categories?post=852"},{"taxonomy":"post_tag","embeddable":true,"href":"https:\/\/nyforetagarcentrum.se\/sydostraskane\/wp-json\/wp\/v2\/tags?post=852"}],"curies":[{"name":"wp","href":"https:\/\/api.w.org\/{rel}","templated":true}]}}