{"id":324,"date":"2024-03-12T14:33:46","date_gmt":"2024-03-12T13:33:46","guid":{"rendered":"https:\/\/nyforetagarcentrum.se\/strangnas\/?post_type=story&#038;p=324"},"modified":"2024-05-05T11:32:48","modified_gmt":"2024-05-05T09:32:48","slug":"merlina-poljak-kall-mentor-skaraborg","status":"publish","type":"story","link":"https:\/\/nyforetagarcentrum.se\/strangnas\/success-stories\/merlina-poljak-kall-mentor-skaraborg\/","title":{"rendered":"Jobb-redo-programmet \u2013 Din v\u00e4g att lyckas!"},"content":{"rendered":"\n<p>Jobbprogrammet \u00e4r en pilot som genomf\u00f6rts inom UngdomsEvolution under h\u00f6sten 2022, som har drivits av Nyf\u00f6retagarCentrum, Young revolution\/Sisters in business och LvL bemanning med st\u00f6d fr\u00e5n flera olika f\u00f6retag i Eskilstuna och Region S\u00f6rmland. Syftet med programmet har varit att st\u00f6dja unga i \u00e5ldern 18-24 \u00e5r, som varken arbetar eller studerar att n\u00e4rma sig jobb och att minska arbetsl\u00f6sheten bland unga i Eskilstuna.<\/p>\n\n\n\n<p>Arbetsf\u00f6rmedlingen, Eskilstuna kommun, projekt Unga p\u00e5 v\u00e4g och Young revolution\/Sisters in business \u00e4r parter som gemensamt marknadsf\u00f6rt programmet. 20 ungdomar visade intresse till de 12 platser som fanns. 14 mycket n\u00f6jda ungdomar slutf\u00f6rde programmet.<\/p>\n\n\n\n<p>Resultat ungdomarna uttrycker \u00e4r bland annat:<br><em>\u2013 fick insikter om vad ett arbete \u00e4r och vad arbetsgivaren f\u00f6rv\u00e4ntar sig av mig<br>\u2013 ser nya m\u00f6jligheter f\u00f6r mig sj\u00e4lv och kan t\u00e4nka mig in i olika nya perspektiv<br>\u2013 l\u00e4rt mig ta kontakt och bygga ett n\u00e4tverk f\u00f6r mig sj\u00e4lv<br>\u2013 fick nytta av kunskapen i mitt UF-f\u00f6retag<br>\u2013 uppt\u00e4ckte nya styrkor och f\u00f6rm\u00e5gor jag inte visste att jag hade<br>\u2013 nu k\u00e4nns det mycket l\u00e4ttare att s\u00f6ka jobb och g\u00e5 p\u00e5 en intervju<\/em><\/p>\n\n\n\n<p>\u00c5tta tr\u00e4ffar har genomf\u00f6rts fr\u00e5n 25 oktober till den 8 december 2022 p\u00e5 kv\u00e4llstid p\u00e5 Munktell Science park, hos Young revolution och p\u00e5 olika f\u00f6retag i Eskilstuna. Workshops har varvats med studiebes\u00f6k, life-coachning, f\u00f6rel\u00e4sningar, tr\u00e4ning i entrepren\u00f6rskap och intervjutr\u00e4ning p\u00e5 f\u00f6retag. S\u00e4rskilt uppskattat bland ungdomarna har varit att f\u00e5 tr\u00e4ffa en \u201dchef p\u00e5 riktigt\u201d och kunna st\u00e4lla fr\u00e5gor och prata under avslappnade former, innan det blir skarpt l\u00e4ge i en framtida intervjusituation.<\/p>\n\n\n\n<p>F\u00f6retag som varit med och genomf\u00f6rt programmet \u00e4r Elite Stadshotell, Stora Coop, CH Industri och Transcom. Programmet har m\u00f6jliggjort f\u00f6r arbetsgivare att bland annat:<br><em>\u2013 dela med sig av kunskap om f\u00f6retaget och vad som f\u00f6rv\u00e4ntas<br>\u2013 l\u00e4ra k\u00e4nna unga och deras situation, t\u00e4nkande och behov<br>\u2013 f\u00e5 kontakt med kompetenta, \u201djobbredo\u201d ungdomar de skulle kunna anst\u00e4lla<\/em><\/p>\n","protected":false},"featured_media":400,"template":"","meta":{"footnotes":""},"story_category":[],"acf":[],"yoast_head":"<!-- This site is optimized with the Yoast SEO plugin v22.9 - https:\/\/yoast.com\/wordpress\/plugins\/seo\/ -->\n<title>Jobb-redo-programmet \u2013 Din v\u00e4g att lyckas! - Str\u00e4ngn\u00e4s<\/title>\n<meta name=\"robots\" content=\"index, follow, max-snippet:-1, max-image-preview:large, max-video-preview:-1\" \/>\n<link rel=\"canonical\" href=\"https:\/\/nyforetagarcentrum.se\/strangnas\/success-stories\/merlina-poljak-kall-mentor-skaraborg\/\" \/>\n<meta property=\"og:locale\" content=\"sv_SE\" \/>\n<meta property=\"og:type\" content=\"article\" \/>\n<meta property=\"og:title\" content=\"Jobb-redo-programmet \u2013 Din v\u00e4g att lyckas! - Str\u00e4ngn\u00e4s\" \/>\n<meta property=\"og:description\" content=\"Jobbprogrammet \u00e4r en pilot som genomf\u00f6rts inom UngdomsEvolution under h\u00f6sten 2022, som har drivits av Nyf\u00f6retagarCentrum, Young revolution\/Sisters in business och LvL bemanning med st\u00f6d fr\u00e5n flera olika f\u00f6retag i Eskilstuna och Region S\u00f6rmland. Syftet med programmet har varit att st\u00f6dja unga i \u00e5ldern 18-24 \u00e5r, som varken arbetar eller studerar att n\u00e4rma sig jobb [&hellip;]\" \/>\n<meta property=\"og:url\" content=\"https:\/\/nyforetagarcentrum.se\/strangnas\/success-stories\/merlina-poljak-kall-mentor-skaraborg\/\" \/>\n<meta property=\"og:site_name\" content=\"Str\u00e4ngn\u00e4s\" \/>\n<meta property=\"article:modified_time\" content=\"2024-05-05T09:32:48+00:00\" \/>\n<meta property=\"og:image\" content=\"https:\/\/nyforetagarcentrum.se\/strangnas\/wp-content\/uploads\/sites\/24\/2024\/05\/lyckas.jpg\" \/>\n\t<meta property=\"og:image:width\" content=\"1170\" \/>\n\t<meta property=\"og:image:height\" content=\"879\" \/>\n\t<meta property=\"og:image:type\" content=\"image\/jpeg\" \/>\n<meta name=\"twitter:card\" content=\"summary_large_image\" \/>\n<meta name=\"twitter:label1\" content=\"Ber\u00e4knad l\u00e4stid\" \/>\n\t<meta name=\"twitter:data1\" content=\"2 minuter\" \/>\n<script type=\"application\/ld+json\" class=\"yoast-schema-graph\">{\"@context\":\"https:\/\/schema.org\",\"@graph\":[{\"@type\":\"WebPage\",\"@id\":\"https:\/\/nyforetagarcentrum.se\/strangnas\/success-stories\/merlina-poljak-kall-mentor-skaraborg\/\",\"url\":\"https:\/\/nyforetagarcentrum.se\/strangnas\/success-stories\/merlina-poljak-kall-mentor-skaraborg\/\",\"name\":\"Jobb-redo-programmet \u2013 Din v\u00e4g att lyckas! - Str\u00e4ngn\u00e4s\",\"isPartOf\":{\"@id\":\"https:\/\/nyforetagarcentrum.se\/strangnas\/#website\"},\"primaryImageOfPage\":{\"@id\":\"https:\/\/nyforetagarcentrum.se\/strangnas\/success-stories\/merlina-poljak-kall-mentor-skaraborg\/#primaryimage\"},\"image\":{\"@id\":\"https:\/\/nyforetagarcentrum.se\/strangnas\/success-stories\/merlina-poljak-kall-mentor-skaraborg\/#primaryimage\"},\"thumbnailUrl\":\"https:\/\/nyforetagarcentrum.se\/strangnas\/wp-content\/uploads\/sites\/24\/2024\/05\/lyckas.jpg\",\"datePublished\":\"2024-03-12T13:33:46+00:00\",\"dateModified\":\"2024-05-05T09:32:48+00:00\",\"breadcrumb\":{\"@id\":\"https:\/\/nyforetagarcentrum.se\/strangnas\/success-stories\/merlina-poljak-kall-mentor-skaraborg\/#breadcrumb\"},\"inLanguage\":\"sv-SE\",\"potentialAction\":[{\"@type\":\"ReadAction\",\"target\":[\"https:\/\/nyforetagarcentrum.se\/strangnas\/success-stories\/merlina-poljak-kall-mentor-skaraborg\/\"]}]},{\"@type\":\"ImageObject\",\"inLanguage\":\"sv-SE\",\"@id\":\"https:\/\/nyforetagarcentrum.se\/strangnas\/success-stories\/merlina-poljak-kall-mentor-skaraborg\/#primaryimage\",\"url\":\"https:\/\/nyforetagarcentrum.se\/strangnas\/wp-content\/uploads\/sites\/24\/2024\/05\/lyckas.jpg\",\"contentUrl\":\"https:\/\/nyforetagarcentrum.se\/strangnas\/wp-content\/uploads\/sites\/24\/2024\/05\/lyckas.jpg\",\"width\":1170,\"height\":879},{\"@type\":\"BreadcrumbList\",\"@id\":\"https:\/\/nyforetagarcentrum.se\/strangnas\/success-stories\/merlina-poljak-kall-mentor-skaraborg\/#breadcrumb\",\"itemListElement\":[{\"@type\":\"ListItem\",\"position\":1,\"name\":\"Hem\",\"item\":\"https:\/\/nyforetagarcentrum.se\/strangnas\/\"},{\"@type\":\"ListItem\",\"position\":2,\"name\":\"Success stories\",\"item\":\"https:\/\/nyforetagarcentrum.se\/strangnas\/success-stories\/\"},{\"@type\":\"ListItem\",\"position\":3,\"name\":\"Jobb-redo-programmet \u2013 Din v\u00e4g att lyckas!\"}]},{\"@type\":\"WebSite\",\"@id\":\"https:\/\/nyforetagarcentrum.se\/strangnas\/#website\",\"url\":\"https:\/\/nyforetagarcentrum.se\/strangnas\/\",\"name\":\"Str\u00e4ngn\u00e4s\",\"description\":\"Sveriges ledande kraft f\u00f6r fler nya livskraftiga f\u00f6retag\",\"publisher\":{\"@id\":\"https:\/\/nyforetagarcentrum.se\/strangnas\/#organization\"},\"potentialAction\":[{\"@type\":\"SearchAction\",\"target\":{\"@type\":\"EntryPoint\",\"urlTemplate\":\"https:\/\/nyforetagarcentrum.se\/strangnas\/?s={search_term_string}\"},\"query-input\":\"required name=search_term_string\"}],\"inLanguage\":\"sv-SE\"},{\"@type\":\"Organization\",\"@id\":\"https:\/\/nyforetagarcentrum.se\/strangnas\/#organization\",\"name\":\"Str\u00e4ngn\u00e4s\",\"url\":\"https:\/\/nyforetagarcentrum.se\/strangnas\/\",\"logo\":{\"@type\":\"ImageObject\",\"inLanguage\":\"sv-SE\",\"@id\":\"https:\/\/nyforetagarcentrum.se\/strangnas\/#\/schema\/logo\/image\/\",\"url\":\"https:\/\/nyforetagarcentrum.se\/strangnas\/wp-content\/uploads\/sites\/24\/2024\/07\/strangnas_bla.png\",\"contentUrl\":\"https:\/\/nyforetagarcentrum.se\/strangnas\/wp-content\/uploads\/sites\/24\/2024\/07\/strangnas_bla.png\",\"width\":870,\"height\":355,\"caption\":\"Str\u00e4ngn\u00e4s\"},\"image\":{\"@id\":\"https:\/\/nyforetagarcentrum.se\/strangnas\/#\/schema\/logo\/image\/\"}}]}<\/script>\n<!-- \/ Yoast SEO plugin. -->","yoast_head_json":{"title":"Jobb-redo-programmet \u2013 Din v\u00e4g att lyckas! - Str\u00e4ngn\u00e4s","robots":{"index":"index","follow":"follow","max-snippet":"max-snippet:-1","max-image-preview":"max-image-preview:large","max-video-preview":"max-video-preview:-1"},"canonical":"https:\/\/nyforetagarcentrum.se\/strangnas\/success-stories\/merlina-poljak-kall-mentor-skaraborg\/","og_locale":"sv_SE","og_type":"article","og_title":"Jobb-redo-programmet \u2013 Din v\u00e4g att lyckas! - Str\u00e4ngn\u00e4s","og_description":"Jobbprogrammet \u00e4r en pilot som genomf\u00f6rts inom UngdomsEvolution under h\u00f6sten 2022, som har drivits av Nyf\u00f6retagarCentrum, Young revolution\/Sisters in business och LvL bemanning med st\u00f6d fr\u00e5n flera olika f\u00f6retag i Eskilstuna och Region S\u00f6rmland. Syftet med programmet har varit att st\u00f6dja unga i \u00e5ldern 18-24 \u00e5r, som varken arbetar eller studerar att n\u00e4rma sig jobb [&hellip;]","og_url":"https:\/\/nyforetagarcentrum.se\/strangnas\/success-stories\/merlina-poljak-kall-mentor-skaraborg\/","og_site_name":"Str\u00e4ngn\u00e4s","article_modified_time":"2024-05-05T09:32:48+00:00","og_image":[{"width":1170,"height":879,"url":"https:\/\/nyforetagarcentrum.se\/strangnas\/wp-content\/uploads\/sites\/24\/2024\/05\/lyckas.jpg","type":"image\/jpeg"}],"twitter_card":"summary_large_image","twitter_misc":{"Ber\u00e4knad l\u00e4stid":"2 minuter"},"schema":{"@context":"https:\/\/schema.org","@graph":[{"@type":"WebPage","@id":"https:\/\/nyforetagarcentrum.se\/strangnas\/success-stories\/merlina-poljak-kall-mentor-skaraborg\/","url":"https:\/\/nyforetagarcentrum.se\/strangnas\/success-stories\/merlina-poljak-kall-mentor-skaraborg\/","name":"Jobb-redo-programmet \u2013 Din v\u00e4g att lyckas! - Str\u00e4ngn\u00e4s","isPartOf":{"@id":"https:\/\/nyforetagarcentrum.se\/strangnas\/#website"},"primaryImageOfPage":{"@id":"https:\/\/nyforetagarcentrum.se\/strangnas\/success-stories\/merlina-poljak-kall-mentor-skaraborg\/#primaryimage"},"image":{"@id":"https:\/\/nyforetagarcentrum.se\/strangnas\/success-stories\/merlina-poljak-kall-mentor-skaraborg\/#primaryimage"},"thumbnailUrl":"https:\/\/nyforetagarcentrum.se\/strangnas\/wp-content\/uploads\/sites\/24\/2024\/05\/lyckas.jpg","datePublished":"2024-03-12T13:33:46+00:00","dateModified":"2024-05-05T09:32:48+00:00","breadcrumb":{"@id":"https:\/\/nyforetagarcentrum.se\/strangnas\/success-stories\/merlina-poljak-kall-mentor-skaraborg\/#breadcrumb"},"inLanguage":"sv-SE","potentialAction":[{"@type":"ReadAction","target":["https:\/\/nyforetagarcentrum.se\/strangnas\/success-stories\/merlina-poljak-kall-mentor-skaraborg\/"]}]},{"@type":"ImageObject","inLanguage":"sv-SE","@id":"https:\/\/nyforetagarcentrum.se\/strangnas\/success-stories\/merlina-poljak-kall-mentor-skaraborg\/#primaryimage","url":"https:\/\/nyforetagarcentrum.se\/strangnas\/wp-content\/uploads\/sites\/24\/2024\/05\/lyckas.jpg","contentUrl":"https:\/\/nyforetagarcentrum.se\/strangnas\/wp-content\/uploads\/sites\/24\/2024\/05\/lyckas.jpg","width":1170,"height":879},{"@type":"BreadcrumbList","@id":"https:\/\/nyforetagarcentrum.se\/strangnas\/success-stories\/merlina-poljak-kall-mentor-skaraborg\/#breadcrumb","itemListElement":[{"@type":"ListItem","position":1,"name":"Hem","item":"https:\/\/nyforetagarcentrum.se\/strangnas\/"},{"@type":"ListItem","position":2,"name":"Success stories","item":"https:\/\/nyforetagarcentrum.se\/strangnas\/success-stories\/"},{"@type":"ListItem","position":3,"name":"Jobb-redo-programmet \u2013 Din v\u00e4g att lyckas!"}]},{"@type":"WebSite","@id":"https:\/\/nyforetagarcentrum.se\/strangnas\/#website","url":"https:\/\/nyforetagarcentrum.se\/strangnas\/","name":"Str\u00e4ngn\u00e4s","description":"Sveriges ledande kraft f\u00f6r fler nya livskraftiga f\u00f6retag","publisher":{"@id":"https:\/\/nyforetagarcentrum.se\/strangnas\/#organization"},"potentialAction":[{"@type":"SearchAction","target":{"@type":"EntryPoint","urlTemplate":"https:\/\/nyforetagarcentrum.se\/strangnas\/?s={search_term_string}"},"query-input":"required name=search_term_string"}],"inLanguage":"sv-SE"},{"@type":"Organization","@id":"https:\/\/nyforetagarcentrum.se\/strangnas\/#organization","name":"Str\u00e4ngn\u00e4s","url":"https:\/\/nyforetagarcentrum.se\/strangnas\/","logo":{"@type":"ImageObject","inLanguage":"sv-SE","@id":"https:\/\/nyforetagarcentrum.se\/strangnas\/#\/schema\/logo\/image\/","url":"https:\/\/nyforetagarcentrum.se\/strangnas\/wp-content\/uploads\/sites\/24\/2024\/07\/strangnas_bla.png","contentUrl":"https:\/\/nyforetagarcentrum.se\/strangnas\/wp-content\/uploads\/sites\/24\/2024\/07\/strangnas_bla.png","width":870,"height":355,"caption":"Str\u00e4ngn\u00e4s"},"image":{"@id":"https:\/\/nyforetagarcentrum.se\/strangnas\/#\/schema\/logo\/image\/"}}]}},"_links":{"self":[{"href":"https:\/\/nyforetagarcentrum.se\/strangnas\/wp-json\/wp\/v2\/story\/324"}],"collection":[{"href":"https:\/\/nyforetagarcentrum.se\/strangnas\/wp-json\/wp\/v2\/story"}],"about":[{"href":"https:\/\/nyforetagarcentrum.se\/strangnas\/wp-json\/wp\/v2\/types\/story"}],"version-history":[{"count":3,"href":"https:\/\/nyforetagarcentrum.se\/strangnas\/wp-json\/wp\/v2\/story\/324\/revisions"}],"predecessor-version":[{"id":404,"href":"https:\/\/nyforetagarcentrum.se\/strangnas\/wp-json\/wp\/v2\/story\/324\/revisions\/404"}],"wp:featuredmedia":[{"embeddable":true,"href":"https:\/\/nyforetagarcentrum.se\/strangnas\/wp-json\/wp\/v2\/media\/400"}],"wp:attachment":[{"href":"https:\/\/nyforetagarcentrum.se\/strangnas\/wp-json\/wp\/v2\/media?parent=324"}],"wp:term":[{"taxonomy":"story_category","embeddable":true,"href":"https:\/\/nyforetagarcentrum.se\/strangnas\/wp-json\/wp\/v2\/story_category?post=324"}],"curies":[{"name":"wp","href":"https:\/\/api.w.org\/{rel}","templated":true}]}}