{"id":1505,"date":"2024-12-09T18:55:22","date_gmt":"2024-12-09T17:55:22","guid":{"rendered":"https:\/\/nyforetagarcentrum.se\/stockholm\/?p=1505"},"modified":"2024-12-11T21:03:59","modified_gmt":"2024-12-11T20:03:59","slug":"inspirationskvall-tillsammans-med-fortnox-pa-the-park-forskaren","status":"publish","type":"post","link":"https:\/\/nyforetagarcentrum.se\/stockholm\/2024\/12\/09\/inspirationskvall-tillsammans-med-fortnox-pa-the-park-forskaren\/","title":{"rendered":"Inspirationskv\u00e4ll tillsammans med Fortnox p\u00e5 The Park Forskaren"},"content":{"rendered":"\n<p>Tillsammans med v\u00e5ra partners Fortnox och The Park Forskaren genomf\u00f6rde vi en fantastisk inspirationskv\u00e4ll och terminsavslutning!<\/p>\n\n\n\n<div style=\"height:9px\" aria-hidden=\"true\" class=\"wp-block-spacer\"><\/div>\n\n\n\n<p>\u00d6ver 100 Stockholmare, nyfikna p\u00e5 entrepren\u00f6rskap, hade tagit sig till The Park Forskaren i Hagastaden denna kv\u00e4ll. Den stora lokalen andades entrepren\u00f6randa, f\u00f6rhoppningar och beslutskraft. Flera r\u00f6ster h\u00f6rdes som sa &#8221;Nu ska jag nog v\u00e5ga ta steget till eget&#8221;. Och nya bekantskaper och band kn\u00f6ts n\u00e4r det trevliga minglet p\u00e5gick.<\/p>\n\n\n\n<div style=\"height:1px\" aria-hidden=\"true\" class=\"wp-block-spacer\"><\/div>\n\n\n\n<p>H\u00e4r kommer en mycket kort sammanfattning av inneh\u00e5llet den h\u00e4r kv\u00e4llen:<\/p>\n\n\n\n<div style=\"height:0px\" aria-hidden=\"true\" class=\"wp-block-spacer\"><\/div>\n\n\n\n<ul>\n<li>Fatta informerade beslut. L\u00e4s p\u00e5, var grundlig i din aff\u00e4rsplan, s\u00f6k information, googla\u2026<br><\/li>\n\n\n\n<li>V\u00e5ga b\u00f6rja s\u00e4lja tidigt! Var inte hemlig med din produkt eller tj\u00e4nst (om det inte g\u00e4ller patent).<br><\/li>\n\n\n\n<li>V\u00e4lj samarbetspartners noga. &#8221;Det \u00e4r lite som att gifta sig\u2026&#8221;<br><\/li>\n\n\n\n<li>Ta r\u00e5d och hj\u00e4lp! R\u00e5dgivning, mentorer, f\u00f6rebilder, n\u00e4tverk (mycket kan man f\u00e5 kostnadsfritt \u2013 h\u00e5ll h\u00e5rt i pl\u00e5nboken!)<\/li>\n<\/ul>\n\n\n\n<div style=\"height:5px\" aria-hidden=\"true\" class=\"wp-block-spacer\"><\/div>\n\n\n\n<p>De nya, eller blivande, f\u00f6retagarna fick med sig s\u00e5 mycket matnyttig information fr\u00e5n Fortnox kring vad man ska t\u00e4nka p\u00e5 i sin start som entrepren\u00f6r. V\u00e5ra r\u00e5dgivare p\u00e5 Nyf\u00f6retagarcentrum Stockholm ber\u00e4ttade hur r\u00e5dgivningen g\u00e5r till och vi fick ocks\u00e5 lyssna p\u00e5 inspirerande f\u00f6rebilder som f\u00f6retagare.<\/p>\n\n\n\n<div style=\"height:20px\" aria-hidden=\"true\" class=\"wp-block-spacer\"><\/div>\n\n\n\n<p>Vi p\u00e5 Nyf\u00f6retagarCentrum Stockholm vill tacka:<\/p>\n\n\n\n<p>Hela teamet p\u00e5 Fortnox och speciellt projektledaren Julia \u00c5hlander och moderator Lisa L\u00e5ngstr\u00f6m. The Park Forskaren med grundare Mikael Ahlstr\u00f6m och teamet best\u00e5ende av Linda Hedman och Marianne Mikhail. Ni g\u00f6r alla ett fantastiskt jobb som st\u00f6djer nyf\u00f6retagare! Avslutningsvis, Yalla Rinkeby \u2013 ni levererade j\u00e4ttegod mat!<\/p>\n\n\n\n<p>Stort tack!<\/p>\n\n\n\n<p><\/p>\n","protected":false},"excerpt":{"rendered":"<p>Tillsammans med v\u00e5ra partners Fortnox och The Park Forskaren genomf\u00f6rde vi en fantastisk inspirationskv\u00e4ll och terminsavslutning! \u00d6ver 100 Stockholmare, nyfikna p\u00e5 entrepren\u00f6rskap, hade tagit sig till The Park Forskaren i Hagastaden denna kv\u00e4ll. Den stora lokalen andades entrepren\u00f6randa, f\u00f6rhoppningar och beslutskraft. Flera r\u00f6ster h\u00f6rdes som sa &#8221;Nu ska jag nog v\u00e5ga ta steget till eget&#8221;. [&hellip;]<\/p>\n","protected":false},"author":64,"featured_media":1509,"comment_status":"open","ping_status":"open","sticky":false,"template":"","format":"standard","meta":{"footnotes":""},"categories":[16,28],"tags":[],"acf":[],"yoast_head":"<!-- This site is optimized with the Yoast SEO plugin v22.9 - https:\/\/yoast.com\/wordpress\/plugins\/seo\/ -->\n<title>Inspirationskv\u00e4ll tillsammans med Fortnox p\u00e5 The Park Forskaren - Stockholm<\/title>\n<meta name=\"robots\" content=\"index, follow, max-snippet:-1, max-image-preview:large, max-video-preview:-1\" \/>\n<link rel=\"canonical\" href=\"https:\/\/nyforetagarcentrum.se\/stockholm\/2024\/12\/09\/inspirationskvall-tillsammans-med-fortnox-pa-the-park-forskaren\/\" \/>\n<meta property=\"og:locale\" content=\"sv_SE\" \/>\n<meta property=\"og:type\" content=\"article\" \/>\n<meta property=\"og:title\" content=\"Inspirationskv\u00e4ll tillsammans med Fortnox p\u00e5 The Park Forskaren - Stockholm\" \/>\n<meta property=\"og:description\" content=\"Tillsammans med v\u00e5ra partners Fortnox och The Park Forskaren genomf\u00f6rde vi en fantastisk inspirationskv\u00e4ll och terminsavslutning! \u00d6ver 100 Stockholmare, nyfikna p\u00e5 entrepren\u00f6rskap, hade tagit sig till The Park Forskaren i Hagastaden denna kv\u00e4ll. Den stora lokalen andades entrepren\u00f6randa, f\u00f6rhoppningar och beslutskraft. Flera r\u00f6ster h\u00f6rdes som sa &#8221;Nu ska jag nog v\u00e5ga ta steget till eget&#8221;. [&hellip;]\" \/>\n<meta property=\"og:url\" content=\"https:\/\/nyforetagarcentrum.se\/stockholm\/2024\/12\/09\/inspirationskvall-tillsammans-med-fortnox-pa-the-park-forskaren\/\" \/>\n<meta property=\"og:site_name\" content=\"Stockholm\" \/>\n<meta property=\"article:published_time\" content=\"2024-12-09T17:55:22+00:00\" \/>\n<meta property=\"article:modified_time\" content=\"2024-12-11T20:03:59+00:00\" \/>\n<meta property=\"og:image\" content=\"https:\/\/nyforetagarcentrum.se\/stockholm\/wp-content\/uploads\/sites\/10\/2024\/12\/Fortnox-bild.jpg\" \/>\n\t<meta property=\"og:image:width\" content=\"1280\" \/>\n\t<meta property=\"og:image:height\" content=\"1920\" \/>\n\t<meta property=\"og:image:type\" content=\"image\/jpeg\" \/>\n<meta name=\"author\" content=\"stockholmm\" \/>\n<meta name=\"twitter:card\" content=\"summary_large_image\" \/>\n<meta name=\"twitter:label1\" content=\"Skriven av\" \/>\n\t<meta name=\"twitter:data1\" content=\"stockholmm\" \/>\n\t<meta name=\"twitter:label2\" content=\"Ber\u00e4knad l\u00e4stid\" \/>\n\t<meta name=\"twitter:data2\" content=\"2 minuter\" \/>\n<script type=\"application\/ld+json\" class=\"yoast-schema-graph\">{\"@context\":\"https:\/\/schema.org\",\"@graph\":[{\"@type\":\"Article\",\"@id\":\"https:\/\/nyforetagarcentrum.se\/stockholm\/2024\/12\/09\/inspirationskvall-tillsammans-med-fortnox-pa-the-park-forskaren\/#article\",\"isPartOf\":{\"@id\":\"https:\/\/nyforetagarcentrum.se\/stockholm\/2024\/12\/09\/inspirationskvall-tillsammans-med-fortnox-pa-the-park-forskaren\/\"},\"author\":{\"name\":\"stockholmm\",\"@id\":\"https:\/\/nyforetagarcentrum.se\/stockholm\/#\/schema\/person\/7511f5f803dffcdbf8afb3eb83a17fb6\"},\"headline\":\"Inspirationskv\u00e4ll tillsammans med Fortnox p\u00e5 The Park Forskaren\",\"datePublished\":\"2024-12-09T17:55:22+00:00\",\"dateModified\":\"2024-12-11T20:03:59+00:00\",\"mainEntityOfPage\":{\"@id\":\"https:\/\/nyforetagarcentrum.se\/stockholm\/2024\/12\/09\/inspirationskvall-tillsammans-med-fortnox-pa-the-park-forskaren\/\"},\"wordCount\":295,\"commentCount\":0,\"publisher\":{\"@id\":\"https:\/\/nyforetagarcentrum.se\/stockholm\/#organization\"},\"image\":{\"@id\":\"https:\/\/nyforetagarcentrum.se\/stockholm\/2024\/12\/09\/inspirationskvall-tillsammans-med-fortnox-pa-the-park-forskaren\/#primaryimage\"},\"thumbnailUrl\":\"https:\/\/nyforetagarcentrum.se\/stockholm\/wp-content\/uploads\/sites\/10\/2024\/12\/Fortnox-bild.jpg\",\"articleSection\":[\"nyf\u00f6retagande\",\"Partners\"],\"inLanguage\":\"sv-SE\",\"potentialAction\":[{\"@type\":\"CommentAction\",\"name\":\"Comment\",\"target\":[\"https:\/\/nyforetagarcentrum.se\/stockholm\/2024\/12\/09\/inspirationskvall-tillsammans-med-fortnox-pa-the-park-forskaren\/#respond\"]}]},{\"@type\":\"WebPage\",\"@id\":\"https:\/\/nyforetagarcentrum.se\/stockholm\/2024\/12\/09\/inspirationskvall-tillsammans-med-fortnox-pa-the-park-forskaren\/\",\"url\":\"https:\/\/nyforetagarcentrum.se\/stockholm\/2024\/12\/09\/inspirationskvall-tillsammans-med-fortnox-pa-the-park-forskaren\/\",\"name\":\"Inspirationskv\u00e4ll tillsammans med Fortnox p\u00e5 The Park Forskaren - Stockholm\",\"isPartOf\":{\"@id\":\"https:\/\/nyforetagarcentrum.se\/stockholm\/#website\"},\"primaryImageOfPage\":{\"@id\":\"https:\/\/nyforetagarcentrum.se\/stockholm\/2024\/12\/09\/inspirationskvall-tillsammans-med-fortnox-pa-the-park-forskaren\/#primaryimage\"},\"image\":{\"@id\":\"https:\/\/nyforetagarcentrum.se\/stockholm\/2024\/12\/09\/inspirationskvall-tillsammans-med-fortnox-pa-the-park-forskaren\/#primaryimage\"},\"thumbnailUrl\":\"https:\/\/nyforetagarcentrum.se\/stockholm\/wp-content\/uploads\/sites\/10\/2024\/12\/Fortnox-bild.jpg\",\"datePublished\":\"2024-12-09T17:55:22+00:00\",\"dateModified\":\"2024-12-11T20:03:59+00:00\",\"breadcrumb\":{\"@id\":\"https:\/\/nyforetagarcentrum.se\/stockholm\/2024\/12\/09\/inspirationskvall-tillsammans-med-fortnox-pa-the-park-forskaren\/#breadcrumb\"},\"inLanguage\":\"sv-SE\",\"potentialAction\":[{\"@type\":\"ReadAction\",\"target\":[\"https:\/\/nyforetagarcentrum.se\/stockholm\/2024\/12\/09\/inspirationskvall-tillsammans-med-fortnox-pa-the-park-forskaren\/\"]}]},{\"@type\":\"ImageObject\",\"inLanguage\":\"sv-SE\",\"@id\":\"https:\/\/nyforetagarcentrum.se\/stockholm\/2024\/12\/09\/inspirationskvall-tillsammans-med-fortnox-pa-the-park-forskaren\/#primaryimage\",\"url\":\"https:\/\/nyforetagarcentrum.se\/stockholm\/wp-content\/uploads\/sites\/10\/2024\/12\/Fortnox-bild.jpg\",\"contentUrl\":\"https:\/\/nyforetagarcentrum.se\/stockholm\/wp-content\/uploads\/sites\/10\/2024\/12\/Fortnox-bild.jpg\",\"width\":1280,\"height\":1920},{\"@type\":\"BreadcrumbList\",\"@id\":\"https:\/\/nyforetagarcentrum.se\/stockholm\/2024\/12\/09\/inspirationskvall-tillsammans-med-fortnox-pa-the-park-forskaren\/#breadcrumb\",\"itemListElement\":[{\"@type\":\"ListItem\",\"position\":1,\"name\":\"Hem\",\"item\":\"https:\/\/nyforetagarcentrum.se\/stockholm\/\"},{\"@type\":\"ListItem\",\"position\":2,\"name\":\"Inspirationskv\u00e4ll tillsammans med Fortnox p\u00e5 The Park Forskaren\"}]},{\"@type\":\"WebSite\",\"@id\":\"https:\/\/nyforetagarcentrum.se\/stockholm\/#website\",\"url\":\"https:\/\/nyforetagarcentrum.se\/stockholm\/\",\"name\":\"Stockholm\",\"description\":\"Sveriges ledande kraft f\u00f6r fler nya livskraftiga f\u00f6retag\",\"publisher\":{\"@id\":\"https:\/\/nyforetagarcentrum.se\/stockholm\/#organization\"},\"potentialAction\":[{\"@type\":\"SearchAction\",\"target\":{\"@type\":\"EntryPoint\",\"urlTemplate\":\"https:\/\/nyforetagarcentrum.se\/stockholm\/?s={search_term_string}\"},\"query-input\":\"required name=search_term_string\"}],\"inLanguage\":\"sv-SE\"},{\"@type\":\"Organization\",\"@id\":\"https:\/\/nyforetagarcentrum.se\/stockholm\/#organization\",\"name\":\"Stockholm\",\"url\":\"https:\/\/nyforetagarcentrum.se\/stockholm\/\",\"logo\":{\"@type\":\"ImageObject\",\"inLanguage\":\"sv-SE\",\"@id\":\"https:\/\/nyforetagarcentrum.se\/stockholm\/#\/schema\/logo\/image\/\",\"url\":\"https:\/\/nyforetagarcentrum.se\/stockholm\/wp-content\/uploads\/sites\/10\/2024\/07\/stockholm_bla.png\",\"contentUrl\":\"https:\/\/nyforetagarcentrum.se\/stockholm\/wp-content\/uploads\/sites\/10\/2024\/07\/stockholm_bla.png\",\"width\":870,\"height\":355,\"caption\":\"Stockholm\"},\"image\":{\"@id\":\"https:\/\/nyforetagarcentrum.se\/stockholm\/#\/schema\/logo\/image\/\"}},{\"@type\":\"Person\",\"@id\":\"https:\/\/nyforetagarcentrum.se\/stockholm\/#\/schema\/person\/7511f5f803dffcdbf8afb3eb83a17fb6\",\"name\":\"stockholmm\",\"image\":{\"@type\":\"ImageObject\",\"inLanguage\":\"sv-SE\",\"@id\":\"https:\/\/nyforetagarcentrum.se\/stockholm\/#\/schema\/person\/image\/\",\"url\":\"https:\/\/secure.gravatar.com\/avatar\/66c84822b8e5443cdbb42cf2306722cf?s=96&d=mm&r=g\",\"contentUrl\":\"https:\/\/secure.gravatar.com\/avatar\/66c84822b8e5443cdbb42cf2306722cf?s=96&d=mm&r=g\",\"caption\":\"stockholmm\"},\"url\":\"https:\/\/nyforetagarcentrum.se\/stockholm\/author\/stockholmm\/\"}]}<\/script>\n<!-- \/ Yoast SEO plugin. -->","yoast_head_json":{"title":"Inspirationskv\u00e4ll tillsammans med Fortnox p\u00e5 The Park Forskaren - Stockholm","robots":{"index":"index","follow":"follow","max-snippet":"max-snippet:-1","max-image-preview":"max-image-preview:large","max-video-preview":"max-video-preview:-1"},"canonical":"https:\/\/nyforetagarcentrum.se\/stockholm\/2024\/12\/09\/inspirationskvall-tillsammans-med-fortnox-pa-the-park-forskaren\/","og_locale":"sv_SE","og_type":"article","og_title":"Inspirationskv\u00e4ll tillsammans med Fortnox p\u00e5 The Park Forskaren - Stockholm","og_description":"Tillsammans med v\u00e5ra partners Fortnox och The Park Forskaren genomf\u00f6rde vi en fantastisk inspirationskv\u00e4ll och terminsavslutning! \u00d6ver 100 Stockholmare, nyfikna p\u00e5 entrepren\u00f6rskap, hade tagit sig till The Park Forskaren i Hagastaden denna kv\u00e4ll. Den stora lokalen andades entrepren\u00f6randa, f\u00f6rhoppningar och beslutskraft. Flera r\u00f6ster h\u00f6rdes som sa &#8221;Nu ska jag nog v\u00e5ga ta steget till eget&#8221;. [&hellip;]","og_url":"https:\/\/nyforetagarcentrum.se\/stockholm\/2024\/12\/09\/inspirationskvall-tillsammans-med-fortnox-pa-the-park-forskaren\/","og_site_name":"Stockholm","article_published_time":"2024-12-09T17:55:22+00:00","article_modified_time":"2024-12-11T20:03:59+00:00","og_image":[{"width":1280,"height":1920,"url":"https:\/\/nyforetagarcentrum.se\/stockholm\/wp-content\/uploads\/sites\/10\/2024\/12\/Fortnox-bild.jpg","type":"image\/jpeg"}],"author":"stockholmm","twitter_card":"summary_large_image","twitter_misc":{"Skriven av":"stockholmm","Ber\u00e4knad l\u00e4stid":"2 minuter"},"schema":{"@context":"https:\/\/schema.org","@graph":[{"@type":"Article","@id":"https:\/\/nyforetagarcentrum.se\/stockholm\/2024\/12\/09\/inspirationskvall-tillsammans-med-fortnox-pa-the-park-forskaren\/#article","isPartOf":{"@id":"https:\/\/nyforetagarcentrum.se\/stockholm\/2024\/12\/09\/inspirationskvall-tillsammans-med-fortnox-pa-the-park-forskaren\/"},"author":{"name":"stockholmm","@id":"https:\/\/nyforetagarcentrum.se\/stockholm\/#\/schema\/person\/7511f5f803dffcdbf8afb3eb83a17fb6"},"headline":"Inspirationskv\u00e4ll tillsammans med Fortnox p\u00e5 The Park Forskaren","datePublished":"2024-12-09T17:55:22+00:00","dateModified":"2024-12-11T20:03:59+00:00","mainEntityOfPage":{"@id":"https:\/\/nyforetagarcentrum.se\/stockholm\/2024\/12\/09\/inspirationskvall-tillsammans-med-fortnox-pa-the-park-forskaren\/"},"wordCount":295,"commentCount":0,"publisher":{"@id":"https:\/\/nyforetagarcentrum.se\/stockholm\/#organization"},"image":{"@id":"https:\/\/nyforetagarcentrum.se\/stockholm\/2024\/12\/09\/inspirationskvall-tillsammans-med-fortnox-pa-the-park-forskaren\/#primaryimage"},"thumbnailUrl":"https:\/\/nyforetagarcentrum.se\/stockholm\/wp-content\/uploads\/sites\/10\/2024\/12\/Fortnox-bild.jpg","articleSection":["nyf\u00f6retagande","Partners"],"inLanguage":"sv-SE","potentialAction":[{"@type":"CommentAction","name":"Comment","target":["https:\/\/nyforetagarcentrum.se\/stockholm\/2024\/12\/09\/inspirationskvall-tillsammans-med-fortnox-pa-the-park-forskaren\/#respond"]}]},{"@type":"WebPage","@id":"https:\/\/nyforetagarcentrum.se\/stockholm\/2024\/12\/09\/inspirationskvall-tillsammans-med-fortnox-pa-the-park-forskaren\/","url":"https:\/\/nyforetagarcentrum.se\/stockholm\/2024\/12\/09\/inspirationskvall-tillsammans-med-fortnox-pa-the-park-forskaren\/","name":"Inspirationskv\u00e4ll tillsammans med Fortnox p\u00e5 The Park Forskaren - Stockholm","isPartOf":{"@id":"https:\/\/nyforetagarcentrum.se\/stockholm\/#website"},"primaryImageOfPage":{"@id":"https:\/\/nyforetagarcentrum.se\/stockholm\/2024\/12\/09\/inspirationskvall-tillsammans-med-fortnox-pa-the-park-forskaren\/#primaryimage"},"image":{"@id":"https:\/\/nyforetagarcentrum.se\/stockholm\/2024\/12\/09\/inspirationskvall-tillsammans-med-fortnox-pa-the-park-forskaren\/#primaryimage"},"thumbnailUrl":"https:\/\/nyforetagarcentrum.se\/stockholm\/wp-content\/uploads\/sites\/10\/2024\/12\/Fortnox-bild.jpg","datePublished":"2024-12-09T17:55:22+00:00","dateModified":"2024-12-11T20:03:59+00:00","breadcrumb":{"@id":"https:\/\/nyforetagarcentrum.se\/stockholm\/2024\/12\/09\/inspirationskvall-tillsammans-med-fortnox-pa-the-park-forskaren\/#breadcrumb"},"inLanguage":"sv-SE","potentialAction":[{"@type":"ReadAction","target":["https:\/\/nyforetagarcentrum.se\/stockholm\/2024\/12\/09\/inspirationskvall-tillsammans-med-fortnox-pa-the-park-forskaren\/"]}]},{"@type":"ImageObject","inLanguage":"sv-SE","@id":"https:\/\/nyforetagarcentrum.se\/stockholm\/2024\/12\/09\/inspirationskvall-tillsammans-med-fortnox-pa-the-park-forskaren\/#primaryimage","url":"https:\/\/nyforetagarcentrum.se\/stockholm\/wp-content\/uploads\/sites\/10\/2024\/12\/Fortnox-bild.jpg","contentUrl":"https:\/\/nyforetagarcentrum.se\/stockholm\/wp-content\/uploads\/sites\/10\/2024\/12\/Fortnox-bild.jpg","width":1280,"height":1920},{"@type":"BreadcrumbList","@id":"https:\/\/nyforetagarcentrum.se\/stockholm\/2024\/12\/09\/inspirationskvall-tillsammans-med-fortnox-pa-the-park-forskaren\/#breadcrumb","itemListElement":[{"@type":"ListItem","position":1,"name":"Hem","item":"https:\/\/nyforetagarcentrum.se\/stockholm\/"},{"@type":"ListItem","position":2,"name":"Inspirationskv\u00e4ll tillsammans med Fortnox p\u00e5 The Park Forskaren"}]},{"@type":"WebSite","@id":"https:\/\/nyforetagarcentrum.se\/stockholm\/#website","url":"https:\/\/nyforetagarcentrum.se\/stockholm\/","name":"Stockholm","description":"Sveriges ledande kraft f\u00f6r fler nya livskraftiga f\u00f6retag","publisher":{"@id":"https:\/\/nyforetagarcentrum.se\/stockholm\/#organization"},"potentialAction":[{"@type":"SearchAction","target":{"@type":"EntryPoint","urlTemplate":"https:\/\/nyforetagarcentrum.se\/stockholm\/?s={search_term_string}"},"query-input":"required name=search_term_string"}],"inLanguage":"sv-SE"},{"@type":"Organization","@id":"https:\/\/nyforetagarcentrum.se\/stockholm\/#organization","name":"Stockholm","url":"https:\/\/nyforetagarcentrum.se\/stockholm\/","logo":{"@type":"ImageObject","inLanguage":"sv-SE","@id":"https:\/\/nyforetagarcentrum.se\/stockholm\/#\/schema\/logo\/image\/","url":"https:\/\/nyforetagarcentrum.se\/stockholm\/wp-content\/uploads\/sites\/10\/2024\/07\/stockholm_bla.png","contentUrl":"https:\/\/nyforetagarcentrum.se\/stockholm\/wp-content\/uploads\/sites\/10\/2024\/07\/stockholm_bla.png","width":870,"height":355,"caption":"Stockholm"},"image":{"@id":"https:\/\/nyforetagarcentrum.se\/stockholm\/#\/schema\/logo\/image\/"}},{"@type":"Person","@id":"https:\/\/nyforetagarcentrum.se\/stockholm\/#\/schema\/person\/7511f5f803dffcdbf8afb3eb83a17fb6","name":"stockholmm","image":{"@type":"ImageObject","inLanguage":"sv-SE","@id":"https:\/\/nyforetagarcentrum.se\/stockholm\/#\/schema\/person\/image\/","url":"https:\/\/secure.gravatar.com\/avatar\/66c84822b8e5443cdbb42cf2306722cf?s=96&d=mm&r=g","contentUrl":"https:\/\/secure.gravatar.com\/avatar\/66c84822b8e5443cdbb42cf2306722cf?s=96&d=mm&r=g","caption":"stockholmm"},"url":"https:\/\/nyforetagarcentrum.se\/stockholm\/author\/stockholmm\/"}]}},"_links":{"self":[{"href":"https:\/\/nyforetagarcentrum.se\/stockholm\/wp-json\/wp\/v2\/posts\/1505"}],"collection":[{"href":"https:\/\/nyforetagarcentrum.se\/stockholm\/wp-json\/wp\/v2\/posts"}],"about":[{"href":"https:\/\/nyforetagarcentrum.se\/stockholm\/wp-json\/wp\/v2\/types\/post"}],"author":[{"embeddable":true,"href":"https:\/\/nyforetagarcentrum.se\/stockholm\/wp-json\/wp\/v2\/users\/64"}],"replies":[{"embeddable":true,"href":"https:\/\/nyforetagarcentrum.se\/stockholm\/wp-json\/wp\/v2\/comments?post=1505"}],"version-history":[{"count":5,"href":"https:\/\/nyforetagarcentrum.se\/stockholm\/wp-json\/wp\/v2\/posts\/1505\/revisions"}],"predecessor-version":[{"id":1515,"href":"https:\/\/nyforetagarcentrum.se\/stockholm\/wp-json\/wp\/v2\/posts\/1505\/revisions\/1515"}],"wp:featuredmedia":[{"embeddable":true,"href":"https:\/\/nyforetagarcentrum.se\/stockholm\/wp-json\/wp\/v2\/media\/1509"}],"wp:attachment":[{"href":"https:\/\/nyforetagarcentrum.se\/stockholm\/wp-json\/wp\/v2\/media?parent=1505"}],"wp:term":[{"taxonomy":"category","embeddable":true,"href":"https:\/\/nyforetagarcentrum.se\/stockholm\/wp-json\/wp\/v2\/categories?post=1505"},{"taxonomy":"post_tag","embeddable":true,"href":"https:\/\/nyforetagarcentrum.se\/stockholm\/wp-json\/wp\/v2\/tags?post=1505"}],"curies":[{"name":"wp","href":"https:\/\/api.w.org\/{rel}","templated":true}]}}