{"id":1459,"date":"2024-09-12T11:54:01","date_gmt":"2024-09-12T09:54:01","guid":{"rendered":"https:\/\/nyforetagarcentrum.se\/stockholm\/?p=1459"},"modified":"2024-10-15T15:10:57","modified_gmt":"2024-10-15T13:10:57","slug":"traffa-mahfouz-hebrawi-den-7-oktober","status":"publish","type":"post","link":"https:\/\/nyforetagarcentrum.se\/stockholm\/2024\/09\/12\/traffa-mahfouz-hebrawi-den-7-oktober\/","title":{"rendered":"Tr\u00e4ffa Mahfouz Hebrawi den 7 oktober"},"content":{"rendered":"\n<p>Den 7 oktober kl 18:15 kommer Mahfouz Hebrawi till Folkets Husby och h\u00e5ller f\u00f6rel\u00e4sning p\u00e5 arabiska om hur man tar steget till eget f\u00f6retag.<\/p>\n\n\n\n<p>Vill du tr\u00e4ffa honom och f\u00e5 r\u00e5dgivning p\u00e5 arabiska, svenska eller engelska redan innan dess? Titta p\u00e5 filmen och boka en tid genom att anv\u00e4nda boka-knappen p\u00e5 startsidan.<\/p>\n\n\n\n<figure class=\"wp-block-embed is-type-video is-provider-youtube wp-block-embed-youtube wp-embed-aspect-16-9 wp-has-aspect-ratio\"><div class=\"wp-block-embed__wrapper\">\n<iframe loading=\"lazy\" title=\"Ta steget till eget f\u00f6retag - s\u00e5h\u00e4r kommer du ig\u00e5ng!\" width=\"500\" height=\"281\" src=\"https:\/\/www.youtube.com\/embed\/EqkqsuK0dWw?feature=oembed\" frameborder=\"0\" allow=\"accelerometer; autoplay; clipboard-write; encrypted-media; gyroscope; picture-in-picture; web-share\" referrerpolicy=\"strict-origin-when-cross-origin\" allowfullscreen><\/iframe>\n<\/div><\/figure>\n","protected":false},"excerpt":{"rendered":"<p>Den 7 oktober kl 18:15 kommer Mahfouz Hebrawi till Folkets Husby och h\u00e5ller f\u00f6rel\u00e4sning p\u00e5 arabiska om hur man tar steget till eget f\u00f6retag. Vill du tr\u00e4ffa honom och f\u00e5 r\u00e5dgivning p\u00e5 arabiska, svenska eller engelska redan innan dess? Titta p\u00e5 filmen och boka en tid genom att anv\u00e4nda boka-knappen p\u00e5 startsidan.<\/p>\n","protected":false},"author":64,"featured_media":1460,"comment_status":"open","ping_status":"open","sticky":false,"template":"","format":"standard","meta":{"footnotes":""},"categories":[27],"tags":[],"acf":[],"yoast_head":"<!-- This site is optimized with the Yoast SEO plugin v22.9 - https:\/\/yoast.com\/wordpress\/plugins\/seo\/ -->\n<title>Tr\u00e4ffa Mahfouz Hebrawi den 7 oktober - Stockholm<\/title>\n<meta name=\"description\" content=\"Den 7 oktober kl 18:15 kommer Mahfouz Hebrawi till Folkets Husby och h\u00e5ller f\u00f6rel\u00e4sning p\u00e5 arabiska om hur man tar steget till eget f\u00f6retag.\" \/>\n<meta name=\"robots\" content=\"index, follow, max-snippet:-1, max-image-preview:large, max-video-preview:-1\" \/>\n<link rel=\"canonical\" href=\"https:\/\/nyforetagarcentrum.se\/stockholm\/2024\/09\/12\/traffa-mahfouz-hebrawi-den-7-oktober\/\" \/>\n<meta property=\"og:locale\" content=\"sv_SE\" \/>\n<meta property=\"og:type\" content=\"article\" \/>\n<meta property=\"og:title\" content=\"Tr\u00e4ffa Mahfouz Hebrawi den 7 oktober - Stockholm\" \/>\n<meta property=\"og:description\" content=\"Den 7 oktober kl 18:15 kommer Mahfouz Hebrawi till Folkets Husby och h\u00e5ller f\u00f6rel\u00e4sning p\u00e5 arabiska om hur man tar steget till eget f\u00f6retag.\" \/>\n<meta property=\"og:url\" content=\"https:\/\/nyforetagarcentrum.se\/stockholm\/2024\/09\/12\/traffa-mahfouz-hebrawi-den-7-oktober\/\" \/>\n<meta property=\"og:site_name\" content=\"Stockholm\" \/>\n<meta property=\"article:published_time\" content=\"2024-09-12T09:54:01+00:00\" \/>\n<meta property=\"article:modified_time\" content=\"2024-10-15T13:10:57+00:00\" \/>\n<meta property=\"og:image\" content=\"https:\/\/nyforetagarcentrum.se\/stockholm\/wp-content\/uploads\/sites\/10\/2024\/09\/Kopia-av-Black-and-Purple-Gradient-Facebook-Event-Cover-Facebook-inlagg.png\" \/>\n\t<meta property=\"og:image:width\" content=\"940\" \/>\n\t<meta property=\"og:image:height\" content=\"788\" \/>\n\t<meta property=\"og:image:type\" content=\"image\/png\" \/>\n<meta name=\"author\" content=\"stockholmm\" \/>\n<meta name=\"twitter:card\" content=\"summary_large_image\" \/>\n<meta name=\"twitter:label1\" content=\"Skriven av\" \/>\n\t<meta name=\"twitter:data1\" content=\"stockholmm\" \/>\n\t<meta name=\"twitter:label2\" content=\"Ber\u00e4knad l\u00e4stid\" \/>\n\t<meta name=\"twitter:data2\" content=\"1 minut\" \/>\n<script type=\"application\/ld+json\" class=\"yoast-schema-graph\">{\"@context\":\"https:\/\/schema.org\",\"@graph\":[{\"@type\":\"Article\",\"@id\":\"https:\/\/nyforetagarcentrum.se\/stockholm\/2024\/09\/12\/traffa-mahfouz-hebrawi-den-7-oktober\/#article\",\"isPartOf\":{\"@id\":\"https:\/\/nyforetagarcentrum.se\/stockholm\/2024\/09\/12\/traffa-mahfouz-hebrawi-den-7-oktober\/\"},\"author\":{\"name\":\"stockholmm\",\"@id\":\"https:\/\/nyforetagarcentrum.se\/stockholm\/#\/schema\/person\/7511f5f803dffcdbf8afb3eb83a17fb6\"},\"headline\":\"Tr\u00e4ffa Mahfouz Hebrawi den 7 oktober\",\"datePublished\":\"2024-09-12T09:54:01+00:00\",\"dateModified\":\"2024-10-15T13:10:57+00:00\",\"mainEntityOfPage\":{\"@id\":\"https:\/\/nyforetagarcentrum.se\/stockholm\/2024\/09\/12\/traffa-mahfouz-hebrawi-den-7-oktober\/\"},\"wordCount\":68,\"commentCount\":0,\"publisher\":{\"@id\":\"https:\/\/nyforetagarcentrum.se\/stockholm\/#organization\"},\"image\":{\"@id\":\"https:\/\/nyforetagarcentrum.se\/stockholm\/2024\/09\/12\/traffa-mahfouz-hebrawi-den-7-oktober\/#primaryimage\"},\"thumbnailUrl\":\"https:\/\/nyforetagarcentrum.se\/stockholm\/wp-content\/uploads\/sites\/10\/2024\/09\/Kopia-av-Black-and-Purple-Gradient-Facebook-Event-Cover-Facebook-inlagg.png\",\"articleSection\":[\"R\u00e5dgivning\"],\"inLanguage\":\"sv-SE\",\"potentialAction\":[{\"@type\":\"CommentAction\",\"name\":\"Comment\",\"target\":[\"https:\/\/nyforetagarcentrum.se\/stockholm\/2024\/09\/12\/traffa-mahfouz-hebrawi-den-7-oktober\/#respond\"]}]},{\"@type\":\"WebPage\",\"@id\":\"https:\/\/nyforetagarcentrum.se\/stockholm\/2024\/09\/12\/traffa-mahfouz-hebrawi-den-7-oktober\/\",\"url\":\"https:\/\/nyforetagarcentrum.se\/stockholm\/2024\/09\/12\/traffa-mahfouz-hebrawi-den-7-oktober\/\",\"name\":\"Tr\u00e4ffa Mahfouz Hebrawi den 7 oktober - Stockholm\",\"isPartOf\":{\"@id\":\"https:\/\/nyforetagarcentrum.se\/stockholm\/#website\"},\"primaryImageOfPage\":{\"@id\":\"https:\/\/nyforetagarcentrum.se\/stockholm\/2024\/09\/12\/traffa-mahfouz-hebrawi-den-7-oktober\/#primaryimage\"},\"image\":{\"@id\":\"https:\/\/nyforetagarcentrum.se\/stockholm\/2024\/09\/12\/traffa-mahfouz-hebrawi-den-7-oktober\/#primaryimage\"},\"thumbnailUrl\":\"https:\/\/nyforetagarcentrum.se\/stockholm\/wp-content\/uploads\/sites\/10\/2024\/09\/Kopia-av-Black-and-Purple-Gradient-Facebook-Event-Cover-Facebook-inlagg.png\",\"datePublished\":\"2024-09-12T09:54:01+00:00\",\"dateModified\":\"2024-10-15T13:10:57+00:00\",\"description\":\"Den 7 oktober kl 18:15 kommer Mahfouz Hebrawi till Folkets Husby och h\u00e5ller f\u00f6rel\u00e4sning p\u00e5 arabiska om hur man tar steget till eget f\u00f6retag.\",\"breadcrumb\":{\"@id\":\"https:\/\/nyforetagarcentrum.se\/stockholm\/2024\/09\/12\/traffa-mahfouz-hebrawi-den-7-oktober\/#breadcrumb\"},\"inLanguage\":\"sv-SE\",\"potentialAction\":[{\"@type\":\"ReadAction\",\"target\":[\"https:\/\/nyforetagarcentrum.se\/stockholm\/2024\/09\/12\/traffa-mahfouz-hebrawi-den-7-oktober\/\"]}]},{\"@type\":\"ImageObject\",\"inLanguage\":\"sv-SE\",\"@id\":\"https:\/\/nyforetagarcentrum.se\/stockholm\/2024\/09\/12\/traffa-mahfouz-hebrawi-den-7-oktober\/#primaryimage\",\"url\":\"https:\/\/nyforetagarcentrum.se\/stockholm\/wp-content\/uploads\/sites\/10\/2024\/09\/Kopia-av-Black-and-Purple-Gradient-Facebook-Event-Cover-Facebook-inlagg.png\",\"contentUrl\":\"https:\/\/nyforetagarcentrum.se\/stockholm\/wp-content\/uploads\/sites\/10\/2024\/09\/Kopia-av-Black-and-Purple-Gradient-Facebook-Event-Cover-Facebook-inlagg.png\",\"width\":940,\"height\":788},{\"@type\":\"BreadcrumbList\",\"@id\":\"https:\/\/nyforetagarcentrum.se\/stockholm\/2024\/09\/12\/traffa-mahfouz-hebrawi-den-7-oktober\/#breadcrumb\",\"itemListElement\":[{\"@type\":\"ListItem\",\"position\":1,\"name\":\"Hem\",\"item\":\"https:\/\/nyforetagarcentrum.se\/stockholm\/\"},{\"@type\":\"ListItem\",\"position\":2,\"name\":\"Tr\u00e4ffa Mahfouz Hebrawi den 7 oktober\"}]},{\"@type\":\"WebSite\",\"@id\":\"https:\/\/nyforetagarcentrum.se\/stockholm\/#website\",\"url\":\"https:\/\/nyforetagarcentrum.se\/stockholm\/\",\"name\":\"Stockholm\",\"description\":\"Sveriges ledande kraft f\u00f6r fler nya livskraftiga f\u00f6retag\",\"publisher\":{\"@id\":\"https:\/\/nyforetagarcentrum.se\/stockholm\/#organization\"},\"potentialAction\":[{\"@type\":\"SearchAction\",\"target\":{\"@type\":\"EntryPoint\",\"urlTemplate\":\"https:\/\/nyforetagarcentrum.se\/stockholm\/?s={search_term_string}\"},\"query-input\":\"required name=search_term_string\"}],\"inLanguage\":\"sv-SE\"},{\"@type\":\"Organization\",\"@id\":\"https:\/\/nyforetagarcentrum.se\/stockholm\/#organization\",\"name\":\"Stockholm\",\"url\":\"https:\/\/nyforetagarcentrum.se\/stockholm\/\",\"logo\":{\"@type\":\"ImageObject\",\"inLanguage\":\"sv-SE\",\"@id\":\"https:\/\/nyforetagarcentrum.se\/stockholm\/#\/schema\/logo\/image\/\",\"url\":\"https:\/\/nyforetagarcentrum.se\/stockholm\/wp-content\/uploads\/sites\/10\/2024\/07\/stockholm_bla.png\",\"contentUrl\":\"https:\/\/nyforetagarcentrum.se\/stockholm\/wp-content\/uploads\/sites\/10\/2024\/07\/stockholm_bla.png\",\"width\":870,\"height\":355,\"caption\":\"Stockholm\"},\"image\":{\"@id\":\"https:\/\/nyforetagarcentrum.se\/stockholm\/#\/schema\/logo\/image\/\"}},{\"@type\":\"Person\",\"@id\":\"https:\/\/nyforetagarcentrum.se\/stockholm\/#\/schema\/person\/7511f5f803dffcdbf8afb3eb83a17fb6\",\"name\":\"stockholmm\",\"image\":{\"@type\":\"ImageObject\",\"inLanguage\":\"sv-SE\",\"@id\":\"https:\/\/nyforetagarcentrum.se\/stockholm\/#\/schema\/person\/image\/\",\"url\":\"https:\/\/secure.gravatar.com\/avatar\/66c84822b8e5443cdbb42cf2306722cf?s=96&d=mm&r=g\",\"contentUrl\":\"https:\/\/secure.gravatar.com\/avatar\/66c84822b8e5443cdbb42cf2306722cf?s=96&d=mm&r=g\",\"caption\":\"stockholmm\"},\"url\":\"https:\/\/nyforetagarcentrum.se\/stockholm\/author\/stockholmm\/\"}]}<\/script>\n<!-- \/ Yoast SEO plugin. -->","yoast_head_json":{"title":"Tr\u00e4ffa Mahfouz Hebrawi den 7 oktober - Stockholm","description":"Den 7 oktober kl 18:15 kommer Mahfouz Hebrawi till Folkets Husby och h\u00e5ller f\u00f6rel\u00e4sning p\u00e5 arabiska om hur man tar steget till eget f\u00f6retag.","robots":{"index":"index","follow":"follow","max-snippet":"max-snippet:-1","max-image-preview":"max-image-preview:large","max-video-preview":"max-video-preview:-1"},"canonical":"https:\/\/nyforetagarcentrum.se\/stockholm\/2024\/09\/12\/traffa-mahfouz-hebrawi-den-7-oktober\/","og_locale":"sv_SE","og_type":"article","og_title":"Tr\u00e4ffa Mahfouz Hebrawi den 7 oktober - Stockholm","og_description":"Den 7 oktober kl 18:15 kommer Mahfouz Hebrawi till Folkets Husby och h\u00e5ller f\u00f6rel\u00e4sning p\u00e5 arabiska om hur man tar steget till eget f\u00f6retag.","og_url":"https:\/\/nyforetagarcentrum.se\/stockholm\/2024\/09\/12\/traffa-mahfouz-hebrawi-den-7-oktober\/","og_site_name":"Stockholm","article_published_time":"2024-09-12T09:54:01+00:00","article_modified_time":"2024-10-15T13:10:57+00:00","og_image":[{"width":940,"height":788,"url":"https:\/\/nyforetagarcentrum.se\/stockholm\/wp-content\/uploads\/sites\/10\/2024\/09\/Kopia-av-Black-and-Purple-Gradient-Facebook-Event-Cover-Facebook-inlagg.png","type":"image\/png"}],"author":"stockholmm","twitter_card":"summary_large_image","twitter_misc":{"Skriven av":"stockholmm","Ber\u00e4knad l\u00e4stid":"1 minut"},"schema":{"@context":"https:\/\/schema.org","@graph":[{"@type":"Article","@id":"https:\/\/nyforetagarcentrum.se\/stockholm\/2024\/09\/12\/traffa-mahfouz-hebrawi-den-7-oktober\/#article","isPartOf":{"@id":"https:\/\/nyforetagarcentrum.se\/stockholm\/2024\/09\/12\/traffa-mahfouz-hebrawi-den-7-oktober\/"},"author":{"name":"stockholmm","@id":"https:\/\/nyforetagarcentrum.se\/stockholm\/#\/schema\/person\/7511f5f803dffcdbf8afb3eb83a17fb6"},"headline":"Tr\u00e4ffa Mahfouz Hebrawi den 7 oktober","datePublished":"2024-09-12T09:54:01+00:00","dateModified":"2024-10-15T13:10:57+00:00","mainEntityOfPage":{"@id":"https:\/\/nyforetagarcentrum.se\/stockholm\/2024\/09\/12\/traffa-mahfouz-hebrawi-den-7-oktober\/"},"wordCount":68,"commentCount":0,"publisher":{"@id":"https:\/\/nyforetagarcentrum.se\/stockholm\/#organization"},"image":{"@id":"https:\/\/nyforetagarcentrum.se\/stockholm\/2024\/09\/12\/traffa-mahfouz-hebrawi-den-7-oktober\/#primaryimage"},"thumbnailUrl":"https:\/\/nyforetagarcentrum.se\/stockholm\/wp-content\/uploads\/sites\/10\/2024\/09\/Kopia-av-Black-and-Purple-Gradient-Facebook-Event-Cover-Facebook-inlagg.png","articleSection":["R\u00e5dgivning"],"inLanguage":"sv-SE","potentialAction":[{"@type":"CommentAction","name":"Comment","target":["https:\/\/nyforetagarcentrum.se\/stockholm\/2024\/09\/12\/traffa-mahfouz-hebrawi-den-7-oktober\/#respond"]}]},{"@type":"WebPage","@id":"https:\/\/nyforetagarcentrum.se\/stockholm\/2024\/09\/12\/traffa-mahfouz-hebrawi-den-7-oktober\/","url":"https:\/\/nyforetagarcentrum.se\/stockholm\/2024\/09\/12\/traffa-mahfouz-hebrawi-den-7-oktober\/","name":"Tr\u00e4ffa Mahfouz Hebrawi den 7 oktober - Stockholm","isPartOf":{"@id":"https:\/\/nyforetagarcentrum.se\/stockholm\/#website"},"primaryImageOfPage":{"@id":"https:\/\/nyforetagarcentrum.se\/stockholm\/2024\/09\/12\/traffa-mahfouz-hebrawi-den-7-oktober\/#primaryimage"},"image":{"@id":"https:\/\/nyforetagarcentrum.se\/stockholm\/2024\/09\/12\/traffa-mahfouz-hebrawi-den-7-oktober\/#primaryimage"},"thumbnailUrl":"https:\/\/nyforetagarcentrum.se\/stockholm\/wp-content\/uploads\/sites\/10\/2024\/09\/Kopia-av-Black-and-Purple-Gradient-Facebook-Event-Cover-Facebook-inlagg.png","datePublished":"2024-09-12T09:54:01+00:00","dateModified":"2024-10-15T13:10:57+00:00","description":"Den 7 oktober kl 18:15 kommer Mahfouz Hebrawi till Folkets Husby och h\u00e5ller f\u00f6rel\u00e4sning p\u00e5 arabiska om hur man tar steget till eget f\u00f6retag.","breadcrumb":{"@id":"https:\/\/nyforetagarcentrum.se\/stockholm\/2024\/09\/12\/traffa-mahfouz-hebrawi-den-7-oktober\/#breadcrumb"},"inLanguage":"sv-SE","potentialAction":[{"@type":"ReadAction","target":["https:\/\/nyforetagarcentrum.se\/stockholm\/2024\/09\/12\/traffa-mahfouz-hebrawi-den-7-oktober\/"]}]},{"@type":"ImageObject","inLanguage":"sv-SE","@id":"https:\/\/nyforetagarcentrum.se\/stockholm\/2024\/09\/12\/traffa-mahfouz-hebrawi-den-7-oktober\/#primaryimage","url":"https:\/\/nyforetagarcentrum.se\/stockholm\/wp-content\/uploads\/sites\/10\/2024\/09\/Kopia-av-Black-and-Purple-Gradient-Facebook-Event-Cover-Facebook-inlagg.png","contentUrl":"https:\/\/nyforetagarcentrum.se\/stockholm\/wp-content\/uploads\/sites\/10\/2024\/09\/Kopia-av-Black-and-Purple-Gradient-Facebook-Event-Cover-Facebook-inlagg.png","width":940,"height":788},{"@type":"BreadcrumbList","@id":"https:\/\/nyforetagarcentrum.se\/stockholm\/2024\/09\/12\/traffa-mahfouz-hebrawi-den-7-oktober\/#breadcrumb","itemListElement":[{"@type":"ListItem","position":1,"name":"Hem","item":"https:\/\/nyforetagarcentrum.se\/stockholm\/"},{"@type":"ListItem","position":2,"name":"Tr\u00e4ffa Mahfouz Hebrawi den 7 oktober"}]},{"@type":"WebSite","@id":"https:\/\/nyforetagarcentrum.se\/stockholm\/#website","url":"https:\/\/nyforetagarcentrum.se\/stockholm\/","name":"Stockholm","description":"Sveriges ledande kraft f\u00f6r fler nya livskraftiga f\u00f6retag","publisher":{"@id":"https:\/\/nyforetagarcentrum.se\/stockholm\/#organization"},"potentialAction":[{"@type":"SearchAction","target":{"@type":"EntryPoint","urlTemplate":"https:\/\/nyforetagarcentrum.se\/stockholm\/?s={search_term_string}"},"query-input":"required name=search_term_string"}],"inLanguage":"sv-SE"},{"@type":"Organization","@id":"https:\/\/nyforetagarcentrum.se\/stockholm\/#organization","name":"Stockholm","url":"https:\/\/nyforetagarcentrum.se\/stockholm\/","logo":{"@type":"ImageObject","inLanguage":"sv-SE","@id":"https:\/\/nyforetagarcentrum.se\/stockholm\/#\/schema\/logo\/image\/","url":"https:\/\/nyforetagarcentrum.se\/stockholm\/wp-content\/uploads\/sites\/10\/2024\/07\/stockholm_bla.png","contentUrl":"https:\/\/nyforetagarcentrum.se\/stockholm\/wp-content\/uploads\/sites\/10\/2024\/07\/stockholm_bla.png","width":870,"height":355,"caption":"Stockholm"},"image":{"@id":"https:\/\/nyforetagarcentrum.se\/stockholm\/#\/schema\/logo\/image\/"}},{"@type":"Person","@id":"https:\/\/nyforetagarcentrum.se\/stockholm\/#\/schema\/person\/7511f5f803dffcdbf8afb3eb83a17fb6","name":"stockholmm","image":{"@type":"ImageObject","inLanguage":"sv-SE","@id":"https:\/\/nyforetagarcentrum.se\/stockholm\/#\/schema\/person\/image\/","url":"https:\/\/secure.gravatar.com\/avatar\/66c84822b8e5443cdbb42cf2306722cf?s=96&d=mm&r=g","contentUrl":"https:\/\/secure.gravatar.com\/avatar\/66c84822b8e5443cdbb42cf2306722cf?s=96&d=mm&r=g","caption":"stockholmm"},"url":"https:\/\/nyforetagarcentrum.se\/stockholm\/author\/stockholmm\/"}]}},"_links":{"self":[{"href":"https:\/\/nyforetagarcentrum.se\/stockholm\/wp-json\/wp\/v2\/posts\/1459"}],"collection":[{"href":"https:\/\/nyforetagarcentrum.se\/stockholm\/wp-json\/wp\/v2\/posts"}],"about":[{"href":"https:\/\/nyforetagarcentrum.se\/stockholm\/wp-json\/wp\/v2\/types\/post"}],"author":[{"embeddable":true,"href":"https:\/\/nyforetagarcentrum.se\/stockholm\/wp-json\/wp\/v2\/users\/64"}],"replies":[{"embeddable":true,"href":"https:\/\/nyforetagarcentrum.se\/stockholm\/wp-json\/wp\/v2\/comments?post=1459"}],"version-history":[{"count":2,"href":"https:\/\/nyforetagarcentrum.se\/stockholm\/wp-json\/wp\/v2\/posts\/1459\/revisions"}],"predecessor-version":[{"id":1462,"href":"https:\/\/nyforetagarcentrum.se\/stockholm\/wp-json\/wp\/v2\/posts\/1459\/revisions\/1462"}],"wp:featuredmedia":[{"embeddable":true,"href":"https:\/\/nyforetagarcentrum.se\/stockholm\/wp-json\/wp\/v2\/media\/1460"}],"wp:attachment":[{"href":"https:\/\/nyforetagarcentrum.se\/stockholm\/wp-json\/wp\/v2\/media?parent=1459"}],"wp:term":[{"taxonomy":"category","embeddable":true,"href":"https:\/\/nyforetagarcentrum.se\/stockholm\/wp-json\/wp\/v2\/categories?post=1459"},{"taxonomy":"post_tag","embeddable":true,"href":"https:\/\/nyforetagarcentrum.se\/stockholm\/wp-json\/wp\/v2\/tags?post=1459"}],"curies":[{"name":"wp","href":"https:\/\/api.w.org\/{rel}","templated":true}]}}