{"id":1429,"date":"2024-07-02T17:37:37","date_gmt":"2024-07-02T15:37:37","guid":{"rendered":"https:\/\/nyforetagarcentrum.se\/stockholm\/?p=1429"},"modified":"2024-10-15T15:12:12","modified_gmt":"2024-10-15T13:12:12","slug":"flytt-fran-soder-till-sankt-eriksplan-med-the-park","status":"publish","type":"post","link":"https:\/\/nyforetagarcentrum.se\/stockholm\/2024\/07\/02\/flytt-fran-soder-till-sankt-eriksplan-med-the-park\/","title":{"rendered":"Flytt fr\u00e5n S\u00f6der till Sankt Eriksplan med The Park!"},"content":{"rendered":"\n<p>Nu har flyttlasset g\u00e5tt fr\u00e5n The Park S\u00f6dra till den nya moderna anl\u00e4ggningen<strong>\u00a0The Park Forskaren!\u00a0<\/strong>Efter tidsbokning, kan du bes\u00f6ka oss h\u00e4r f\u00f6r r\u00e5dgivning och olika events. Sj\u00e4lvklart erbjuder vi fortsatt \u00e4ven digitala m\u00f6ten.\u00a0V\u00e4lkommen till Nyf\u00f6retagarCentrum Stockholm &amp;\u00a0<strong>The Park Forskaren\u00a0<\/strong>vid nya Karolinska, p\u00e5 g\u00e5ngavst\u00e5nd fr\u00e5n Sankt Eriksplan. Adress: Hagaplan 4, 113 68 Stockholm<\/p>\n","protected":false},"excerpt":{"rendered":"<p>Nu har flyttlasset g\u00e5tt fr\u00e5n The Park S\u00f6dra till den nya moderna anl\u00e4ggningen\u00a0The Park Forskaren!\u00a0Efter tidsbokning, kan du bes\u00f6ka oss h\u00e4r f\u00f6r r\u00e5dgivning och olika events. Sj\u00e4lvklart erbjuder vi fortsatt \u00e4ven digitala m\u00f6ten.\u00a0V\u00e4lkommen till Nyf\u00f6retagarCentrum Stockholm &amp;\u00a0The Park Forskaren\u00a0vid nya Karolinska, p\u00e5 g\u00e5ngavst\u00e5nd fr\u00e5n Sankt Eriksplan. Adress: Hagaplan 4, 113 68 Stockholm<\/p>\n","protected":false},"author":64,"featured_media":1430,"comment_status":"open","ping_status":"open","sticky":false,"template":"","format":"standard","meta":{"footnotes":""},"categories":[27],"tags":[],"acf":[],"yoast_head":"<!-- This site is optimized with the Yoast SEO plugin v22.9 - https:\/\/yoast.com\/wordpress\/plugins\/seo\/ -->\n<title>Flytt fr\u00e5n S\u00f6der till Sankt Eriksplan med The Park! - Stockholm<\/title>\n<meta name=\"description\" content=\"Nyf\u00f6retagarCentrum Stockholm har flyttat till The Park Forskaren n\u00e4ra Karolinska. Bes\u00f6k oss f\u00f6r r\u00e5dgivning eller delta i v\u00e5ra events!\" \/>\n<meta name=\"robots\" content=\"index, follow, max-snippet:-1, max-image-preview:large, max-video-preview:-1\" \/>\n<link rel=\"canonical\" href=\"https:\/\/nyforetagarcentrum.se\/stockholm\/2024\/07\/02\/flytt-fran-soder-till-sankt-eriksplan-med-the-park\/\" \/>\n<meta property=\"og:locale\" content=\"sv_SE\" \/>\n<meta property=\"og:type\" content=\"article\" \/>\n<meta property=\"og:title\" content=\"Flytt fr\u00e5n S\u00f6der till Sankt Eriksplan med The Park! - Stockholm\" \/>\n<meta property=\"og:description\" content=\"Nyf\u00f6retagarCentrum Stockholm har flyttat till The Park Forskaren n\u00e4ra Karolinska. Bes\u00f6k oss f\u00f6r r\u00e5dgivning eller delta i v\u00e5ra events!\" \/>\n<meta property=\"og:url\" content=\"https:\/\/nyforetagarcentrum.se\/stockholm\/2024\/07\/02\/flytt-fran-soder-till-sankt-eriksplan-med-the-park\/\" \/>\n<meta property=\"og:site_name\" content=\"Stockholm\" \/>\n<meta property=\"article:published_time\" content=\"2024-07-02T15:37:37+00:00\" \/>\n<meta property=\"article:modified_time\" content=\"2024-10-15T13:12:12+00:00\" \/>\n<meta property=\"og:image\" content=\"https:\/\/nyforetagarcentrum.se\/stockholm\/wp-content\/uploads\/sites\/10\/2024\/07\/Forskaren.jpg\" \/>\n\t<meta property=\"og:image:width\" content=\"800\" \/>\n\t<meta property=\"og:image:height\" content=\"800\" \/>\n\t<meta property=\"og:image:type\" content=\"image\/jpeg\" \/>\n<meta name=\"author\" content=\"stockholmm\" \/>\n<meta name=\"twitter:card\" content=\"summary_large_image\" \/>\n<meta name=\"twitter:label1\" content=\"Skriven av\" \/>\n\t<meta name=\"twitter:data1\" content=\"stockholmm\" \/>\n\t<meta name=\"twitter:label2\" content=\"Ber\u00e4knad l\u00e4stid\" \/>\n\t<meta name=\"twitter:data2\" content=\"1 minut\" \/>\n<script type=\"application\/ld+json\" class=\"yoast-schema-graph\">{\"@context\":\"https:\/\/schema.org\",\"@graph\":[{\"@type\":\"Article\",\"@id\":\"https:\/\/nyforetagarcentrum.se\/stockholm\/2024\/07\/02\/flytt-fran-soder-till-sankt-eriksplan-med-the-park\/#article\",\"isPartOf\":{\"@id\":\"https:\/\/nyforetagarcentrum.se\/stockholm\/2024\/07\/02\/flytt-fran-soder-till-sankt-eriksplan-med-the-park\/\"},\"author\":{\"name\":\"stockholmm\",\"@id\":\"https:\/\/nyforetagarcentrum.se\/stockholm\/#\/schema\/person\/7511f5f803dffcdbf8afb3eb83a17fb6\"},\"headline\":\"Flytt fr\u00e5n S\u00f6der till Sankt Eriksplan med The Park!\",\"datePublished\":\"2024-07-02T15:37:37+00:00\",\"dateModified\":\"2024-10-15T13:12:12+00:00\",\"mainEntityOfPage\":{\"@id\":\"https:\/\/nyforetagarcentrum.se\/stockholm\/2024\/07\/02\/flytt-fran-soder-till-sankt-eriksplan-med-the-park\/\"},\"wordCount\":80,\"commentCount\":0,\"publisher\":{\"@id\":\"https:\/\/nyforetagarcentrum.se\/stockholm\/#organization\"},\"image\":{\"@id\":\"https:\/\/nyforetagarcentrum.se\/stockholm\/2024\/07\/02\/flytt-fran-soder-till-sankt-eriksplan-med-the-park\/#primaryimage\"},\"thumbnailUrl\":\"https:\/\/nyforetagarcentrum.se\/stockholm\/wp-content\/uploads\/sites\/10\/2024\/07\/Forskaren-e1765623589184.jpg\",\"articleSection\":[\"R\u00e5dgivning\"],\"inLanguage\":\"sv-SE\",\"potentialAction\":[{\"@type\":\"CommentAction\",\"name\":\"Comment\",\"target\":[\"https:\/\/nyforetagarcentrum.se\/stockholm\/2024\/07\/02\/flytt-fran-soder-till-sankt-eriksplan-med-the-park\/#respond\"]}]},{\"@type\":\"WebPage\",\"@id\":\"https:\/\/nyforetagarcentrum.se\/stockholm\/2024\/07\/02\/flytt-fran-soder-till-sankt-eriksplan-med-the-park\/\",\"url\":\"https:\/\/nyforetagarcentrum.se\/stockholm\/2024\/07\/02\/flytt-fran-soder-till-sankt-eriksplan-med-the-park\/\",\"name\":\"Flytt fr\u00e5n S\u00f6der till Sankt Eriksplan med The Park! - Stockholm\",\"isPartOf\":{\"@id\":\"https:\/\/nyforetagarcentrum.se\/stockholm\/#website\"},\"primaryImageOfPage\":{\"@id\":\"https:\/\/nyforetagarcentrum.se\/stockholm\/2024\/07\/02\/flytt-fran-soder-till-sankt-eriksplan-med-the-park\/#primaryimage\"},\"image\":{\"@id\":\"https:\/\/nyforetagarcentrum.se\/stockholm\/2024\/07\/02\/flytt-fran-soder-till-sankt-eriksplan-med-the-park\/#primaryimage\"},\"thumbnailUrl\":\"https:\/\/nyforetagarcentrum.se\/stockholm\/wp-content\/uploads\/sites\/10\/2024\/07\/Forskaren-e1765623589184.jpg\",\"datePublished\":\"2024-07-02T15:37:37+00:00\",\"dateModified\":\"2024-10-15T13:12:12+00:00\",\"description\":\"Nyf\u00f6retagarCentrum Stockholm har flyttat till The Park Forskaren n\u00e4ra Karolinska. Bes\u00f6k oss f\u00f6r r\u00e5dgivning eller delta i v\u00e5ra events!\",\"breadcrumb\":{\"@id\":\"https:\/\/nyforetagarcentrum.se\/stockholm\/2024\/07\/02\/flytt-fran-soder-till-sankt-eriksplan-med-the-park\/#breadcrumb\"},\"inLanguage\":\"sv-SE\",\"potentialAction\":[{\"@type\":\"ReadAction\",\"target\":[\"https:\/\/nyforetagarcentrum.se\/stockholm\/2024\/07\/02\/flytt-fran-soder-till-sankt-eriksplan-med-the-park\/\"]}]},{\"@type\":\"ImageObject\",\"inLanguage\":\"sv-SE\",\"@id\":\"https:\/\/nyforetagarcentrum.se\/stockholm\/2024\/07\/02\/flytt-fran-soder-till-sankt-eriksplan-med-the-park\/#primaryimage\",\"url\":\"https:\/\/nyforetagarcentrum.se\/stockholm\/wp-content\/uploads\/sites\/10\/2024\/07\/Forskaren-e1765623589184.jpg\",\"contentUrl\":\"https:\/\/nyforetagarcentrum.se\/stockholm\/wp-content\/uploads\/sites\/10\/2024\/07\/Forskaren-e1765623589184.jpg\",\"width\":632,\"height\":800},{\"@type\":\"BreadcrumbList\",\"@id\":\"https:\/\/nyforetagarcentrum.se\/stockholm\/2024\/07\/02\/flytt-fran-soder-till-sankt-eriksplan-med-the-park\/#breadcrumb\",\"itemListElement\":[{\"@type\":\"ListItem\",\"position\":1,\"name\":\"Hem\",\"item\":\"https:\/\/nyforetagarcentrum.se\/stockholm\/\"},{\"@type\":\"ListItem\",\"position\":2,\"name\":\"Flytt fr\u00e5n S\u00f6der till Sankt Eriksplan med The Park!\"}]},{\"@type\":\"WebSite\",\"@id\":\"https:\/\/nyforetagarcentrum.se\/stockholm\/#website\",\"url\":\"https:\/\/nyforetagarcentrum.se\/stockholm\/\",\"name\":\"Stockholm\",\"description\":\"Sveriges ledande kraft f\u00f6r fler nya livskraftiga f\u00f6retag\",\"publisher\":{\"@id\":\"https:\/\/nyforetagarcentrum.se\/stockholm\/#organization\"},\"potentialAction\":[{\"@type\":\"SearchAction\",\"target\":{\"@type\":\"EntryPoint\",\"urlTemplate\":\"https:\/\/nyforetagarcentrum.se\/stockholm\/?s={search_term_string}\"},\"query-input\":\"required name=search_term_string\"}],\"inLanguage\":\"sv-SE\"},{\"@type\":\"Organization\",\"@id\":\"https:\/\/nyforetagarcentrum.se\/stockholm\/#organization\",\"name\":\"Stockholm\",\"url\":\"https:\/\/nyforetagarcentrum.se\/stockholm\/\",\"logo\":{\"@type\":\"ImageObject\",\"inLanguage\":\"sv-SE\",\"@id\":\"https:\/\/nyforetagarcentrum.se\/stockholm\/#\/schema\/logo\/image\/\",\"url\":\"https:\/\/nyforetagarcentrum.se\/stockholm\/wp-content\/uploads\/sites\/10\/2024\/07\/stockholm_bla.png\",\"contentUrl\":\"https:\/\/nyforetagarcentrum.se\/stockholm\/wp-content\/uploads\/sites\/10\/2024\/07\/stockholm_bla.png\",\"width\":870,\"height\":355,\"caption\":\"Stockholm\"},\"image\":{\"@id\":\"https:\/\/nyforetagarcentrum.se\/stockholm\/#\/schema\/logo\/image\/\"}},{\"@type\":\"Person\",\"@id\":\"https:\/\/nyforetagarcentrum.se\/stockholm\/#\/schema\/person\/7511f5f803dffcdbf8afb3eb83a17fb6\",\"name\":\"stockholmm\",\"image\":{\"@type\":\"ImageObject\",\"inLanguage\":\"sv-SE\",\"@id\":\"https:\/\/nyforetagarcentrum.se\/stockholm\/#\/schema\/person\/image\/\",\"url\":\"https:\/\/secure.gravatar.com\/avatar\/66c84822b8e5443cdbb42cf2306722cf?s=96&d=mm&r=g\",\"contentUrl\":\"https:\/\/secure.gravatar.com\/avatar\/66c84822b8e5443cdbb42cf2306722cf?s=96&d=mm&r=g\",\"caption\":\"stockholmm\"},\"url\":\"https:\/\/nyforetagarcentrum.se\/stockholm\/author\/stockholmm\/\"}]}<\/script>\n<!-- \/ Yoast SEO plugin. -->","yoast_head_json":{"title":"Flytt fr\u00e5n S\u00f6der till Sankt Eriksplan med The Park! - Stockholm","description":"Nyf\u00f6retagarCentrum Stockholm har flyttat till The Park Forskaren n\u00e4ra Karolinska. Bes\u00f6k oss f\u00f6r r\u00e5dgivning eller delta i v\u00e5ra events!","robots":{"index":"index","follow":"follow","max-snippet":"max-snippet:-1","max-image-preview":"max-image-preview:large","max-video-preview":"max-video-preview:-1"},"canonical":"https:\/\/nyforetagarcentrum.se\/stockholm\/2024\/07\/02\/flytt-fran-soder-till-sankt-eriksplan-med-the-park\/","og_locale":"sv_SE","og_type":"article","og_title":"Flytt fr\u00e5n S\u00f6der till Sankt Eriksplan med The Park! - Stockholm","og_description":"Nyf\u00f6retagarCentrum Stockholm har flyttat till The Park Forskaren n\u00e4ra Karolinska. Bes\u00f6k oss f\u00f6r r\u00e5dgivning eller delta i v\u00e5ra events!","og_url":"https:\/\/nyforetagarcentrum.se\/stockholm\/2024\/07\/02\/flytt-fran-soder-till-sankt-eriksplan-med-the-park\/","og_site_name":"Stockholm","article_published_time":"2024-07-02T15:37:37+00:00","article_modified_time":"2024-10-15T13:12:12+00:00","og_image":[{"width":800,"height":800,"url":"https:\/\/nyforetagarcentrum.se\/stockholm\/wp-content\/uploads\/sites\/10\/2024\/07\/Forskaren.jpg","type":"image\/jpeg"}],"author":"stockholmm","twitter_card":"summary_large_image","twitter_misc":{"Skriven av":"stockholmm","Ber\u00e4knad l\u00e4stid":"1 minut"},"schema":{"@context":"https:\/\/schema.org","@graph":[{"@type":"Article","@id":"https:\/\/nyforetagarcentrum.se\/stockholm\/2024\/07\/02\/flytt-fran-soder-till-sankt-eriksplan-med-the-park\/#article","isPartOf":{"@id":"https:\/\/nyforetagarcentrum.se\/stockholm\/2024\/07\/02\/flytt-fran-soder-till-sankt-eriksplan-med-the-park\/"},"author":{"name":"stockholmm","@id":"https:\/\/nyforetagarcentrum.se\/stockholm\/#\/schema\/person\/7511f5f803dffcdbf8afb3eb83a17fb6"},"headline":"Flytt fr\u00e5n S\u00f6der till Sankt Eriksplan med The Park!","datePublished":"2024-07-02T15:37:37+00:00","dateModified":"2024-10-15T13:12:12+00:00","mainEntityOfPage":{"@id":"https:\/\/nyforetagarcentrum.se\/stockholm\/2024\/07\/02\/flytt-fran-soder-till-sankt-eriksplan-med-the-park\/"},"wordCount":80,"commentCount":0,"publisher":{"@id":"https:\/\/nyforetagarcentrum.se\/stockholm\/#organization"},"image":{"@id":"https:\/\/nyforetagarcentrum.se\/stockholm\/2024\/07\/02\/flytt-fran-soder-till-sankt-eriksplan-med-the-park\/#primaryimage"},"thumbnailUrl":"https:\/\/nyforetagarcentrum.se\/stockholm\/wp-content\/uploads\/sites\/10\/2024\/07\/Forskaren-e1765623589184.jpg","articleSection":["R\u00e5dgivning"],"inLanguage":"sv-SE","potentialAction":[{"@type":"CommentAction","name":"Comment","target":["https:\/\/nyforetagarcentrum.se\/stockholm\/2024\/07\/02\/flytt-fran-soder-till-sankt-eriksplan-med-the-park\/#respond"]}]},{"@type":"WebPage","@id":"https:\/\/nyforetagarcentrum.se\/stockholm\/2024\/07\/02\/flytt-fran-soder-till-sankt-eriksplan-med-the-park\/","url":"https:\/\/nyforetagarcentrum.se\/stockholm\/2024\/07\/02\/flytt-fran-soder-till-sankt-eriksplan-med-the-park\/","name":"Flytt fr\u00e5n S\u00f6der till Sankt Eriksplan med The Park! - Stockholm","isPartOf":{"@id":"https:\/\/nyforetagarcentrum.se\/stockholm\/#website"},"primaryImageOfPage":{"@id":"https:\/\/nyforetagarcentrum.se\/stockholm\/2024\/07\/02\/flytt-fran-soder-till-sankt-eriksplan-med-the-park\/#primaryimage"},"image":{"@id":"https:\/\/nyforetagarcentrum.se\/stockholm\/2024\/07\/02\/flytt-fran-soder-till-sankt-eriksplan-med-the-park\/#primaryimage"},"thumbnailUrl":"https:\/\/nyforetagarcentrum.se\/stockholm\/wp-content\/uploads\/sites\/10\/2024\/07\/Forskaren-e1765623589184.jpg","datePublished":"2024-07-02T15:37:37+00:00","dateModified":"2024-10-15T13:12:12+00:00","description":"Nyf\u00f6retagarCentrum Stockholm har flyttat till The Park Forskaren n\u00e4ra Karolinska. Bes\u00f6k oss f\u00f6r r\u00e5dgivning eller delta i v\u00e5ra events!","breadcrumb":{"@id":"https:\/\/nyforetagarcentrum.se\/stockholm\/2024\/07\/02\/flytt-fran-soder-till-sankt-eriksplan-med-the-park\/#breadcrumb"},"inLanguage":"sv-SE","potentialAction":[{"@type":"ReadAction","target":["https:\/\/nyforetagarcentrum.se\/stockholm\/2024\/07\/02\/flytt-fran-soder-till-sankt-eriksplan-med-the-park\/"]}]},{"@type":"ImageObject","inLanguage":"sv-SE","@id":"https:\/\/nyforetagarcentrum.se\/stockholm\/2024\/07\/02\/flytt-fran-soder-till-sankt-eriksplan-med-the-park\/#primaryimage","url":"https:\/\/nyforetagarcentrum.se\/stockholm\/wp-content\/uploads\/sites\/10\/2024\/07\/Forskaren-e1765623589184.jpg","contentUrl":"https:\/\/nyforetagarcentrum.se\/stockholm\/wp-content\/uploads\/sites\/10\/2024\/07\/Forskaren-e1765623589184.jpg","width":632,"height":800},{"@type":"BreadcrumbList","@id":"https:\/\/nyforetagarcentrum.se\/stockholm\/2024\/07\/02\/flytt-fran-soder-till-sankt-eriksplan-med-the-park\/#breadcrumb","itemListElement":[{"@type":"ListItem","position":1,"name":"Hem","item":"https:\/\/nyforetagarcentrum.se\/stockholm\/"},{"@type":"ListItem","position":2,"name":"Flytt fr\u00e5n S\u00f6der till Sankt Eriksplan med The Park!"}]},{"@type":"WebSite","@id":"https:\/\/nyforetagarcentrum.se\/stockholm\/#website","url":"https:\/\/nyforetagarcentrum.se\/stockholm\/","name":"Stockholm","description":"Sveriges ledande kraft f\u00f6r fler nya livskraftiga f\u00f6retag","publisher":{"@id":"https:\/\/nyforetagarcentrum.se\/stockholm\/#organization"},"potentialAction":[{"@type":"SearchAction","target":{"@type":"EntryPoint","urlTemplate":"https:\/\/nyforetagarcentrum.se\/stockholm\/?s={search_term_string}"},"query-input":"required name=search_term_string"}],"inLanguage":"sv-SE"},{"@type":"Organization","@id":"https:\/\/nyforetagarcentrum.se\/stockholm\/#organization","name":"Stockholm","url":"https:\/\/nyforetagarcentrum.se\/stockholm\/","logo":{"@type":"ImageObject","inLanguage":"sv-SE","@id":"https:\/\/nyforetagarcentrum.se\/stockholm\/#\/schema\/logo\/image\/","url":"https:\/\/nyforetagarcentrum.se\/stockholm\/wp-content\/uploads\/sites\/10\/2024\/07\/stockholm_bla.png","contentUrl":"https:\/\/nyforetagarcentrum.se\/stockholm\/wp-content\/uploads\/sites\/10\/2024\/07\/stockholm_bla.png","width":870,"height":355,"caption":"Stockholm"},"image":{"@id":"https:\/\/nyforetagarcentrum.se\/stockholm\/#\/schema\/logo\/image\/"}},{"@type":"Person","@id":"https:\/\/nyforetagarcentrum.se\/stockholm\/#\/schema\/person\/7511f5f803dffcdbf8afb3eb83a17fb6","name":"stockholmm","image":{"@type":"ImageObject","inLanguage":"sv-SE","@id":"https:\/\/nyforetagarcentrum.se\/stockholm\/#\/schema\/person\/image\/","url":"https:\/\/secure.gravatar.com\/avatar\/66c84822b8e5443cdbb42cf2306722cf?s=96&d=mm&r=g","contentUrl":"https:\/\/secure.gravatar.com\/avatar\/66c84822b8e5443cdbb42cf2306722cf?s=96&d=mm&r=g","caption":"stockholmm"},"url":"https:\/\/nyforetagarcentrum.se\/stockholm\/author\/stockholmm\/"}]}},"_links":{"self":[{"href":"https:\/\/nyforetagarcentrum.se\/stockholm\/wp-json\/wp\/v2\/posts\/1429"}],"collection":[{"href":"https:\/\/nyforetagarcentrum.se\/stockholm\/wp-json\/wp\/v2\/posts"}],"about":[{"href":"https:\/\/nyforetagarcentrum.se\/stockholm\/wp-json\/wp\/v2\/types\/post"}],"author":[{"embeddable":true,"href":"https:\/\/nyforetagarcentrum.se\/stockholm\/wp-json\/wp\/v2\/users\/64"}],"replies":[{"embeddable":true,"href":"https:\/\/nyforetagarcentrum.se\/stockholm\/wp-json\/wp\/v2\/comments?post=1429"}],"version-history":[{"count":1,"href":"https:\/\/nyforetagarcentrum.se\/stockholm\/wp-json\/wp\/v2\/posts\/1429\/revisions"}],"predecessor-version":[{"id":1431,"href":"https:\/\/nyforetagarcentrum.se\/stockholm\/wp-json\/wp\/v2\/posts\/1429\/revisions\/1431"}],"wp:featuredmedia":[{"embeddable":true,"href":"https:\/\/nyforetagarcentrum.se\/stockholm\/wp-json\/wp\/v2\/media\/1430"}],"wp:attachment":[{"href":"https:\/\/nyforetagarcentrum.se\/stockholm\/wp-json\/wp\/v2\/media?parent=1429"}],"wp:term":[{"taxonomy":"category","embeddable":true,"href":"https:\/\/nyforetagarcentrum.se\/stockholm\/wp-json\/wp\/v2\/categories?post=1429"},{"taxonomy":"post_tag","embeddable":true,"href":"https:\/\/nyforetagarcentrum.se\/stockholm\/wp-json\/wp\/v2\/tags?post=1429"}],"curies":[{"name":"wp","href":"https:\/\/api.w.org\/{rel}","templated":true}]}}