{"id":1263,"date":"2024-05-30T09:33:48","date_gmt":"2024-05-30T07:33:48","guid":{"rendered":"https:\/\/nyforetagarcentrum.se\/stockholm\/?p=1263"},"modified":"2024-10-15T15:26:16","modified_gmt":"2024-10-15T13:26:16","slug":"vill-du-fa-radgivning-pa-arabiska-eller-latt-svenska","status":"publish","type":"post","link":"https:\/\/nyforetagarcentrum.se\/stockholm\/2024\/05\/30\/vill-du-fa-radgivning-pa-arabiska-eller-latt-svenska\/","title":{"rendered":"Vill du f\u00e5 r\u00e5dgivning p\u00e5 arabiska eller l\u00e4tt svenska?"},"content":{"rendered":"\n<p>Boka in en eller flera tider med Mahfouz Hebrawi, diplomerad r\u00e5dgivare som f\u00f6rutom att han pratar arabiska och svenska, \u00e4ven genomf\u00f6r r\u00e5dgivning p\u00e5 engelska. Mahfouz \u00e4r en erfaren e-handelsentrepren\u00f6r med stor erfarenhet av bland annat att granska aff\u00e4rsplaner, registrera f\u00f6retag, import, export, tillst\u00e5ndshantering och marknadsf\u00f6ring.<\/p>\n\n\n\n<p>Mahfouz brukar \u00e4ven leda uppskattade workshops om f\u00f6retagande p\u00e5 arabiska och l\u00e4tt svenska p\u00e5 olika platser i Stockholms stad. H\u00e5ll utkik h\u00e4r p\u00e5 hemsidan och genom att f\u00f6lja oss p\u00e5 LinkedIn.<\/p>\n\n\n\n<p>Varf\u00f6r inte boka en tid med Mahfouz redan idag? V\u00e4lkommen!<\/p>\n\n\n\n<div style=\"height:40px\" aria-hidden=\"true\" class=\"wp-block-spacer\"><\/div>\n\n\n\n<p><strong>\u0647\u0644 \u062a\u0631\u064a\u062f \u0627\u0644\u062d\u0635\u0648\u0644 \u0639\u0644\u0649 \u0627\u0633\u062a\u0634\u0627\u0631\u0629 \u0628\u0627\u0644\u0644\u063a\u0629 \u0627\u0644\u0639\u0631\u0628\u064a\u0629 \u0623\u0648 \u0627\u0644\u0633\u0648\u064a\u062f\u064a\u0629 \u0627\u0644\u0628\u0633\u064a\u0637\u0629\u061f<\/strong><\/p>\n\n\n\n<p>\u0627\u062d\u062c\u0632 \u0645\u0648\u0639\u062f\u064b\u0627 \u0645\u0639 \u0645\u062d\u0641\u0648\u0638 \u0647\u0628\u0631\u0627\u0648\u064a\u060c \u0627\u0644\u0645\u0633\u062a\u0634\u0627\u0631 \u0627\u0644\u0645\u0639\u062a\u0645\u062f \u0627\u0644\u0630\u064a \u064a\u062a\u062d\u062f\u062b \u0627\u0644\u0639\u0631\u0628\u064a\u0629 \u0648\u0627\u0644\u0633\u0648\u064a\u062f\u064a\u0629\u060c \u0648\u064a\u0642\u062f\u0645 \u0627\u0644\u0627\u0633\u062a\u0634\u0627\u0631\u0627\u062a \u0628\u0627\u0644\u0644\u063a\u0629 \u0627\u0644\u0625\u0646\u062c\u0644\u064a\u0632\u064a\u0629 \u0623\u064a\u0636\u064b\u0627. \u0645\u062d\u0641\u0648\u0638 \u0647\u0648 \u0631\u0627\u0626\u062f \u0623\u0639\u0645\u0627\u0644 \u0641\u064a \u0645\u062c\u0627\u0644 \u0627\u0644\u062a\u062c\u0627\u0631\u0629 \u0627\u0644\u0625\u0644\u0643\u062a\u0631\u0648\u0646\u064a\u0629 \u0630\u0648 \u062e\u0628\u0631\u0629 \u0648\u0627\u0633\u0639\u0629\u060c \u062e\u0635\u0648\u0635\u064b\u0627 \u0641\u064a \u0645\u0631\u0627\u062c\u0639\u0629 \u0627\u0644\u062e\u0637\u0637 \u0627\u0644\u062a\u062c\u0627\u0631\u064a\u0629\u060c \u062a\u0633\u062c\u064a\u0644 \u0627\u0644\u0634\u0631\u0643\u0627\u062a\u060c \u0627\u0644\u0627\u0633\u062a\u064a\u0631\u0627\u062f\u060c \u0627\u0644\u062a\u0635\u062f\u064a\u0631\u060c \u0625\u062f\u0627\u0631\u0629 \u0627\u0644\u062a\u0631\u0627\u062e\u064a\u0635 \u0648\u0627\u0644\u062a\u0633\u0648\u064a\u0642.<\/p>\n\n\n\n<p>\u0643\u0645\u0627 \u064a\u0642\u0648\u062f \u0645\u062d\u0641\u0648\u0638 \u0648\u0631\u0634 \u0639\u0645\u0644 \u062d\u0648\u0644 \u0631\u064a\u0627\u062f\u0629 \u0627\u0644\u0623\u0639\u0645\u0627\u0644 \u0628\u0627\u0644\u0639\u0631\u0628\u064a\u0629 \u0648\u0627\u0644\u0633\u0648\u064a\u062f\u064a\u0629 \u0627\u0644\u0628\u0633\u064a\u0637\u0629 \u0641\u064a \u0623\u0645\u0627\u0643\u0646 \u0645\u062e\u062a\u0644\u0641\u0629 \u0628\u0645\u062f\u064a\u0646\u0629 \u0633\u062a\u0648\u0643\u0647\u0648\u0644\u0645. \u062a\u0627\u0628\u0639\u0648\u0646\u0627 \u0647\u0646\u0627 \u0639\u0644\u0649 \u0627\u0644\u0645\u0648\u0642\u0639 \u0648\u0639\u0628\u0631 \u0644\u064a\u0646\u0643\u062f \u0625\u0646.<\/p>\n\n\n\n<p>\u0644\u0645\u0627\u0630\u0627 \u0644\u0627 \u062a\u062d\u062c\u0632 \u0645\u0648\u0639\u062f\u064b\u0627 \u0645\u0639 \u0645\u062d\u0641\u0648\u0638 \u0627\u0644\u064a\u0648\u0645\u061f \u0623\u0647\u0644\u0627\u064b \u0628\u0643!<\/p>\n","protected":false},"excerpt":{"rendered":"<p>Boka in en eller flera tider med Mahfouz Hebrawi, diplomerad r\u00e5dgivare som f\u00f6rutom att han pratar arabiska och svenska, \u00e4ven genomf\u00f6r r\u00e5dgivning p\u00e5 engelska. Mahfouz \u00e4r en erfaren e-handelsentrepren\u00f6r med stor erfarenhet av bland annat att granska aff\u00e4rsplaner, registrera f\u00f6retag, import, export, tillst\u00e5ndshantering och marknadsf\u00f6ring. Mahfouz brukar \u00e4ven leda uppskattade workshops om f\u00f6retagande p\u00e5 arabiska [&hellip;]<\/p>\n","protected":false},"author":1,"featured_media":1264,"comment_status":"open","ping_status":"open","sticky":false,"template":"","format":"standard","meta":{"footnotes":""},"categories":[27],"tags":[],"acf":[],"yoast_head":"<!-- This site is optimized with the Yoast SEO plugin v22.9 - https:\/\/yoast.com\/wordpress\/plugins\/seo\/ -->\n<title>Vill du f\u00e5 r\u00e5dgivning p\u00e5 arabiska eller l\u00e4tt svenska? - Stockholm<\/title>\n<meta name=\"description\" content=\"Mahfouz Hebrawi, diplomerad r\u00e5dgivare som f\u00f6rutom att han pratar arabiska och svenska, \u00e4ven genomf\u00f6r r\u00e5dgivning p\u00e5 engelska.\" \/>\n<meta name=\"robots\" content=\"index, follow, max-snippet:-1, max-image-preview:large, max-video-preview:-1\" \/>\n<link rel=\"canonical\" href=\"https:\/\/nyforetagarcentrum.se\/stockholm\/2024\/05\/30\/vill-du-fa-radgivning-pa-arabiska-eller-latt-svenska\/\" \/>\n<meta property=\"og:locale\" content=\"sv_SE\" \/>\n<meta property=\"og:type\" content=\"article\" \/>\n<meta property=\"og:title\" content=\"Vill du f\u00e5 r\u00e5dgivning p\u00e5 arabiska eller l\u00e4tt svenska? - Stockholm\" \/>\n<meta property=\"og:description\" content=\"Mahfouz Hebrawi, diplomerad r\u00e5dgivare som f\u00f6rutom att han pratar arabiska och svenska, \u00e4ven genomf\u00f6r r\u00e5dgivning p\u00e5 engelska.\" \/>\n<meta property=\"og:url\" content=\"https:\/\/nyforetagarcentrum.se\/stockholm\/2024\/05\/30\/vill-du-fa-radgivning-pa-arabiska-eller-latt-svenska\/\" \/>\n<meta property=\"og:site_name\" content=\"Stockholm\" \/>\n<meta property=\"article:published_time\" content=\"2024-05-30T07:33:48+00:00\" \/>\n<meta property=\"article:modified_time\" content=\"2024-10-15T13:26:16+00:00\" \/>\n<meta property=\"og:image\" content=\"https:\/\/nyforetagarcentrum.se\/stockholm\/wp-content\/uploads\/sites\/10\/2024\/05\/Foto-Mahfouz-Hebrawi.jpg\" \/>\n\t<meta property=\"og:image:width\" content=\"960\" \/>\n\t<meta property=\"og:image:height\" content=\"955\" \/>\n\t<meta property=\"og:image:type\" content=\"image\/jpeg\" \/>\n<meta name=\"author\" content=\"user\" \/>\n<meta name=\"twitter:card\" content=\"summary_large_image\" \/>\n<meta name=\"twitter:label1\" content=\"Skriven av\" \/>\n\t<meta name=\"twitter:data1\" content=\"user\" \/>\n\t<meta name=\"twitter:label2\" content=\"Ber\u00e4knad l\u00e4stid\" \/>\n\t<meta name=\"twitter:data2\" content=\"2 minuter\" \/>\n<script type=\"application\/ld+json\" class=\"yoast-schema-graph\">{\"@context\":\"https:\/\/schema.org\",\"@graph\":[{\"@type\":\"Article\",\"@id\":\"https:\/\/nyforetagarcentrum.se\/stockholm\/2024\/05\/30\/vill-du-fa-radgivning-pa-arabiska-eller-latt-svenska\/#article\",\"isPartOf\":{\"@id\":\"https:\/\/nyforetagarcentrum.se\/stockholm\/2024\/05\/30\/vill-du-fa-radgivning-pa-arabiska-eller-latt-svenska\/\"},\"author\":{\"name\":\"user\",\"@id\":\"https:\/\/nyforetagarcentrum.se\/stockholm\/#\/schema\/person\/8c364eb25b3a6b27afd11a5965271437\"},\"headline\":\"Vill du f\u00e5 r\u00e5dgivning p\u00e5 arabiska eller l\u00e4tt svenska?\",\"datePublished\":\"2024-05-30T07:33:48+00:00\",\"dateModified\":\"2024-10-15T13:26:16+00:00\",\"mainEntityOfPage\":{\"@id\":\"https:\/\/nyforetagarcentrum.se\/stockholm\/2024\/05\/30\/vill-du-fa-radgivning-pa-arabiska-eller-latt-svenska\/\"},\"wordCount\":113,\"commentCount\":0,\"publisher\":{\"@id\":\"https:\/\/nyforetagarcentrum.se\/stockholm\/#organization\"},\"image\":{\"@id\":\"https:\/\/nyforetagarcentrum.se\/stockholm\/2024\/05\/30\/vill-du-fa-radgivning-pa-arabiska-eller-latt-svenska\/#primaryimage\"},\"thumbnailUrl\":\"https:\/\/nyforetagarcentrum.se\/stockholm\/wp-content\/uploads\/sites\/10\/2024\/05\/Foto-Mahfouz-Hebrawi.jpg\",\"articleSection\":[\"R\u00e5dgivning\"],\"inLanguage\":\"sv-SE\",\"potentialAction\":[{\"@type\":\"CommentAction\",\"name\":\"Comment\",\"target\":[\"https:\/\/nyforetagarcentrum.se\/stockholm\/2024\/05\/30\/vill-du-fa-radgivning-pa-arabiska-eller-latt-svenska\/#respond\"]}]},{\"@type\":\"WebPage\",\"@id\":\"https:\/\/nyforetagarcentrum.se\/stockholm\/2024\/05\/30\/vill-du-fa-radgivning-pa-arabiska-eller-latt-svenska\/\",\"url\":\"https:\/\/nyforetagarcentrum.se\/stockholm\/2024\/05\/30\/vill-du-fa-radgivning-pa-arabiska-eller-latt-svenska\/\",\"name\":\"Vill du f\u00e5 r\u00e5dgivning p\u00e5 arabiska eller l\u00e4tt svenska? - Stockholm\",\"isPartOf\":{\"@id\":\"https:\/\/nyforetagarcentrum.se\/stockholm\/#website\"},\"primaryImageOfPage\":{\"@id\":\"https:\/\/nyforetagarcentrum.se\/stockholm\/2024\/05\/30\/vill-du-fa-radgivning-pa-arabiska-eller-latt-svenska\/#primaryimage\"},\"image\":{\"@id\":\"https:\/\/nyforetagarcentrum.se\/stockholm\/2024\/05\/30\/vill-du-fa-radgivning-pa-arabiska-eller-latt-svenska\/#primaryimage\"},\"thumbnailUrl\":\"https:\/\/nyforetagarcentrum.se\/stockholm\/wp-content\/uploads\/sites\/10\/2024\/05\/Foto-Mahfouz-Hebrawi.jpg\",\"datePublished\":\"2024-05-30T07:33:48+00:00\",\"dateModified\":\"2024-10-15T13:26:16+00:00\",\"description\":\"Mahfouz Hebrawi, diplomerad r\u00e5dgivare som f\u00f6rutom att han pratar arabiska och svenska, \u00e4ven genomf\u00f6r r\u00e5dgivning p\u00e5 engelska.\",\"breadcrumb\":{\"@id\":\"https:\/\/nyforetagarcentrum.se\/stockholm\/2024\/05\/30\/vill-du-fa-radgivning-pa-arabiska-eller-latt-svenska\/#breadcrumb\"},\"inLanguage\":\"sv-SE\",\"potentialAction\":[{\"@type\":\"ReadAction\",\"target\":[\"https:\/\/nyforetagarcentrum.se\/stockholm\/2024\/05\/30\/vill-du-fa-radgivning-pa-arabiska-eller-latt-svenska\/\"]}]},{\"@type\":\"ImageObject\",\"inLanguage\":\"sv-SE\",\"@id\":\"https:\/\/nyforetagarcentrum.se\/stockholm\/2024\/05\/30\/vill-du-fa-radgivning-pa-arabiska-eller-latt-svenska\/#primaryimage\",\"url\":\"https:\/\/nyforetagarcentrum.se\/stockholm\/wp-content\/uploads\/sites\/10\/2024\/05\/Foto-Mahfouz-Hebrawi.jpg\",\"contentUrl\":\"https:\/\/nyforetagarcentrum.se\/stockholm\/wp-content\/uploads\/sites\/10\/2024\/05\/Foto-Mahfouz-Hebrawi.jpg\",\"width\":960,\"height\":955},{\"@type\":\"BreadcrumbList\",\"@id\":\"https:\/\/nyforetagarcentrum.se\/stockholm\/2024\/05\/30\/vill-du-fa-radgivning-pa-arabiska-eller-latt-svenska\/#breadcrumb\",\"itemListElement\":[{\"@type\":\"ListItem\",\"position\":1,\"name\":\"Hem\",\"item\":\"https:\/\/nyforetagarcentrum.se\/stockholm\/\"},{\"@type\":\"ListItem\",\"position\":2,\"name\":\"Vill du f\u00e5 r\u00e5dgivning p\u00e5 arabiska eller l\u00e4tt svenska?\"}]},{\"@type\":\"WebSite\",\"@id\":\"https:\/\/nyforetagarcentrum.se\/stockholm\/#website\",\"url\":\"https:\/\/nyforetagarcentrum.se\/stockholm\/\",\"name\":\"Stockholm\",\"description\":\"Sveriges ledande kraft f\u00f6r fler nya livskraftiga f\u00f6retag\",\"publisher\":{\"@id\":\"https:\/\/nyforetagarcentrum.se\/stockholm\/#organization\"},\"potentialAction\":[{\"@type\":\"SearchAction\",\"target\":{\"@type\":\"EntryPoint\",\"urlTemplate\":\"https:\/\/nyforetagarcentrum.se\/stockholm\/?s={search_term_string}\"},\"query-input\":\"required name=search_term_string\"}],\"inLanguage\":\"sv-SE\"},{\"@type\":\"Organization\",\"@id\":\"https:\/\/nyforetagarcentrum.se\/stockholm\/#organization\",\"name\":\"Stockholm\",\"url\":\"https:\/\/nyforetagarcentrum.se\/stockholm\/\",\"logo\":{\"@type\":\"ImageObject\",\"inLanguage\":\"sv-SE\",\"@id\":\"https:\/\/nyforetagarcentrum.se\/stockholm\/#\/schema\/logo\/image\/\",\"url\":\"https:\/\/nyforetagarcentrum.se\/stockholm\/wp-content\/uploads\/sites\/10\/2024\/07\/stockholm_bla.png\",\"contentUrl\":\"https:\/\/nyforetagarcentrum.se\/stockholm\/wp-content\/uploads\/sites\/10\/2024\/07\/stockholm_bla.png\",\"width\":870,\"height\":355,\"caption\":\"Stockholm\"},\"image\":{\"@id\":\"https:\/\/nyforetagarcentrum.se\/stockholm\/#\/schema\/logo\/image\/\"}},{\"@type\":\"Person\",\"@id\":\"https:\/\/nyforetagarcentrum.se\/stockholm\/#\/schema\/person\/8c364eb25b3a6b27afd11a5965271437\",\"name\":\"user\",\"image\":{\"@type\":\"ImageObject\",\"inLanguage\":\"sv-SE\",\"@id\":\"https:\/\/nyforetagarcentrum.se\/stockholm\/#\/schema\/person\/image\/\",\"url\":\"https:\/\/secure.gravatar.com\/avatar\/b58996c504c5638798eb6b511e6f49af?s=96&d=mm&r=g\",\"contentUrl\":\"https:\/\/secure.gravatar.com\/avatar\/b58996c504c5638798eb6b511e6f49af?s=96&d=mm&r=g\",\"caption\":\"user\"},\"sameAs\":[\"https:\/\/nyforetagarcentrum.se\"],\"url\":\"https:\/\/nyforetagarcentrum.se\/stockholm\/author\/user\/\"}]}<\/script>\n<!-- \/ Yoast SEO plugin. -->","yoast_head_json":{"title":"Vill du f\u00e5 r\u00e5dgivning p\u00e5 arabiska eller l\u00e4tt svenska? - Stockholm","description":"Mahfouz Hebrawi, diplomerad r\u00e5dgivare som f\u00f6rutom att han pratar arabiska och svenska, \u00e4ven genomf\u00f6r r\u00e5dgivning p\u00e5 engelska.","robots":{"index":"index","follow":"follow","max-snippet":"max-snippet:-1","max-image-preview":"max-image-preview:large","max-video-preview":"max-video-preview:-1"},"canonical":"https:\/\/nyforetagarcentrum.se\/stockholm\/2024\/05\/30\/vill-du-fa-radgivning-pa-arabiska-eller-latt-svenska\/","og_locale":"sv_SE","og_type":"article","og_title":"Vill du f\u00e5 r\u00e5dgivning p\u00e5 arabiska eller l\u00e4tt svenska? - Stockholm","og_description":"Mahfouz Hebrawi, diplomerad r\u00e5dgivare som f\u00f6rutom att han pratar arabiska och svenska, \u00e4ven genomf\u00f6r r\u00e5dgivning p\u00e5 engelska.","og_url":"https:\/\/nyforetagarcentrum.se\/stockholm\/2024\/05\/30\/vill-du-fa-radgivning-pa-arabiska-eller-latt-svenska\/","og_site_name":"Stockholm","article_published_time":"2024-05-30T07:33:48+00:00","article_modified_time":"2024-10-15T13:26:16+00:00","og_image":[{"width":960,"height":955,"url":"https:\/\/nyforetagarcentrum.se\/stockholm\/wp-content\/uploads\/sites\/10\/2024\/05\/Foto-Mahfouz-Hebrawi.jpg","type":"image\/jpeg"}],"author":"user","twitter_card":"summary_large_image","twitter_misc":{"Skriven av":"user","Ber\u00e4knad l\u00e4stid":"2 minuter"},"schema":{"@context":"https:\/\/schema.org","@graph":[{"@type":"Article","@id":"https:\/\/nyforetagarcentrum.se\/stockholm\/2024\/05\/30\/vill-du-fa-radgivning-pa-arabiska-eller-latt-svenska\/#article","isPartOf":{"@id":"https:\/\/nyforetagarcentrum.se\/stockholm\/2024\/05\/30\/vill-du-fa-radgivning-pa-arabiska-eller-latt-svenska\/"},"author":{"name":"user","@id":"https:\/\/nyforetagarcentrum.se\/stockholm\/#\/schema\/person\/8c364eb25b3a6b27afd11a5965271437"},"headline":"Vill du f\u00e5 r\u00e5dgivning p\u00e5 arabiska eller l\u00e4tt svenska?","datePublished":"2024-05-30T07:33:48+00:00","dateModified":"2024-10-15T13:26:16+00:00","mainEntityOfPage":{"@id":"https:\/\/nyforetagarcentrum.se\/stockholm\/2024\/05\/30\/vill-du-fa-radgivning-pa-arabiska-eller-latt-svenska\/"},"wordCount":113,"commentCount":0,"publisher":{"@id":"https:\/\/nyforetagarcentrum.se\/stockholm\/#organization"},"image":{"@id":"https:\/\/nyforetagarcentrum.se\/stockholm\/2024\/05\/30\/vill-du-fa-radgivning-pa-arabiska-eller-latt-svenska\/#primaryimage"},"thumbnailUrl":"https:\/\/nyforetagarcentrum.se\/stockholm\/wp-content\/uploads\/sites\/10\/2024\/05\/Foto-Mahfouz-Hebrawi.jpg","articleSection":["R\u00e5dgivning"],"inLanguage":"sv-SE","potentialAction":[{"@type":"CommentAction","name":"Comment","target":["https:\/\/nyforetagarcentrum.se\/stockholm\/2024\/05\/30\/vill-du-fa-radgivning-pa-arabiska-eller-latt-svenska\/#respond"]}]},{"@type":"WebPage","@id":"https:\/\/nyforetagarcentrum.se\/stockholm\/2024\/05\/30\/vill-du-fa-radgivning-pa-arabiska-eller-latt-svenska\/","url":"https:\/\/nyforetagarcentrum.se\/stockholm\/2024\/05\/30\/vill-du-fa-radgivning-pa-arabiska-eller-latt-svenska\/","name":"Vill du f\u00e5 r\u00e5dgivning p\u00e5 arabiska eller l\u00e4tt svenska? - Stockholm","isPartOf":{"@id":"https:\/\/nyforetagarcentrum.se\/stockholm\/#website"},"primaryImageOfPage":{"@id":"https:\/\/nyforetagarcentrum.se\/stockholm\/2024\/05\/30\/vill-du-fa-radgivning-pa-arabiska-eller-latt-svenska\/#primaryimage"},"image":{"@id":"https:\/\/nyforetagarcentrum.se\/stockholm\/2024\/05\/30\/vill-du-fa-radgivning-pa-arabiska-eller-latt-svenska\/#primaryimage"},"thumbnailUrl":"https:\/\/nyforetagarcentrum.se\/stockholm\/wp-content\/uploads\/sites\/10\/2024\/05\/Foto-Mahfouz-Hebrawi.jpg","datePublished":"2024-05-30T07:33:48+00:00","dateModified":"2024-10-15T13:26:16+00:00","description":"Mahfouz Hebrawi, diplomerad r\u00e5dgivare som f\u00f6rutom att han pratar arabiska och svenska, \u00e4ven genomf\u00f6r r\u00e5dgivning p\u00e5 engelska.","breadcrumb":{"@id":"https:\/\/nyforetagarcentrum.se\/stockholm\/2024\/05\/30\/vill-du-fa-radgivning-pa-arabiska-eller-latt-svenska\/#breadcrumb"},"inLanguage":"sv-SE","potentialAction":[{"@type":"ReadAction","target":["https:\/\/nyforetagarcentrum.se\/stockholm\/2024\/05\/30\/vill-du-fa-radgivning-pa-arabiska-eller-latt-svenska\/"]}]},{"@type":"ImageObject","inLanguage":"sv-SE","@id":"https:\/\/nyforetagarcentrum.se\/stockholm\/2024\/05\/30\/vill-du-fa-radgivning-pa-arabiska-eller-latt-svenska\/#primaryimage","url":"https:\/\/nyforetagarcentrum.se\/stockholm\/wp-content\/uploads\/sites\/10\/2024\/05\/Foto-Mahfouz-Hebrawi.jpg","contentUrl":"https:\/\/nyforetagarcentrum.se\/stockholm\/wp-content\/uploads\/sites\/10\/2024\/05\/Foto-Mahfouz-Hebrawi.jpg","width":960,"height":955},{"@type":"BreadcrumbList","@id":"https:\/\/nyforetagarcentrum.se\/stockholm\/2024\/05\/30\/vill-du-fa-radgivning-pa-arabiska-eller-latt-svenska\/#breadcrumb","itemListElement":[{"@type":"ListItem","position":1,"name":"Hem","item":"https:\/\/nyforetagarcentrum.se\/stockholm\/"},{"@type":"ListItem","position":2,"name":"Vill du f\u00e5 r\u00e5dgivning p\u00e5 arabiska eller l\u00e4tt svenska?"}]},{"@type":"WebSite","@id":"https:\/\/nyforetagarcentrum.se\/stockholm\/#website","url":"https:\/\/nyforetagarcentrum.se\/stockholm\/","name":"Stockholm","description":"Sveriges ledande kraft f\u00f6r fler nya livskraftiga f\u00f6retag","publisher":{"@id":"https:\/\/nyforetagarcentrum.se\/stockholm\/#organization"},"potentialAction":[{"@type":"SearchAction","target":{"@type":"EntryPoint","urlTemplate":"https:\/\/nyforetagarcentrum.se\/stockholm\/?s={search_term_string}"},"query-input":"required name=search_term_string"}],"inLanguage":"sv-SE"},{"@type":"Organization","@id":"https:\/\/nyforetagarcentrum.se\/stockholm\/#organization","name":"Stockholm","url":"https:\/\/nyforetagarcentrum.se\/stockholm\/","logo":{"@type":"ImageObject","inLanguage":"sv-SE","@id":"https:\/\/nyforetagarcentrum.se\/stockholm\/#\/schema\/logo\/image\/","url":"https:\/\/nyforetagarcentrum.se\/stockholm\/wp-content\/uploads\/sites\/10\/2024\/07\/stockholm_bla.png","contentUrl":"https:\/\/nyforetagarcentrum.se\/stockholm\/wp-content\/uploads\/sites\/10\/2024\/07\/stockholm_bla.png","width":870,"height":355,"caption":"Stockholm"},"image":{"@id":"https:\/\/nyforetagarcentrum.se\/stockholm\/#\/schema\/logo\/image\/"}},{"@type":"Person","@id":"https:\/\/nyforetagarcentrum.se\/stockholm\/#\/schema\/person\/8c364eb25b3a6b27afd11a5965271437","name":"user","image":{"@type":"ImageObject","inLanguage":"sv-SE","@id":"https:\/\/nyforetagarcentrum.se\/stockholm\/#\/schema\/person\/image\/","url":"https:\/\/secure.gravatar.com\/avatar\/b58996c504c5638798eb6b511e6f49af?s=96&d=mm&r=g","contentUrl":"https:\/\/secure.gravatar.com\/avatar\/b58996c504c5638798eb6b511e6f49af?s=96&d=mm&r=g","caption":"user"},"sameAs":["https:\/\/nyforetagarcentrum.se"],"url":"https:\/\/nyforetagarcentrum.se\/stockholm\/author\/user\/"}]}},"_links":{"self":[{"href":"https:\/\/nyforetagarcentrum.se\/stockholm\/wp-json\/wp\/v2\/posts\/1263"}],"collection":[{"href":"https:\/\/nyforetagarcentrum.se\/stockholm\/wp-json\/wp\/v2\/posts"}],"about":[{"href":"https:\/\/nyforetagarcentrum.se\/stockholm\/wp-json\/wp\/v2\/types\/post"}],"author":[{"embeddable":true,"href":"https:\/\/nyforetagarcentrum.se\/stockholm\/wp-json\/wp\/v2\/users\/1"}],"replies":[{"embeddable":true,"href":"https:\/\/nyforetagarcentrum.se\/stockholm\/wp-json\/wp\/v2\/comments?post=1263"}],"version-history":[{"count":3,"href":"https:\/\/nyforetagarcentrum.se\/stockholm\/wp-json\/wp\/v2\/posts\/1263\/revisions"}],"predecessor-version":[{"id":1377,"href":"https:\/\/nyforetagarcentrum.se\/stockholm\/wp-json\/wp\/v2\/posts\/1263\/revisions\/1377"}],"wp:featuredmedia":[{"embeddable":true,"href":"https:\/\/nyforetagarcentrum.se\/stockholm\/wp-json\/wp\/v2\/media\/1264"}],"wp:attachment":[{"href":"https:\/\/nyforetagarcentrum.se\/stockholm\/wp-json\/wp\/v2\/media?parent=1263"}],"wp:term":[{"taxonomy":"category","embeddable":true,"href":"https:\/\/nyforetagarcentrum.se\/stockholm\/wp-json\/wp\/v2\/categories?post=1263"},{"taxonomy":"post_tag","embeddable":true,"href":"https:\/\/nyforetagarcentrum.se\/stockholm\/wp-json\/wp\/v2\/tags?post=1263"}],"curies":[{"name":"wp","href":"https:\/\/api.w.org\/{rel}","templated":true}]}}