{"id":3029,"date":"2026-09-03T14:27:07","date_gmt":"2026-09-03T12:27:07","guid":{"rendered":"https:\/\/nyforetagarcentrum.se\/sodravarmland\/?p=3029"},"modified":"2026-09-03T14:27:07","modified_gmt":"2026-09-03T12:27:07","slug":"tina-lofstrom-ar-arets-nyforetagare-i-sodra-varmland","status":"publish","type":"post","link":"https:\/\/nyforetagarcentrum.se\/sodravarmland\/2026\/09\/03\/tina-lofstrom-ar-arets-nyforetagare-i-sodra-varmland\/","title":{"rendered":"Tina L\u00f6fstr\u00f6m \u00e4r\u00a0\u00c5rets nyf\u00f6retagare i S\u00f6dra V\u00e4rmland"},"content":{"rendered":"\n<p><strong>Med stort engagemang, kreativitet och en tydlig vision har Tina L\u00f6fstr\u00f6m lyckats f\u00f6rvandla sin passion till ett v\u00e4xande f\u00f6retag. Nu utses hon till \u00c5rets nyf\u00f6retagare i S\u00f6dra V\u00e4rmland 2026 med sitt f\u00f6retag Snittblomsfolk<\/strong>.<\/p>\n\n\n\n<p>Juryns motivering:<\/p>\n\n\n\n<p><em>\u00c5rets vinnare \u00e4r en entrepren\u00f6r som med stort engagemang, kreativitet och en tydlig vision har lyckats f\u00f6rvandla sin passion till ett v\u00e4xande f\u00f6retag. Med en stark digital n\u00e4rvaro har \u00e5rets pristagare byggt upp en stor och engagerad gemenskap d\u00e4r inspiration, kunskap och f\u00f6retagande m\u00f6ts. Genom e-handel, sociala medier och en egen podd n\u00e5r verksamheten idag l\u00e5ngt utanf\u00f6r V\u00e4rmland. \u00c5rets vinnare visar hur passion, mod och entrepren\u00f6rskap kan v\u00e4xa till ett starkt varum\u00e4rke med stor r\u00e4ckvidd.<\/em><\/p>\n\n\n\n<p><em>\u00c5rets Nyf\u00f6retagare i S\u00f6dra V\u00e4rmland 2026 \u00e4r Tina L\u00f6fstr\u00f6m med Snittblomsfolk!<\/em><\/p>\n","protected":false},"excerpt":{"rendered":"<p>Med stort engagemang, kreativitet och en tydlig vision har Tina L\u00f6fstr\u00f6m lyckats f\u00f6rvandla sin passion till ett v\u00e4xande f\u00f6retag. Nu utses hon till \u00c5rets nyf\u00f6retagare i S\u00f6dra V\u00e4rmland 2026 med sitt f\u00f6retag Snittblomsfolk. Juryns motivering: \u00c5rets vinnare \u00e4r en entrepren\u00f6r som med stort engagemang, kreativitet och en tydlig vision har lyckats f\u00f6rvandla sin passion till [&hellip;]<\/p>\n","protected":false},"author":85,"featured_media":3031,"comment_status":"open","ping_status":"open","sticky":false,"template":"","format":"standard","meta":{"footnotes":""},"categories":[21],"tags":[],"acf":[],"yoast_head":"<!-- This site is optimized with the Yoast SEO plugin v22.9 - https:\/\/yoast.com\/wordpress\/plugins\/seo\/ -->\n<title>Tina L\u00f6fstr\u00f6m \u00e4r\u00a0\u00c5rets nyf\u00f6retagare i S\u00f6dra V\u00e4rmland - sodravarmland<\/title>\n<meta name=\"robots\" content=\"index, follow, max-snippet:-1, max-image-preview:large, max-video-preview:-1\" \/>\n<link rel=\"canonical\" href=\"https:\/\/nyforetagarcentrum.se\/sodravarmland\/2026\/09\/03\/tina-lofstrom-ar-arets-nyforetagare-i-sodra-varmland\/\" \/>\n<meta property=\"og:locale\" content=\"sv_SE\" \/>\n<meta property=\"og:type\" content=\"article\" \/>\n<meta property=\"og:title\" content=\"Tina L\u00f6fstr\u00f6m \u00e4r\u00a0\u00c5rets nyf\u00f6retagare i S\u00f6dra V\u00e4rmland - sodravarmland\" \/>\n<meta property=\"og:description\" content=\"Med stort engagemang, kreativitet och en tydlig vision har Tina L\u00f6fstr\u00f6m lyckats f\u00f6rvandla sin passion till ett v\u00e4xande f\u00f6retag. Nu utses hon till \u00c5rets nyf\u00f6retagare i S\u00f6dra V\u00e4rmland 2026 med sitt f\u00f6retag Snittblomsfolk. Juryns motivering: \u00c5rets vinnare \u00e4r en entrepren\u00f6r som med stort engagemang, kreativitet och en tydlig vision har lyckats f\u00f6rvandla sin passion till [&hellip;]\" \/>\n<meta property=\"og:url\" content=\"https:\/\/nyforetagarcentrum.se\/sodravarmland\/2026\/09\/03\/tina-lofstrom-ar-arets-nyforetagare-i-sodra-varmland\/\" \/>\n<meta property=\"og:site_name\" content=\"sodravarmland\" \/>\n<meta property=\"article:published_time\" content=\"2026-09-03T12:27:07+00:00\" \/>\n<meta property=\"og:image\" content=\"https:\/\/nyforetagarcentrum.se\/sodravarmland\/wp-content\/uploads\/sites\/93\/2026\/09\/nedladdning-1.jpeg\" \/>\n\t<meta property=\"og:image:width\" content=\"1536\" \/>\n\t<meta property=\"og:image:height\" content=\"2048\" \/>\n\t<meta property=\"og:image:type\" content=\"image\/jpeg\" \/>\n<meta name=\"author\" content=\"sodravarmland\" \/>\n<meta name=\"twitter:card\" content=\"summary_large_image\" \/>\n<meta name=\"twitter:label1\" content=\"Skriven av\" \/>\n\t<meta name=\"twitter:data1\" content=\"sodravarmland\" \/>\n\t<meta name=\"twitter:label2\" content=\"Ber\u00e4knad l\u00e4stid\" \/>\n\t<meta name=\"twitter:data2\" content=\"1 minut\" \/>\n<script type=\"application\/ld+json\" class=\"yoast-schema-graph\">{\"@context\":\"https:\/\/schema.org\",\"@graph\":[{\"@type\":\"Article\",\"@id\":\"https:\/\/nyforetagarcentrum.se\/sodravarmland\/2026\/09\/03\/tina-lofstrom-ar-arets-nyforetagare-i-sodra-varmland\/#article\",\"isPartOf\":{\"@id\":\"https:\/\/nyforetagarcentrum.se\/sodravarmland\/2026\/09\/03\/tina-lofstrom-ar-arets-nyforetagare-i-sodra-varmland\/\"},\"author\":{\"name\":\"sodravarmland\",\"@id\":\"https:\/\/nyforetagarcentrum.se\/sodravarmland\/#\/schema\/person\/8573fc9a7b133bf5ef20cac1aaa6c44f\"},\"headline\":\"Tina L\u00f6fstr\u00f6m \u00e4r\u00a0\u00c5rets nyf\u00f6retagare i S\u00f6dra V\u00e4rmland\",\"datePublished\":\"2026-09-03T12:27:07+00:00\",\"dateModified\":\"2026-09-03T12:27:07+00:00\",\"mainEntityOfPage\":{\"@id\":\"https:\/\/nyforetagarcentrum.se\/sodravarmland\/2026\/09\/03\/tina-lofstrom-ar-arets-nyforetagare-i-sodra-varmland\/\"},\"wordCount\":162,\"commentCount\":0,\"publisher\":{\"@id\":\"https:\/\/nyforetagarcentrum.se\/sodravarmland\/#organization\"},\"image\":{\"@id\":\"https:\/\/nyforetagarcentrum.se\/sodravarmland\/2026\/09\/03\/tina-lofstrom-ar-arets-nyforetagare-i-sodra-varmland\/#primaryimage\"},\"thumbnailUrl\":\"https:\/\/nyforetagarcentrum.se\/sodravarmland\/wp-content\/uploads\/sites\/93\/2026\/09\/nedladdning-1.jpeg\",\"articleSection\":[\"\u00c5rets Nyf\u00f6retagare\"],\"inLanguage\":\"sv-SE\",\"potentialAction\":[{\"@type\":\"CommentAction\",\"name\":\"Comment\",\"target\":[\"https:\/\/nyforetagarcentrum.se\/sodravarmland\/2026\/09\/03\/tina-lofstrom-ar-arets-nyforetagare-i-sodra-varmland\/#respond\"]}]},{\"@type\":\"WebPage\",\"@id\":\"https:\/\/nyforetagarcentrum.se\/sodravarmland\/2026\/09\/03\/tina-lofstrom-ar-arets-nyforetagare-i-sodra-varmland\/\",\"url\":\"https:\/\/nyforetagarcentrum.se\/sodravarmland\/2026\/09\/03\/tina-lofstrom-ar-arets-nyforetagare-i-sodra-varmland\/\",\"name\":\"Tina L\u00f6fstr\u00f6m \u00e4r\u00a0\u00c5rets nyf\u00f6retagare i S\u00f6dra V\u00e4rmland - sodravarmland\",\"isPartOf\":{\"@id\":\"https:\/\/nyforetagarcentrum.se\/sodravarmland\/#website\"},\"primaryImageOfPage\":{\"@id\":\"https:\/\/nyforetagarcentrum.se\/sodravarmland\/2026\/09\/03\/tina-lofstrom-ar-arets-nyforetagare-i-sodra-varmland\/#primaryimage\"},\"image\":{\"@id\":\"https:\/\/nyforetagarcentrum.se\/sodravarmland\/2026\/09\/03\/tina-lofstrom-ar-arets-nyforetagare-i-sodra-varmland\/#primaryimage\"},\"thumbnailUrl\":\"https:\/\/nyforetagarcentrum.se\/sodravarmland\/wp-content\/uploads\/sites\/93\/2026\/09\/nedladdning-1.jpeg\",\"datePublished\":\"2026-09-03T12:27:07+00:00\",\"dateModified\":\"2026-09-03T12:27:07+00:00\",\"breadcrumb\":{\"@id\":\"https:\/\/nyforetagarcentrum.se\/sodravarmland\/2026\/09\/03\/tina-lofstrom-ar-arets-nyforetagare-i-sodra-varmland\/#breadcrumb\"},\"inLanguage\":\"sv-SE\",\"potentialAction\":[{\"@type\":\"ReadAction\",\"target\":[\"https:\/\/nyforetagarcentrum.se\/sodravarmland\/2026\/09\/03\/tina-lofstrom-ar-arets-nyforetagare-i-sodra-varmland\/\"]}]},{\"@type\":\"ImageObject\",\"inLanguage\":\"sv-SE\",\"@id\":\"https:\/\/nyforetagarcentrum.se\/sodravarmland\/2026\/09\/03\/tina-lofstrom-ar-arets-nyforetagare-i-sodra-varmland\/#primaryimage\",\"url\":\"https:\/\/nyforetagarcentrum.se\/sodravarmland\/wp-content\/uploads\/sites\/93\/2026\/09\/nedladdning-1.jpeg\",\"contentUrl\":\"https:\/\/nyforetagarcentrum.se\/sodravarmland\/wp-content\/uploads\/sites\/93\/2026\/09\/nedladdning-1.jpeg\",\"width\":1536,\"height\":2048,\"caption\":\"Tina L\u00f6fstr\u00f6m, Snittblomsfolk\"},{\"@type\":\"BreadcrumbList\",\"@id\":\"https:\/\/nyforetagarcentrum.se\/sodravarmland\/2026\/09\/03\/tina-lofstrom-ar-arets-nyforetagare-i-sodra-varmland\/#breadcrumb\",\"itemListElement\":[{\"@type\":\"ListItem\",\"position\":1,\"name\":\"Hem\",\"item\":\"https:\/\/nyforetagarcentrum.se\/sodravarmland\/\"},{\"@type\":\"ListItem\",\"position\":2,\"name\":\"Tina L\u00f6fstr\u00f6m \u00e4r\u00a0\u00c5rets nyf\u00f6retagare i S\u00f6dra V\u00e4rmland\"}]},{\"@type\":\"WebSite\",\"@id\":\"https:\/\/nyforetagarcentrum.se\/sodravarmland\/#website\",\"url\":\"https:\/\/nyforetagarcentrum.se\/sodravarmland\/\",\"name\":\"sodravarmland\",\"description\":\"Sveriges ledande kraft f\u00f6r fler nya livskraftiga f\u00f6retag\",\"publisher\":{\"@id\":\"https:\/\/nyforetagarcentrum.se\/sodravarmland\/#organization\"},\"potentialAction\":[{\"@type\":\"SearchAction\",\"target\":{\"@type\":\"EntryPoint\",\"urlTemplate\":\"https:\/\/nyforetagarcentrum.se\/sodravarmland\/?s={search_term_string}\"},\"query-input\":\"required name=search_term_string\"}],\"inLanguage\":\"sv-SE\"},{\"@type\":\"Organization\",\"@id\":\"https:\/\/nyforetagarcentrum.se\/sodravarmland\/#organization\",\"name\":\"sodravarmland\",\"url\":\"https:\/\/nyforetagarcentrum.se\/sodravarmland\/\",\"logo\":{\"@type\":\"ImageObject\",\"inLanguage\":\"sv-SE\",\"@id\":\"https:\/\/nyforetagarcentrum.se\/sodravarmland\/#\/schema\/logo\/image\/\",\"url\":\"https:\/\/nyforetagarcentrum.se\/sodravarmland\/wp-content\/uploads\/sites\/93\/2024\/07\/sodravarmland_bla.png\",\"contentUrl\":\"https:\/\/nyforetagarcentrum.se\/sodravarmland\/wp-content\/uploads\/sites\/93\/2024\/07\/sodravarmland_bla.png\",\"width\":870,\"height\":355,\"caption\":\"sodravarmland\"},\"image\":{\"@id\":\"https:\/\/nyforetagarcentrum.se\/sodravarmland\/#\/schema\/logo\/image\/\"}},{\"@type\":\"Person\",\"@id\":\"https:\/\/nyforetagarcentrum.se\/sodravarmland\/#\/schema\/person\/8573fc9a7b133bf5ef20cac1aaa6c44f\",\"name\":\"sodravarmland\",\"image\":{\"@type\":\"ImageObject\",\"inLanguage\":\"sv-SE\",\"@id\":\"https:\/\/nyforetagarcentrum.se\/sodravarmland\/#\/schema\/person\/image\/\",\"url\":\"https:\/\/secure.gravatar.com\/avatar\/4bb23bcd06281a53e556aa334072e2da?s=96&d=mm&r=g\",\"contentUrl\":\"https:\/\/secure.gravatar.com\/avatar\/4bb23bcd06281a53e556aa334072e2da?s=96&d=mm&r=g\",\"caption\":\"sodravarmland\"},\"url\":\"https:\/\/nyforetagarcentrum.se\/sodravarmland\/author\/sodravarmland\/\"}]}<\/script>\n<!-- \/ Yoast SEO plugin. -->","yoast_head_json":{"title":"Tina L\u00f6fstr\u00f6m \u00e4r\u00a0\u00c5rets nyf\u00f6retagare i S\u00f6dra V\u00e4rmland - sodravarmland","robots":{"index":"index","follow":"follow","max-snippet":"max-snippet:-1","max-image-preview":"max-image-preview:large","max-video-preview":"max-video-preview:-1"},"canonical":"https:\/\/nyforetagarcentrum.se\/sodravarmland\/2026\/09\/03\/tina-lofstrom-ar-arets-nyforetagare-i-sodra-varmland\/","og_locale":"sv_SE","og_type":"article","og_title":"Tina L\u00f6fstr\u00f6m \u00e4r\u00a0\u00c5rets nyf\u00f6retagare i S\u00f6dra V\u00e4rmland - sodravarmland","og_description":"Med stort engagemang, kreativitet och en tydlig vision har Tina L\u00f6fstr\u00f6m lyckats f\u00f6rvandla sin passion till ett v\u00e4xande f\u00f6retag. Nu utses hon till \u00c5rets nyf\u00f6retagare i S\u00f6dra V\u00e4rmland 2026 med sitt f\u00f6retag Snittblomsfolk. Juryns motivering: \u00c5rets vinnare \u00e4r en entrepren\u00f6r som med stort engagemang, kreativitet och en tydlig vision har lyckats f\u00f6rvandla sin passion till [&hellip;]","og_url":"https:\/\/nyforetagarcentrum.se\/sodravarmland\/2026\/09\/03\/tina-lofstrom-ar-arets-nyforetagare-i-sodra-varmland\/","og_site_name":"sodravarmland","article_published_time":"2026-09-03T12:27:07+00:00","og_image":[{"width":1536,"height":2048,"url":"https:\/\/nyforetagarcentrum.se\/sodravarmland\/wp-content\/uploads\/sites\/93\/2026\/09\/nedladdning-1.jpeg","type":"image\/jpeg"}],"author":"sodravarmland","twitter_card":"summary_large_image","twitter_misc":{"Skriven av":"sodravarmland","Ber\u00e4knad l\u00e4stid":"1 minut"},"schema":{"@context":"https:\/\/schema.org","@graph":[{"@type":"Article","@id":"https:\/\/nyforetagarcentrum.se\/sodravarmland\/2026\/09\/03\/tina-lofstrom-ar-arets-nyforetagare-i-sodra-varmland\/#article","isPartOf":{"@id":"https:\/\/nyforetagarcentrum.se\/sodravarmland\/2026\/09\/03\/tina-lofstrom-ar-arets-nyforetagare-i-sodra-varmland\/"},"author":{"name":"sodravarmland","@id":"https:\/\/nyforetagarcentrum.se\/sodravarmland\/#\/schema\/person\/8573fc9a7b133bf5ef20cac1aaa6c44f"},"headline":"Tina L\u00f6fstr\u00f6m \u00e4r\u00a0\u00c5rets nyf\u00f6retagare i S\u00f6dra V\u00e4rmland","datePublished":"2026-09-03T12:27:07+00:00","dateModified":"2026-09-03T12:27:07+00:00","mainEntityOfPage":{"@id":"https:\/\/nyforetagarcentrum.se\/sodravarmland\/2026\/09\/03\/tina-lofstrom-ar-arets-nyforetagare-i-sodra-varmland\/"},"wordCount":162,"commentCount":0,"publisher":{"@id":"https:\/\/nyforetagarcentrum.se\/sodravarmland\/#organization"},"image":{"@id":"https:\/\/nyforetagarcentrum.se\/sodravarmland\/2026\/09\/03\/tina-lofstrom-ar-arets-nyforetagare-i-sodra-varmland\/#primaryimage"},"thumbnailUrl":"https:\/\/nyforetagarcentrum.se\/sodravarmland\/wp-content\/uploads\/sites\/93\/2026\/09\/nedladdning-1.jpeg","articleSection":["\u00c5rets Nyf\u00f6retagare"],"inLanguage":"sv-SE","potentialAction":[{"@type":"CommentAction","name":"Comment","target":["https:\/\/nyforetagarcentrum.se\/sodravarmland\/2026\/09\/03\/tina-lofstrom-ar-arets-nyforetagare-i-sodra-varmland\/#respond"]}]},{"@type":"WebPage","@id":"https:\/\/nyforetagarcentrum.se\/sodravarmland\/2026\/09\/03\/tina-lofstrom-ar-arets-nyforetagare-i-sodra-varmland\/","url":"https:\/\/nyforetagarcentrum.se\/sodravarmland\/2026\/09\/03\/tina-lofstrom-ar-arets-nyforetagare-i-sodra-varmland\/","name":"Tina L\u00f6fstr\u00f6m \u00e4r\u00a0\u00c5rets nyf\u00f6retagare i S\u00f6dra V\u00e4rmland - sodravarmland","isPartOf":{"@id":"https:\/\/nyforetagarcentrum.se\/sodravarmland\/#website"},"primaryImageOfPage":{"@id":"https:\/\/nyforetagarcentrum.se\/sodravarmland\/2026\/09\/03\/tina-lofstrom-ar-arets-nyforetagare-i-sodra-varmland\/#primaryimage"},"image":{"@id":"https:\/\/nyforetagarcentrum.se\/sodravarmland\/2026\/09\/03\/tina-lofstrom-ar-arets-nyforetagare-i-sodra-varmland\/#primaryimage"},"thumbnailUrl":"https:\/\/nyforetagarcentrum.se\/sodravarmland\/wp-content\/uploads\/sites\/93\/2026\/09\/nedladdning-1.jpeg","datePublished":"2026-09-03T12:27:07+00:00","dateModified":"2026-09-03T12:27:07+00:00","breadcrumb":{"@id":"https:\/\/nyforetagarcentrum.se\/sodravarmland\/2026\/09\/03\/tina-lofstrom-ar-arets-nyforetagare-i-sodra-varmland\/#breadcrumb"},"inLanguage":"sv-SE","potentialAction":[{"@type":"ReadAction","target":["https:\/\/nyforetagarcentrum.se\/sodravarmland\/2026\/09\/03\/tina-lofstrom-ar-arets-nyforetagare-i-sodra-varmland\/"]}]},{"@type":"ImageObject","inLanguage":"sv-SE","@id":"https:\/\/nyforetagarcentrum.se\/sodravarmland\/2026\/09\/03\/tina-lofstrom-ar-arets-nyforetagare-i-sodra-varmland\/#primaryimage","url":"https:\/\/nyforetagarcentrum.se\/sodravarmland\/wp-content\/uploads\/sites\/93\/2026\/09\/nedladdning-1.jpeg","contentUrl":"https:\/\/nyforetagarcentrum.se\/sodravarmland\/wp-content\/uploads\/sites\/93\/2026\/09\/nedladdning-1.jpeg","width":1536,"height":2048,"caption":"Tina L\u00f6fstr\u00f6m, Snittblomsfolk"},{"@type":"BreadcrumbList","@id":"https:\/\/nyforetagarcentrum.se\/sodravarmland\/2026\/09\/03\/tina-lofstrom-ar-arets-nyforetagare-i-sodra-varmland\/#breadcrumb","itemListElement":[{"@type":"ListItem","position":1,"name":"Hem","item":"https:\/\/nyforetagarcentrum.se\/sodravarmland\/"},{"@type":"ListItem","position":2,"name":"Tina L\u00f6fstr\u00f6m \u00e4r\u00a0\u00c5rets nyf\u00f6retagare i S\u00f6dra V\u00e4rmland"}]},{"@type":"WebSite","@id":"https:\/\/nyforetagarcentrum.se\/sodravarmland\/#website","url":"https:\/\/nyforetagarcentrum.se\/sodravarmland\/","name":"sodravarmland","description":"Sveriges ledande kraft f\u00f6r fler nya livskraftiga f\u00f6retag","publisher":{"@id":"https:\/\/nyforetagarcentrum.se\/sodravarmland\/#organization"},"potentialAction":[{"@type":"SearchAction","target":{"@type":"EntryPoint","urlTemplate":"https:\/\/nyforetagarcentrum.se\/sodravarmland\/?s={search_term_string}"},"query-input":"required name=search_term_string"}],"inLanguage":"sv-SE"},{"@type":"Organization","@id":"https:\/\/nyforetagarcentrum.se\/sodravarmland\/#organization","name":"sodravarmland","url":"https:\/\/nyforetagarcentrum.se\/sodravarmland\/","logo":{"@type":"ImageObject","inLanguage":"sv-SE","@id":"https:\/\/nyforetagarcentrum.se\/sodravarmland\/#\/schema\/logo\/image\/","url":"https:\/\/nyforetagarcentrum.se\/sodravarmland\/wp-content\/uploads\/sites\/93\/2024\/07\/sodravarmland_bla.png","contentUrl":"https:\/\/nyforetagarcentrum.se\/sodravarmland\/wp-content\/uploads\/sites\/93\/2024\/07\/sodravarmland_bla.png","width":870,"height":355,"caption":"sodravarmland"},"image":{"@id":"https:\/\/nyforetagarcentrum.se\/sodravarmland\/#\/schema\/logo\/image\/"}},{"@type":"Person","@id":"https:\/\/nyforetagarcentrum.se\/sodravarmland\/#\/schema\/person\/8573fc9a7b133bf5ef20cac1aaa6c44f","name":"sodravarmland","image":{"@type":"ImageObject","inLanguage":"sv-SE","@id":"https:\/\/nyforetagarcentrum.se\/sodravarmland\/#\/schema\/person\/image\/","url":"https:\/\/secure.gravatar.com\/avatar\/4bb23bcd06281a53e556aa334072e2da?s=96&d=mm&r=g","contentUrl":"https:\/\/secure.gravatar.com\/avatar\/4bb23bcd06281a53e556aa334072e2da?s=96&d=mm&r=g","caption":"sodravarmland"},"url":"https:\/\/nyforetagarcentrum.se\/sodravarmland\/author\/sodravarmland\/"}]}},"_links":{"self":[{"href":"https:\/\/nyforetagarcentrum.se\/sodravarmland\/wp-json\/wp\/v2\/posts\/3029"}],"collection":[{"href":"https:\/\/nyforetagarcentrum.se\/sodravarmland\/wp-json\/wp\/v2\/posts"}],"about":[{"href":"https:\/\/nyforetagarcentrum.se\/sodravarmland\/wp-json\/wp\/v2\/types\/post"}],"author":[{"embeddable":true,"href":"https:\/\/nyforetagarcentrum.se\/sodravarmland\/wp-json\/wp\/v2\/users\/85"}],"replies":[{"embeddable":true,"href":"https:\/\/nyforetagarcentrum.se\/sodravarmland\/wp-json\/wp\/v2\/comments?post=3029"}],"version-history":[{"count":1,"href":"https:\/\/nyforetagarcentrum.se\/sodravarmland\/wp-json\/wp\/v2\/posts\/3029\/revisions"}],"predecessor-version":[{"id":3032,"href":"https:\/\/nyforetagarcentrum.se\/sodravarmland\/wp-json\/wp\/v2\/posts\/3029\/revisions\/3032"}],"wp:featuredmedia":[{"embeddable":true,"href":"https:\/\/nyforetagarcentrum.se\/sodravarmland\/wp-json\/wp\/v2\/media\/3031"}],"wp:attachment":[{"href":"https:\/\/nyforetagarcentrum.se\/sodravarmland\/wp-json\/wp\/v2\/media?parent=3029"}],"wp:term":[{"taxonomy":"category","embeddable":true,"href":"https:\/\/nyforetagarcentrum.se\/sodravarmland\/wp-json\/wp\/v2\/categories?post=3029"},{"taxonomy":"post_tag","embeddable":true,"href":"https:\/\/nyforetagarcentrum.se\/sodravarmland\/wp-json\/wp\/v2\/tags?post=3029"}],"curies":[{"name":"wp","href":"https:\/\/api.w.org\/{rel}","templated":true}]}}