{"id":1178,"date":"2026-04-27T11:20:57","date_gmt":"2026-04-27T09:20:57","guid":{"rendered":"https:\/\/nyforetagarcentrum.se\/soderkopingvaldemarsvik\/?p=1178"},"modified":"2026-04-27T11:20:58","modified_gmt":"2026-04-27T09:20:58","slug":"2025-ars-pristagare","status":"publish","type":"post","link":"https:\/\/nyforetagarcentrum.se\/soderkopingvaldemarsvik\/2026\/04\/27\/2025-ars-pristagare\/","title":{"rendered":"2025 \u00e5rs pristagare"},"content":{"rendered":"","protected":false},"excerpt":{"rendered":"","protected":false},"author":49,"featured_media":1017,"comment_status":"open","ping_status":"open","sticky":false,"template":"","format":"standard","meta":{"footnotes":""},"categories":[1],"tags":[],"acf":[],"yoast_head":"<!-- This site is optimized with the Yoast SEO plugin v22.9 - https:\/\/yoast.com\/wordpress\/plugins\/seo\/ -->\n<title>2025 \u00e5rs pristagare - S\u00f6derk\u00f6ping Valdemarsvik<\/title>\n<meta name=\"robots\" content=\"index, follow, max-snippet:-1, max-image-preview:large, max-video-preview:-1\" \/>\n<link rel=\"canonical\" href=\"https:\/\/nyforetagarcentrum.se\/soderkopingvaldemarsvik\/2026\/04\/27\/2025-ars-pristagare\/\" \/>\n<meta property=\"og:locale\" content=\"sv_SE\" \/>\n<meta property=\"og:type\" content=\"article\" \/>\n<meta property=\"og:title\" content=\"2025 \u00e5rs pristagare - S\u00f6derk\u00f6ping Valdemarsvik\" \/>\n<meta property=\"og:url\" content=\"https:\/\/nyforetagarcentrum.se\/soderkopingvaldemarsvik\/2026\/04\/27\/2025-ars-pristagare\/\" \/>\n<meta property=\"og:site_name\" content=\"S\u00f6derk\u00f6ping Valdemarsvik\" \/>\n<meta property=\"article:published_time\" content=\"2026-04-27T09:20:57+00:00\" \/>\n<meta property=\"article:modified_time\" content=\"2026-04-27T09:20:58+00:00\" \/>\n<meta property=\"og:image\" content=\"https:\/\/nyforetagarcentrum.se\/soderkopingvaldemarsvik\/wp-content\/uploads\/sites\/59\/2025\/04\/CLAAR-1.jpg\" \/>\n\t<meta property=\"og:image:width\" content=\"1707\" \/>\n\t<meta property=\"og:image:height\" content=\"2560\" \/>\n\t<meta property=\"og:image:type\" content=\"image\/jpeg\" \/>\n<meta name=\"author\" content=\"valdemarsvik\" \/>\n<meta name=\"twitter:card\" content=\"summary_large_image\" \/>\n<meta name=\"twitter:label1\" content=\"Skriven av\" \/>\n\t<meta name=\"twitter:data1\" content=\"valdemarsvik\" \/>\n\t<meta name=\"twitter:label2\" content=\"Ber\u00e4knad l\u00e4stid\" \/>\n\t<meta name=\"twitter:data2\" content=\"1 minut\" \/>\n<script type=\"application\/ld+json\" class=\"yoast-schema-graph\">{\"@context\":\"https:\/\/schema.org\",\"@graph\":[{\"@type\":\"Article\",\"@id\":\"https:\/\/nyforetagarcentrum.se\/soderkopingvaldemarsvik\/2026\/04\/27\/2025-ars-pristagare\/#article\",\"isPartOf\":{\"@id\":\"https:\/\/nyforetagarcentrum.se\/soderkopingvaldemarsvik\/2026\/04\/27\/2025-ars-pristagare\/\"},\"author\":{\"name\":\"valdemarsvik\",\"@id\":\"https:\/\/nyforetagarcentrum.se\/soderkopingvaldemarsvik\/#\/schema\/person\/5e1aac4c9d9737b7156be4a62009b139\"},\"headline\":\"2025 \u00e5rs pristagare\",\"datePublished\":\"2026-04-27T09:20:57+00:00\",\"dateModified\":\"2026-04-27T09:20:58+00:00\",\"mainEntityOfPage\":{\"@id\":\"https:\/\/nyforetagarcentrum.se\/soderkopingvaldemarsvik\/2026\/04\/27\/2025-ars-pristagare\/\"},\"wordCount\":2,\"commentCount\":0,\"publisher\":{\"@id\":\"https:\/\/nyforetagarcentrum.se\/soderkopingvaldemarsvik\/#organization\"},\"image\":{\"@id\":\"https:\/\/nyforetagarcentrum.se\/soderkopingvaldemarsvik\/2026\/04\/27\/2025-ars-pristagare\/#primaryimage\"},\"thumbnailUrl\":\"https:\/\/nyforetagarcentrum.se\/soderkopingvaldemarsvik\/wp-content\/uploads\/sites\/59\/2025\/04\/CLAAR-1.jpg\",\"inLanguage\":\"sv-SE\",\"potentialAction\":[{\"@type\":\"CommentAction\",\"name\":\"Comment\",\"target\":[\"https:\/\/nyforetagarcentrum.se\/soderkopingvaldemarsvik\/2026\/04\/27\/2025-ars-pristagare\/#respond\"]}]},{\"@type\":\"WebPage\",\"@id\":\"https:\/\/nyforetagarcentrum.se\/soderkopingvaldemarsvik\/2026\/04\/27\/2025-ars-pristagare\/\",\"url\":\"https:\/\/nyforetagarcentrum.se\/soderkopingvaldemarsvik\/2026\/04\/27\/2025-ars-pristagare\/\",\"name\":\"2025 \u00e5rs pristagare - S\u00f6derk\u00f6ping Valdemarsvik\",\"isPartOf\":{\"@id\":\"https:\/\/nyforetagarcentrum.se\/soderkopingvaldemarsvik\/#website\"},\"primaryImageOfPage\":{\"@id\":\"https:\/\/nyforetagarcentrum.se\/soderkopingvaldemarsvik\/2026\/04\/27\/2025-ars-pristagare\/#primaryimage\"},\"image\":{\"@id\":\"https:\/\/nyforetagarcentrum.se\/soderkopingvaldemarsvik\/2026\/04\/27\/2025-ars-pristagare\/#primaryimage\"},\"thumbnailUrl\":\"https:\/\/nyforetagarcentrum.se\/soderkopingvaldemarsvik\/wp-content\/uploads\/sites\/59\/2025\/04\/CLAAR-1.jpg\",\"datePublished\":\"2026-04-27T09:20:57+00:00\",\"dateModified\":\"2026-04-27T09:20:58+00:00\",\"breadcrumb\":{\"@id\":\"https:\/\/nyforetagarcentrum.se\/soderkopingvaldemarsvik\/2026\/04\/27\/2025-ars-pristagare\/#breadcrumb\"},\"inLanguage\":\"sv-SE\",\"potentialAction\":[{\"@type\":\"ReadAction\",\"target\":[\"https:\/\/nyforetagarcentrum.se\/soderkopingvaldemarsvik\/2026\/04\/27\/2025-ars-pristagare\/\"]}]},{\"@type\":\"ImageObject\",\"inLanguage\":\"sv-SE\",\"@id\":\"https:\/\/nyforetagarcentrum.se\/soderkopingvaldemarsvik\/2026\/04\/27\/2025-ars-pristagare\/#primaryimage\",\"url\":\"https:\/\/nyforetagarcentrum.se\/soderkopingvaldemarsvik\/wp-content\/uploads\/sites\/59\/2025\/04\/CLAAR-1.jpg\",\"contentUrl\":\"https:\/\/nyforetagarcentrum.se\/soderkopingvaldemarsvik\/wp-content\/uploads\/sites\/59\/2025\/04\/CLAAR-1.jpg\",\"width\":1707,\"height\":2560},{\"@type\":\"BreadcrumbList\",\"@id\":\"https:\/\/nyforetagarcentrum.se\/soderkopingvaldemarsvik\/2026\/04\/27\/2025-ars-pristagare\/#breadcrumb\",\"itemListElement\":[{\"@type\":\"ListItem\",\"position\":1,\"name\":\"Hem\",\"item\":\"https:\/\/nyforetagarcentrum.se\/soderkopingvaldemarsvik\/\"},{\"@type\":\"ListItem\",\"position\":2,\"name\":\"2025 \u00e5rs pristagare\"}]},{\"@type\":\"WebSite\",\"@id\":\"https:\/\/nyforetagarcentrum.se\/soderkopingvaldemarsvik\/#website\",\"url\":\"https:\/\/nyforetagarcentrum.se\/soderkopingvaldemarsvik\/\",\"name\":\"S\u00f6derk\u00f6ping Valdemarsvik\",\"description\":\"Sveriges ledande kraft f\u00f6r fler nya livskraftiga f\u00f6retag\",\"publisher\":{\"@id\":\"https:\/\/nyforetagarcentrum.se\/soderkopingvaldemarsvik\/#organization\"},\"potentialAction\":[{\"@type\":\"SearchAction\",\"target\":{\"@type\":\"EntryPoint\",\"urlTemplate\":\"https:\/\/nyforetagarcentrum.se\/soderkopingvaldemarsvik\/?s={search_term_string}\"},\"query-input\":\"required name=search_term_string\"}],\"inLanguage\":\"sv-SE\"},{\"@type\":\"Organization\",\"@id\":\"https:\/\/nyforetagarcentrum.se\/soderkopingvaldemarsvik\/#organization\",\"name\":\"S\u00f6derk\u00f6ping Valdemarsvik\",\"url\":\"https:\/\/nyforetagarcentrum.se\/soderkopingvaldemarsvik\/\",\"logo\":{\"@type\":\"ImageObject\",\"inLanguage\":\"sv-SE\",\"@id\":\"https:\/\/nyforetagarcentrum.se\/soderkopingvaldemarsvik\/#\/schema\/logo\/image\/\",\"url\":\"https:\/\/nyforetagarcentrum.se\/soderkopingvaldemarsvik\/wp-content\/uploads\/sites\/59\/2024\/04\/Soderkoping-valdemarsvik.png\",\"contentUrl\":\"https:\/\/nyforetagarcentrum.se\/soderkopingvaldemarsvik\/wp-content\/uploads\/sites\/59\/2024\/04\/Soderkoping-valdemarsvik.png\",\"width\":1082,\"height\":542,\"caption\":\"S\u00f6derk\u00f6ping Valdemarsvik\"},\"image\":{\"@id\":\"https:\/\/nyforetagarcentrum.se\/soderkopingvaldemarsvik\/#\/schema\/logo\/image\/\"}},{\"@type\":\"Person\",\"@id\":\"https:\/\/nyforetagarcentrum.se\/soderkopingvaldemarsvik\/#\/schema\/person\/5e1aac4c9d9737b7156be4a62009b139\",\"name\":\"valdemarsvik\",\"image\":{\"@type\":\"ImageObject\",\"inLanguage\":\"sv-SE\",\"@id\":\"https:\/\/nyforetagarcentrum.se\/soderkopingvaldemarsvik\/#\/schema\/person\/image\/\",\"url\":\"https:\/\/secure.gravatar.com\/avatar\/592188fdf8a50ba0c287acb1b5131137?s=96&d=mm&r=g\",\"contentUrl\":\"https:\/\/secure.gravatar.com\/avatar\/592188fdf8a50ba0c287acb1b5131137?s=96&d=mm&r=g\",\"caption\":\"valdemarsvik\"},\"url\":\"https:\/\/nyforetagarcentrum.se\/soderkopingvaldemarsvik\/author\/valdemarsvik\/\"}]}<\/script>\n<!-- \/ Yoast SEO plugin. -->","yoast_head_json":{"title":"2025 \u00e5rs pristagare - S\u00f6derk\u00f6ping Valdemarsvik","robots":{"index":"index","follow":"follow","max-snippet":"max-snippet:-1","max-image-preview":"max-image-preview:large","max-video-preview":"max-video-preview:-1"},"canonical":"https:\/\/nyforetagarcentrum.se\/soderkopingvaldemarsvik\/2026\/04\/27\/2025-ars-pristagare\/","og_locale":"sv_SE","og_type":"article","og_title":"2025 \u00e5rs pristagare - S\u00f6derk\u00f6ping Valdemarsvik","og_url":"https:\/\/nyforetagarcentrum.se\/soderkopingvaldemarsvik\/2026\/04\/27\/2025-ars-pristagare\/","og_site_name":"S\u00f6derk\u00f6ping Valdemarsvik","article_published_time":"2026-04-27T09:20:57+00:00","article_modified_time":"2026-04-27T09:20:58+00:00","og_image":[{"width":1707,"height":2560,"url":"https:\/\/nyforetagarcentrum.se\/soderkopingvaldemarsvik\/wp-content\/uploads\/sites\/59\/2025\/04\/CLAAR-1.jpg","type":"image\/jpeg"}],"author":"valdemarsvik","twitter_card":"summary_large_image","twitter_misc":{"Skriven av":"valdemarsvik","Ber\u00e4knad l\u00e4stid":"1 minut"},"schema":{"@context":"https:\/\/schema.org","@graph":[{"@type":"Article","@id":"https:\/\/nyforetagarcentrum.se\/soderkopingvaldemarsvik\/2026\/04\/27\/2025-ars-pristagare\/#article","isPartOf":{"@id":"https:\/\/nyforetagarcentrum.se\/soderkopingvaldemarsvik\/2026\/04\/27\/2025-ars-pristagare\/"},"author":{"name":"valdemarsvik","@id":"https:\/\/nyforetagarcentrum.se\/soderkopingvaldemarsvik\/#\/schema\/person\/5e1aac4c9d9737b7156be4a62009b139"},"headline":"2025 \u00e5rs pristagare","datePublished":"2026-04-27T09:20:57+00:00","dateModified":"2026-04-27T09:20:58+00:00","mainEntityOfPage":{"@id":"https:\/\/nyforetagarcentrum.se\/soderkopingvaldemarsvik\/2026\/04\/27\/2025-ars-pristagare\/"},"wordCount":2,"commentCount":0,"publisher":{"@id":"https:\/\/nyforetagarcentrum.se\/soderkopingvaldemarsvik\/#organization"},"image":{"@id":"https:\/\/nyforetagarcentrum.se\/soderkopingvaldemarsvik\/2026\/04\/27\/2025-ars-pristagare\/#primaryimage"},"thumbnailUrl":"https:\/\/nyforetagarcentrum.se\/soderkopingvaldemarsvik\/wp-content\/uploads\/sites\/59\/2025\/04\/CLAAR-1.jpg","inLanguage":"sv-SE","potentialAction":[{"@type":"CommentAction","name":"Comment","target":["https:\/\/nyforetagarcentrum.se\/soderkopingvaldemarsvik\/2026\/04\/27\/2025-ars-pristagare\/#respond"]}]},{"@type":"WebPage","@id":"https:\/\/nyforetagarcentrum.se\/soderkopingvaldemarsvik\/2026\/04\/27\/2025-ars-pristagare\/","url":"https:\/\/nyforetagarcentrum.se\/soderkopingvaldemarsvik\/2026\/04\/27\/2025-ars-pristagare\/","name":"2025 \u00e5rs pristagare - S\u00f6derk\u00f6ping Valdemarsvik","isPartOf":{"@id":"https:\/\/nyforetagarcentrum.se\/soderkopingvaldemarsvik\/#website"},"primaryImageOfPage":{"@id":"https:\/\/nyforetagarcentrum.se\/soderkopingvaldemarsvik\/2026\/04\/27\/2025-ars-pristagare\/#primaryimage"},"image":{"@id":"https:\/\/nyforetagarcentrum.se\/soderkopingvaldemarsvik\/2026\/04\/27\/2025-ars-pristagare\/#primaryimage"},"thumbnailUrl":"https:\/\/nyforetagarcentrum.se\/soderkopingvaldemarsvik\/wp-content\/uploads\/sites\/59\/2025\/04\/CLAAR-1.jpg","datePublished":"2026-04-27T09:20:57+00:00","dateModified":"2026-04-27T09:20:58+00:00","breadcrumb":{"@id":"https:\/\/nyforetagarcentrum.se\/soderkopingvaldemarsvik\/2026\/04\/27\/2025-ars-pristagare\/#breadcrumb"},"inLanguage":"sv-SE","potentialAction":[{"@type":"ReadAction","target":["https:\/\/nyforetagarcentrum.se\/soderkopingvaldemarsvik\/2026\/04\/27\/2025-ars-pristagare\/"]}]},{"@type":"ImageObject","inLanguage":"sv-SE","@id":"https:\/\/nyforetagarcentrum.se\/soderkopingvaldemarsvik\/2026\/04\/27\/2025-ars-pristagare\/#primaryimage","url":"https:\/\/nyforetagarcentrum.se\/soderkopingvaldemarsvik\/wp-content\/uploads\/sites\/59\/2025\/04\/CLAAR-1.jpg","contentUrl":"https:\/\/nyforetagarcentrum.se\/soderkopingvaldemarsvik\/wp-content\/uploads\/sites\/59\/2025\/04\/CLAAR-1.jpg","width":1707,"height":2560},{"@type":"BreadcrumbList","@id":"https:\/\/nyforetagarcentrum.se\/soderkopingvaldemarsvik\/2026\/04\/27\/2025-ars-pristagare\/#breadcrumb","itemListElement":[{"@type":"ListItem","position":1,"name":"Hem","item":"https:\/\/nyforetagarcentrum.se\/soderkopingvaldemarsvik\/"},{"@type":"ListItem","position":2,"name":"2025 \u00e5rs pristagare"}]},{"@type":"WebSite","@id":"https:\/\/nyforetagarcentrum.se\/soderkopingvaldemarsvik\/#website","url":"https:\/\/nyforetagarcentrum.se\/soderkopingvaldemarsvik\/","name":"S\u00f6derk\u00f6ping Valdemarsvik","description":"Sveriges ledande kraft f\u00f6r fler nya livskraftiga f\u00f6retag","publisher":{"@id":"https:\/\/nyforetagarcentrum.se\/soderkopingvaldemarsvik\/#organization"},"potentialAction":[{"@type":"SearchAction","target":{"@type":"EntryPoint","urlTemplate":"https:\/\/nyforetagarcentrum.se\/soderkopingvaldemarsvik\/?s={search_term_string}"},"query-input":"required name=search_term_string"}],"inLanguage":"sv-SE"},{"@type":"Organization","@id":"https:\/\/nyforetagarcentrum.se\/soderkopingvaldemarsvik\/#organization","name":"S\u00f6derk\u00f6ping Valdemarsvik","url":"https:\/\/nyforetagarcentrum.se\/soderkopingvaldemarsvik\/","logo":{"@type":"ImageObject","inLanguage":"sv-SE","@id":"https:\/\/nyforetagarcentrum.se\/soderkopingvaldemarsvik\/#\/schema\/logo\/image\/","url":"https:\/\/nyforetagarcentrum.se\/soderkopingvaldemarsvik\/wp-content\/uploads\/sites\/59\/2024\/04\/Soderkoping-valdemarsvik.png","contentUrl":"https:\/\/nyforetagarcentrum.se\/soderkopingvaldemarsvik\/wp-content\/uploads\/sites\/59\/2024\/04\/Soderkoping-valdemarsvik.png","width":1082,"height":542,"caption":"S\u00f6derk\u00f6ping Valdemarsvik"},"image":{"@id":"https:\/\/nyforetagarcentrum.se\/soderkopingvaldemarsvik\/#\/schema\/logo\/image\/"}},{"@type":"Person","@id":"https:\/\/nyforetagarcentrum.se\/soderkopingvaldemarsvik\/#\/schema\/person\/5e1aac4c9d9737b7156be4a62009b139","name":"valdemarsvik","image":{"@type":"ImageObject","inLanguage":"sv-SE","@id":"https:\/\/nyforetagarcentrum.se\/soderkopingvaldemarsvik\/#\/schema\/person\/image\/","url":"https:\/\/secure.gravatar.com\/avatar\/592188fdf8a50ba0c287acb1b5131137?s=96&d=mm&r=g","contentUrl":"https:\/\/secure.gravatar.com\/avatar\/592188fdf8a50ba0c287acb1b5131137?s=96&d=mm&r=g","caption":"valdemarsvik"},"url":"https:\/\/nyforetagarcentrum.se\/soderkopingvaldemarsvik\/author\/valdemarsvik\/"}]}},"_links":{"self":[{"href":"https:\/\/nyforetagarcentrum.se\/soderkopingvaldemarsvik\/wp-json\/wp\/v2\/posts\/1178"}],"collection":[{"href":"https:\/\/nyforetagarcentrum.se\/soderkopingvaldemarsvik\/wp-json\/wp\/v2\/posts"}],"about":[{"href":"https:\/\/nyforetagarcentrum.se\/soderkopingvaldemarsvik\/wp-json\/wp\/v2\/types\/post"}],"author":[{"embeddable":true,"href":"https:\/\/nyforetagarcentrum.se\/soderkopingvaldemarsvik\/wp-json\/wp\/v2\/users\/49"}],"replies":[{"embeddable":true,"href":"https:\/\/nyforetagarcentrum.se\/soderkopingvaldemarsvik\/wp-json\/wp\/v2\/comments?post=1178"}],"version-history":[{"count":1,"href":"https:\/\/nyforetagarcentrum.se\/soderkopingvaldemarsvik\/wp-json\/wp\/v2\/posts\/1178\/revisions"}],"predecessor-version":[{"id":1179,"href":"https:\/\/nyforetagarcentrum.se\/soderkopingvaldemarsvik\/wp-json\/wp\/v2\/posts\/1178\/revisions\/1179"}],"wp:featuredmedia":[{"embeddable":true,"href":"https:\/\/nyforetagarcentrum.se\/soderkopingvaldemarsvik\/wp-json\/wp\/v2\/media\/1017"}],"wp:attachment":[{"href":"https:\/\/nyforetagarcentrum.se\/soderkopingvaldemarsvik\/wp-json\/wp\/v2\/media?parent=1178"}],"wp:term":[{"taxonomy":"category","embeddable":true,"href":"https:\/\/nyforetagarcentrum.se\/soderkopingvaldemarsvik\/wp-json\/wp\/v2\/categories?post=1178"},{"taxonomy":"post_tag","embeddable":true,"href":"https:\/\/nyforetagarcentrum.se\/soderkopingvaldemarsvik\/wp-json\/wp\/v2\/tags?post=1178"}],"curies":[{"name":"wp","href":"https:\/\/api.w.org\/{rel}","templated":true}]}}