{"id":3443,"date":"2026-04-23T09:58:10","date_gmt":"2026-04-23T07:58:10","guid":{"rendered":"https:\/\/nyforetagarcentrum.se\/skanenordvast\/?post_type=story&#038;p=3443"},"modified":"2026-04-24T13:37:31","modified_gmt":"2026-04-24T11:37:31","slug":"innovation-med-hjartat-som-grund","status":"publish","type":"story","link":"https:\/\/nyforetagarcentrum.se\/skanenordvast\/success-stories\/innovation-med-hjartat-som-grund\/","title":{"rendered":"Innovation med hj\u00e4rtat som grund"},"content":{"rendered":"\n<p><strong>N\u00e4r Anna Linell och Peter Neiderud b\u00e5da valde att l\u00e4mna trygga anst\u00e4llningar f\u00f6r att satsa allt p\u00e5 sitt gemensamma bolag Silverkanten, gjorde de det med en vision om att \u00e5terinf\u00f6ra tiden och omsorgen i \u00e4ldres vardag. Men v\u00e4gen fr\u00e5n id\u00e9 till framg\u00e5ngsrikt f\u00f6retagande \u00e4r s\u00e4llan spikrak. Genom ett n\u00e4ra samarbete med Nyf\u00f6retagarCentrum Sk\u00e5ne Nordv\u00e4st och deltagande i v\u00e5rt mentorsprogram, har paret inte bara f\u00e5tt de verktyg de beh\u00f6vde \u2013 de har nu ocks\u00e5 blivit utsedda till \u00c5rets innovation i Kristianstad, d\u00e4r de ocks\u00e5 bedriver sin verksamhet.<\/strong><\/p>\n\n\n\n<p>Det m\u00e4rks direkt n\u00e4r Anna och Peter kliver in i rummet att de b\u00e4r p\u00e5 en speciell energi. Det \u00e4r en kombination av \u00f6dmjukhet inf\u00f6r uppgiften och en orubblig tro p\u00e5 sin aff\u00e4rsid\u00e9: att erbjuda personlig omsorg d\u00e4r m\u00e4nniskan, inte klockan, st\u00e5r i centrum. Silverkanten f\u00f6ddes ur en vilja att fylla det glapp som ofta uppst\u00e5r i dagens effektiviserade hemtj\u00e4nst, d\u00e4r minuter och sekunder m\u00e4ts snarare \u00e4n livskvalitet.<\/p>\n\n\n\n<p class=\"has-medium-font-size\"><strong>R\u00e5dgivningen som blev en livlina<\/strong><\/p>\n\n\n\n<p>Resan b\u00f6rjade hos Nyf\u00f6retagarCentrum Sk\u00e5ne Nordv\u00e4st, d\u00e4r paret fick kontakt med r\u00e5dgivaren Christian J\u00f6nsson. F\u00f6r Anna och Peter blev Christian mycket mer \u00e4n bara en expert p\u00e5 aff\u00e4rsplaner; han blev det bollplank och den uppmuntrare de beh\u00f6vde n\u00e4r de l\u00e4mnade tryggheten i en anst\u00e4llning.<\/p>\n\n\n\n<p>\u2013 N\u00e4r man \u00e4r anst\u00e4lld har man en chef som ser en och checkar in. Som egenf\u00f6retagare f\u00f6rsvinner det pl\u00f6tsligt, f\u00f6rklarar Anna. Christian gjorde det d\u00e4r lilla extra. Han h\u00f6rde av sig och fr\u00e5gade hur det gick, var vi befann oss och peppade oss n\u00e4r det k\u00e4ndes motigt.<\/p>\n\n\n\n<p>Det var ocks\u00e5 Christian som gav dem ett av de mest konkreta och v\u00e4rdefulla r\u00e5den: att s\u00e4tta ett datum. Genom att best\u00e4mma en tidpunkt d\u00e5 de skulle utv\u00e4rdera satsningen kunde de sl\u00e4ppa tvivlet och k\u00f6ra f\u00f6r fullt fram till dess. Dessutom \u00f6ppnade han d\u00f6rrar in i kommunala n\u00e4tverk som annars hade varit sv\u00e5ra att n\u00e5.<\/p>\n\n\n\n<p class=\"has-medium-font-size\"><strong>Mentorsprogrammet \u2013 en skola i mod och f\u00f6rs\u00e4ljning<\/strong><\/p>\n\n\n\n<p>Efter den initiala r\u00e5dgivningen tog paret n\u00e4sta steg genom att s\u00f6ka till Nyf\u00f6retagarCentrums mentorsprogram. D\u00e4r matchades de med mentorn Thomas Frenning, en person som kom att utmana deras syn p\u00e5 f\u00f6retagande och framf\u00f6r allt p\u00e5 begreppet f\u00f6rs\u00e4ljning.<\/p>\n\n\n\n<p>\u2013 Vi s\u00e5g nog lite fult p\u00e5 f\u00f6rs\u00e4ljning fr\u00e5n b\u00f6rjan, k\u00e4nde oss n\u00e4stan som \u201dkr\u00e4ngare\u201d, erk\u00e4nner Anna. Men Thomas fick oss att f\u00f6rst\u00e5 att f\u00f6rs\u00e4ljning i v\u00e5r bransch handlar om att skapa win-win-situationer och att faktiskt v\u00e5ga erbjuda v\u00e5r hj\u00e4lp till de som beh\u00f6ver den.<\/p>\n\n\n\n<p>Peter betonar att mentorsprogrammet ocks\u00e5 gav dem ett ov\u00e4rderligt sammanhang med andra likasinnade. Att f\u00e5 sitta p\u00e5 \u201dskolb\u00e4nken\u201d igen och utbildas inom omr\u00e5den d\u00e4r de inte var lika v\u00e4lrustade gav dem modet att b\u00f6rja pitcha sin id\u00e9 p\u00e5 riktigt.<\/p>\n\n\n\n<p>Thomas roll som mentor str\u00e4ckte sig l\u00e5ngt utanf\u00f6r de bokade m\u00f6tena. Han fanns p\u00e5 plats i publiken n\u00e4r de f\u00f6rel\u00e4ste, nickade uppmuntrande och gav dem det st\u00f6d som kr\u00e4vdes f\u00f6r att h\u00e5lla ut.<\/p>\n\n\n\n<p>\u2013 Han tryckte p\u00e5 t\u00e5lamodet. Vi tyckte vi varit ig\u00e5ng ett halv\u00e5r utan m\u00e5nga kunder, men han p\u00e5minde oss om att detta \u00e4r n\u00e5got som tar \u00e5r att bygga upp. Det gav oss ett lugn att forts\u00e4tta str\u00e4va, s\u00e4ger Peter.<\/p>\n\n\n\n<p class=\"has-medium-font-size\"><strong>Guldkant f\u00f6r Silverkanten som utsetts till \u00c5rets innovation<\/strong><\/p>\n\n\n\n<p>Trots perioder av tvivel och en total livsstilsf\u00f6r\u00e4ndring har Silverkantens arbete nu burit frukt p\u00e5 ett s\u00e4tt som paret knappt v\u00e5gat dr\u00f6mma om. De har utsetts till vinnare av priset <strong>\u00c5rets innovation i Kristianstad<\/strong> <strong>2026<\/strong> av Krinova.<\/p>\n\n\n\n<p>F\u00f6r Anna och Peter \u00e4r utm\u00e4rkelsen ett enormt erk\u00e4nnande och ett kvitto p\u00e5 deras uth\u00e5llighet. Att prisas som innovat\u00f6rer, i en kategori som ofta domineras av tekniska l\u00f6sningar och \u201dunicorns\u201d, k\u00e4nns extra betydelsefullt.<br>\u2013 Vi har tagit n\u00e5got som fanns f\u00f6rr \u2013 tiden att bry sig om varandra \u2013 och lyft tillbaka det i ett samh\u00e4lle d\u00e4r allt ska m\u00e4tas, s\u00e4ger Peter.<\/p>\n\n\n\n<p>Anna till\u00e4gger att priset g\u00f6r att hon \u201dg\u00e5r lite rakare i ryggen\u201d. Det \u00e4r ett kvitto p\u00e5 deras uth\u00e5llighet och p\u00e5 att deras bransch \u00e4r legitim och beh\u00f6vs. De hoppas att detta ska leda till att fler ser m\u00f6jligheten att anv\u00e4nda RUT-avdrag f\u00f6r personlig omsorg, precis som det en g\u00e5ng blev sj\u00e4lvklart att k\u00f6pa st\u00e4dtj\u00e4nster.<br><br>Grattis till guldet Silverkanten! L\u00e4s mer om utm\u00e4rkelsen <a href=\"https:\/\/krinova.se\/nyheter\/innovationspriset-i-kristianstad-gar-till-silverkanten\/\" target=\"_blank\" rel=\"noreferrer noopener\">\u00c5rets innovation h\u00e4r \u00bb<\/a><\/p>\n\n\n\n<p class=\"has-medium-font-size\"><strong>Framtiden och r\u00e5det till andra<\/strong><\/p>\n\n\n\n<p>Silverkanten blickar nu fram\u00e5t. De genomf\u00f6r redan anst\u00e4llningsintervjuer f\u00f6r att bygga upp en bank av \u201dstj\u00e4rnor\u201d med hj\u00e4rtat p\u00e5 r\u00e4tt st\u00e4lle, redo f\u00f6r den dag de inte l\u00e4ngre r\u00e4cker till sj\u00e4lva. Dr\u00f6mmen \u00e4r att om n\u00e5gra \u00e5r ha ett helt team som sprider livskvalitet och gl\u00e4dje p\u00e5 \u00e5lderns h\u00f6st.<\/p>\n\n\n\n<p>N\u00e4r de f\u00e5r fr\u00e5gan vad de vill s\u00e4ga till andra som b\u00e4r p\u00e5 en f\u00f6retagsdr\u00f6m, \u00e4r svaret unisont:<br>\u2013 K\u00f6r bara k\u00f6r! Om du aldrig testar din dr\u00f6m f\u00e5r du aldrig veta om den fungerar. Och var inte r\u00e4dd f\u00f6r att be om hj\u00e4lp. Det finns en enorm v\u00e4lvilja hos organisationer som Nyf\u00f6retagarCentrum att hj\u00e4lpa dig att flyga.<\/p>\n\n\n\n<p>Silverkanten \u00e4r ett levande bevis p\u00e5 att med r\u00e4tt st\u00f6d, en stor portion t\u00e5lamod och ett \u00e4nnu st\u00f6rre hj\u00e4rta, kan man f\u00f6rvandla en dr\u00f6m till en prisbel\u00f6nt innovation.<\/p>\n\n\n\n<figure class=\"wp-block-embed is-type-video is-provider-youtube wp-block-embed-youtube wp-embed-aspect-16-9 wp-has-aspect-ratio\"><div class=\"wp-block-embed__wrapper\">\n<iframe loading=\"lazy\" title=\"Silverkanten - Innovation med hj\u00e4rtat som grund\" width=\"500\" height=\"281\" src=\"https:\/\/www.youtube.com\/embed\/_VvYoLxKHUQ?feature=oembed\" frameborder=\"0\" allow=\"accelerometer; autoplay; clipboard-write; encrypted-media; gyroscope; picture-in-picture; web-share\" referrerpolicy=\"strict-origin-when-cross-origin\" allowfullscreen><\/iframe>\n<\/div><\/figure>\n\n\n\n<p class=\"has-medium-font-size\"><strong>Detta \u00e4r Silverkanten<\/strong><\/p>\n\n\n\n<p>Peter och Anna grundade Silverkanten med ett m\u00e5l om att g\u00f6ra vardagen l\u00e4ttare och mer meningsfull f\u00f6r \u00e4ldre. Silverkanten erbjuder tj\u00e4nster f\u00f6r \u00e4ldre med fokus p\u00e5 trygghet, s\u00e4llskap och praktisk hj\u00e4lp i vardagen. De hj\u00e4lper med allt fr\u00e5n promenader och sociala aktiviteter till vardagssysslor i hemmet, alltid med omtanke och respekt. <a href=\"https:\/\/silverkanten.se\/\" target=\"_blank\" rel=\"noreferrer noopener\">L\u00e4s mer om Silverkanten h\u00e4r \u00bb<\/a><\/p>\n","protected":false},"featured_media":3444,"template":"","meta":{"footnotes":""},"story_category":[],"acf":[],"yoast_head":"<!-- This site is optimized with the Yoast SEO plugin v22.9 - https:\/\/yoast.com\/wordpress\/plugins\/seo\/ -->\n<title>Innovation med hj\u00e4rtat som grund - Sk\u00e5ne Nordv\u00e4st<\/title>\n<meta name=\"description\" content=\"V\u00e5r mentor fick oss att f\u00f6rst\u00e5 att f\u00f6rs\u00e4ljning handlar om att skapa win-win-situationer och att faktiskt v\u00e5ga erbjuda v\u00e5r hj\u00e4lp till de som beh\u00f6ver den.\" \/>\n<meta name=\"robots\" content=\"index, follow, max-snippet:-1, max-image-preview:large, max-video-preview:-1\" \/>\n<link rel=\"canonical\" href=\"https:\/\/nyforetagarcentrum.se\/skanenordvast\/success-stories\/innovation-med-hjartat-som-grund\/\" \/>\n<meta property=\"og:locale\" content=\"sv_SE\" \/>\n<meta property=\"og:type\" content=\"article\" \/>\n<meta property=\"og:title\" content=\"Innovation med hj\u00e4rtat som grund - Sk\u00e5ne Nordv\u00e4st\" \/>\n<meta property=\"og:description\" content=\"V\u00e5r mentor fick oss att f\u00f6rst\u00e5 att f\u00f6rs\u00e4ljning handlar om att skapa win-win-situationer och att faktiskt v\u00e5ga erbjuda v\u00e5r hj\u00e4lp till de som beh\u00f6ver den.\" \/>\n<meta property=\"og:url\" content=\"https:\/\/nyforetagarcentrum.se\/skanenordvast\/success-stories\/innovation-med-hjartat-som-grund\/\" \/>\n<meta property=\"og:site_name\" content=\"Sk\u00e5ne Nordv\u00e4st\" \/>\n<meta property=\"article:modified_time\" content=\"2026-04-24T11:37:31+00:00\" \/>\n<meta property=\"og:image\" content=\"https:\/\/nyforetagarcentrum.se\/skanenordvast\/wp-content\/uploads\/sites\/71\/2026\/04\/Silverkanten_webb.jpg\" \/>\n\t<meta property=\"og:image:width\" content=\"1000\" \/>\n\t<meta property=\"og:image:height\" content=\"850\" \/>\n\t<meta property=\"og:image:type\" content=\"image\/jpeg\" \/>\n<meta name=\"twitter:card\" content=\"summary_large_image\" \/>\n<meta name=\"twitter:label1\" content=\"Ber\u00e4knad l\u00e4stid\" \/>\n\t<meta name=\"twitter:data1\" content=\"5 minuter\" \/>\n<script type=\"application\/ld+json\" class=\"yoast-schema-graph\">{\"@context\":\"https:\/\/schema.org\",\"@graph\":[{\"@type\":\"WebPage\",\"@id\":\"https:\/\/nyforetagarcentrum.se\/skanenordvast\/success-stories\/innovation-med-hjartat-som-grund\/\",\"url\":\"https:\/\/nyforetagarcentrum.se\/skanenordvast\/success-stories\/innovation-med-hjartat-som-grund\/\",\"name\":\"Innovation med hj\u00e4rtat som grund - Sk\u00e5ne Nordv\u00e4st\",\"isPartOf\":{\"@id\":\"https:\/\/nyforetagarcentrum.se\/skanenordvast\/#website\"},\"primaryImageOfPage\":{\"@id\":\"https:\/\/nyforetagarcentrum.se\/skanenordvast\/success-stories\/innovation-med-hjartat-som-grund\/#primaryimage\"},\"image\":{\"@id\":\"https:\/\/nyforetagarcentrum.se\/skanenordvast\/success-stories\/innovation-med-hjartat-som-grund\/#primaryimage\"},\"thumbnailUrl\":\"https:\/\/nyforetagarcentrum.se\/skanenordvast\/wp-content\/uploads\/sites\/71\/2026\/04\/Silverkanten_webb.jpg\",\"datePublished\":\"2026-04-23T07:58:10+00:00\",\"dateModified\":\"2026-04-24T11:37:31+00:00\",\"description\":\"V\u00e5r mentor fick oss att f\u00f6rst\u00e5 att f\u00f6rs\u00e4ljning handlar om att skapa win-win-situationer och att faktiskt v\u00e5ga erbjuda v\u00e5r hj\u00e4lp till de som beh\u00f6ver den.\",\"breadcrumb\":{\"@id\":\"https:\/\/nyforetagarcentrum.se\/skanenordvast\/success-stories\/innovation-med-hjartat-som-grund\/#breadcrumb\"},\"inLanguage\":\"sv-SE\",\"potentialAction\":[{\"@type\":\"ReadAction\",\"target\":[\"https:\/\/nyforetagarcentrum.se\/skanenordvast\/success-stories\/innovation-med-hjartat-som-grund\/\"]}]},{\"@type\":\"ImageObject\",\"inLanguage\":\"sv-SE\",\"@id\":\"https:\/\/nyforetagarcentrum.se\/skanenordvast\/success-stories\/innovation-med-hjartat-som-grund\/#primaryimage\",\"url\":\"https:\/\/nyforetagarcentrum.se\/skanenordvast\/wp-content\/uploads\/sites\/71\/2026\/04\/Silverkanten_webb.jpg\",\"contentUrl\":\"https:\/\/nyforetagarcentrum.se\/skanenordvast\/wp-content\/uploads\/sites\/71\/2026\/04\/Silverkanten_webb.jpg\",\"width\":1000,\"height\":850},{\"@type\":\"BreadcrumbList\",\"@id\":\"https:\/\/nyforetagarcentrum.se\/skanenordvast\/success-stories\/innovation-med-hjartat-som-grund\/#breadcrumb\",\"itemListElement\":[{\"@type\":\"ListItem\",\"position\":1,\"name\":\"Hem\",\"item\":\"https:\/\/nyforetagarcentrum.se\/skanenordvast\/\"},{\"@type\":\"ListItem\",\"position\":2,\"name\":\"Success stories\",\"item\":\"https:\/\/nyforetagarcentrum.se\/skanenordvast\/success-stories\/\"},{\"@type\":\"ListItem\",\"position\":3,\"name\":\"Innovation med hj\u00e4rtat som grund\"}]},{\"@type\":\"WebSite\",\"@id\":\"https:\/\/nyforetagarcentrum.se\/skanenordvast\/#website\",\"url\":\"https:\/\/nyforetagarcentrum.se\/skanenordvast\/\",\"name\":\"Sk\u00e5ne Nordv\u00e4st\",\"description\":\"Sveriges ledande kraft f\u00f6r fler nya livskraftiga f\u00f6retag\",\"publisher\":{\"@id\":\"https:\/\/nyforetagarcentrum.se\/skanenordvast\/#organization\"},\"potentialAction\":[{\"@type\":\"SearchAction\",\"target\":{\"@type\":\"EntryPoint\",\"urlTemplate\":\"https:\/\/nyforetagarcentrum.se\/skanenordvast\/?s={search_term_string}\"},\"query-input\":\"required name=search_term_string\"}],\"inLanguage\":\"sv-SE\"},{\"@type\":\"Organization\",\"@id\":\"https:\/\/nyforetagarcentrum.se\/skanenordvast\/#organization\",\"name\":\"Sk\u00e5ne Nordv\u00e4st\",\"url\":\"https:\/\/nyforetagarcentrum.se\/skanenordvast\/\",\"logo\":{\"@type\":\"ImageObject\",\"inLanguage\":\"sv-SE\",\"@id\":\"https:\/\/nyforetagarcentrum.se\/skanenordvast\/#\/schema\/logo\/image\/\",\"url\":\"https:\/\/nyforetagarcentrum.se\/skanenordvast\/wp-content\/uploads\/sites\/71\/2024\/07\/skanenordvast_bla.png\",\"contentUrl\":\"https:\/\/nyforetagarcentrum.se\/skanenordvast\/wp-content\/uploads\/sites\/71\/2024\/07\/skanenordvast_bla.png\",\"width\":870,\"height\":355,\"caption\":\"Sk\u00e5ne Nordv\u00e4st\"},\"image\":{\"@id\":\"https:\/\/nyforetagarcentrum.se\/skanenordvast\/#\/schema\/logo\/image\/\"}}]}<\/script>\n<!-- \/ Yoast SEO plugin. -->","yoast_head_json":{"title":"Innovation med hj\u00e4rtat som grund - Sk\u00e5ne Nordv\u00e4st","description":"V\u00e5r mentor fick oss att f\u00f6rst\u00e5 att f\u00f6rs\u00e4ljning handlar om att skapa win-win-situationer och att faktiskt v\u00e5ga erbjuda v\u00e5r hj\u00e4lp till de som beh\u00f6ver den.","robots":{"index":"index","follow":"follow","max-snippet":"max-snippet:-1","max-image-preview":"max-image-preview:large","max-video-preview":"max-video-preview:-1"},"canonical":"https:\/\/nyforetagarcentrum.se\/skanenordvast\/success-stories\/innovation-med-hjartat-som-grund\/","og_locale":"sv_SE","og_type":"article","og_title":"Innovation med hj\u00e4rtat som grund - Sk\u00e5ne Nordv\u00e4st","og_description":"V\u00e5r mentor fick oss att f\u00f6rst\u00e5 att f\u00f6rs\u00e4ljning handlar om att skapa win-win-situationer och att faktiskt v\u00e5ga erbjuda v\u00e5r hj\u00e4lp till de som beh\u00f6ver den.","og_url":"https:\/\/nyforetagarcentrum.se\/skanenordvast\/success-stories\/innovation-med-hjartat-som-grund\/","og_site_name":"Sk\u00e5ne Nordv\u00e4st","article_modified_time":"2026-04-24T11:37:31+00:00","og_image":[{"width":1000,"height":850,"url":"https:\/\/nyforetagarcentrum.se\/skanenordvast\/wp-content\/uploads\/sites\/71\/2026\/04\/Silverkanten_webb.jpg","type":"image\/jpeg"}],"twitter_card":"summary_large_image","twitter_misc":{"Ber\u00e4knad l\u00e4stid":"5 minuter"},"schema":{"@context":"https:\/\/schema.org","@graph":[{"@type":"WebPage","@id":"https:\/\/nyforetagarcentrum.se\/skanenordvast\/success-stories\/innovation-med-hjartat-som-grund\/","url":"https:\/\/nyforetagarcentrum.se\/skanenordvast\/success-stories\/innovation-med-hjartat-som-grund\/","name":"Innovation med hj\u00e4rtat som grund - Sk\u00e5ne Nordv\u00e4st","isPartOf":{"@id":"https:\/\/nyforetagarcentrum.se\/skanenordvast\/#website"},"primaryImageOfPage":{"@id":"https:\/\/nyforetagarcentrum.se\/skanenordvast\/success-stories\/innovation-med-hjartat-som-grund\/#primaryimage"},"image":{"@id":"https:\/\/nyforetagarcentrum.se\/skanenordvast\/success-stories\/innovation-med-hjartat-som-grund\/#primaryimage"},"thumbnailUrl":"https:\/\/nyforetagarcentrum.se\/skanenordvast\/wp-content\/uploads\/sites\/71\/2026\/04\/Silverkanten_webb.jpg","datePublished":"2026-04-23T07:58:10+00:00","dateModified":"2026-04-24T11:37:31+00:00","description":"V\u00e5r mentor fick oss att f\u00f6rst\u00e5 att f\u00f6rs\u00e4ljning handlar om att skapa win-win-situationer och att faktiskt v\u00e5ga erbjuda v\u00e5r hj\u00e4lp till de som beh\u00f6ver den.","breadcrumb":{"@id":"https:\/\/nyforetagarcentrum.se\/skanenordvast\/success-stories\/innovation-med-hjartat-som-grund\/#breadcrumb"},"inLanguage":"sv-SE","potentialAction":[{"@type":"ReadAction","target":["https:\/\/nyforetagarcentrum.se\/skanenordvast\/success-stories\/innovation-med-hjartat-som-grund\/"]}]},{"@type":"ImageObject","inLanguage":"sv-SE","@id":"https:\/\/nyforetagarcentrum.se\/skanenordvast\/success-stories\/innovation-med-hjartat-som-grund\/#primaryimage","url":"https:\/\/nyforetagarcentrum.se\/skanenordvast\/wp-content\/uploads\/sites\/71\/2026\/04\/Silverkanten_webb.jpg","contentUrl":"https:\/\/nyforetagarcentrum.se\/skanenordvast\/wp-content\/uploads\/sites\/71\/2026\/04\/Silverkanten_webb.jpg","width":1000,"height":850},{"@type":"BreadcrumbList","@id":"https:\/\/nyforetagarcentrum.se\/skanenordvast\/success-stories\/innovation-med-hjartat-som-grund\/#breadcrumb","itemListElement":[{"@type":"ListItem","position":1,"name":"Hem","item":"https:\/\/nyforetagarcentrum.se\/skanenordvast\/"},{"@type":"ListItem","position":2,"name":"Success stories","item":"https:\/\/nyforetagarcentrum.se\/skanenordvast\/success-stories\/"},{"@type":"ListItem","position":3,"name":"Innovation med hj\u00e4rtat som grund"}]},{"@type":"WebSite","@id":"https:\/\/nyforetagarcentrum.se\/skanenordvast\/#website","url":"https:\/\/nyforetagarcentrum.se\/skanenordvast\/","name":"Sk\u00e5ne Nordv\u00e4st","description":"Sveriges ledande kraft f\u00f6r fler nya livskraftiga f\u00f6retag","publisher":{"@id":"https:\/\/nyforetagarcentrum.se\/skanenordvast\/#organization"},"potentialAction":[{"@type":"SearchAction","target":{"@type":"EntryPoint","urlTemplate":"https:\/\/nyforetagarcentrum.se\/skanenordvast\/?s={search_term_string}"},"query-input":"required name=search_term_string"}],"inLanguage":"sv-SE"},{"@type":"Organization","@id":"https:\/\/nyforetagarcentrum.se\/skanenordvast\/#organization","name":"Sk\u00e5ne Nordv\u00e4st","url":"https:\/\/nyforetagarcentrum.se\/skanenordvast\/","logo":{"@type":"ImageObject","inLanguage":"sv-SE","@id":"https:\/\/nyforetagarcentrum.se\/skanenordvast\/#\/schema\/logo\/image\/","url":"https:\/\/nyforetagarcentrum.se\/skanenordvast\/wp-content\/uploads\/sites\/71\/2024\/07\/skanenordvast_bla.png","contentUrl":"https:\/\/nyforetagarcentrum.se\/skanenordvast\/wp-content\/uploads\/sites\/71\/2024\/07\/skanenordvast_bla.png","width":870,"height":355,"caption":"Sk\u00e5ne Nordv\u00e4st"},"image":{"@id":"https:\/\/nyforetagarcentrum.se\/skanenordvast\/#\/schema\/logo\/image\/"}}]}},"_links":{"self":[{"href":"https:\/\/nyforetagarcentrum.se\/skanenordvast\/wp-json\/wp\/v2\/story\/3443"}],"collection":[{"href":"https:\/\/nyforetagarcentrum.se\/skanenordvast\/wp-json\/wp\/v2\/story"}],"about":[{"href":"https:\/\/nyforetagarcentrum.se\/skanenordvast\/wp-json\/wp\/v2\/types\/story"}],"version-history":[{"count":4,"href":"https:\/\/nyforetagarcentrum.se\/skanenordvast\/wp-json\/wp\/v2\/story\/3443\/revisions"}],"predecessor-version":[{"id":3449,"href":"https:\/\/nyforetagarcentrum.se\/skanenordvast\/wp-json\/wp\/v2\/story\/3443\/revisions\/3449"}],"wp:featuredmedia":[{"embeddable":true,"href":"https:\/\/nyforetagarcentrum.se\/skanenordvast\/wp-json\/wp\/v2\/media\/3444"}],"wp:attachment":[{"href":"https:\/\/nyforetagarcentrum.se\/skanenordvast\/wp-json\/wp\/v2\/media?parent=3443"}],"wp:term":[{"taxonomy":"story_category","embeddable":true,"href":"https:\/\/nyforetagarcentrum.se\/skanenordvast\/wp-json\/wp\/v2\/story_category?post=3443"}],"curies":[{"name":"wp","href":"https:\/\/api.w.org\/{rel}","templated":true}]}}