{"id":2794,"date":"2025-04-16T13:39:09","date_gmt":"2025-04-16T11:39:09","guid":{"rendered":"https:\/\/nyforetagarcentrum.se\/skanenordvast\/?post_type=story&#038;p=2794"},"modified":"2025-04-16T14:21:11","modified_gmt":"2025-04-16T12:21:11","slug":"drommen-blev-verklighet-fran-anstalld-till-egenforetagare","status":"publish","type":"story","link":"https:\/\/nyforetagarcentrum.se\/skanenordvast\/success-stories\/drommen-blev-verklighet-fran-anstalld-till-egenforetagare\/","title":{"rendered":"Dr\u00f6mmen blev verklighet: Fr\u00e5n anst\u00e4lld till egenf\u00f6retagare"},"content":{"rendered":"\n<p>Efter m\u00e5nga \u00e5r av dr\u00f6mmar och funderingar tog hon steget. Nu \u00e4r Sara Sellerfors egenf\u00f6retagare och hj\u00e4lper andra f\u00f6retag att hitta talanger p\u00e5 nya s\u00e4tt genom sitt f\u00f6retag DreamTalent. Resan dit har varit b\u00e5de sp\u00e4nnande och lite l\u00e4skig, men med st\u00f6d fr\u00e5n Nyf\u00f6retagarCentrum Sk\u00e5ne Nordv\u00e4st och ett starkt n\u00e4tverk har dr\u00f6mmen blivit verklighet.<\/p>\n\n\n\n<p><strong>En l\u00e5ngvarig dr\u00f6m<\/strong><\/p>\n\n\n\n<p>\u2013Jag har nog velat starta eget i m\u00e5nga, m\u00e5nga \u00e5r. Att f\u00e5 f\u00f6rverkliga sina id\u00e9er och best\u00e4mma sj\u00e4lv vad man vill g\u00f6ra har varit en dr\u00f6m i \u00f6ver tio \u00e5r, ber\u00e4ttar Sara.<\/p>\n\n\n\n<p>Men att ta steget \u00e4r inte alltid l\u00e4tt. S\u00e4rskilt inte n\u00e4r man har hus och barn.<br>\u2013Det \u00e4r ju lite l\u00e4skigt att starta eget och fundera p\u00e5 hur allt ska funka med ekonomin. Men det var r\u00e4tt l\u00e4ge i livet just nu, ber\u00e4ttar hon.<\/p>\n\n\n\n<p><strong>St\u00f6det fr\u00e5n Nyf\u00f6retagarcentrum<\/strong><\/p>\n\n\n\n<p>R\u00e5dgivningen med Christian J\u00f6nsson p\u00e5 Nyf\u00f6retagarCentrum har varit ov\u00e4rderlig och sparade mycket tid.<br>\u2013Han vet vad han pratar om. Det gav en trygghet att f\u00e5 st\u00e4lla alla fr\u00e5gor, fr\u00e5n hur m\u00e5nga aktier man ska ha till om aff\u00e4rsid\u00e9n \u00e4r r\u00e4tt. Jag hade s\u00e4kert klarat det sj\u00e4lv men det hade tagit s\u00e5 mycket l\u00e4ngre tid, summerar hon.<\/p>\n\n\n\n<p>Hon uppskattade s\u00e4rskilt att f\u00e5 n\u00e5gon som st\u00e4llde utmanande fr\u00e5gor och fick henne att t\u00e4nka till p\u00e5 nya s\u00e4tt.<br>\u2013Jag var ganska trygg i vad jag ville g\u00f6ra, men Christian fick mig att t\u00e4nka till lite grann, p\u00e5 ett annat s\u00e4tt \u00e4n n\u00e4r man bara sitter sj\u00e4lv hemma, menar Sara.<\/p>\n\n\n\n<p>Hon planerar att forts\u00e4tta ta hj\u00e4lp av Nyf\u00f6retagarCentrum \u00e4ven i framtiden.<br>\u2013Just det h\u00e4r inf\u00f6r n\u00e4sta steg, att f\u00e5 lite coachning n\u00e4r man \u00e4r ig\u00e5ng och driver bolaget d\u00e5 det \u00e4r lite andra saker som \u00e4r aktuella, det har jag t\u00e4nkt p\u00e5, ber\u00e4ttar hon.<\/p>\n\n\n\n<p><strong>Mentorskap och n\u00e4tverk<\/strong><\/p>\n\n\n\n<p>M\u00f6jligheten att ans\u00f6ka till det 1-\u00e5riga mentorsprogrammet som Nyf\u00f6retagarCentrum Sk\u00e5ne Nordv\u00e4st driver \u00e4r ocks\u00e5 n\u00e5got hon ser fram emot.<br>\u2013Det k\u00e4nns som att jag skulle beh\u00f6va n\u00e5gon senior person som har varit med ett tag och drivit bolag, som man kan f\u00e5 st\u00e4lla alla fr\u00e5gor till, s\u00e4ger hon.<\/p>\n\n\n\n<p>Att anv\u00e4nda sitt n\u00e4tverk och v\u00e5ga be om hj\u00e4lp \u00e4r hennes b\u00e4sta r\u00e5d till andra som dr\u00f6mmer om att starta eget.<br>\u2013Folk hj\u00e4lper till n\u00e4r man h\u00f6r av sig, s\u00e4ger hon. Men man m\u00e5ste v\u00e5ga fr\u00e5ga!<\/p>\n\n\n\n<p><strong>En aff\u00e4rsid\u00e9 med mening<\/strong><\/p>\n\n\n\n<p>Hennes aff\u00e4rsid\u00e9 handlar om att hj\u00e4lpa f\u00f6retag att hitta kompetens p\u00e5 nya s\u00e4tt.<br>\u2013Jag brinner f\u00f6r att hj\u00e4lpa f\u00f6retag att g\u00f6ra bra aff\u00e4rer med m\u00e4nniskor som av olika anledningar inte kommer in p\u00e5 arbetsmarknaden annars, f\u00f6rklarar hon.<\/p>\n\n\n\n<p>Med en bakgrund inom b\u00e5de Samhall, Klippans kommun och IKEA har hon l\u00e5ng erfarenhet av att arbeta med arbetsmarknadsfr\u00e5gor.<br>\u2013Jag har sett att det finns massor av talanger d\u00e4r ute, och jag vill hj\u00e4lpa f\u00f6retag att hitta dem och vara en kompetensf\u00f6rs\u00f6rjningspartner som hj\u00e4lper f\u00f6retagen att g\u00f6ra b\u00e4ttre aff\u00e4rer genom h\u00e5llbar rekrytering, ber\u00e4ttar hon entusiastiskt.<\/p>\n\n\n\n<p><strong>V\u00e5ga ta steget!<\/strong><\/p>\n\n\n\n<p>Hennes r\u00e5d till andra som st\u00e5r inf\u00f6r beslutet att starta eget \u00e4r tydligt:<br>\u2013V\u00e5ga! Men jag vill ocks\u00e5 vara \u00e4rlig med att det \u00e4r lite l\u00e4skigt, s\u00e4ger hon och skrattar. Det \u00e4r ett stort steg, fr\u00e5n att ha en trygg anst\u00e4llning till att vara sin egen. Men med hj\u00e4lp av Nyf\u00f6retagarcentrum och ett starkt n\u00e4tverk kan man klara det!<\/p>\n\n\n\n<p><strong>Saras tips f\u00f6r dig som vill starta eget:<\/strong><\/p>\n\n\n\n<ul>\n<li><strong>Ta hj\u00e4lp:<\/strong> Nyf\u00f6retagarCentrum erbjuder kostnadsfri r\u00e5dgivning och st\u00f6d.<\/li>\n\n\n\n<li><strong>Anv\u00e4nd ditt n\u00e4tverk:<\/strong> V\u00e5ga be om hj\u00e4lp fr\u00e5n m\u00e4nniskor i din omgivning.<\/li>\n\n\n\n<li><strong>Var beredd p\u00e5 att det \u00e4r lite l\u00e4skigt:<\/strong> Att starta eget \u00e4r en utmaning, men det kan ocks\u00e5 vara v\u00e4ldigt givande.<\/li>\n\n\n\n<li><strong>Tro p\u00e5 din aff\u00e4rsid\u00e9:<\/strong> Om du har en bra id\u00e9 och \u00e4r beredd att jobba h\u00e5rt kan du lyckas.<\/li>\n<\/ul>\n\n\n\n<p>H\u00e4r kan du l\u00e4sa en artikel om Sara Sellerfors i <a href=\"https:\/\/www.calameo.com\/read\/0051761619159457afe63\" target=\"_blank\" rel=\"noreferrer noopener\">Tidningen Work<\/a>.<\/p>\n\n\n\n<figure class=\"wp-block-embed is-type-video is-provider-youtube wp-block-embed-youtube wp-embed-aspect-16-9 wp-has-aspect-ratio\"><div class=\"wp-block-embed__wrapper\">\n<iframe loading=\"lazy\" title=\"Dr\u00f6mmen blev verklighet: Fr\u00e5n anst\u00e4lld till egenf\u00f6retagare!\" width=\"500\" height=\"281\" src=\"https:\/\/www.youtube.com\/embed\/bXvi2owVXk4?feature=oembed\" frameborder=\"0\" allow=\"accelerometer; autoplay; clipboard-write; encrypted-media; gyroscope; picture-in-picture; web-share\" referrerpolicy=\"strict-origin-when-cross-origin\" allowfullscreen><\/iframe>\n<\/div><\/figure>\n","protected":false},"featured_media":2795,"template":"","meta":{"footnotes":""},"story_category":[],"acf":[],"yoast_head":"<!-- This site is optimized with the Yoast SEO plugin v22.9 - https:\/\/yoast.com\/wordpress\/plugins\/seo\/ -->\n<title>Dr\u00f6mmen blev verklighet: Fr\u00e5n anst\u00e4lld till egenf\u00f6retagare - Sk\u00e5ne Nordv\u00e4st<\/title>\n<meta name=\"robots\" content=\"index, follow, max-snippet:-1, max-image-preview:large, max-video-preview:-1\" \/>\n<link rel=\"canonical\" href=\"https:\/\/nyforetagarcentrum.se\/skanenordvast\/success-stories\/drommen-blev-verklighet-fran-anstalld-till-egenforetagare\/\" \/>\n<meta property=\"og:locale\" content=\"sv_SE\" \/>\n<meta property=\"og:type\" content=\"article\" \/>\n<meta property=\"og:title\" content=\"Dr\u00f6mmen blev verklighet: Fr\u00e5n anst\u00e4lld till egenf\u00f6retagare - Sk\u00e5ne Nordv\u00e4st\" \/>\n<meta property=\"og:description\" content=\"Efter m\u00e5nga \u00e5r av dr\u00f6mmar och funderingar tog hon steget. Nu \u00e4r Sara Sellerfors egenf\u00f6retagare och hj\u00e4lper andra f\u00f6retag att hitta talanger p\u00e5 nya s\u00e4tt genom sitt f\u00f6retag DreamTalent. Resan dit har varit b\u00e5de sp\u00e4nnande och lite l\u00e4skig, men med st\u00f6d fr\u00e5n Nyf\u00f6retagarCentrum Sk\u00e5ne Nordv\u00e4st och ett starkt n\u00e4tverk har dr\u00f6mmen blivit verklighet. En l\u00e5ngvarig [&hellip;]\" \/>\n<meta property=\"og:url\" content=\"https:\/\/nyforetagarcentrum.se\/skanenordvast\/success-stories\/drommen-blev-verklighet-fran-anstalld-till-egenforetagare\/\" \/>\n<meta property=\"og:site_name\" content=\"Sk\u00e5ne Nordv\u00e4st\" \/>\n<meta property=\"article:modified_time\" content=\"2025-04-16T12:21:11+00:00\" \/>\n<meta property=\"og:image\" content=\"https:\/\/nyforetagarcentrum.se\/skanenordvast\/wp-content\/uploads\/sites\/71\/2025\/04\/Sara-Sellerfors_webb.jpg\" \/>\n\t<meta property=\"og:image:width\" content=\"665\" \/>\n\t<meta property=\"og:image:height\" content=\"672\" \/>\n\t<meta property=\"og:image:type\" content=\"image\/jpeg\" \/>\n<meta name=\"twitter:card\" content=\"summary_large_image\" \/>\n<meta name=\"twitter:label1\" content=\"Ber\u00e4knad l\u00e4stid\" \/>\n\t<meta name=\"twitter:data1\" content=\"4 minuter\" \/>\n<script type=\"application\/ld+json\" class=\"yoast-schema-graph\">{\"@context\":\"https:\/\/schema.org\",\"@graph\":[{\"@type\":\"WebPage\",\"@id\":\"https:\/\/nyforetagarcentrum.se\/skanenordvast\/success-stories\/drommen-blev-verklighet-fran-anstalld-till-egenforetagare\/\",\"url\":\"https:\/\/nyforetagarcentrum.se\/skanenordvast\/success-stories\/drommen-blev-verklighet-fran-anstalld-till-egenforetagare\/\",\"name\":\"Dr\u00f6mmen blev verklighet: Fr\u00e5n anst\u00e4lld till egenf\u00f6retagare - Sk\u00e5ne Nordv\u00e4st\",\"isPartOf\":{\"@id\":\"https:\/\/nyforetagarcentrum.se\/skanenordvast\/#website\"},\"primaryImageOfPage\":{\"@id\":\"https:\/\/nyforetagarcentrum.se\/skanenordvast\/success-stories\/drommen-blev-verklighet-fran-anstalld-till-egenforetagare\/#primaryimage\"},\"image\":{\"@id\":\"https:\/\/nyforetagarcentrum.se\/skanenordvast\/success-stories\/drommen-blev-verklighet-fran-anstalld-till-egenforetagare\/#primaryimage\"},\"thumbnailUrl\":\"https:\/\/nyforetagarcentrum.se\/skanenordvast\/wp-content\/uploads\/sites\/71\/2025\/04\/Sara-Sellerfors_webb.jpg\",\"datePublished\":\"2025-04-16T11:39:09+00:00\",\"dateModified\":\"2025-04-16T12:21:11+00:00\",\"breadcrumb\":{\"@id\":\"https:\/\/nyforetagarcentrum.se\/skanenordvast\/success-stories\/drommen-blev-verklighet-fran-anstalld-till-egenforetagare\/#breadcrumb\"},\"inLanguage\":\"sv-SE\",\"potentialAction\":[{\"@type\":\"ReadAction\",\"target\":[\"https:\/\/nyforetagarcentrum.se\/skanenordvast\/success-stories\/drommen-blev-verklighet-fran-anstalld-till-egenforetagare\/\"]}]},{\"@type\":\"ImageObject\",\"inLanguage\":\"sv-SE\",\"@id\":\"https:\/\/nyforetagarcentrum.se\/skanenordvast\/success-stories\/drommen-blev-verklighet-fran-anstalld-till-egenforetagare\/#primaryimage\",\"url\":\"https:\/\/nyforetagarcentrum.se\/skanenordvast\/wp-content\/uploads\/sites\/71\/2025\/04\/Sara-Sellerfors_webb.jpg\",\"contentUrl\":\"https:\/\/nyforetagarcentrum.se\/skanenordvast\/wp-content\/uploads\/sites\/71\/2025\/04\/Sara-Sellerfors_webb.jpg\",\"width\":665,\"height\":672,\"caption\":\"Sara Sellerfors\"},{\"@type\":\"BreadcrumbList\",\"@id\":\"https:\/\/nyforetagarcentrum.se\/skanenordvast\/success-stories\/drommen-blev-verklighet-fran-anstalld-till-egenforetagare\/#breadcrumb\",\"itemListElement\":[{\"@type\":\"ListItem\",\"position\":1,\"name\":\"Hem\",\"item\":\"https:\/\/nyforetagarcentrum.se\/skanenordvast\/\"},{\"@type\":\"ListItem\",\"position\":2,\"name\":\"Success stories\",\"item\":\"https:\/\/nyforetagarcentrum.se\/skanenordvast\/success-stories\/\"},{\"@type\":\"ListItem\",\"position\":3,\"name\":\"Dr\u00f6mmen blev verklighet: Fr\u00e5n anst\u00e4lld till egenf\u00f6retagare\"}]},{\"@type\":\"WebSite\",\"@id\":\"https:\/\/nyforetagarcentrum.se\/skanenordvast\/#website\",\"url\":\"https:\/\/nyforetagarcentrum.se\/skanenordvast\/\",\"name\":\"Sk\u00e5ne Nordv\u00e4st\",\"description\":\"Sveriges ledande kraft f\u00f6r fler nya livskraftiga f\u00f6retag\",\"publisher\":{\"@id\":\"https:\/\/nyforetagarcentrum.se\/skanenordvast\/#organization\"},\"potentialAction\":[{\"@type\":\"SearchAction\",\"target\":{\"@type\":\"EntryPoint\",\"urlTemplate\":\"https:\/\/nyforetagarcentrum.se\/skanenordvast\/?s={search_term_string}\"},\"query-input\":\"required name=search_term_string\"}],\"inLanguage\":\"sv-SE\"},{\"@type\":\"Organization\",\"@id\":\"https:\/\/nyforetagarcentrum.se\/skanenordvast\/#organization\",\"name\":\"Sk\u00e5ne Nordv\u00e4st\",\"url\":\"https:\/\/nyforetagarcentrum.se\/skanenordvast\/\",\"logo\":{\"@type\":\"ImageObject\",\"inLanguage\":\"sv-SE\",\"@id\":\"https:\/\/nyforetagarcentrum.se\/skanenordvast\/#\/schema\/logo\/image\/\",\"url\":\"https:\/\/nyforetagarcentrum.se\/skanenordvast\/wp-content\/uploads\/sites\/71\/2024\/07\/skanenordvast_bla.png\",\"contentUrl\":\"https:\/\/nyforetagarcentrum.se\/skanenordvast\/wp-content\/uploads\/sites\/71\/2024\/07\/skanenordvast_bla.png\",\"width\":870,\"height\":355,\"caption\":\"Sk\u00e5ne Nordv\u00e4st\"},\"image\":{\"@id\":\"https:\/\/nyforetagarcentrum.se\/skanenordvast\/#\/schema\/logo\/image\/\"}}]}<\/script>\n<!-- \/ Yoast SEO plugin. -->","yoast_head_json":{"title":"Dr\u00f6mmen blev verklighet: Fr\u00e5n anst\u00e4lld till egenf\u00f6retagare - Sk\u00e5ne Nordv\u00e4st","robots":{"index":"index","follow":"follow","max-snippet":"max-snippet:-1","max-image-preview":"max-image-preview:large","max-video-preview":"max-video-preview:-1"},"canonical":"https:\/\/nyforetagarcentrum.se\/skanenordvast\/success-stories\/drommen-blev-verklighet-fran-anstalld-till-egenforetagare\/","og_locale":"sv_SE","og_type":"article","og_title":"Dr\u00f6mmen blev verklighet: Fr\u00e5n anst\u00e4lld till egenf\u00f6retagare - Sk\u00e5ne Nordv\u00e4st","og_description":"Efter m\u00e5nga \u00e5r av dr\u00f6mmar och funderingar tog hon steget. Nu \u00e4r Sara Sellerfors egenf\u00f6retagare och hj\u00e4lper andra f\u00f6retag att hitta talanger p\u00e5 nya s\u00e4tt genom sitt f\u00f6retag DreamTalent. Resan dit har varit b\u00e5de sp\u00e4nnande och lite l\u00e4skig, men med st\u00f6d fr\u00e5n Nyf\u00f6retagarCentrum Sk\u00e5ne Nordv\u00e4st och ett starkt n\u00e4tverk har dr\u00f6mmen blivit verklighet. En l\u00e5ngvarig [&hellip;]","og_url":"https:\/\/nyforetagarcentrum.se\/skanenordvast\/success-stories\/drommen-blev-verklighet-fran-anstalld-till-egenforetagare\/","og_site_name":"Sk\u00e5ne Nordv\u00e4st","article_modified_time":"2025-04-16T12:21:11+00:00","og_image":[{"width":665,"height":672,"url":"https:\/\/nyforetagarcentrum.se\/skanenordvast\/wp-content\/uploads\/sites\/71\/2025\/04\/Sara-Sellerfors_webb.jpg","type":"image\/jpeg"}],"twitter_card":"summary_large_image","twitter_misc":{"Ber\u00e4knad l\u00e4stid":"4 minuter"},"schema":{"@context":"https:\/\/schema.org","@graph":[{"@type":"WebPage","@id":"https:\/\/nyforetagarcentrum.se\/skanenordvast\/success-stories\/drommen-blev-verklighet-fran-anstalld-till-egenforetagare\/","url":"https:\/\/nyforetagarcentrum.se\/skanenordvast\/success-stories\/drommen-blev-verklighet-fran-anstalld-till-egenforetagare\/","name":"Dr\u00f6mmen blev verklighet: Fr\u00e5n anst\u00e4lld till egenf\u00f6retagare - Sk\u00e5ne Nordv\u00e4st","isPartOf":{"@id":"https:\/\/nyforetagarcentrum.se\/skanenordvast\/#website"},"primaryImageOfPage":{"@id":"https:\/\/nyforetagarcentrum.se\/skanenordvast\/success-stories\/drommen-blev-verklighet-fran-anstalld-till-egenforetagare\/#primaryimage"},"image":{"@id":"https:\/\/nyforetagarcentrum.se\/skanenordvast\/success-stories\/drommen-blev-verklighet-fran-anstalld-till-egenforetagare\/#primaryimage"},"thumbnailUrl":"https:\/\/nyforetagarcentrum.se\/skanenordvast\/wp-content\/uploads\/sites\/71\/2025\/04\/Sara-Sellerfors_webb.jpg","datePublished":"2025-04-16T11:39:09+00:00","dateModified":"2025-04-16T12:21:11+00:00","breadcrumb":{"@id":"https:\/\/nyforetagarcentrum.se\/skanenordvast\/success-stories\/drommen-blev-verklighet-fran-anstalld-till-egenforetagare\/#breadcrumb"},"inLanguage":"sv-SE","potentialAction":[{"@type":"ReadAction","target":["https:\/\/nyforetagarcentrum.se\/skanenordvast\/success-stories\/drommen-blev-verklighet-fran-anstalld-till-egenforetagare\/"]}]},{"@type":"ImageObject","inLanguage":"sv-SE","@id":"https:\/\/nyforetagarcentrum.se\/skanenordvast\/success-stories\/drommen-blev-verklighet-fran-anstalld-till-egenforetagare\/#primaryimage","url":"https:\/\/nyforetagarcentrum.se\/skanenordvast\/wp-content\/uploads\/sites\/71\/2025\/04\/Sara-Sellerfors_webb.jpg","contentUrl":"https:\/\/nyforetagarcentrum.se\/skanenordvast\/wp-content\/uploads\/sites\/71\/2025\/04\/Sara-Sellerfors_webb.jpg","width":665,"height":672,"caption":"Sara Sellerfors"},{"@type":"BreadcrumbList","@id":"https:\/\/nyforetagarcentrum.se\/skanenordvast\/success-stories\/drommen-blev-verklighet-fran-anstalld-till-egenforetagare\/#breadcrumb","itemListElement":[{"@type":"ListItem","position":1,"name":"Hem","item":"https:\/\/nyforetagarcentrum.se\/skanenordvast\/"},{"@type":"ListItem","position":2,"name":"Success stories","item":"https:\/\/nyforetagarcentrum.se\/skanenordvast\/success-stories\/"},{"@type":"ListItem","position":3,"name":"Dr\u00f6mmen blev verklighet: Fr\u00e5n anst\u00e4lld till egenf\u00f6retagare"}]},{"@type":"WebSite","@id":"https:\/\/nyforetagarcentrum.se\/skanenordvast\/#website","url":"https:\/\/nyforetagarcentrum.se\/skanenordvast\/","name":"Sk\u00e5ne Nordv\u00e4st","description":"Sveriges ledande kraft f\u00f6r fler nya livskraftiga f\u00f6retag","publisher":{"@id":"https:\/\/nyforetagarcentrum.se\/skanenordvast\/#organization"},"potentialAction":[{"@type":"SearchAction","target":{"@type":"EntryPoint","urlTemplate":"https:\/\/nyforetagarcentrum.se\/skanenordvast\/?s={search_term_string}"},"query-input":"required name=search_term_string"}],"inLanguage":"sv-SE"},{"@type":"Organization","@id":"https:\/\/nyforetagarcentrum.se\/skanenordvast\/#organization","name":"Sk\u00e5ne Nordv\u00e4st","url":"https:\/\/nyforetagarcentrum.se\/skanenordvast\/","logo":{"@type":"ImageObject","inLanguage":"sv-SE","@id":"https:\/\/nyforetagarcentrum.se\/skanenordvast\/#\/schema\/logo\/image\/","url":"https:\/\/nyforetagarcentrum.se\/skanenordvast\/wp-content\/uploads\/sites\/71\/2024\/07\/skanenordvast_bla.png","contentUrl":"https:\/\/nyforetagarcentrum.se\/skanenordvast\/wp-content\/uploads\/sites\/71\/2024\/07\/skanenordvast_bla.png","width":870,"height":355,"caption":"Sk\u00e5ne Nordv\u00e4st"},"image":{"@id":"https:\/\/nyforetagarcentrum.se\/skanenordvast\/#\/schema\/logo\/image\/"}}]}},"_links":{"self":[{"href":"https:\/\/nyforetagarcentrum.se\/skanenordvast\/wp-json\/wp\/v2\/story\/2794"}],"collection":[{"href":"https:\/\/nyforetagarcentrum.se\/skanenordvast\/wp-json\/wp\/v2\/story"}],"about":[{"href":"https:\/\/nyforetagarcentrum.se\/skanenordvast\/wp-json\/wp\/v2\/types\/story"}],"version-history":[{"count":2,"href":"https:\/\/nyforetagarcentrum.se\/skanenordvast\/wp-json\/wp\/v2\/story\/2794\/revisions"}],"predecessor-version":[{"id":2798,"href":"https:\/\/nyforetagarcentrum.se\/skanenordvast\/wp-json\/wp\/v2\/story\/2794\/revisions\/2798"}],"wp:featuredmedia":[{"embeddable":true,"href":"https:\/\/nyforetagarcentrum.se\/skanenordvast\/wp-json\/wp\/v2\/media\/2795"}],"wp:attachment":[{"href":"https:\/\/nyforetagarcentrum.se\/skanenordvast\/wp-json\/wp\/v2\/media?parent=2794"}],"wp:term":[{"taxonomy":"story_category","embeddable":true,"href":"https:\/\/nyforetagarcentrum.se\/skanenordvast\/wp-json\/wp\/v2\/story_category?post=2794"}],"curies":[{"name":"wp","href":"https:\/\/api.w.org\/{rel}","templated":true}]}}