{"id":1643,"date":"2024-04-08T10:14:38","date_gmt":"2024-04-08T08:14:38","guid":{"rendered":"https:\/\/nyforetagarcentrum.se\/skanenordvast\/?post_type=story&#038;p=1643"},"modified":"2024-10-15T11:47:06","modified_gmt":"2024-10-15T09:47:06","slug":"fran-start-till-8-anstallda-pa-tva-ar","status":"publish","type":"story","link":"https:\/\/nyforetagarcentrum.se\/skanenordvast\/success-stories\/fran-start-till-8-anstallda-pa-tva-ar\/","title":{"rendered":"Fr\u00e5n start till 8 anst\u00e4llda p\u00e5 tv\u00e5 \u00e5r"},"content":{"rendered":"\n<p>Karri\u00e4rkompisar arbetar med rekrytering och bemanning och startades 2021 av Tarik El-ezeh som tidigare varit arbetscoach vid arbetsmarknadsf\u00f6rvaltningen och kontorsansvarig f\u00f6r ett bemanningsbolag. Intresset f\u00f6r att starta f\u00f6retag var stort liksom kunskapen om tj\u00e4nsterna han t\u00e4nkte erbjuda men han hade ingen tidigare erfarenhet av att driva eget bolag. Han blev rekommenderad att g\u00f6ra en aff\u00e4rsplan och en budget.<\/p>\n\n\n\n<p>\u2013Jag samlade p\u00e5 mig mycket information men var lite os\u00e4ker p\u00e5 om den h\u00e4r aff\u00e4rsid\u00e9n skulle fungera i l\u00e4ngden. Jag fick reda p\u00e5 att Nyf\u00f6retagarCentrum kunde hj\u00e4lpa mig att verifiera aff\u00e4rsplanen och jag kom i kontakt med en av era r\u00e5dgivare. Redan f\u00f6rsta g\u00e5ngen han tittade p\u00e5 min aff\u00e4rsplan fick jag mycket positiv \u00e5terkoppling och han undrade varf\u00f6r jag var os\u00e4ker eftersom jag hade s\u00e5 mycket klart redan. Det k\u00e4ndes bra och vi hade lite kontakt och tr\u00e4ffades n\u00e5gra g\u00e5nger \u00e4ven efter att jag hade startat mitt f\u00f6retag, ber\u00e4ttar Tarik El-ezeh grundare av Karri\u00e4rkompisar.<\/p>\n\n\n\n<p>D\u00e4refter b\u00f6rjade Tarik bygga bolaget, f\u00f6rst som underleverant\u00f6r med bemanning och rekrytering under 2021-2022 men fr\u00e5n och med 2023 har han direktavtal med Arbetsf\u00f6rmedlingen. Karri\u00e4rkompisar har \u00e4ven avtal med 4-5 stora arbetsgivare som anst\u00e4ller minst 10 personer per m\u00e5nad och ut\u00f6ver det hanterar de minst 50-60 rekryteringsprocesser varje m\u00e5nad. Karri\u00e4rkompisar har huvudkontor p\u00e5 Mindpark i Helsingborg samt kontor i Malm\u00f6 och Stockholm. Tre nya kontor ska etableras i Uppsala, G\u00f6teborg och J\u00f6nk\u00f6ping.<\/p>\n\n\n\n<p>\u2013Vi utvecklas v\u00e4ldigt bra och snabbt. Idag \u00e4r det 8 personer som jobbar p\u00e5 bolagets olika kontor, varav fyra i Helsingborg, ber\u00e4ttar Tarik.<\/p>\n\n\n\n<p>Tarik arbetar inte l\u00e4ngre direkt med klienter och arbetsgivare utan f\u00f6rdelar sin tid mellan de olika kontoren och \u00e4r ansvarig f\u00f6r att etablera nya kontor samt utvecklingen av bolaget. Kontorsansvariga och regionchefer sk\u00f6ter den operativa verksamheten.<\/p>\n\n\n\n<p>\u2013Den person som funderar p\u00e5 att starta f\u00f6retag m\u00e5ste tro p\u00e5 sig sj\u00e4lva och p\u00e5 sin dr\u00f6m. Nyf\u00f6retagarCentrum hj\u00e4lpte mig j\u00e4ttemycket med att bli s\u00e4ker p\u00e5 att min dr\u00f6m kunde g\u00e5 i uppfyllelse och att jag kunde g\u00f6ra detta, avslutar Tarik.<\/p>\n","protected":false},"featured_media":1616,"template":"","meta":{"footnotes":""},"story_category":[],"acf":[],"yoast_head":"<!-- This site is optimized with the Yoast SEO plugin v22.9 - https:\/\/yoast.com\/wordpress\/plugins\/seo\/ -->\n<title>Fr\u00e5n start till 8 anst\u00e4llda p\u00e5 tv\u00e5 \u00e5r - Sk\u00e5ne Nordv\u00e4st<\/title>\n<meta name=\"description\" content=\"Tarik El-ezeh grundade Karri\u00e4rkompisar 2021 med st\u00f6d fr\u00e5n Nyf\u00f6retagarCentrum, vilket st\u00e4rkte hans aff\u00e4rsid\u00e9 och sj\u00e4lvf\u00f6rtroende.\" \/>\n<meta name=\"robots\" content=\"index, follow, max-snippet:-1, max-image-preview:large, max-video-preview:-1\" \/>\n<link rel=\"canonical\" href=\"https:\/\/nyforetagarcentrum.se\/skanenordvast\/success-stories\/fran-start-till-8-anstallda-pa-tva-ar\/\" \/>\n<meta property=\"og:locale\" content=\"sv_SE\" \/>\n<meta property=\"og:type\" content=\"article\" \/>\n<meta property=\"og:title\" content=\"Fr\u00e5n start till 8 anst\u00e4llda p\u00e5 tv\u00e5 \u00e5r - Sk\u00e5ne Nordv\u00e4st\" \/>\n<meta property=\"og:description\" content=\"Tarik El-ezeh grundade Karri\u00e4rkompisar 2021 med st\u00f6d fr\u00e5n Nyf\u00f6retagarCentrum, vilket st\u00e4rkte hans aff\u00e4rsid\u00e9 och sj\u00e4lvf\u00f6rtroende.\" \/>\n<meta property=\"og:url\" content=\"https:\/\/nyforetagarcentrum.se\/skanenordvast\/success-stories\/fran-start-till-8-anstallda-pa-tva-ar\/\" \/>\n<meta property=\"og:site_name\" content=\"Sk\u00e5ne Nordv\u00e4st\" \/>\n<meta property=\"article:modified_time\" content=\"2024-10-15T09:47:06+00:00\" \/>\n<meta property=\"og:image\" content=\"https:\/\/nyforetagarcentrum.se\/skanenordvast\/wp-content\/uploads\/sites\/71\/2024\/04\/Karriarkompisar-1136-x-386-px.png\" \/>\n\t<meta property=\"og:image:width\" content=\"1136\" \/>\n\t<meta property=\"og:image:height\" content=\"386\" \/>\n\t<meta property=\"og:image:type\" content=\"image\/png\" \/>\n<meta name=\"twitter:card\" content=\"summary_large_image\" \/>\n<meta name=\"twitter:label1\" content=\"Ber\u00e4knad l\u00e4stid\" \/>\n\t<meta name=\"twitter:data1\" content=\"2 minuter\" \/>\n<script type=\"application\/ld+json\" class=\"yoast-schema-graph\">{\"@context\":\"https:\/\/schema.org\",\"@graph\":[{\"@type\":\"WebPage\",\"@id\":\"https:\/\/nyforetagarcentrum.se\/skanenordvast\/success-stories\/fran-start-till-8-anstallda-pa-tva-ar\/\",\"url\":\"https:\/\/nyforetagarcentrum.se\/skanenordvast\/success-stories\/fran-start-till-8-anstallda-pa-tva-ar\/\",\"name\":\"Fr\u00e5n start till 8 anst\u00e4llda p\u00e5 tv\u00e5 \u00e5r - Sk\u00e5ne Nordv\u00e4st\",\"isPartOf\":{\"@id\":\"https:\/\/nyforetagarcentrum.se\/skanenordvast\/#website\"},\"primaryImageOfPage\":{\"@id\":\"https:\/\/nyforetagarcentrum.se\/skanenordvast\/success-stories\/fran-start-till-8-anstallda-pa-tva-ar\/#primaryimage\"},\"image\":{\"@id\":\"https:\/\/nyforetagarcentrum.se\/skanenordvast\/success-stories\/fran-start-till-8-anstallda-pa-tva-ar\/#primaryimage\"},\"thumbnailUrl\":\"https:\/\/nyforetagarcentrum.se\/skanenordvast\/wp-content\/uploads\/sites\/71\/2024\/04\/Karriarkompisar-1136-x-386-px.png\",\"datePublished\":\"2024-04-08T08:14:38+00:00\",\"dateModified\":\"2024-10-15T09:47:06+00:00\",\"description\":\"Tarik El-ezeh grundade Karri\u00e4rkompisar 2021 med st\u00f6d fr\u00e5n Nyf\u00f6retagarCentrum, vilket st\u00e4rkte hans aff\u00e4rsid\u00e9 och sj\u00e4lvf\u00f6rtroende.\",\"breadcrumb\":{\"@id\":\"https:\/\/nyforetagarcentrum.se\/skanenordvast\/success-stories\/fran-start-till-8-anstallda-pa-tva-ar\/#breadcrumb\"},\"inLanguage\":\"sv-SE\",\"potentialAction\":[{\"@type\":\"ReadAction\",\"target\":[\"https:\/\/nyforetagarcentrum.se\/skanenordvast\/success-stories\/fran-start-till-8-anstallda-pa-tva-ar\/\"]}]},{\"@type\":\"ImageObject\",\"inLanguage\":\"sv-SE\",\"@id\":\"https:\/\/nyforetagarcentrum.se\/skanenordvast\/success-stories\/fran-start-till-8-anstallda-pa-tva-ar\/#primaryimage\",\"url\":\"https:\/\/nyforetagarcentrum.se\/skanenordvast\/wp-content\/uploads\/sites\/71\/2024\/04\/Karriarkompisar-1136-x-386-px.png\",\"contentUrl\":\"https:\/\/nyforetagarcentrum.se\/skanenordvast\/wp-content\/uploads\/sites\/71\/2024\/04\/Karriarkompisar-1136-x-386-px.png\",\"width\":1136,\"height\":386},{\"@type\":\"BreadcrumbList\",\"@id\":\"https:\/\/nyforetagarcentrum.se\/skanenordvast\/success-stories\/fran-start-till-8-anstallda-pa-tva-ar\/#breadcrumb\",\"itemListElement\":[{\"@type\":\"ListItem\",\"position\":1,\"name\":\"Hem\",\"item\":\"https:\/\/nyforetagarcentrum.se\/skanenordvast\/\"},{\"@type\":\"ListItem\",\"position\":2,\"name\":\"Success stories\",\"item\":\"https:\/\/nyforetagarcentrum.se\/skanenordvast\/success-stories\/\"},{\"@type\":\"ListItem\",\"position\":3,\"name\":\"Fr\u00e5n start till 8 anst\u00e4llda p\u00e5 tv\u00e5 \u00e5r\"}]},{\"@type\":\"WebSite\",\"@id\":\"https:\/\/nyforetagarcentrum.se\/skanenordvast\/#website\",\"url\":\"https:\/\/nyforetagarcentrum.se\/skanenordvast\/\",\"name\":\"Sk\u00e5ne Nordv\u00e4st\",\"description\":\"Sveriges ledande kraft f\u00f6r fler nya livskraftiga f\u00f6retag\",\"publisher\":{\"@id\":\"https:\/\/nyforetagarcentrum.se\/skanenordvast\/#organization\"},\"potentialAction\":[{\"@type\":\"SearchAction\",\"target\":{\"@type\":\"EntryPoint\",\"urlTemplate\":\"https:\/\/nyforetagarcentrum.se\/skanenordvast\/?s={search_term_string}\"},\"query-input\":\"required name=search_term_string\"}],\"inLanguage\":\"sv-SE\"},{\"@type\":\"Organization\",\"@id\":\"https:\/\/nyforetagarcentrum.se\/skanenordvast\/#organization\",\"name\":\"Sk\u00e5ne Nordv\u00e4st\",\"url\":\"https:\/\/nyforetagarcentrum.se\/skanenordvast\/\",\"logo\":{\"@type\":\"ImageObject\",\"inLanguage\":\"sv-SE\",\"@id\":\"https:\/\/nyforetagarcentrum.se\/skanenordvast\/#\/schema\/logo\/image\/\",\"url\":\"https:\/\/nyforetagarcentrum.se\/skanenordvast\/wp-content\/uploads\/sites\/71\/2024\/07\/skanenordvast_bla.png\",\"contentUrl\":\"https:\/\/nyforetagarcentrum.se\/skanenordvast\/wp-content\/uploads\/sites\/71\/2024\/07\/skanenordvast_bla.png\",\"width\":870,\"height\":355,\"caption\":\"Sk\u00e5ne Nordv\u00e4st\"},\"image\":{\"@id\":\"https:\/\/nyforetagarcentrum.se\/skanenordvast\/#\/schema\/logo\/image\/\"}}]}<\/script>\n<!-- \/ Yoast SEO plugin. -->","yoast_head_json":{"title":"Fr\u00e5n start till 8 anst\u00e4llda p\u00e5 tv\u00e5 \u00e5r - Sk\u00e5ne Nordv\u00e4st","description":"Tarik El-ezeh grundade Karri\u00e4rkompisar 2021 med st\u00f6d fr\u00e5n Nyf\u00f6retagarCentrum, vilket st\u00e4rkte hans aff\u00e4rsid\u00e9 och sj\u00e4lvf\u00f6rtroende.","robots":{"index":"index","follow":"follow","max-snippet":"max-snippet:-1","max-image-preview":"max-image-preview:large","max-video-preview":"max-video-preview:-1"},"canonical":"https:\/\/nyforetagarcentrum.se\/skanenordvast\/success-stories\/fran-start-till-8-anstallda-pa-tva-ar\/","og_locale":"sv_SE","og_type":"article","og_title":"Fr\u00e5n start till 8 anst\u00e4llda p\u00e5 tv\u00e5 \u00e5r - Sk\u00e5ne Nordv\u00e4st","og_description":"Tarik El-ezeh grundade Karri\u00e4rkompisar 2021 med st\u00f6d fr\u00e5n Nyf\u00f6retagarCentrum, vilket st\u00e4rkte hans aff\u00e4rsid\u00e9 och sj\u00e4lvf\u00f6rtroende.","og_url":"https:\/\/nyforetagarcentrum.se\/skanenordvast\/success-stories\/fran-start-till-8-anstallda-pa-tva-ar\/","og_site_name":"Sk\u00e5ne Nordv\u00e4st","article_modified_time":"2024-10-15T09:47:06+00:00","og_image":[{"width":1136,"height":386,"url":"https:\/\/nyforetagarcentrum.se\/skanenordvast\/wp-content\/uploads\/sites\/71\/2024\/04\/Karriarkompisar-1136-x-386-px.png","type":"image\/png"}],"twitter_card":"summary_large_image","twitter_misc":{"Ber\u00e4knad l\u00e4stid":"2 minuter"},"schema":{"@context":"https:\/\/schema.org","@graph":[{"@type":"WebPage","@id":"https:\/\/nyforetagarcentrum.se\/skanenordvast\/success-stories\/fran-start-till-8-anstallda-pa-tva-ar\/","url":"https:\/\/nyforetagarcentrum.se\/skanenordvast\/success-stories\/fran-start-till-8-anstallda-pa-tva-ar\/","name":"Fr\u00e5n start till 8 anst\u00e4llda p\u00e5 tv\u00e5 \u00e5r - Sk\u00e5ne Nordv\u00e4st","isPartOf":{"@id":"https:\/\/nyforetagarcentrum.se\/skanenordvast\/#website"},"primaryImageOfPage":{"@id":"https:\/\/nyforetagarcentrum.se\/skanenordvast\/success-stories\/fran-start-till-8-anstallda-pa-tva-ar\/#primaryimage"},"image":{"@id":"https:\/\/nyforetagarcentrum.se\/skanenordvast\/success-stories\/fran-start-till-8-anstallda-pa-tva-ar\/#primaryimage"},"thumbnailUrl":"https:\/\/nyforetagarcentrum.se\/skanenordvast\/wp-content\/uploads\/sites\/71\/2024\/04\/Karriarkompisar-1136-x-386-px.png","datePublished":"2024-04-08T08:14:38+00:00","dateModified":"2024-10-15T09:47:06+00:00","description":"Tarik El-ezeh grundade Karri\u00e4rkompisar 2021 med st\u00f6d fr\u00e5n Nyf\u00f6retagarCentrum, vilket st\u00e4rkte hans aff\u00e4rsid\u00e9 och sj\u00e4lvf\u00f6rtroende.","breadcrumb":{"@id":"https:\/\/nyforetagarcentrum.se\/skanenordvast\/success-stories\/fran-start-till-8-anstallda-pa-tva-ar\/#breadcrumb"},"inLanguage":"sv-SE","potentialAction":[{"@type":"ReadAction","target":["https:\/\/nyforetagarcentrum.se\/skanenordvast\/success-stories\/fran-start-till-8-anstallda-pa-tva-ar\/"]}]},{"@type":"ImageObject","inLanguage":"sv-SE","@id":"https:\/\/nyforetagarcentrum.se\/skanenordvast\/success-stories\/fran-start-till-8-anstallda-pa-tva-ar\/#primaryimage","url":"https:\/\/nyforetagarcentrum.se\/skanenordvast\/wp-content\/uploads\/sites\/71\/2024\/04\/Karriarkompisar-1136-x-386-px.png","contentUrl":"https:\/\/nyforetagarcentrum.se\/skanenordvast\/wp-content\/uploads\/sites\/71\/2024\/04\/Karriarkompisar-1136-x-386-px.png","width":1136,"height":386},{"@type":"BreadcrumbList","@id":"https:\/\/nyforetagarcentrum.se\/skanenordvast\/success-stories\/fran-start-till-8-anstallda-pa-tva-ar\/#breadcrumb","itemListElement":[{"@type":"ListItem","position":1,"name":"Hem","item":"https:\/\/nyforetagarcentrum.se\/skanenordvast\/"},{"@type":"ListItem","position":2,"name":"Success stories","item":"https:\/\/nyforetagarcentrum.se\/skanenordvast\/success-stories\/"},{"@type":"ListItem","position":3,"name":"Fr\u00e5n start till 8 anst\u00e4llda p\u00e5 tv\u00e5 \u00e5r"}]},{"@type":"WebSite","@id":"https:\/\/nyforetagarcentrum.se\/skanenordvast\/#website","url":"https:\/\/nyforetagarcentrum.se\/skanenordvast\/","name":"Sk\u00e5ne Nordv\u00e4st","description":"Sveriges ledande kraft f\u00f6r fler nya livskraftiga f\u00f6retag","publisher":{"@id":"https:\/\/nyforetagarcentrum.se\/skanenordvast\/#organization"},"potentialAction":[{"@type":"SearchAction","target":{"@type":"EntryPoint","urlTemplate":"https:\/\/nyforetagarcentrum.se\/skanenordvast\/?s={search_term_string}"},"query-input":"required name=search_term_string"}],"inLanguage":"sv-SE"},{"@type":"Organization","@id":"https:\/\/nyforetagarcentrum.se\/skanenordvast\/#organization","name":"Sk\u00e5ne Nordv\u00e4st","url":"https:\/\/nyforetagarcentrum.se\/skanenordvast\/","logo":{"@type":"ImageObject","inLanguage":"sv-SE","@id":"https:\/\/nyforetagarcentrum.se\/skanenordvast\/#\/schema\/logo\/image\/","url":"https:\/\/nyforetagarcentrum.se\/skanenordvast\/wp-content\/uploads\/sites\/71\/2024\/07\/skanenordvast_bla.png","contentUrl":"https:\/\/nyforetagarcentrum.se\/skanenordvast\/wp-content\/uploads\/sites\/71\/2024\/07\/skanenordvast_bla.png","width":870,"height":355,"caption":"Sk\u00e5ne Nordv\u00e4st"},"image":{"@id":"https:\/\/nyforetagarcentrum.se\/skanenordvast\/#\/schema\/logo\/image\/"}}]}},"_links":{"self":[{"href":"https:\/\/nyforetagarcentrum.se\/skanenordvast\/wp-json\/wp\/v2\/story\/1643"}],"collection":[{"href":"https:\/\/nyforetagarcentrum.se\/skanenordvast\/wp-json\/wp\/v2\/story"}],"about":[{"href":"https:\/\/nyforetagarcentrum.se\/skanenordvast\/wp-json\/wp\/v2\/types\/story"}],"version-history":[{"count":1,"href":"https:\/\/nyforetagarcentrum.se\/skanenordvast\/wp-json\/wp\/v2\/story\/1643\/revisions"}],"predecessor-version":[{"id":1644,"href":"https:\/\/nyforetagarcentrum.se\/skanenordvast\/wp-json\/wp\/v2\/story\/1643\/revisions\/1644"}],"wp:featuredmedia":[{"embeddable":true,"href":"https:\/\/nyforetagarcentrum.se\/skanenordvast\/wp-json\/wp\/v2\/media\/1616"}],"wp:attachment":[{"href":"https:\/\/nyforetagarcentrum.se\/skanenordvast\/wp-json\/wp\/v2\/media?parent=1643"}],"wp:term":[{"taxonomy":"story_category","embeddable":true,"href":"https:\/\/nyforetagarcentrum.se\/skanenordvast\/wp-json\/wp\/v2\/story_category?post=1643"}],"curies":[{"name":"wp","href":"https:\/\/api.w.org\/{rel}","templated":true}]}}