{"id":2613,"date":"2025-02-06T08:19:42","date_gmt":"2025-02-06T07:19:42","guid":{"rendered":"https:\/\/nyforetagarcentrum.se\/skanenordvast\/?p=2613"},"modified":"2025-02-06T08:19:43","modified_gmt":"2025-02-06T07:19:43","slug":"partnerskap-med-fokus-pa-samhallsnytta-och-langsiktig-utveckling","status":"publish","type":"post","link":"https:\/\/nyforetagarcentrum.se\/skanenordvast\/2025\/02\/06\/partnerskap-med-fokus-pa-samhallsnytta-och-langsiktig-utveckling\/","title":{"rendered":"Partnerskap med fokus p\u00e5 samh\u00e4llsnytta och l\u00e5ngsiktig utveckling"},"content":{"rendered":"\n<p>Sparbankerna har en l\u00e5ng tradition av att st\u00f6dja lokala samh\u00e4llen och fr\u00e4mja ekonomisk utveckling. Nystartade f\u00f6retag bidrar till ekonomisk tillv\u00e4xt och skapar arbetstillf\u00e4llen i lokalsamh\u00e4llet. Genom att st\u00f6dja Nyf\u00f6retagarCentrum bidrar Sparbanken Boken i \u00d6rkelljunga kommun till en mer dynamisk och v\u00e4lm\u00e5ende region.<br>\u2013Att st\u00f6dja Nyf\u00f6retagarCentrum ligger v\u00e4l i linje med v\u00e5ra v\u00e4rderingar, s\u00e4ger Christina Hartzell, vd p\u00e5 Sparbanken Boken som \u00e4r nybliven partner till Nyf\u00f6retagarCentrum Sk\u00e5ne Nordv\u00e4st.<\/p>\n\n\n\n<p>Genom att m\u00f6jligg\u00f6ra f\u00f6r fler att starta f\u00f6retag bidrar Sparbanken Boken till en mer h\u00e5llbar ekonomisk utveckling. Detta \u00e4r viktigt b\u00e5de f\u00f6r nuvarande och framtida generationer. Sparbanken Boken vill tidigt f\u00e5 upp intresset f\u00f6r ekonomi och sparande med syfte att ge individen en sund ekonomisk start och valm\u00f6jligheter f\u00f6r framtiden.<br>\u2013D\u00e4rf\u00f6r \u00e4r vi ute och bes\u00f6ker b\u00e5de femteklassare och tredjeklassare f\u00f6r att prata ekonomi, ber\u00e4ttar Frida Nilsson, marknadsansvarig p\u00e5 Sparbanken Boken.<\/p>\n\n\n\n<p>I \u00d6rkelljunga kommun \u00e4r de tongivande branscherna industri, hantverk och handel och det finns m\u00e5nga enskilda firmor. Samarbetet med Nyf\u00f6retagarCentrum ger Sparbanken Boken en extra m\u00f6jlighet att bygga v\u00e4rdefulla kontakter med blivande och nystartade f\u00f6retagare.<\/p>\n\n\n\n<p><strong>Stort samh\u00e4llsengagemang<\/strong><\/p>\n\n\n\n<p>En del i att vara till f\u00f6r bygden inneb\u00e4r att Sparbanken Boken sponsrar ett 40-tal f\u00f6reningar och 2024 f\u00f6rdelades ungef\u00e4r en halv miljon kronor i bygden.<br>\u2013 Vi har aldrig haft s\u00e5 m\u00e5nga som har ans\u00f6kt och f\u00e5tt st\u00f6ttning tidigare och vi ser det som ett sundhetstecken f\u00f6r v\u00e5r region, ber\u00e4ttar Christina och Frida.<\/p>\n\n\n\n<p>I \u00d6rkelljunga kommun \u00e4r det precis som p\u00e5 m\u00e5nga andra mindre orter i Sverige.<br>\u2013Vi tappar inv\u00e5nare och vi tappar kanske lite f\u00f6retagare ocks\u00e5 och d\u00e5 beh\u00f6ver vi k\u00e4mpa och bidra med det vi kan. Vi kan inte g\u00e5 in och ge pengar till en enskild f\u00f6retagare, men vi kan ge det till en organisation som er, som st\u00f6ttar f\u00f6retagandet, f\u00f6r att f\u00e5 tillv\u00e4xt i kommunen. Vi beh\u00f6ver alla hj\u00e4lpas \u00e5t och det \u00e4r av samma anledning som vi sponsrar f\u00f6reningslivet. Det \u00e4r f\u00f6r att byarna ska leva och f\u00f6r att det ska vara attraktivt att bo h\u00e4r, s\u00e4ger Christina entusiastiskt.<\/p>\n\n\n\n<p>Nyf\u00f6retagarCentrum spelar en avg\u00f6rande roll i att fr\u00e4mja entrepren\u00f6rskap och hj\u00e4lpa m\u00e4nniskor att f\u00f6rverkliga sina aff\u00e4rsid\u00e9er.<br>\u2013Ska ni kunna forts\u00e4tta bedriva er kostnadsfria r\u00e5dgivning beh\u00f6ver vi vara med och st\u00f6tta er verksamhet. Genom att st\u00f6dja er investerar vi p\u00e5 Sparbanken Boken i framtida f\u00f6retag och arbetstillf\u00e4llen. Det ligger helt i linje med v\u00e5rt syfte som jag brinner f\u00f6r, och det \u00e4r att hela Sverige ska leva. Sparbanken g\u00f6r otroligt mycket nytta p\u00e5 landsbygden och i de mindre orterna. Ska vi finnas kvar m\u00e5ste vi ha folk som vill bo och verka h\u00e4r. Det m\u00e5ste finnas f\u00f6retag och det m\u00e5ste komma nya f\u00f6retag som bidrar till utvecklingen av bygden. Vi tror mycket p\u00e5 att finnas tillg\u00e4ngliga f\u00f6r det fysiska m\u00f6tet och kunna bygga relation med kunder och f\u00f6retagare. D\u00e4rf\u00f6r startade vi ett lokalt kontor h\u00e4r i \u00d6rkelljunga under 2024, ber\u00e4ttar Christina.<\/p>\n\n\n\n<p><strong>Om Sparbanken Boken<\/strong><\/p>\n\n\n\n<p>En sparbank \u00e4r till f\u00f6r bygden vilket \u00e4ven genomsyrar Sparbanken Bokens verksamhet. Hishults Sparbank bildades redan 1884 och Sk\u00e5nes Fagerhults Sparbank bildades 1904. De b\u00e5da bankerna fusionerade 2006 och den sammanslagna banken fick namnet Sparbanken Boken. Banken i \u00d6rkelljunga kommun \u00e4r en av Sveriges absolut minsta sparbanker med 16 anst\u00e4llda f\u00f6rdelade p\u00e5 tre kontor och de har ett samarbetsavtal med Swedbank. 2024 \u00f6ppnades kontoret i \u00d6rkelljunga av den anledningen att de har m\u00e5nga kunder i eller s\u00f6der om orten. F\u00f6retagssidan \u00e4r en del av verksamheten som de tror och hoppas kan utvecklas \u00e4nnu mer fram\u00f6ver med lokal n\u00e4rvaro och \u00f6kad tillg\u00e4nglig f\u00f6r kunder och f\u00f6retagare.<\/p>\n\n\n\n<p>L\u00e4s mer om Sparbanken Boken h\u00e4r: <a href=\"https:\/\/www.sparbankenboken.se\/\">https:\/\/www.sparbankenboken.se\/<\/a><\/p>\n","protected":false},"excerpt":{"rendered":"<p>Sparbankerna har en l\u00e5ng tradition av att st\u00f6dja lokala samh\u00e4llen och fr\u00e4mja ekonomisk utveckling. Nystartade f\u00f6retag bidrar till ekonomisk tillv\u00e4xt och skapar arbetstillf\u00e4llen i lokalsamh\u00e4llet. Genom att st\u00f6dja Nyf\u00f6retagarCentrum bidrar Sparbanken Boken i \u00d6rkelljunga kommun till en mer dynamisk och v\u00e4lm\u00e5ende region.\u2013Att st\u00f6dja Nyf\u00f6retagarCentrum ligger v\u00e4l i linje med v\u00e5ra v\u00e4rderingar, s\u00e4ger Christina Hartzell, vd [&hellip;]<\/p>\n","protected":false},"author":71,"featured_media":2616,"comment_status":"open","ping_status":"open","sticky":false,"template":"","format":"standard","meta":{"footnotes":""},"categories":[15],"tags":[],"acf":[],"yoast_head":"<!-- This site is optimized with the Yoast SEO plugin v22.9 - https:\/\/yoast.com\/wordpress\/plugins\/seo\/ -->\n<title>Partnerskap med fokus p\u00e5 samh\u00e4llsnytta och l\u00e5ngsiktig utveckling - Sk\u00e5ne Nordv\u00e4st<\/title>\n<meta name=\"description\" content=\"Genom att st\u00f6dja Nyf\u00f6retagarCentrum Sk\u00e5ne Nordv\u00e4sts verksamhet investerar vi p\u00e5 Sparbanken Boken i framtida f\u00f6retag och arbetstillf\u00e4llen lokalt.\" \/>\n<meta name=\"robots\" content=\"index, follow, max-snippet:-1, max-image-preview:large, max-video-preview:-1\" \/>\n<link rel=\"canonical\" href=\"https:\/\/nyforetagarcentrum.se\/skanenordvast\/2025\/02\/06\/partnerskap-med-fokus-pa-samhallsnytta-och-langsiktig-utveckling\/\" \/>\n<meta property=\"og:locale\" content=\"sv_SE\" \/>\n<meta property=\"og:type\" content=\"article\" \/>\n<meta property=\"og:title\" content=\"Partnerskap med fokus p\u00e5 samh\u00e4llsnytta och l\u00e5ngsiktig utveckling - Sk\u00e5ne Nordv\u00e4st\" \/>\n<meta property=\"og:description\" content=\"Genom att st\u00f6dja Nyf\u00f6retagarCentrum Sk\u00e5ne Nordv\u00e4sts verksamhet investerar vi p\u00e5 Sparbanken Boken i framtida f\u00f6retag och arbetstillf\u00e4llen lokalt.\" \/>\n<meta property=\"og:url\" content=\"https:\/\/nyforetagarcentrum.se\/skanenordvast\/2025\/02\/06\/partnerskap-med-fokus-pa-samhallsnytta-och-langsiktig-utveckling\/\" \/>\n<meta property=\"og:site_name\" content=\"Sk\u00e5ne Nordv\u00e4st\" \/>\n<meta property=\"article:published_time\" content=\"2025-02-06T07:19:42+00:00\" \/>\n<meta property=\"article:modified_time\" content=\"2025-02-06T07:19:43+00:00\" \/>\n<meta property=\"og:image\" content=\"https:\/\/nyforetagarcentrum.se\/skanenordvast\/wp-content\/uploads\/sites\/71\/2025\/02\/Boken-webb.jpg\" \/>\n\t<meta property=\"og:image:width\" content=\"800\" \/>\n\t<meta property=\"og:image:height\" content=\"869\" \/>\n\t<meta property=\"og:image:type\" content=\"image\/jpeg\" \/>\n<meta name=\"author\" content=\"skanenordvast\" \/>\n<meta name=\"twitter:card\" content=\"summary_large_image\" \/>\n<meta name=\"twitter:label1\" content=\"Skriven av\" \/>\n\t<meta name=\"twitter:data1\" content=\"skanenordvast\" \/>\n\t<meta name=\"twitter:label2\" content=\"Ber\u00e4knad l\u00e4stid\" \/>\n\t<meta name=\"twitter:data2\" content=\"4 minuter\" \/>\n<script type=\"application\/ld+json\" class=\"yoast-schema-graph\">{\"@context\":\"https:\/\/schema.org\",\"@graph\":[{\"@type\":\"Article\",\"@id\":\"https:\/\/nyforetagarcentrum.se\/skanenordvast\/2025\/02\/06\/partnerskap-med-fokus-pa-samhallsnytta-och-langsiktig-utveckling\/#article\",\"isPartOf\":{\"@id\":\"https:\/\/nyforetagarcentrum.se\/skanenordvast\/2025\/02\/06\/partnerskap-med-fokus-pa-samhallsnytta-och-langsiktig-utveckling\/\"},\"author\":{\"name\":\"skanenordvast\",\"@id\":\"https:\/\/nyforetagarcentrum.se\/skanenordvast\/#\/schema\/person\/6ee635660c9c4b2225a9173c0c2b990e\"},\"headline\":\"Partnerskap med fokus p\u00e5 samh\u00e4llsnytta och l\u00e5ngsiktig utveckling\",\"datePublished\":\"2025-02-06T07:19:42+00:00\",\"dateModified\":\"2025-02-06T07:19:43+00:00\",\"mainEntityOfPage\":{\"@id\":\"https:\/\/nyforetagarcentrum.se\/skanenordvast\/2025\/02\/06\/partnerskap-med-fokus-pa-samhallsnytta-och-langsiktig-utveckling\/\"},\"wordCount\":710,\"commentCount\":0,\"publisher\":{\"@id\":\"https:\/\/nyforetagarcentrum.se\/skanenordvast\/#organization\"},\"image\":{\"@id\":\"https:\/\/nyforetagarcentrum.se\/skanenordvast\/2025\/02\/06\/partnerskap-med-fokus-pa-samhallsnytta-och-langsiktig-utveckling\/#primaryimage\"},\"thumbnailUrl\":\"https:\/\/nyforetagarcentrum.se\/skanenordvast\/wp-content\/uploads\/sites\/71\/2025\/02\/Boken-webb.jpg\",\"articleSection\":[\"Partnerintervju\"],\"inLanguage\":\"sv-SE\",\"potentialAction\":[{\"@type\":\"CommentAction\",\"name\":\"Comment\",\"target\":[\"https:\/\/nyforetagarcentrum.se\/skanenordvast\/2025\/02\/06\/partnerskap-med-fokus-pa-samhallsnytta-och-langsiktig-utveckling\/#respond\"]}]},{\"@type\":\"WebPage\",\"@id\":\"https:\/\/nyforetagarcentrum.se\/skanenordvast\/2025\/02\/06\/partnerskap-med-fokus-pa-samhallsnytta-och-langsiktig-utveckling\/\",\"url\":\"https:\/\/nyforetagarcentrum.se\/skanenordvast\/2025\/02\/06\/partnerskap-med-fokus-pa-samhallsnytta-och-langsiktig-utveckling\/\",\"name\":\"Partnerskap med fokus p\u00e5 samh\u00e4llsnytta och l\u00e5ngsiktig utveckling - Sk\u00e5ne Nordv\u00e4st\",\"isPartOf\":{\"@id\":\"https:\/\/nyforetagarcentrum.se\/skanenordvast\/#website\"},\"primaryImageOfPage\":{\"@id\":\"https:\/\/nyforetagarcentrum.se\/skanenordvast\/2025\/02\/06\/partnerskap-med-fokus-pa-samhallsnytta-och-langsiktig-utveckling\/#primaryimage\"},\"image\":{\"@id\":\"https:\/\/nyforetagarcentrum.se\/skanenordvast\/2025\/02\/06\/partnerskap-med-fokus-pa-samhallsnytta-och-langsiktig-utveckling\/#primaryimage\"},\"thumbnailUrl\":\"https:\/\/nyforetagarcentrum.se\/skanenordvast\/wp-content\/uploads\/sites\/71\/2025\/02\/Boken-webb.jpg\",\"datePublished\":\"2025-02-06T07:19:42+00:00\",\"dateModified\":\"2025-02-06T07:19:43+00:00\",\"description\":\"Genom att st\u00f6dja Nyf\u00f6retagarCentrum Sk\u00e5ne Nordv\u00e4sts verksamhet investerar vi p\u00e5 Sparbanken Boken i framtida f\u00f6retag och arbetstillf\u00e4llen lokalt.\",\"breadcrumb\":{\"@id\":\"https:\/\/nyforetagarcentrum.se\/skanenordvast\/2025\/02\/06\/partnerskap-med-fokus-pa-samhallsnytta-och-langsiktig-utveckling\/#breadcrumb\"},\"inLanguage\":\"sv-SE\",\"potentialAction\":[{\"@type\":\"ReadAction\",\"target\":[\"https:\/\/nyforetagarcentrum.se\/skanenordvast\/2025\/02\/06\/partnerskap-med-fokus-pa-samhallsnytta-och-langsiktig-utveckling\/\"]}]},{\"@type\":\"ImageObject\",\"inLanguage\":\"sv-SE\",\"@id\":\"https:\/\/nyforetagarcentrum.se\/skanenordvast\/2025\/02\/06\/partnerskap-med-fokus-pa-samhallsnytta-och-langsiktig-utveckling\/#primaryimage\",\"url\":\"https:\/\/nyforetagarcentrum.se\/skanenordvast\/wp-content\/uploads\/sites\/71\/2025\/02\/Boken-webb.jpg\",\"contentUrl\":\"https:\/\/nyforetagarcentrum.se\/skanenordvast\/wp-content\/uploads\/sites\/71\/2025\/02\/Boken-webb.jpg\",\"width\":800,\"height\":869,\"caption\":\"Frida Nilsson och Christina Hartzell p\u00e5 Sparbanken Boken i \u00d6rkelljunga kommun\"},{\"@type\":\"BreadcrumbList\",\"@id\":\"https:\/\/nyforetagarcentrum.se\/skanenordvast\/2025\/02\/06\/partnerskap-med-fokus-pa-samhallsnytta-och-langsiktig-utveckling\/#breadcrumb\",\"itemListElement\":[{\"@type\":\"ListItem\",\"position\":1,\"name\":\"Hem\",\"item\":\"https:\/\/nyforetagarcentrum.se\/skanenordvast\/\"},{\"@type\":\"ListItem\",\"position\":2,\"name\":\"Partnerskap med fokus p\u00e5 samh\u00e4llsnytta och l\u00e5ngsiktig utveckling\"}]},{\"@type\":\"WebSite\",\"@id\":\"https:\/\/nyforetagarcentrum.se\/skanenordvast\/#website\",\"url\":\"https:\/\/nyforetagarcentrum.se\/skanenordvast\/\",\"name\":\"Sk\u00e5ne Nordv\u00e4st\",\"description\":\"Sveriges ledande kraft f\u00f6r fler nya livskraftiga f\u00f6retag\",\"publisher\":{\"@id\":\"https:\/\/nyforetagarcentrum.se\/skanenordvast\/#organization\"},\"potentialAction\":[{\"@type\":\"SearchAction\",\"target\":{\"@type\":\"EntryPoint\",\"urlTemplate\":\"https:\/\/nyforetagarcentrum.se\/skanenordvast\/?s={search_term_string}\"},\"query-input\":\"required name=search_term_string\"}],\"inLanguage\":\"sv-SE\"},{\"@type\":\"Organization\",\"@id\":\"https:\/\/nyforetagarcentrum.se\/skanenordvast\/#organization\",\"name\":\"Sk\u00e5ne Nordv\u00e4st\",\"url\":\"https:\/\/nyforetagarcentrum.se\/skanenordvast\/\",\"logo\":{\"@type\":\"ImageObject\",\"inLanguage\":\"sv-SE\",\"@id\":\"https:\/\/nyforetagarcentrum.se\/skanenordvast\/#\/schema\/logo\/image\/\",\"url\":\"https:\/\/nyforetagarcentrum.se\/skanenordvast\/wp-content\/uploads\/sites\/71\/2024\/07\/skanenordvast_bla.png\",\"contentUrl\":\"https:\/\/nyforetagarcentrum.se\/skanenordvast\/wp-content\/uploads\/sites\/71\/2024\/07\/skanenordvast_bla.png\",\"width\":870,\"height\":355,\"caption\":\"Sk\u00e5ne Nordv\u00e4st\"},\"image\":{\"@id\":\"https:\/\/nyforetagarcentrum.se\/skanenordvast\/#\/schema\/logo\/image\/\"}},{\"@type\":\"Person\",\"@id\":\"https:\/\/nyforetagarcentrum.se\/skanenordvast\/#\/schema\/person\/6ee635660c9c4b2225a9173c0c2b990e\",\"name\":\"skanenordvast\",\"image\":{\"@type\":\"ImageObject\",\"inLanguage\":\"sv-SE\",\"@id\":\"https:\/\/nyforetagarcentrum.se\/skanenordvast\/#\/schema\/person\/image\/\",\"url\":\"https:\/\/secure.gravatar.com\/avatar\/ea7c86c06976f75b3883adaae14fb5b1?s=96&d=mm&r=g\",\"contentUrl\":\"https:\/\/secure.gravatar.com\/avatar\/ea7c86c06976f75b3883adaae14fb5b1?s=96&d=mm&r=g\",\"caption\":\"skanenordvast\"},\"url\":\"https:\/\/nyforetagarcentrum.se\/skanenordvast\/author\/skanenordvast\/\"}]}<\/script>\n<!-- \/ Yoast SEO plugin. -->","yoast_head_json":{"title":"Partnerskap med fokus p\u00e5 samh\u00e4llsnytta och l\u00e5ngsiktig utveckling - Sk\u00e5ne Nordv\u00e4st","description":"Genom att st\u00f6dja Nyf\u00f6retagarCentrum Sk\u00e5ne Nordv\u00e4sts verksamhet investerar vi p\u00e5 Sparbanken Boken i framtida f\u00f6retag och arbetstillf\u00e4llen lokalt.","robots":{"index":"index","follow":"follow","max-snippet":"max-snippet:-1","max-image-preview":"max-image-preview:large","max-video-preview":"max-video-preview:-1"},"canonical":"https:\/\/nyforetagarcentrum.se\/skanenordvast\/2025\/02\/06\/partnerskap-med-fokus-pa-samhallsnytta-och-langsiktig-utveckling\/","og_locale":"sv_SE","og_type":"article","og_title":"Partnerskap med fokus p\u00e5 samh\u00e4llsnytta och l\u00e5ngsiktig utveckling - Sk\u00e5ne Nordv\u00e4st","og_description":"Genom att st\u00f6dja Nyf\u00f6retagarCentrum Sk\u00e5ne Nordv\u00e4sts verksamhet investerar vi p\u00e5 Sparbanken Boken i framtida f\u00f6retag och arbetstillf\u00e4llen lokalt.","og_url":"https:\/\/nyforetagarcentrum.se\/skanenordvast\/2025\/02\/06\/partnerskap-med-fokus-pa-samhallsnytta-och-langsiktig-utveckling\/","og_site_name":"Sk\u00e5ne Nordv\u00e4st","article_published_time":"2025-02-06T07:19:42+00:00","article_modified_time":"2025-02-06T07:19:43+00:00","og_image":[{"width":800,"height":869,"url":"https:\/\/nyforetagarcentrum.se\/skanenordvast\/wp-content\/uploads\/sites\/71\/2025\/02\/Boken-webb.jpg","type":"image\/jpeg"}],"author":"skanenordvast","twitter_card":"summary_large_image","twitter_misc":{"Skriven av":"skanenordvast","Ber\u00e4knad l\u00e4stid":"4 minuter"},"schema":{"@context":"https:\/\/schema.org","@graph":[{"@type":"Article","@id":"https:\/\/nyforetagarcentrum.se\/skanenordvast\/2025\/02\/06\/partnerskap-med-fokus-pa-samhallsnytta-och-langsiktig-utveckling\/#article","isPartOf":{"@id":"https:\/\/nyforetagarcentrum.se\/skanenordvast\/2025\/02\/06\/partnerskap-med-fokus-pa-samhallsnytta-och-langsiktig-utveckling\/"},"author":{"name":"skanenordvast","@id":"https:\/\/nyforetagarcentrum.se\/skanenordvast\/#\/schema\/person\/6ee635660c9c4b2225a9173c0c2b990e"},"headline":"Partnerskap med fokus p\u00e5 samh\u00e4llsnytta och l\u00e5ngsiktig utveckling","datePublished":"2025-02-06T07:19:42+00:00","dateModified":"2025-02-06T07:19:43+00:00","mainEntityOfPage":{"@id":"https:\/\/nyforetagarcentrum.se\/skanenordvast\/2025\/02\/06\/partnerskap-med-fokus-pa-samhallsnytta-och-langsiktig-utveckling\/"},"wordCount":710,"commentCount":0,"publisher":{"@id":"https:\/\/nyforetagarcentrum.se\/skanenordvast\/#organization"},"image":{"@id":"https:\/\/nyforetagarcentrum.se\/skanenordvast\/2025\/02\/06\/partnerskap-med-fokus-pa-samhallsnytta-och-langsiktig-utveckling\/#primaryimage"},"thumbnailUrl":"https:\/\/nyforetagarcentrum.se\/skanenordvast\/wp-content\/uploads\/sites\/71\/2025\/02\/Boken-webb.jpg","articleSection":["Partnerintervju"],"inLanguage":"sv-SE","potentialAction":[{"@type":"CommentAction","name":"Comment","target":["https:\/\/nyforetagarcentrum.se\/skanenordvast\/2025\/02\/06\/partnerskap-med-fokus-pa-samhallsnytta-och-langsiktig-utveckling\/#respond"]}]},{"@type":"WebPage","@id":"https:\/\/nyforetagarcentrum.se\/skanenordvast\/2025\/02\/06\/partnerskap-med-fokus-pa-samhallsnytta-och-langsiktig-utveckling\/","url":"https:\/\/nyforetagarcentrum.se\/skanenordvast\/2025\/02\/06\/partnerskap-med-fokus-pa-samhallsnytta-och-langsiktig-utveckling\/","name":"Partnerskap med fokus p\u00e5 samh\u00e4llsnytta och l\u00e5ngsiktig utveckling - Sk\u00e5ne Nordv\u00e4st","isPartOf":{"@id":"https:\/\/nyforetagarcentrum.se\/skanenordvast\/#website"},"primaryImageOfPage":{"@id":"https:\/\/nyforetagarcentrum.se\/skanenordvast\/2025\/02\/06\/partnerskap-med-fokus-pa-samhallsnytta-och-langsiktig-utveckling\/#primaryimage"},"image":{"@id":"https:\/\/nyforetagarcentrum.se\/skanenordvast\/2025\/02\/06\/partnerskap-med-fokus-pa-samhallsnytta-och-langsiktig-utveckling\/#primaryimage"},"thumbnailUrl":"https:\/\/nyforetagarcentrum.se\/skanenordvast\/wp-content\/uploads\/sites\/71\/2025\/02\/Boken-webb.jpg","datePublished":"2025-02-06T07:19:42+00:00","dateModified":"2025-02-06T07:19:43+00:00","description":"Genom att st\u00f6dja Nyf\u00f6retagarCentrum Sk\u00e5ne Nordv\u00e4sts verksamhet investerar vi p\u00e5 Sparbanken Boken i framtida f\u00f6retag och arbetstillf\u00e4llen lokalt.","breadcrumb":{"@id":"https:\/\/nyforetagarcentrum.se\/skanenordvast\/2025\/02\/06\/partnerskap-med-fokus-pa-samhallsnytta-och-langsiktig-utveckling\/#breadcrumb"},"inLanguage":"sv-SE","potentialAction":[{"@type":"ReadAction","target":["https:\/\/nyforetagarcentrum.se\/skanenordvast\/2025\/02\/06\/partnerskap-med-fokus-pa-samhallsnytta-och-langsiktig-utveckling\/"]}]},{"@type":"ImageObject","inLanguage":"sv-SE","@id":"https:\/\/nyforetagarcentrum.se\/skanenordvast\/2025\/02\/06\/partnerskap-med-fokus-pa-samhallsnytta-och-langsiktig-utveckling\/#primaryimage","url":"https:\/\/nyforetagarcentrum.se\/skanenordvast\/wp-content\/uploads\/sites\/71\/2025\/02\/Boken-webb.jpg","contentUrl":"https:\/\/nyforetagarcentrum.se\/skanenordvast\/wp-content\/uploads\/sites\/71\/2025\/02\/Boken-webb.jpg","width":800,"height":869,"caption":"Frida Nilsson och Christina Hartzell p\u00e5 Sparbanken Boken i \u00d6rkelljunga kommun"},{"@type":"BreadcrumbList","@id":"https:\/\/nyforetagarcentrum.se\/skanenordvast\/2025\/02\/06\/partnerskap-med-fokus-pa-samhallsnytta-och-langsiktig-utveckling\/#breadcrumb","itemListElement":[{"@type":"ListItem","position":1,"name":"Hem","item":"https:\/\/nyforetagarcentrum.se\/skanenordvast\/"},{"@type":"ListItem","position":2,"name":"Partnerskap med fokus p\u00e5 samh\u00e4llsnytta och l\u00e5ngsiktig utveckling"}]},{"@type":"WebSite","@id":"https:\/\/nyforetagarcentrum.se\/skanenordvast\/#website","url":"https:\/\/nyforetagarcentrum.se\/skanenordvast\/","name":"Sk\u00e5ne Nordv\u00e4st","description":"Sveriges ledande kraft f\u00f6r fler nya livskraftiga f\u00f6retag","publisher":{"@id":"https:\/\/nyforetagarcentrum.se\/skanenordvast\/#organization"},"potentialAction":[{"@type":"SearchAction","target":{"@type":"EntryPoint","urlTemplate":"https:\/\/nyforetagarcentrum.se\/skanenordvast\/?s={search_term_string}"},"query-input":"required name=search_term_string"}],"inLanguage":"sv-SE"},{"@type":"Organization","@id":"https:\/\/nyforetagarcentrum.se\/skanenordvast\/#organization","name":"Sk\u00e5ne Nordv\u00e4st","url":"https:\/\/nyforetagarcentrum.se\/skanenordvast\/","logo":{"@type":"ImageObject","inLanguage":"sv-SE","@id":"https:\/\/nyforetagarcentrum.se\/skanenordvast\/#\/schema\/logo\/image\/","url":"https:\/\/nyforetagarcentrum.se\/skanenordvast\/wp-content\/uploads\/sites\/71\/2024\/07\/skanenordvast_bla.png","contentUrl":"https:\/\/nyforetagarcentrum.se\/skanenordvast\/wp-content\/uploads\/sites\/71\/2024\/07\/skanenordvast_bla.png","width":870,"height":355,"caption":"Sk\u00e5ne Nordv\u00e4st"},"image":{"@id":"https:\/\/nyforetagarcentrum.se\/skanenordvast\/#\/schema\/logo\/image\/"}},{"@type":"Person","@id":"https:\/\/nyforetagarcentrum.se\/skanenordvast\/#\/schema\/person\/6ee635660c9c4b2225a9173c0c2b990e","name":"skanenordvast","image":{"@type":"ImageObject","inLanguage":"sv-SE","@id":"https:\/\/nyforetagarcentrum.se\/skanenordvast\/#\/schema\/person\/image\/","url":"https:\/\/secure.gravatar.com\/avatar\/ea7c86c06976f75b3883adaae14fb5b1?s=96&d=mm&r=g","contentUrl":"https:\/\/secure.gravatar.com\/avatar\/ea7c86c06976f75b3883adaae14fb5b1?s=96&d=mm&r=g","caption":"skanenordvast"},"url":"https:\/\/nyforetagarcentrum.se\/skanenordvast\/author\/skanenordvast\/"}]}},"_links":{"self":[{"href":"https:\/\/nyforetagarcentrum.se\/skanenordvast\/wp-json\/wp\/v2\/posts\/2613"}],"collection":[{"href":"https:\/\/nyforetagarcentrum.se\/skanenordvast\/wp-json\/wp\/v2\/posts"}],"about":[{"href":"https:\/\/nyforetagarcentrum.se\/skanenordvast\/wp-json\/wp\/v2\/types\/post"}],"author":[{"embeddable":true,"href":"https:\/\/nyforetagarcentrum.se\/skanenordvast\/wp-json\/wp\/v2\/users\/71"}],"replies":[{"embeddable":true,"href":"https:\/\/nyforetagarcentrum.se\/skanenordvast\/wp-json\/wp\/v2\/comments?post=2613"}],"version-history":[{"count":1,"href":"https:\/\/nyforetagarcentrum.se\/skanenordvast\/wp-json\/wp\/v2\/posts\/2613\/revisions"}],"predecessor-version":[{"id":2615,"href":"https:\/\/nyforetagarcentrum.se\/skanenordvast\/wp-json\/wp\/v2\/posts\/2613\/revisions\/2615"}],"wp:featuredmedia":[{"embeddable":true,"href":"https:\/\/nyforetagarcentrum.se\/skanenordvast\/wp-json\/wp\/v2\/media\/2616"}],"wp:attachment":[{"href":"https:\/\/nyforetagarcentrum.se\/skanenordvast\/wp-json\/wp\/v2\/media?parent=2613"}],"wp:term":[{"taxonomy":"category","embeddable":true,"href":"https:\/\/nyforetagarcentrum.se\/skanenordvast\/wp-json\/wp\/v2\/categories?post=2613"},{"taxonomy":"post_tag","embeddable":true,"href":"https:\/\/nyforetagarcentrum.se\/skanenordvast\/wp-json\/wp\/v2\/tags?post=2613"}],"curies":[{"name":"wp","href":"https:\/\/api.w.org\/{rel}","templated":true}]}}