{"id":1875,"date":"2024-05-14T11:04:19","date_gmt":"2024-05-14T09:04:19","guid":{"rendered":"https:\/\/nyforetagarcentrum.se\/skanenordvast\/?p=1875"},"modified":"2024-10-09T11:56:16","modified_gmt":"2024-10-09T09:56:16","slug":"var-roll-ar-att-hitta-motesplatser-dar-foretagarna-kan-fa-hjalp-2","status":"publish","type":"post","link":"https:\/\/nyforetagarcentrum.se\/skanenordvast\/2024\/05\/14\/var-roll-ar-att-hitta-motesplatser-dar-foretagarna-kan-fa-hjalp-2\/","title":{"rendered":"V\u00e5r roll \u00e4r att hitta m\u00f6tesplatser d\u00e4r f\u00f6retagarna kan f\u00e5 hj\u00e4lp"},"content":{"rendered":"\n<p>Teodor Isaksson arbetar som N\u00e4ringslivskoordinator i Sval\u00f6vs kommun sedan november 2022 och n\u00e4ringslivsansvarig \u00e4r Fredrik Kocon. De arbetar sedan en tid med konceptet m\u00f6tesplatser vilket kan vara en fysisk plats men \u00e4ven ett s\u00e4tt f\u00f6r m\u00e4nniskor att m\u00f6tas.<\/p>\n\n\n\n<p>\u2013Det \u00e4r genom samarbete och samverkan som vi n\u00e5r utveckling. F\u00f6retagandet i Sval\u00f6vs kommun \u00e4r unikt i och med att det \u00e4r en v\u00e4ldigt stor del som sysslar med lantbruk och n\u00e4ringar kopplat till det, runt 15% mot 2\u20133% p\u00e5 nationell niv\u00e5. Det \u00e4r mycket livsmedelsproduktion, v\u00e4xtf\u00f6r\u00e4dling och metallproduktion i v\u00e5r kommun, ber\u00e4ttar Teodor Isaksson.<\/p>\n\n\n\n<p>M\u00e5nga av f\u00f6retagen i kommunen \u00e4r mindre eller mellanstora men det finns ocks\u00e5 ett par riktigt stora f\u00f6retag. Dessutom finns det ganska mycket hobbyverksamhet i Sval\u00f6v. N\u00e5got som delvis \u00e4r drivet av en stark inflyttning av personer fr\u00e5n n\u00e4rliggande st\u00f6rre st\u00e4der. Personer som jobbar hemma och som driver i n\u00e5gon form av hobby eller f\u00f6retagsverksamhet vid sidan av sitt arbete. P\u00e5 sikt tror Teodor att dessa hobbyverksamheter kan utvecklas och bli en stark grogrund till nya konstellationer med nya typer av verksamheter och kombinationer.<\/p>\n\n\n\n<p>\u2013Det \u00e4r en sp\u00e4nnande utvecklingsv\u00e4g. Det blir mer h\u00e4rodlat och man v\u00e4rdes\u00e4tter den lokala produktionen vilket \u00e4r kul utifr\u00e5n det historiska perspektivet att det alltid varit en jordbruks- och lantbrukskommun. Det blir ett passande komplement i den kontexten, s\u00e4ger Teodor.<\/p>\n\n\n\n<p>Nyf\u00f6retagarCentrums r\u00e5dgivning till f\u00f6retagarna \u00e4r en del av den v\u00e4gledning som erbjuds ute i de 6 centralorterna i Sval\u00f6vs kommun.<\/p>\n\n\n\n<p>\u2013F\u00f6r utvecklingen av b\u00e5de nya och etablerade f\u00f6retagare, \u00e4r det v\u00e4ldigt viktigt att man kan f\u00e5 den hj\u00e4lpen man beh\u00f6ver vid r\u00e4tt tidpunkt. I det sammanhanget blir akt\u00f6rer som Nyf\u00f6retagarCentrum ett naturligt tillskott. Jag tror mycket p\u00e5 att titta p\u00e5 varje individuellt f\u00f6retags utmaningar och driva utvecklingen d\u00e4rifr\u00e5n. \u00c4ven om vissa regler \u00e4r gemensamma blir det ofta n\u00e5gon form av specialanpassning f\u00f6r det enskilda f\u00f6retaget, f\u00f6rtydligar Teodor.<\/p>\n\n\n\n<p>Teodor ser \u00e4ven Nyf\u00f6retagarCentrum som en av deras m\u00f6tesplatser och d\u00e4r vi, genom v\u00e5rt partnerskap, kan hj\u00e4lpa f\u00f6retagen med allm\u00e4nna eller specifika fr\u00e5gor.<\/p>\n\n\n\n<p>\u2013Ni har b\u00e5de mentorer och andra st\u00f6ttande funktioner som kan hj\u00e4lpa till och de h\u00e4r funktionerna kan f\u00f6retagen m\u00f6ta och utvecklas utifr\u00e5n. Det \u00e4r d\u00e4r saker och ting kan h\u00e4nda. Jag ser ocks\u00e5 att vi kan inkludera Nyf\u00f6retagarCentrum i n\u00e5gra av v\u00e5ra andra m\u00f6tesplatser, det kan vara t ex event eller att man kan ses p\u00e5 olika platser. Ni \u00e4r en del i verksamheten och att ni finns med naturligt l\u00e4ngs v\u00e4gen g\u00f6r att det blir l\u00e4tt att h\u00e4nvisa saker till varandra.<\/p>\n\n\n\n<p>\u2013F\u00f6r oss handlar det om m\u00e5l och syfte, strukturen och huvudaktiviteterna och att vi ser till att finnas d\u00e4r f\u00f6r f\u00f6retagen l\u00e4ngs v\u00e4gen och att ta hj\u00e4lp med de sakerna som vi sj\u00e4lv inte kan uppfylla fullt ut. Vi sitter mitt emellan och i v\u00e5r roll \u00e4r det bra att f\u00f6rs\u00f6ka hitta m\u00f6tesplatser d\u00e4r f\u00f6retagarna kan f\u00e5 hj\u00e4lp, avslutar Teodor.<\/p>\n\n\n\n<p><strong>Sval\u00f6vs kommun<br><\/strong>Sval\u00f6vs kommun \u2013 med ett strategiskt l\u00e4ge i \u00d6resundsregionen \u2013 erbjuder n\u00e4rhet, optimism och ett gynnsamt klimat f\u00f6r arbete och liv, samt goda f\u00f6ruts\u00e4ttningar f\u00f6r ett dynamiskt f\u00f6retagande. Bra kommunikationer finns. Sval\u00f6vs kommun \u00e4r lika stor till ytan som Helsingborgs kommun men med en tiondel av inv\u00e5narantalet, h\u00e4r bor cirka 14 500 inv\u00e5nare.<\/p>\n","protected":false},"excerpt":{"rendered":"<p>Teodor Isaksson arbetar som N\u00e4ringslivskoordinator i Sval\u00f6vs kommun sedan november 2022 och n\u00e4ringslivsansvarig \u00e4r Fredrik Kocon. De arbetar sedan en tid med konceptet m\u00f6tesplatser vilket kan vara en fysisk plats men \u00e4ven ett s\u00e4tt f\u00f6r m\u00e4nniskor att m\u00f6tas. \u2013Det \u00e4r genom samarbete och samverkan som vi n\u00e5r utveckling. F\u00f6retagandet i Sval\u00f6vs kommun \u00e4r unikt i [&hellip;]<\/p>\n","protected":false},"author":1,"featured_media":1876,"comment_status":"open","ping_status":"open","sticky":false,"template":"","format":"standard","meta":{"footnotes":""},"categories":[21],"tags":[],"acf":[],"yoast_head":"<!-- This site is optimized with the Yoast SEO plugin v22.9 - https:\/\/yoast.com\/wordpress\/plugins\/seo\/ -->\n<title>V\u00e5r roll \u00e4r att hitta m\u00f6tesplatser d\u00e4r f\u00f6retagarna kan f\u00e5 hj\u00e4lp.<\/title>\n<meta name=\"description\" content=\"Sval\u00f6vs kommun \u00e4r partner till Nyf\u00f6retagarcentrum Sk\u00e5ne Nordv\u00e4st. L\u00e4s v\u00e5r intervju med deras n\u00e4ringslivskoordinator, Teodor Isaksson.\" \/>\n<meta name=\"robots\" content=\"index, follow, max-snippet:-1, max-image-preview:large, max-video-preview:-1\" \/>\n<link rel=\"canonical\" href=\"https:\/\/nyforetagarcentrum.se\/skanenordvast\/2024\/05\/14\/var-roll-ar-att-hitta-motesplatser-dar-foretagarna-kan-fa-hjalp-2\/\" \/>\n<meta property=\"og:locale\" content=\"sv_SE\" \/>\n<meta property=\"og:type\" content=\"article\" \/>\n<meta property=\"og:title\" content=\"V\u00e5r roll \u00e4r att hitta m\u00f6tesplatser d\u00e4r f\u00f6retagarna kan f\u00e5 hj\u00e4lp.\" \/>\n<meta property=\"og:description\" content=\"Sval\u00f6vs kommun \u00e4r partner till Nyf\u00f6retagarcentrum Sk\u00e5ne Nordv\u00e4st. L\u00e4s v\u00e5r intervju med deras n\u00e4ringslivskoordinator, Teodor Isaksson.\" \/>\n<meta property=\"og:url\" content=\"https:\/\/nyforetagarcentrum.se\/skanenordvast\/2024\/05\/14\/var-roll-ar-att-hitta-motesplatser-dar-foretagarna-kan-fa-hjalp-2\/\" \/>\n<meta property=\"og:site_name\" content=\"Sk\u00e5ne Nordv\u00e4st\" \/>\n<meta property=\"article:published_time\" content=\"2024-05-14T09:04:19+00:00\" \/>\n<meta property=\"article:modified_time\" content=\"2024-10-09T09:56:16+00:00\" \/>\n<meta property=\"og:image\" content=\"https:\/\/nyforetagarcentrum.se\/skanenordvast\/wp-content\/uploads\/sites\/71\/2024\/05\/Teodor_Fredrik_svalov-1167x460-1.jpg\" \/>\n\t<meta property=\"og:image:width\" content=\"1167\" \/>\n\t<meta property=\"og:image:height\" content=\"460\" \/>\n\t<meta property=\"og:image:type\" content=\"image\/jpeg\" \/>\n<meta name=\"author\" content=\"user\" \/>\n<meta name=\"twitter:card\" content=\"summary_large_image\" \/>\n<meta name=\"twitter:label1\" content=\"Skriven av\" \/>\n\t<meta name=\"twitter:data1\" content=\"user\" \/>\n\t<meta name=\"twitter:label2\" content=\"Ber\u00e4knad l\u00e4stid\" \/>\n\t<meta name=\"twitter:data2\" content=\"3 minuter\" \/>\n<script type=\"application\/ld+json\" class=\"yoast-schema-graph\">{\"@context\":\"https:\/\/schema.org\",\"@graph\":[{\"@type\":\"Article\",\"@id\":\"https:\/\/nyforetagarcentrum.se\/skanenordvast\/2024\/05\/14\/var-roll-ar-att-hitta-motesplatser-dar-foretagarna-kan-fa-hjalp-2\/#article\",\"isPartOf\":{\"@id\":\"https:\/\/nyforetagarcentrum.se\/skanenordvast\/2024\/05\/14\/var-roll-ar-att-hitta-motesplatser-dar-foretagarna-kan-fa-hjalp-2\/\"},\"author\":{\"name\":\"user\",\"@id\":\"https:\/\/nyforetagarcentrum.se\/skanenordvast\/#\/schema\/person\/8c364eb25b3a6b27afd11a5965271437\"},\"headline\":\"V\u00e5r roll \u00e4r att hitta m\u00f6tesplatser d\u00e4r f\u00f6retagarna kan f\u00e5 hj\u00e4lp\",\"datePublished\":\"2024-05-14T09:04:19+00:00\",\"dateModified\":\"2024-10-09T09:56:16+00:00\",\"mainEntityOfPage\":{\"@id\":\"https:\/\/nyforetagarcentrum.se\/skanenordvast\/2024\/05\/14\/var-roll-ar-att-hitta-motesplatser-dar-foretagarna-kan-fa-hjalp-2\/\"},\"wordCount\":644,\"commentCount\":0,\"publisher\":{\"@id\":\"https:\/\/nyforetagarcentrum.se\/skanenordvast\/#organization\"},\"image\":{\"@id\":\"https:\/\/nyforetagarcentrum.se\/skanenordvast\/2024\/05\/14\/var-roll-ar-att-hitta-motesplatser-dar-foretagarna-kan-fa-hjalp-2\/#primaryimage\"},\"thumbnailUrl\":\"https:\/\/nyforetagarcentrum.se\/skanenordvast\/wp-content\/uploads\/sites\/71\/2024\/05\/Teodor_Fredrik_svalov-1167x460-1.jpg\",\"articleSection\":[\"Samarbetspartners\"],\"inLanguage\":\"sv-SE\",\"potentialAction\":[{\"@type\":\"CommentAction\",\"name\":\"Comment\",\"target\":[\"https:\/\/nyforetagarcentrum.se\/skanenordvast\/2024\/05\/14\/var-roll-ar-att-hitta-motesplatser-dar-foretagarna-kan-fa-hjalp-2\/#respond\"]}]},{\"@type\":\"WebPage\",\"@id\":\"https:\/\/nyforetagarcentrum.se\/skanenordvast\/2024\/05\/14\/var-roll-ar-att-hitta-motesplatser-dar-foretagarna-kan-fa-hjalp-2\/\",\"url\":\"https:\/\/nyforetagarcentrum.se\/skanenordvast\/2024\/05\/14\/var-roll-ar-att-hitta-motesplatser-dar-foretagarna-kan-fa-hjalp-2\/\",\"name\":\"V\u00e5r roll \u00e4r att hitta m\u00f6tesplatser d\u00e4r f\u00f6retagarna kan f\u00e5 hj\u00e4lp.\",\"isPartOf\":{\"@id\":\"https:\/\/nyforetagarcentrum.se\/skanenordvast\/#website\"},\"primaryImageOfPage\":{\"@id\":\"https:\/\/nyforetagarcentrum.se\/skanenordvast\/2024\/05\/14\/var-roll-ar-att-hitta-motesplatser-dar-foretagarna-kan-fa-hjalp-2\/#primaryimage\"},\"image\":{\"@id\":\"https:\/\/nyforetagarcentrum.se\/skanenordvast\/2024\/05\/14\/var-roll-ar-att-hitta-motesplatser-dar-foretagarna-kan-fa-hjalp-2\/#primaryimage\"},\"thumbnailUrl\":\"https:\/\/nyforetagarcentrum.se\/skanenordvast\/wp-content\/uploads\/sites\/71\/2024\/05\/Teodor_Fredrik_svalov-1167x460-1.jpg\",\"datePublished\":\"2024-05-14T09:04:19+00:00\",\"dateModified\":\"2024-10-09T09:56:16+00:00\",\"description\":\"Sval\u00f6vs kommun \u00e4r partner till Nyf\u00f6retagarcentrum Sk\u00e5ne Nordv\u00e4st. L\u00e4s v\u00e5r intervju med deras n\u00e4ringslivskoordinator, Teodor Isaksson.\",\"breadcrumb\":{\"@id\":\"https:\/\/nyforetagarcentrum.se\/skanenordvast\/2024\/05\/14\/var-roll-ar-att-hitta-motesplatser-dar-foretagarna-kan-fa-hjalp-2\/#breadcrumb\"},\"inLanguage\":\"sv-SE\",\"potentialAction\":[{\"@type\":\"ReadAction\",\"target\":[\"https:\/\/nyforetagarcentrum.se\/skanenordvast\/2024\/05\/14\/var-roll-ar-att-hitta-motesplatser-dar-foretagarna-kan-fa-hjalp-2\/\"]}]},{\"@type\":\"ImageObject\",\"inLanguage\":\"sv-SE\",\"@id\":\"https:\/\/nyforetagarcentrum.se\/skanenordvast\/2024\/05\/14\/var-roll-ar-att-hitta-motesplatser-dar-foretagarna-kan-fa-hjalp-2\/#primaryimage\",\"url\":\"https:\/\/nyforetagarcentrum.se\/skanenordvast\/wp-content\/uploads\/sites\/71\/2024\/05\/Teodor_Fredrik_svalov-1167x460-1.jpg\",\"contentUrl\":\"https:\/\/nyforetagarcentrum.se\/skanenordvast\/wp-content\/uploads\/sites\/71\/2024\/05\/Teodor_Fredrik_svalov-1167x460-1.jpg\",\"width\":1167,\"height\":460},{\"@type\":\"BreadcrumbList\",\"@id\":\"https:\/\/nyforetagarcentrum.se\/skanenordvast\/2024\/05\/14\/var-roll-ar-att-hitta-motesplatser-dar-foretagarna-kan-fa-hjalp-2\/#breadcrumb\",\"itemListElement\":[{\"@type\":\"ListItem\",\"position\":1,\"name\":\"Hem\",\"item\":\"https:\/\/nyforetagarcentrum.se\/skanenordvast\/\"},{\"@type\":\"ListItem\",\"position\":2,\"name\":\"V\u00e5r roll \u00e4r att hitta m\u00f6tesplatser d\u00e4r f\u00f6retagarna kan f\u00e5 hj\u00e4lp\"}]},{\"@type\":\"WebSite\",\"@id\":\"https:\/\/nyforetagarcentrum.se\/skanenordvast\/#website\",\"url\":\"https:\/\/nyforetagarcentrum.se\/skanenordvast\/\",\"name\":\"Sk\u00e5ne Nordv\u00e4st\",\"description\":\"Sveriges ledande kraft f\u00f6r fler nya livskraftiga f\u00f6retag\",\"publisher\":{\"@id\":\"https:\/\/nyforetagarcentrum.se\/skanenordvast\/#organization\"},\"potentialAction\":[{\"@type\":\"SearchAction\",\"target\":{\"@type\":\"EntryPoint\",\"urlTemplate\":\"https:\/\/nyforetagarcentrum.se\/skanenordvast\/?s={search_term_string}\"},\"query-input\":\"required name=search_term_string\"}],\"inLanguage\":\"sv-SE\"},{\"@type\":\"Organization\",\"@id\":\"https:\/\/nyforetagarcentrum.se\/skanenordvast\/#organization\",\"name\":\"Sk\u00e5ne Nordv\u00e4st\",\"url\":\"https:\/\/nyforetagarcentrum.se\/skanenordvast\/\",\"logo\":{\"@type\":\"ImageObject\",\"inLanguage\":\"sv-SE\",\"@id\":\"https:\/\/nyforetagarcentrum.se\/skanenordvast\/#\/schema\/logo\/image\/\",\"url\":\"https:\/\/nyforetagarcentrum.se\/skanenordvast\/wp-content\/uploads\/sites\/71\/2024\/07\/skanenordvast_bla.png\",\"contentUrl\":\"https:\/\/nyforetagarcentrum.se\/skanenordvast\/wp-content\/uploads\/sites\/71\/2024\/07\/skanenordvast_bla.png\",\"width\":870,\"height\":355,\"caption\":\"Sk\u00e5ne Nordv\u00e4st\"},\"image\":{\"@id\":\"https:\/\/nyforetagarcentrum.se\/skanenordvast\/#\/schema\/logo\/image\/\"}},{\"@type\":\"Person\",\"@id\":\"https:\/\/nyforetagarcentrum.se\/skanenordvast\/#\/schema\/person\/8c364eb25b3a6b27afd11a5965271437\",\"name\":\"user\",\"image\":{\"@type\":\"ImageObject\",\"inLanguage\":\"sv-SE\",\"@id\":\"https:\/\/nyforetagarcentrum.se\/skanenordvast\/#\/schema\/person\/image\/\",\"url\":\"https:\/\/secure.gravatar.com\/avatar\/b58996c504c5638798eb6b511e6f49af?s=96&d=mm&r=g\",\"contentUrl\":\"https:\/\/secure.gravatar.com\/avatar\/b58996c504c5638798eb6b511e6f49af?s=96&d=mm&r=g\",\"caption\":\"user\"},\"sameAs\":[\"https:\/\/nyforetagarcentrum.se\"],\"url\":\"https:\/\/nyforetagarcentrum.se\/skanenordvast\/author\/user\/\"}]}<\/script>\n<!-- \/ Yoast SEO plugin. -->","yoast_head_json":{"title":"V\u00e5r roll \u00e4r att hitta m\u00f6tesplatser d\u00e4r f\u00f6retagarna kan f\u00e5 hj\u00e4lp.","description":"Sval\u00f6vs kommun \u00e4r partner till Nyf\u00f6retagarcentrum Sk\u00e5ne Nordv\u00e4st. L\u00e4s v\u00e5r intervju med deras n\u00e4ringslivskoordinator, Teodor Isaksson.","robots":{"index":"index","follow":"follow","max-snippet":"max-snippet:-1","max-image-preview":"max-image-preview:large","max-video-preview":"max-video-preview:-1"},"canonical":"https:\/\/nyforetagarcentrum.se\/skanenordvast\/2024\/05\/14\/var-roll-ar-att-hitta-motesplatser-dar-foretagarna-kan-fa-hjalp-2\/","og_locale":"sv_SE","og_type":"article","og_title":"V\u00e5r roll \u00e4r att hitta m\u00f6tesplatser d\u00e4r f\u00f6retagarna kan f\u00e5 hj\u00e4lp.","og_description":"Sval\u00f6vs kommun \u00e4r partner till Nyf\u00f6retagarcentrum Sk\u00e5ne Nordv\u00e4st. L\u00e4s v\u00e5r intervju med deras n\u00e4ringslivskoordinator, Teodor Isaksson.","og_url":"https:\/\/nyforetagarcentrum.se\/skanenordvast\/2024\/05\/14\/var-roll-ar-att-hitta-motesplatser-dar-foretagarna-kan-fa-hjalp-2\/","og_site_name":"Sk\u00e5ne Nordv\u00e4st","article_published_time":"2024-05-14T09:04:19+00:00","article_modified_time":"2024-10-09T09:56:16+00:00","og_image":[{"width":1167,"height":460,"url":"https:\/\/nyforetagarcentrum.se\/skanenordvast\/wp-content\/uploads\/sites\/71\/2024\/05\/Teodor_Fredrik_svalov-1167x460-1.jpg","type":"image\/jpeg"}],"author":"user","twitter_card":"summary_large_image","twitter_misc":{"Skriven av":"user","Ber\u00e4knad l\u00e4stid":"3 minuter"},"schema":{"@context":"https:\/\/schema.org","@graph":[{"@type":"Article","@id":"https:\/\/nyforetagarcentrum.se\/skanenordvast\/2024\/05\/14\/var-roll-ar-att-hitta-motesplatser-dar-foretagarna-kan-fa-hjalp-2\/#article","isPartOf":{"@id":"https:\/\/nyforetagarcentrum.se\/skanenordvast\/2024\/05\/14\/var-roll-ar-att-hitta-motesplatser-dar-foretagarna-kan-fa-hjalp-2\/"},"author":{"name":"user","@id":"https:\/\/nyforetagarcentrum.se\/skanenordvast\/#\/schema\/person\/8c364eb25b3a6b27afd11a5965271437"},"headline":"V\u00e5r roll \u00e4r att hitta m\u00f6tesplatser d\u00e4r f\u00f6retagarna kan f\u00e5 hj\u00e4lp","datePublished":"2024-05-14T09:04:19+00:00","dateModified":"2024-10-09T09:56:16+00:00","mainEntityOfPage":{"@id":"https:\/\/nyforetagarcentrum.se\/skanenordvast\/2024\/05\/14\/var-roll-ar-att-hitta-motesplatser-dar-foretagarna-kan-fa-hjalp-2\/"},"wordCount":644,"commentCount":0,"publisher":{"@id":"https:\/\/nyforetagarcentrum.se\/skanenordvast\/#organization"},"image":{"@id":"https:\/\/nyforetagarcentrum.se\/skanenordvast\/2024\/05\/14\/var-roll-ar-att-hitta-motesplatser-dar-foretagarna-kan-fa-hjalp-2\/#primaryimage"},"thumbnailUrl":"https:\/\/nyforetagarcentrum.se\/skanenordvast\/wp-content\/uploads\/sites\/71\/2024\/05\/Teodor_Fredrik_svalov-1167x460-1.jpg","articleSection":["Samarbetspartners"],"inLanguage":"sv-SE","potentialAction":[{"@type":"CommentAction","name":"Comment","target":["https:\/\/nyforetagarcentrum.se\/skanenordvast\/2024\/05\/14\/var-roll-ar-att-hitta-motesplatser-dar-foretagarna-kan-fa-hjalp-2\/#respond"]}]},{"@type":"WebPage","@id":"https:\/\/nyforetagarcentrum.se\/skanenordvast\/2024\/05\/14\/var-roll-ar-att-hitta-motesplatser-dar-foretagarna-kan-fa-hjalp-2\/","url":"https:\/\/nyforetagarcentrum.se\/skanenordvast\/2024\/05\/14\/var-roll-ar-att-hitta-motesplatser-dar-foretagarna-kan-fa-hjalp-2\/","name":"V\u00e5r roll \u00e4r att hitta m\u00f6tesplatser d\u00e4r f\u00f6retagarna kan f\u00e5 hj\u00e4lp.","isPartOf":{"@id":"https:\/\/nyforetagarcentrum.se\/skanenordvast\/#website"},"primaryImageOfPage":{"@id":"https:\/\/nyforetagarcentrum.se\/skanenordvast\/2024\/05\/14\/var-roll-ar-att-hitta-motesplatser-dar-foretagarna-kan-fa-hjalp-2\/#primaryimage"},"image":{"@id":"https:\/\/nyforetagarcentrum.se\/skanenordvast\/2024\/05\/14\/var-roll-ar-att-hitta-motesplatser-dar-foretagarna-kan-fa-hjalp-2\/#primaryimage"},"thumbnailUrl":"https:\/\/nyforetagarcentrum.se\/skanenordvast\/wp-content\/uploads\/sites\/71\/2024\/05\/Teodor_Fredrik_svalov-1167x460-1.jpg","datePublished":"2024-05-14T09:04:19+00:00","dateModified":"2024-10-09T09:56:16+00:00","description":"Sval\u00f6vs kommun \u00e4r partner till Nyf\u00f6retagarcentrum Sk\u00e5ne Nordv\u00e4st. L\u00e4s v\u00e5r intervju med deras n\u00e4ringslivskoordinator, Teodor Isaksson.","breadcrumb":{"@id":"https:\/\/nyforetagarcentrum.se\/skanenordvast\/2024\/05\/14\/var-roll-ar-att-hitta-motesplatser-dar-foretagarna-kan-fa-hjalp-2\/#breadcrumb"},"inLanguage":"sv-SE","potentialAction":[{"@type":"ReadAction","target":["https:\/\/nyforetagarcentrum.se\/skanenordvast\/2024\/05\/14\/var-roll-ar-att-hitta-motesplatser-dar-foretagarna-kan-fa-hjalp-2\/"]}]},{"@type":"ImageObject","inLanguage":"sv-SE","@id":"https:\/\/nyforetagarcentrum.se\/skanenordvast\/2024\/05\/14\/var-roll-ar-att-hitta-motesplatser-dar-foretagarna-kan-fa-hjalp-2\/#primaryimage","url":"https:\/\/nyforetagarcentrum.se\/skanenordvast\/wp-content\/uploads\/sites\/71\/2024\/05\/Teodor_Fredrik_svalov-1167x460-1.jpg","contentUrl":"https:\/\/nyforetagarcentrum.se\/skanenordvast\/wp-content\/uploads\/sites\/71\/2024\/05\/Teodor_Fredrik_svalov-1167x460-1.jpg","width":1167,"height":460},{"@type":"BreadcrumbList","@id":"https:\/\/nyforetagarcentrum.se\/skanenordvast\/2024\/05\/14\/var-roll-ar-att-hitta-motesplatser-dar-foretagarna-kan-fa-hjalp-2\/#breadcrumb","itemListElement":[{"@type":"ListItem","position":1,"name":"Hem","item":"https:\/\/nyforetagarcentrum.se\/skanenordvast\/"},{"@type":"ListItem","position":2,"name":"V\u00e5r roll \u00e4r att hitta m\u00f6tesplatser d\u00e4r f\u00f6retagarna kan f\u00e5 hj\u00e4lp"}]},{"@type":"WebSite","@id":"https:\/\/nyforetagarcentrum.se\/skanenordvast\/#website","url":"https:\/\/nyforetagarcentrum.se\/skanenordvast\/","name":"Sk\u00e5ne Nordv\u00e4st","description":"Sveriges ledande kraft f\u00f6r fler nya livskraftiga f\u00f6retag","publisher":{"@id":"https:\/\/nyforetagarcentrum.se\/skanenordvast\/#organization"},"potentialAction":[{"@type":"SearchAction","target":{"@type":"EntryPoint","urlTemplate":"https:\/\/nyforetagarcentrum.se\/skanenordvast\/?s={search_term_string}"},"query-input":"required name=search_term_string"}],"inLanguage":"sv-SE"},{"@type":"Organization","@id":"https:\/\/nyforetagarcentrum.se\/skanenordvast\/#organization","name":"Sk\u00e5ne Nordv\u00e4st","url":"https:\/\/nyforetagarcentrum.se\/skanenordvast\/","logo":{"@type":"ImageObject","inLanguage":"sv-SE","@id":"https:\/\/nyforetagarcentrum.se\/skanenordvast\/#\/schema\/logo\/image\/","url":"https:\/\/nyforetagarcentrum.se\/skanenordvast\/wp-content\/uploads\/sites\/71\/2024\/07\/skanenordvast_bla.png","contentUrl":"https:\/\/nyforetagarcentrum.se\/skanenordvast\/wp-content\/uploads\/sites\/71\/2024\/07\/skanenordvast_bla.png","width":870,"height":355,"caption":"Sk\u00e5ne Nordv\u00e4st"},"image":{"@id":"https:\/\/nyforetagarcentrum.se\/skanenordvast\/#\/schema\/logo\/image\/"}},{"@type":"Person","@id":"https:\/\/nyforetagarcentrum.se\/skanenordvast\/#\/schema\/person\/8c364eb25b3a6b27afd11a5965271437","name":"user","image":{"@type":"ImageObject","inLanguage":"sv-SE","@id":"https:\/\/nyforetagarcentrum.se\/skanenordvast\/#\/schema\/person\/image\/","url":"https:\/\/secure.gravatar.com\/avatar\/b58996c504c5638798eb6b511e6f49af?s=96&d=mm&r=g","contentUrl":"https:\/\/secure.gravatar.com\/avatar\/b58996c504c5638798eb6b511e6f49af?s=96&d=mm&r=g","caption":"user"},"sameAs":["https:\/\/nyforetagarcentrum.se"],"url":"https:\/\/nyforetagarcentrum.se\/skanenordvast\/author\/user\/"}]}},"_links":{"self":[{"href":"https:\/\/nyforetagarcentrum.se\/skanenordvast\/wp-json\/wp\/v2\/posts\/1875"}],"collection":[{"href":"https:\/\/nyforetagarcentrum.se\/skanenordvast\/wp-json\/wp\/v2\/posts"}],"about":[{"href":"https:\/\/nyforetagarcentrum.se\/skanenordvast\/wp-json\/wp\/v2\/types\/post"}],"author":[{"embeddable":true,"href":"https:\/\/nyforetagarcentrum.se\/skanenordvast\/wp-json\/wp\/v2\/users\/1"}],"replies":[{"embeddable":true,"href":"https:\/\/nyforetagarcentrum.se\/skanenordvast\/wp-json\/wp\/v2\/comments?post=1875"}],"version-history":[{"count":1,"href":"https:\/\/nyforetagarcentrum.se\/skanenordvast\/wp-json\/wp\/v2\/posts\/1875\/revisions"}],"predecessor-version":[{"id":1877,"href":"https:\/\/nyforetagarcentrum.se\/skanenordvast\/wp-json\/wp\/v2\/posts\/1875\/revisions\/1877"}],"wp:featuredmedia":[{"embeddable":true,"href":"https:\/\/nyforetagarcentrum.se\/skanenordvast\/wp-json\/wp\/v2\/media\/1876"}],"wp:attachment":[{"href":"https:\/\/nyforetagarcentrum.se\/skanenordvast\/wp-json\/wp\/v2\/media?parent=1875"}],"wp:term":[{"taxonomy":"category","embeddable":true,"href":"https:\/\/nyforetagarcentrum.se\/skanenordvast\/wp-json\/wp\/v2\/categories?post=1875"},{"taxonomy":"post_tag","embeddable":true,"href":"https:\/\/nyforetagarcentrum.se\/skanenordvast\/wp-json\/wp\/v2\/tags?post=1875"}],"curies":[{"name":"wp","href":"https:\/\/api.w.org\/{rel}","templated":true}]}}