{"id":1866,"date":"2024-05-14T11:02:27","date_gmt":"2024-05-14T09:02:27","guid":{"rendered":"https:\/\/nyforetagarcentrum.se\/skanenordvast\/?p=1866"},"modified":"2024-10-09T11:45:13","modified_gmt":"2024-10-09T09:45:13","slug":"nyforetagarcentrum-viktig-spelare-for-foretagen-som-etablerar-sig-i-bastad-2","status":"publish","type":"post","link":"https:\/\/nyforetagarcentrum.se\/skanenordvast\/2024\/05\/14\/nyforetagarcentrum-viktig-spelare-for-foretagen-som-etablerar-sig-i-bastad-2\/","title":{"rendered":"Nyf\u00f6retagarCentrum viktig spelare f\u00f6r f\u00f6retagen som etablerar sig i B\u00e5stad\u00a0"},"content":{"rendered":"\n<p>B\u00e5stad Turism &amp; N\u00e4ringsliv \u00e4r en ekonomisk f\u00f6rening med ca 280 medlemsf\u00f6retag, allt ifr\u00e5n b\u00f6rsnoterade f\u00f6retag ner till den lilla g\u00e5rdsbutiken p\u00e5 halv\u00f6n och alla f\u00f6retag och tj\u00e4nstef\u00f6retag d\u00e4remellan. Branscherna varierar, mycket bes\u00f6ksn\u00e4ring s\u00e5klart men \u00e4ven industri-, bygg- och tj\u00e4nstesektorn \u00e4r representerade bland medlemmarna. F\u00f6reningen arbetar n\u00e4ra B\u00e5stads kommun. Annika Borgelin \u00e4r f\u00f6reningens VD sedan 1\u00bd \u00e5r tillbaka och leder uppdraget att bli en s\u00e5 stark n\u00e4ringslivskommun och turistort som m\u00f6jligt. Teamet best\u00e5r av 5 personer och i uppdraget ing\u00e5r \u00e4ven att driva turistbyr\u00e5n i B\u00e5stad. Det \u00e4r b\u00e5de Annika och f\u00f6reningens n\u00e4ringslivsutvecklare och f\u00f6retagslots Pathricia Hansson som har kontakt och samarbetar med Nyf\u00f6retagarCentrum inom ramen f\u00f6r partnerskapet.&nbsp;<\/p>\n\n\n\n<p>-Nyf\u00f6retagarCentrum besitter en j\u00e4ttestor kunskap och kompetens kring att starta upp och driva f\u00f6retag. Ni \u00e4r en j\u00e4tteviktig spelare f\u00f6r v\u00e5ra f\u00f6retag h\u00e4r i B\u00e5stad som \u00e4r inne p\u00e5 de banorna. Det handlar verkligen om att ni kan tillf\u00f6ra n\u00e5got till v\u00e5rt n\u00e4ringsliv och som vi har stor nytta av och d\u00e4rf\u00f6r \u00e4r vi partner, s\u00e4ger Annika Borgelin, VD p\u00e5 B\u00e5stad Turism &amp; N\u00e4ringsliv.&nbsp;<\/p>\n\n\n\n<p>R\u00e5dgivning och st\u00f6d till nya f\u00f6retagare \u00e4r en del i samarbetet men Annika lyfter \u00e4ven att B\u00e5stad Turism &amp; N\u00e4ringsliv och Nyf\u00f6retagarCentrum tillsammans brukar anordna r\u00e5dgivningsdagar.&nbsp;<\/p>\n\n\n\n<p>-Det \u00e4r v\u00e4ldigt uppskattat n\u00e4r Nyf\u00f6retagarCentrum kommer ut lokalt och det \u00e4r d\u00e5 vi f\u00e5r v\u00e5ra f\u00f6retagare att haka p\u00e5 det s\u00e5 det har varit lyckade tr\u00e4ffar med bra uppslutning. Det har verkligen varit j\u00e4ttegivande, ber\u00e4ttar Annika.&nbsp;<\/p>\n\n\n\n<p>2020 blev B\u00e5stad utsedd till \u00c5rets Nyf\u00f6retagarkommun och med anledning av det kommer man att planera f\u00f6r en gemensam tr\u00e4ff med fokus p\u00e5 f\u00f6retagande som ska \u00e4ga rum lite senare i h\u00f6st.&nbsp;<\/p>\n\n\n\n<p>Annika har fler goda exempel kring partnerskapet.&nbsp;<\/p>\n\n\n\n<p>-Att Nyf\u00f6retagarCentrum kan hj\u00e4lpa oss att plocka fram statistik och siffror kring f\u00f6retagande \u00e4r ett j\u00e4ttebra st\u00f6d f\u00f6r oss och sedan finns Framtidscoachen som \u00e4r ett annat gemensamt arrangemang tillsammans med Familjen Helsingborg som har k\u00e4nts v\u00e4ldigt fint att kunna erbjuda v\u00e5ra f\u00f6retag, s\u00e4ger Annika.&nbsp;<\/p>\n\n\n\n<p><strong>Viktigt med st\u00f6d f\u00f6r att st\u00e4rka uppstarten<\/strong>&nbsp;<\/p>\n\n\n\n<p>-Det \u00e4r en fantastisk m\u00f6jlighet f\u00f6r v\u00e5ra f\u00f6retagare att f\u00e5 ta del av den kompetens och erfarenhet som r\u00e5dgivarna sitter p\u00e5 s\u00e5 man slipper g\u00f6r de d\u00e4r f\u00f6rsta misstagen. De kan man slippa om man tar hj\u00e4lp och st\u00f6d. Ni p\u00e5 Nyf\u00f6retagarCentrum vet hur man startar upp f\u00f6retag, det \u00e4r mycket regler och riktlinjer man ska k\u00e4nna till. Det \u00e4r otroligt mycket man beh\u00f6ver veta som f\u00f6retagare och som Nyf\u00f6retagarCentrum kan ge st\u00f6d kring, s\u00e4ger Annika. &nbsp;<\/p>\n\n\n\n<p>Annika startade sj\u00e4lv sitt f\u00f6retag med hj\u00e4lp fr\u00e5n just Nyf\u00f6retagarCentrum.&nbsp;<\/p>\n\n\n\n<p>-D\u00e5 var jag ganska ung s\u00e5 det var en j\u00e4tteviktig del f\u00f6r att v\u00e5ga satsa, att f\u00e5 det st\u00f6det och hj\u00e4lpen, f\u00f6r att komma ig\u00e5ng med aff\u00e4rsplanen och testa min id\u00e9, vad jag skulle t\u00e4nka p\u00e5 osv. S\u00e5 jag vet sj\u00e4lv vilken push den hj\u00e4lpen fr\u00e5n Nyf\u00f6retagarCentrum kan vara att komma ig\u00e5ng, ber\u00e4ttar Annika.&nbsp;<\/p>\n\n\n\n<p><strong>Partnerskap m\u00f6jligg\u00f6r f\u00f6r fler<\/strong>&nbsp;<\/p>\n\n\n\n<p>Annika ber\u00e4ttar att man fr\u00e5n f\u00f6retagens sida \u00e4r v\u00e4ldigt bra p\u00e5 samverkan och att hj\u00e4lpas \u00e5t samt att st\u00f6tta och lyfta varandra i B\u00e5stad. &nbsp;<\/p>\n\n\n\n<p>-H\u00e4r finns v\u00e4ldigt mycket entrepren\u00f6rskap och ju starkare n\u00e4ringsliv vi har lokalt, det gynnar alla och \u00e4ven den som ing\u00e5tt ett partnerskap med Nyf\u00f6retagarCentrum i slut\u00e4ndan. Det m\u00f6jligg\u00f6r f\u00f6r fler f\u00f6retag att starta och \u00f6verleva, avslutar Annika.&nbsp;<\/p>\n\n\n\n<p><strong>Fakta B\u00e5stad Turism &amp; N\u00e4ringsliv<\/strong>&nbsp;&nbsp;<\/p>\n\n\n\n<p>B\u00e5stad Turism &amp; N\u00e4ringsliv skapar, tillsammans med B\u00e5stads kommun, f\u00f6ruts\u00e4ttningar f\u00f6r en positiv utveckling av n\u00e4ringslivet genom att st\u00f6dja tillv\u00e4xt i befintliga f\u00f6retag, fr\u00e4mja nyetableringar och st\u00e4rka f\u00f6ruts\u00e4ttningarna f\u00f6r f\u00f6retagande. Arbetet st\u00e4rker B\u00e5stad &amp; Bj\u00e4rehalv\u00f6n som platsvarum\u00e4rke och verkar f\u00f6r en destination och evenemangsort i framkant \u00e5ret runt.&nbsp;<\/p>\n","protected":false},"excerpt":{"rendered":"<p>B\u00e5stad Turism &amp; N\u00e4ringsliv \u00e4r en ekonomisk f\u00f6rening med ca 280 medlemsf\u00f6retag, allt ifr\u00e5n b\u00f6rsnoterade f\u00f6retag ner till den lilla g\u00e5rdsbutiken p\u00e5 halv\u00f6n och alla f\u00f6retag och tj\u00e4nstef\u00f6retag d\u00e4remellan. Branscherna varierar, mycket bes\u00f6ksn\u00e4ring s\u00e5klart men \u00e4ven industri-, bygg- och tj\u00e4nstesektorn \u00e4r representerade bland medlemmarna. F\u00f6reningen arbetar n\u00e4ra B\u00e5stads kommun. Annika Borgelin \u00e4r f\u00f6reningens VD sedan [&hellip;]<\/p>\n","protected":false},"author":1,"featured_media":1867,"comment_status":"open","ping_status":"open","sticky":false,"template":"","format":"standard","meta":{"footnotes":""},"categories":[21],"tags":[],"acf":[],"yoast_head":"<!-- This site is optimized with the Yoast SEO plugin v22.9 - https:\/\/yoast.com\/wordpress\/plugins\/seo\/ -->\n<title>B\u00e5stad Turism &amp; N\u00e4ringsliv om NFC\u00b4s viktiga roll f\u00f6r nya f\u00f6retagare.<\/title>\n<meta name=\"description\" content=\"B\u00e5stad Turism &amp; N\u00e4ringsliv har partnerskap med Nyf\u00f6retagarcentrum Sk\u00e5ne Nordv\u00e4st. L\u00e4s v\u00e5r intervju med deras VD, Annika Borgelin.\" \/>\n<meta name=\"robots\" content=\"index, follow, max-snippet:-1, max-image-preview:large, max-video-preview:-1\" \/>\n<link rel=\"canonical\" href=\"https:\/\/nyforetagarcentrum.se\/skanenordvast\/2024\/05\/14\/nyforetagarcentrum-viktig-spelare-for-foretagen-som-etablerar-sig-i-bastad-2\/\" \/>\n<meta property=\"og:locale\" content=\"sv_SE\" \/>\n<meta property=\"og:type\" content=\"article\" \/>\n<meta property=\"og:title\" content=\"B\u00e5stad Turism &amp; N\u00e4ringsliv om NFC\u00b4s viktiga roll f\u00f6r nya f\u00f6retagare.\" \/>\n<meta property=\"og:description\" content=\"B\u00e5stad Turism &amp; N\u00e4ringsliv har partnerskap med Nyf\u00f6retagarcentrum Sk\u00e5ne Nordv\u00e4st. L\u00e4s v\u00e5r intervju med deras VD, Annika Borgelin.\" \/>\n<meta property=\"og:url\" content=\"https:\/\/nyforetagarcentrum.se\/skanenordvast\/2024\/05\/14\/nyforetagarcentrum-viktig-spelare-for-foretagen-som-etablerar-sig-i-bastad-2\/\" \/>\n<meta property=\"og:site_name\" content=\"Sk\u00e5ne Nordv\u00e4st\" \/>\n<meta property=\"article:published_time\" content=\"2024-05-14T09:02:27+00:00\" \/>\n<meta property=\"article:modified_time\" content=\"2024-10-09T09:45:13+00:00\" \/>\n<meta property=\"og:image\" content=\"https:\/\/nyforetagarcentrum.se\/skanenordvast\/wp-content\/uploads\/sites\/71\/2024\/05\/Annika-Borgelin-Vd-Bastad-Turism-och-Naringsliv_1167px-1-1162x460-1-e1719469547136.jpg\" \/>\n\t<meta property=\"og:image:width\" content=\"722\" \/>\n\t<meta property=\"og:image:height\" content=\"460\" \/>\n\t<meta property=\"og:image:type\" content=\"image\/jpeg\" \/>\n<meta name=\"author\" content=\"user\" \/>\n<meta name=\"twitter:card\" content=\"summary_large_image\" \/>\n<meta name=\"twitter:label1\" content=\"Skriven av\" \/>\n\t<meta name=\"twitter:data1\" content=\"user\" \/>\n\t<meta name=\"twitter:label2\" content=\"Ber\u00e4knad l\u00e4stid\" \/>\n\t<meta name=\"twitter:data2\" content=\"4 minuter\" \/>\n<script type=\"application\/ld+json\" class=\"yoast-schema-graph\">{\"@context\":\"https:\/\/schema.org\",\"@graph\":[{\"@type\":\"Article\",\"@id\":\"https:\/\/nyforetagarcentrum.se\/skanenordvast\/2024\/05\/14\/nyforetagarcentrum-viktig-spelare-for-foretagen-som-etablerar-sig-i-bastad-2\/#article\",\"isPartOf\":{\"@id\":\"https:\/\/nyforetagarcentrum.se\/skanenordvast\/2024\/05\/14\/nyforetagarcentrum-viktig-spelare-for-foretagen-som-etablerar-sig-i-bastad-2\/\"},\"author\":{\"name\":\"user\",\"@id\":\"https:\/\/nyforetagarcentrum.se\/skanenordvast\/#\/schema\/person\/8c364eb25b3a6b27afd11a5965271437\"},\"headline\":\"Nyf\u00f6retagarCentrum viktig spelare f\u00f6r f\u00f6retagen som etablerar sig i B\u00e5stad\u00a0\",\"datePublished\":\"2024-05-14T09:02:27+00:00\",\"dateModified\":\"2024-10-09T09:45:13+00:00\",\"mainEntityOfPage\":{\"@id\":\"https:\/\/nyforetagarcentrum.se\/skanenordvast\/2024\/05\/14\/nyforetagarcentrum-viktig-spelare-for-foretagen-som-etablerar-sig-i-bastad-2\/\"},\"wordCount\":781,\"commentCount\":0,\"publisher\":{\"@id\":\"https:\/\/nyforetagarcentrum.se\/skanenordvast\/#organization\"},\"image\":{\"@id\":\"https:\/\/nyforetagarcentrum.se\/skanenordvast\/2024\/05\/14\/nyforetagarcentrum-viktig-spelare-for-foretagen-som-etablerar-sig-i-bastad-2\/#primaryimage\"},\"thumbnailUrl\":\"https:\/\/nyforetagarcentrum.se\/skanenordvast\/wp-content\/uploads\/sites\/71\/2024\/05\/Annika-Borgelin-Vd-Bastad-Turism-och-Naringsliv_1167px-1-1162x460-1-e1719469547136.jpg\",\"articleSection\":[\"Samarbetspartners\"],\"inLanguage\":\"sv-SE\",\"potentialAction\":[{\"@type\":\"CommentAction\",\"name\":\"Comment\",\"target\":[\"https:\/\/nyforetagarcentrum.se\/skanenordvast\/2024\/05\/14\/nyforetagarcentrum-viktig-spelare-for-foretagen-som-etablerar-sig-i-bastad-2\/#respond\"]}]},{\"@type\":\"WebPage\",\"@id\":\"https:\/\/nyforetagarcentrum.se\/skanenordvast\/2024\/05\/14\/nyforetagarcentrum-viktig-spelare-for-foretagen-som-etablerar-sig-i-bastad-2\/\",\"url\":\"https:\/\/nyforetagarcentrum.se\/skanenordvast\/2024\/05\/14\/nyforetagarcentrum-viktig-spelare-for-foretagen-som-etablerar-sig-i-bastad-2\/\",\"name\":\"B\u00e5stad Turism & N\u00e4ringsliv om NFC\u00b4s viktiga roll f\u00f6r nya f\u00f6retagare.\",\"isPartOf\":{\"@id\":\"https:\/\/nyforetagarcentrum.se\/skanenordvast\/#website\"},\"primaryImageOfPage\":{\"@id\":\"https:\/\/nyforetagarcentrum.se\/skanenordvast\/2024\/05\/14\/nyforetagarcentrum-viktig-spelare-for-foretagen-som-etablerar-sig-i-bastad-2\/#primaryimage\"},\"image\":{\"@id\":\"https:\/\/nyforetagarcentrum.se\/skanenordvast\/2024\/05\/14\/nyforetagarcentrum-viktig-spelare-for-foretagen-som-etablerar-sig-i-bastad-2\/#primaryimage\"},\"thumbnailUrl\":\"https:\/\/nyforetagarcentrum.se\/skanenordvast\/wp-content\/uploads\/sites\/71\/2024\/05\/Annika-Borgelin-Vd-Bastad-Turism-och-Naringsliv_1167px-1-1162x460-1-e1719469547136.jpg\",\"datePublished\":\"2024-05-14T09:02:27+00:00\",\"dateModified\":\"2024-10-09T09:45:13+00:00\",\"description\":\"B\u00e5stad Turism & N\u00e4ringsliv har partnerskap med Nyf\u00f6retagarcentrum Sk\u00e5ne Nordv\u00e4st. L\u00e4s v\u00e5r intervju med deras VD, Annika Borgelin.\",\"breadcrumb\":{\"@id\":\"https:\/\/nyforetagarcentrum.se\/skanenordvast\/2024\/05\/14\/nyforetagarcentrum-viktig-spelare-for-foretagen-som-etablerar-sig-i-bastad-2\/#breadcrumb\"},\"inLanguage\":\"sv-SE\",\"potentialAction\":[{\"@type\":\"ReadAction\",\"target\":[\"https:\/\/nyforetagarcentrum.se\/skanenordvast\/2024\/05\/14\/nyforetagarcentrum-viktig-spelare-for-foretagen-som-etablerar-sig-i-bastad-2\/\"]}]},{\"@type\":\"ImageObject\",\"inLanguage\":\"sv-SE\",\"@id\":\"https:\/\/nyforetagarcentrum.se\/skanenordvast\/2024\/05\/14\/nyforetagarcentrum-viktig-spelare-for-foretagen-som-etablerar-sig-i-bastad-2\/#primaryimage\",\"url\":\"https:\/\/nyforetagarcentrum.se\/skanenordvast\/wp-content\/uploads\/sites\/71\/2024\/05\/Annika-Borgelin-Vd-Bastad-Turism-och-Naringsliv_1167px-1-1162x460-1-e1719469547136.jpg\",\"contentUrl\":\"https:\/\/nyforetagarcentrum.se\/skanenordvast\/wp-content\/uploads\/sites\/71\/2024\/05\/Annika-Borgelin-Vd-Bastad-Turism-och-Naringsliv_1167px-1-1162x460-1-e1719469547136.jpg\",\"width\":722,\"height\":460},{\"@type\":\"BreadcrumbList\",\"@id\":\"https:\/\/nyforetagarcentrum.se\/skanenordvast\/2024\/05\/14\/nyforetagarcentrum-viktig-spelare-for-foretagen-som-etablerar-sig-i-bastad-2\/#breadcrumb\",\"itemListElement\":[{\"@type\":\"ListItem\",\"position\":1,\"name\":\"Hem\",\"item\":\"https:\/\/nyforetagarcentrum.se\/skanenordvast\/\"},{\"@type\":\"ListItem\",\"position\":2,\"name\":\"Nyf\u00f6retagarCentrum viktig spelare f\u00f6r f\u00f6retagen som etablerar sig i B\u00e5stad\u00a0\"}]},{\"@type\":\"WebSite\",\"@id\":\"https:\/\/nyforetagarcentrum.se\/skanenordvast\/#website\",\"url\":\"https:\/\/nyforetagarcentrum.se\/skanenordvast\/\",\"name\":\"Sk\u00e5ne Nordv\u00e4st\",\"description\":\"Sveriges ledande kraft f\u00f6r fler nya livskraftiga f\u00f6retag\",\"publisher\":{\"@id\":\"https:\/\/nyforetagarcentrum.se\/skanenordvast\/#organization\"},\"potentialAction\":[{\"@type\":\"SearchAction\",\"target\":{\"@type\":\"EntryPoint\",\"urlTemplate\":\"https:\/\/nyforetagarcentrum.se\/skanenordvast\/?s={search_term_string}\"},\"query-input\":\"required name=search_term_string\"}],\"inLanguage\":\"sv-SE\"},{\"@type\":\"Organization\",\"@id\":\"https:\/\/nyforetagarcentrum.se\/skanenordvast\/#organization\",\"name\":\"Sk\u00e5ne Nordv\u00e4st\",\"url\":\"https:\/\/nyforetagarcentrum.se\/skanenordvast\/\",\"logo\":{\"@type\":\"ImageObject\",\"inLanguage\":\"sv-SE\",\"@id\":\"https:\/\/nyforetagarcentrum.se\/skanenordvast\/#\/schema\/logo\/image\/\",\"url\":\"https:\/\/nyforetagarcentrum.se\/skanenordvast\/wp-content\/uploads\/sites\/71\/2024\/07\/skanenordvast_bla.png\",\"contentUrl\":\"https:\/\/nyforetagarcentrum.se\/skanenordvast\/wp-content\/uploads\/sites\/71\/2024\/07\/skanenordvast_bla.png\",\"width\":870,\"height\":355,\"caption\":\"Sk\u00e5ne Nordv\u00e4st\"},\"image\":{\"@id\":\"https:\/\/nyforetagarcentrum.se\/skanenordvast\/#\/schema\/logo\/image\/\"}},{\"@type\":\"Person\",\"@id\":\"https:\/\/nyforetagarcentrum.se\/skanenordvast\/#\/schema\/person\/8c364eb25b3a6b27afd11a5965271437\",\"name\":\"user\",\"image\":{\"@type\":\"ImageObject\",\"inLanguage\":\"sv-SE\",\"@id\":\"https:\/\/nyforetagarcentrum.se\/skanenordvast\/#\/schema\/person\/image\/\",\"url\":\"https:\/\/secure.gravatar.com\/avatar\/b58996c504c5638798eb6b511e6f49af?s=96&d=mm&r=g\",\"contentUrl\":\"https:\/\/secure.gravatar.com\/avatar\/b58996c504c5638798eb6b511e6f49af?s=96&d=mm&r=g\",\"caption\":\"user\"},\"sameAs\":[\"https:\/\/nyforetagarcentrum.se\"],\"url\":\"https:\/\/nyforetagarcentrum.se\/skanenordvast\/author\/user\/\"}]}<\/script>\n<!-- \/ Yoast SEO plugin. -->","yoast_head_json":{"title":"B\u00e5stad Turism & N\u00e4ringsliv om NFC\u00b4s viktiga roll f\u00f6r nya f\u00f6retagare.","description":"B\u00e5stad Turism & N\u00e4ringsliv har partnerskap med Nyf\u00f6retagarcentrum Sk\u00e5ne Nordv\u00e4st. L\u00e4s v\u00e5r intervju med deras VD, Annika Borgelin.","robots":{"index":"index","follow":"follow","max-snippet":"max-snippet:-1","max-image-preview":"max-image-preview:large","max-video-preview":"max-video-preview:-1"},"canonical":"https:\/\/nyforetagarcentrum.se\/skanenordvast\/2024\/05\/14\/nyforetagarcentrum-viktig-spelare-for-foretagen-som-etablerar-sig-i-bastad-2\/","og_locale":"sv_SE","og_type":"article","og_title":"B\u00e5stad Turism & N\u00e4ringsliv om NFC\u00b4s viktiga roll f\u00f6r nya f\u00f6retagare.","og_description":"B\u00e5stad Turism & N\u00e4ringsliv har partnerskap med Nyf\u00f6retagarcentrum Sk\u00e5ne Nordv\u00e4st. L\u00e4s v\u00e5r intervju med deras VD, Annika Borgelin.","og_url":"https:\/\/nyforetagarcentrum.se\/skanenordvast\/2024\/05\/14\/nyforetagarcentrum-viktig-spelare-for-foretagen-som-etablerar-sig-i-bastad-2\/","og_site_name":"Sk\u00e5ne Nordv\u00e4st","article_published_time":"2024-05-14T09:02:27+00:00","article_modified_time":"2024-10-09T09:45:13+00:00","og_image":[{"width":722,"height":460,"url":"https:\/\/nyforetagarcentrum.se\/skanenordvast\/wp-content\/uploads\/sites\/71\/2024\/05\/Annika-Borgelin-Vd-Bastad-Turism-och-Naringsliv_1167px-1-1162x460-1-e1719469547136.jpg","type":"image\/jpeg"}],"author":"user","twitter_card":"summary_large_image","twitter_misc":{"Skriven av":"user","Ber\u00e4knad l\u00e4stid":"4 minuter"},"schema":{"@context":"https:\/\/schema.org","@graph":[{"@type":"Article","@id":"https:\/\/nyforetagarcentrum.se\/skanenordvast\/2024\/05\/14\/nyforetagarcentrum-viktig-spelare-for-foretagen-som-etablerar-sig-i-bastad-2\/#article","isPartOf":{"@id":"https:\/\/nyforetagarcentrum.se\/skanenordvast\/2024\/05\/14\/nyforetagarcentrum-viktig-spelare-for-foretagen-som-etablerar-sig-i-bastad-2\/"},"author":{"name":"user","@id":"https:\/\/nyforetagarcentrum.se\/skanenordvast\/#\/schema\/person\/8c364eb25b3a6b27afd11a5965271437"},"headline":"Nyf\u00f6retagarCentrum viktig spelare f\u00f6r f\u00f6retagen som etablerar sig i B\u00e5stad\u00a0","datePublished":"2024-05-14T09:02:27+00:00","dateModified":"2024-10-09T09:45:13+00:00","mainEntityOfPage":{"@id":"https:\/\/nyforetagarcentrum.se\/skanenordvast\/2024\/05\/14\/nyforetagarcentrum-viktig-spelare-for-foretagen-som-etablerar-sig-i-bastad-2\/"},"wordCount":781,"commentCount":0,"publisher":{"@id":"https:\/\/nyforetagarcentrum.se\/skanenordvast\/#organization"},"image":{"@id":"https:\/\/nyforetagarcentrum.se\/skanenordvast\/2024\/05\/14\/nyforetagarcentrum-viktig-spelare-for-foretagen-som-etablerar-sig-i-bastad-2\/#primaryimage"},"thumbnailUrl":"https:\/\/nyforetagarcentrum.se\/skanenordvast\/wp-content\/uploads\/sites\/71\/2024\/05\/Annika-Borgelin-Vd-Bastad-Turism-och-Naringsliv_1167px-1-1162x460-1-e1719469547136.jpg","articleSection":["Samarbetspartners"],"inLanguage":"sv-SE","potentialAction":[{"@type":"CommentAction","name":"Comment","target":["https:\/\/nyforetagarcentrum.se\/skanenordvast\/2024\/05\/14\/nyforetagarcentrum-viktig-spelare-for-foretagen-som-etablerar-sig-i-bastad-2\/#respond"]}]},{"@type":"WebPage","@id":"https:\/\/nyforetagarcentrum.se\/skanenordvast\/2024\/05\/14\/nyforetagarcentrum-viktig-spelare-for-foretagen-som-etablerar-sig-i-bastad-2\/","url":"https:\/\/nyforetagarcentrum.se\/skanenordvast\/2024\/05\/14\/nyforetagarcentrum-viktig-spelare-for-foretagen-som-etablerar-sig-i-bastad-2\/","name":"B\u00e5stad Turism & N\u00e4ringsliv om NFC\u00b4s viktiga roll f\u00f6r nya f\u00f6retagare.","isPartOf":{"@id":"https:\/\/nyforetagarcentrum.se\/skanenordvast\/#website"},"primaryImageOfPage":{"@id":"https:\/\/nyforetagarcentrum.se\/skanenordvast\/2024\/05\/14\/nyforetagarcentrum-viktig-spelare-for-foretagen-som-etablerar-sig-i-bastad-2\/#primaryimage"},"image":{"@id":"https:\/\/nyforetagarcentrum.se\/skanenordvast\/2024\/05\/14\/nyforetagarcentrum-viktig-spelare-for-foretagen-som-etablerar-sig-i-bastad-2\/#primaryimage"},"thumbnailUrl":"https:\/\/nyforetagarcentrum.se\/skanenordvast\/wp-content\/uploads\/sites\/71\/2024\/05\/Annika-Borgelin-Vd-Bastad-Turism-och-Naringsliv_1167px-1-1162x460-1-e1719469547136.jpg","datePublished":"2024-05-14T09:02:27+00:00","dateModified":"2024-10-09T09:45:13+00:00","description":"B\u00e5stad Turism & N\u00e4ringsliv har partnerskap med Nyf\u00f6retagarcentrum Sk\u00e5ne Nordv\u00e4st. L\u00e4s v\u00e5r intervju med deras VD, Annika Borgelin.","breadcrumb":{"@id":"https:\/\/nyforetagarcentrum.se\/skanenordvast\/2024\/05\/14\/nyforetagarcentrum-viktig-spelare-for-foretagen-som-etablerar-sig-i-bastad-2\/#breadcrumb"},"inLanguage":"sv-SE","potentialAction":[{"@type":"ReadAction","target":["https:\/\/nyforetagarcentrum.se\/skanenordvast\/2024\/05\/14\/nyforetagarcentrum-viktig-spelare-for-foretagen-som-etablerar-sig-i-bastad-2\/"]}]},{"@type":"ImageObject","inLanguage":"sv-SE","@id":"https:\/\/nyforetagarcentrum.se\/skanenordvast\/2024\/05\/14\/nyforetagarcentrum-viktig-spelare-for-foretagen-som-etablerar-sig-i-bastad-2\/#primaryimage","url":"https:\/\/nyforetagarcentrum.se\/skanenordvast\/wp-content\/uploads\/sites\/71\/2024\/05\/Annika-Borgelin-Vd-Bastad-Turism-och-Naringsliv_1167px-1-1162x460-1-e1719469547136.jpg","contentUrl":"https:\/\/nyforetagarcentrum.se\/skanenordvast\/wp-content\/uploads\/sites\/71\/2024\/05\/Annika-Borgelin-Vd-Bastad-Turism-och-Naringsliv_1167px-1-1162x460-1-e1719469547136.jpg","width":722,"height":460},{"@type":"BreadcrumbList","@id":"https:\/\/nyforetagarcentrum.se\/skanenordvast\/2024\/05\/14\/nyforetagarcentrum-viktig-spelare-for-foretagen-som-etablerar-sig-i-bastad-2\/#breadcrumb","itemListElement":[{"@type":"ListItem","position":1,"name":"Hem","item":"https:\/\/nyforetagarcentrum.se\/skanenordvast\/"},{"@type":"ListItem","position":2,"name":"Nyf\u00f6retagarCentrum viktig spelare f\u00f6r f\u00f6retagen som etablerar sig i B\u00e5stad\u00a0"}]},{"@type":"WebSite","@id":"https:\/\/nyforetagarcentrum.se\/skanenordvast\/#website","url":"https:\/\/nyforetagarcentrum.se\/skanenordvast\/","name":"Sk\u00e5ne Nordv\u00e4st","description":"Sveriges ledande kraft f\u00f6r fler nya livskraftiga f\u00f6retag","publisher":{"@id":"https:\/\/nyforetagarcentrum.se\/skanenordvast\/#organization"},"potentialAction":[{"@type":"SearchAction","target":{"@type":"EntryPoint","urlTemplate":"https:\/\/nyforetagarcentrum.se\/skanenordvast\/?s={search_term_string}"},"query-input":"required name=search_term_string"}],"inLanguage":"sv-SE"},{"@type":"Organization","@id":"https:\/\/nyforetagarcentrum.se\/skanenordvast\/#organization","name":"Sk\u00e5ne Nordv\u00e4st","url":"https:\/\/nyforetagarcentrum.se\/skanenordvast\/","logo":{"@type":"ImageObject","inLanguage":"sv-SE","@id":"https:\/\/nyforetagarcentrum.se\/skanenordvast\/#\/schema\/logo\/image\/","url":"https:\/\/nyforetagarcentrum.se\/skanenordvast\/wp-content\/uploads\/sites\/71\/2024\/07\/skanenordvast_bla.png","contentUrl":"https:\/\/nyforetagarcentrum.se\/skanenordvast\/wp-content\/uploads\/sites\/71\/2024\/07\/skanenordvast_bla.png","width":870,"height":355,"caption":"Sk\u00e5ne Nordv\u00e4st"},"image":{"@id":"https:\/\/nyforetagarcentrum.se\/skanenordvast\/#\/schema\/logo\/image\/"}},{"@type":"Person","@id":"https:\/\/nyforetagarcentrum.se\/skanenordvast\/#\/schema\/person\/8c364eb25b3a6b27afd11a5965271437","name":"user","image":{"@type":"ImageObject","inLanguage":"sv-SE","@id":"https:\/\/nyforetagarcentrum.se\/skanenordvast\/#\/schema\/person\/image\/","url":"https:\/\/secure.gravatar.com\/avatar\/b58996c504c5638798eb6b511e6f49af?s=96&d=mm&r=g","contentUrl":"https:\/\/secure.gravatar.com\/avatar\/b58996c504c5638798eb6b511e6f49af?s=96&d=mm&r=g","caption":"user"},"sameAs":["https:\/\/nyforetagarcentrum.se"],"url":"https:\/\/nyforetagarcentrum.se\/skanenordvast\/author\/user\/"}]}},"_links":{"self":[{"href":"https:\/\/nyforetagarcentrum.se\/skanenordvast\/wp-json\/wp\/v2\/posts\/1866"}],"collection":[{"href":"https:\/\/nyforetagarcentrum.se\/skanenordvast\/wp-json\/wp\/v2\/posts"}],"about":[{"href":"https:\/\/nyforetagarcentrum.se\/skanenordvast\/wp-json\/wp\/v2\/types\/post"}],"author":[{"embeddable":true,"href":"https:\/\/nyforetagarcentrum.se\/skanenordvast\/wp-json\/wp\/v2\/users\/1"}],"replies":[{"embeddable":true,"href":"https:\/\/nyforetagarcentrum.se\/skanenordvast\/wp-json\/wp\/v2\/comments?post=1866"}],"version-history":[{"count":1,"href":"https:\/\/nyforetagarcentrum.se\/skanenordvast\/wp-json\/wp\/v2\/posts\/1866\/revisions"}],"predecessor-version":[{"id":1868,"href":"https:\/\/nyforetagarcentrum.se\/skanenordvast\/wp-json\/wp\/v2\/posts\/1866\/revisions\/1868"}],"wp:featuredmedia":[{"embeddable":true,"href":"https:\/\/nyforetagarcentrum.se\/skanenordvast\/wp-json\/wp\/v2\/media\/1867"}],"wp:attachment":[{"href":"https:\/\/nyforetagarcentrum.se\/skanenordvast\/wp-json\/wp\/v2\/media?parent=1866"}],"wp:term":[{"taxonomy":"category","embeddable":true,"href":"https:\/\/nyforetagarcentrum.se\/skanenordvast\/wp-json\/wp\/v2\/categories?post=1866"},{"taxonomy":"post_tag","embeddable":true,"href":"https:\/\/nyforetagarcentrum.se\/skanenordvast\/wp-json\/wp\/v2\/tags?post=1866"}],"curies":[{"name":"wp","href":"https:\/\/api.w.org\/{rel}","templated":true}]}}