{"id":1801,"date":"2024-05-14T10:09:45","date_gmt":"2024-05-14T08:09:45","guid":{"rendered":"https:\/\/nyforetagarcentrum.se\/skanenordvast\/?p=1801"},"modified":"2025-05-05T11:36:26","modified_gmt":"2025-05-05T09:36:26","slug":"lat-ditt-foretag-bli-nagot-mer-an-en-papperstiger","status":"publish","type":"post","link":"https:\/\/nyforetagarcentrum.se\/skanenordvast\/2024\/05\/14\/lat-ditt-foretag-bli-nagot-mer-an-en-papperstiger\/","title":{"rendered":"L\u00e5t ditt f\u00f6retag bli n\u00e5got mer \u00e4n en papperstiger"},"content":{"rendered":"\n<p>M\u00f6t det senaste tillskottet p\u00e5 r\u00e5dgivarsidan, Christian J\u00f6nsson, som precis b\u00f6rjat hos oss och som fr\u00e4mst kommer att ha r\u00e5dgivningar f\u00f6r nyf\u00f6retagare i Helsingborg och online.<\/p>\n\n\n\n<p>Christian har bott och arbetat utomlands i 25 \u00e5r, varav 20 \u00e5r p\u00e5 sk\u00f6nhets- och kosmetikaf\u00f6retaget Oriflame och han kom tillbaka till Helsingborg f\u00f6r tv\u00e5 \u00e5r sedan. Han har framf\u00f6rallt arbetat p\u00e5 IT-sidan som chef men \u00e4ven som divisionschef f\u00f6r verksamhetens st\u00f6dfunktioner. De 10 sista \u00e5ren utomlands var han bosatt i Schweiz och ansvarade f\u00f6r verksamhetsutveckling, strategi och IT. Det var ocks\u00e5 d\u00e4r han startade sitt f\u00f6retag men i samband med flytten till Sverige startade Christian och hans fru ist\u00e4llet ett gemensamt aktiebolag med fokus p\u00e5 konsultverksamhet och utbildning.<\/p>\n\n\n\n<p>\u2014De f\u00f6retagen jag jobbat p\u00e5 \u00e4r v\u00e4ldigt entrepren\u00f6rsv\u00e4nliga och den stilen av f\u00f6retagande har jag alltid varit intresserad av och med stort fokus p\u00e5 tillv\u00e4xt, strategisk planering, g\u00f6ra aff\u00e4rsplaner och se till att det blir gjort. Det mest naturliga f\u00f6r mig n\u00e4r jag slutade p\u00e5 Oriflame f\u00f6r 4-5 \u00e5r sedan var att starta en enskild firma inom consulting med fokus p\u00e5 verksamhetsutveckling, projektledning etc. Det fortsatte jag med n\u00e4r jag flyttade tillbaka till Sverige och de senaste \u00e5ren som egen f\u00f6retagare har jag verkligen varit nere i detaljerna och vet vad det inneb\u00e4r att k\u00f6ra sj\u00e4lv, ber\u00e4ttar Christian.<\/p>\n\n\n\n<p>Via n\u00e4tverket Mersmak m\u00f6tte Christian Nyf\u00f6retagarCentrum Sk\u00e5ne Nordv\u00e4sts verksamhetsledare Anne Kl\u00e5ve och efter ett uppf\u00f6ljande m\u00f6te k\u00e4nde Christian att r\u00e5dgivningen var n\u00e5got han blev v\u00e4ldigt intresserad av. Dels f\u00f6r att han tycker det \u00e4r ett kul uppdrag och dels f\u00f6r att han brinner f\u00f6r n\u00e4r folk tar tag i saker, skapar tillv\u00e4xt och startar f\u00f6retag ist\u00e4llet f\u00f6r att sitta passiv.<\/p>\n\n\n\n<p>\u2014Det \u00e4r en fantastisk m\u00f6jlighet att Nyf\u00f6retagarCentrum finns f\u00f6r de som vill starta eget f\u00f6retag, att de kan f\u00e5 professionell r\u00e5dgivning och f\u00f6rhoppningsvis blir det n\u00e5got bra av aff\u00e4rsid\u00e9n. Det tycker jag \u00e4r h\u00e4rligt. F\u00f6r mig personligen \u00e4r det dessutom en m\u00f6jlighet att arbeta p\u00e5 hemmaplan och komma in i n\u00e4ringslivet h\u00e4r p\u00e5 ett bra s\u00e4tt, s\u00e4ger Christian.<\/p>\n\n\n\n<p>Christians st\u00f6rsta styrka n\u00e4r det kommer till r\u00e5dgivning \u00e4r att hj\u00e4lpa till med aff\u00e4rsplanen och se till att det finns en bra strategi och ett bra genomf\u00f6rande s\u00e5 det inte bara \u00e4r en papperstiger utan att d\u00e4r finns substans bakom, ett driv och en vilja att f\u00e5 igenom sin vision.<\/p>\n\n\n\n<p><strong>Utan s\u00e4lj stannar din business p\u00e5 en viss niv\u00e5<\/strong><\/p>\n\n\n\n<p>\u2014B\u00f6rja med en stark vision, f\u00e5 ner den till en plan och till ett genomf\u00f6rande. D\u00e4r kan jag bidra med en hel del, b\u00e5de motivation och entusiasm. Men samtidigt se till att utmana f\u00f6r att s\u00e4kerst\u00e4lla att id\u00e9n kan tas vidare. Ledarskap, genomf\u00f6rande, vision och strategi det \u00e4r bitar som jag har arbetat med och brinner f\u00f6r och d\u00e4r ligger ocks\u00e5 mina styrkor. Att leda sig sj\u00e4lv som f\u00f6retagare kr\u00e4ver att du \u00e4r f\u00f6r\u00e4ndringsben\u00e4gen. Du har kanske en superid\u00e9 men den kommer att \u00e4ndra sig. Lyckas den inte direkt beh\u00f6ver det inte vara k\u00f6rt utan g\u00e5 tillbaka och skruva p\u00e5 den och k\u00f6r igen och igen. Man beh\u00f6ver brinna f\u00f6r att driva f\u00f6retaget och tror man att det \u00e4r l\u00e4tta pengar s\u00e5 \u00e4r man fel ute. Det kostar mer \u00e4n du tror och saker s\u00e4ljer sig aldrig s\u00e5 enkelt som du tror. Utan s\u00e4lj s\u00e5 stannar din business p\u00e5 en viss niv\u00e5. Du beh\u00f6ver l\u00e4gga ner hela din sj\u00e4l f\u00f6r att det ska lyckas, menar Christian.<\/p>\n\n\n\n<p><strong>N\u00e4tverk bidrar till s\u00e4lj<\/strong><\/p>\n\n\n\n<p>Om m\u00f6jligt \u00e4r det bra f\u00f6r nyf\u00f6retagare att g\u00e5 med i n\u00e4tverk och f\u00f6reningar. Vissa kostar pengar men andra \u00e4r gratis eller s\u00e5 \u00e4r du v\u00e4lkommen som g\u00e4st. Christians r\u00e5d \u00e4r att du ska vara med s\u00e5 mycket som m\u00f6jligt, g\u00e4rna kopplat till din bransch och se till att anv\u00e4nda verktyg som t ex LinkedIn f\u00f6r att hitta n\u00e4tverken.<\/p>\n\n\n\n<p>\u2014Ta den tiden att g\u00f6ra dig k\u00e4nd men framf\u00f6rallt att tr\u00e4ffa de personer som kan vara nyttiga att k\u00e4nna i framtiden. Underskatta inte n\u00e4tverk som s\u00e4ljkanal. Det blir viktigare och viktigare f\u00f6r att n\u00e5 utanf\u00f6r den krets som redan k\u00e4nner till dig.<\/p>\n\n\n\n<p><strong>Christians 3 b\u00e4sta tips till nystartade f\u00f6retagare<\/strong><\/p>\n\n\n\n<ol>\n<li>Hitta din USP* s\u00e5 snabbt som m\u00f6jligt \u2013 vad \u00e4r det som du g\u00f6r som g\u00f6r din id\u00e9 unik. Varf\u00f6r \u00e4r din produkt\/tj\u00e4nst b\u00e4ttre och varf\u00f6r ska kunderna komma till dig. T\u00e4nk efter ordentligt p\u00e5 den biten. Till det ska du t\u00e4nka igenom din m\u00e5lgrupp. Du kan inte vara till f\u00f6r alla, ju mer detaljerad du kan vara i b\u00f6rjan desto b\u00e4ttre \u00e4r det i starten. Sedan kan du utveckla dina varor eller tj\u00e4nster och d\u00e5 utvecklas m\u00e5lgruppen ocks\u00e5.<\/li>\n\n\n\n<li>Var medveten om att driva f\u00f6retag \u00e4r inget du g\u00f6r med v\u00e4nsterhanden utan det \u00e4r n\u00e5got som kr\u00e4ver mycket insatser fr\u00e5n dig. Du m\u00e5ste tycka det \u00e4r kul. \u00c4r det bara en b\u00f6rda blir det inte bra.<\/li>\n\n\n\n<li>S\u00e4lj, gl\u00f6m inte att n\u00e5gon m\u00e5ste k\u00f6pa dina tj\u00e4nster eller produkter.<\/li>\n<\/ol>\n\n\n\n<p>*USP = Unique Selling Point<\/p>\n","protected":false},"excerpt":{"rendered":"<p>M\u00f6t det senaste tillskottet p\u00e5 r\u00e5dgivarsidan, Christian J\u00f6nsson, som precis b\u00f6rjat hos oss och som fr\u00e4mst kommer att ha r\u00e5dgivningar f\u00f6r nyf\u00f6retagare i Helsingborg och online. Christian har bott och arbetat utomlands i 25 \u00e5r, varav 20 \u00e5r p\u00e5 sk\u00f6nhets- och kosmetikaf\u00f6retaget Oriflame och han kom tillbaka till Helsingborg f\u00f6r tv\u00e5 \u00e5r sedan. Han har [&hellip;]<\/p>\n","protected":false},"author":1,"featured_media":2172,"comment_status":"open","ping_status":"open","sticky":false,"template":"","format":"standard","meta":{"footnotes":""},"categories":[16],"tags":[],"acf":[],"yoast_head":"<!-- This site is optimized with the Yoast SEO plugin v22.9 - https:\/\/yoast.com\/wordpress\/plugins\/seo\/ -->\n<title>L\u00e5t ditt f\u00f6retag bli n\u00e5got mer \u00e4n en papperstiger - Sk\u00e5ne Nordv\u00e4st<\/title>\n<meta name=\"description\" content=\"Christian J\u00f6nsson \u00e4r r\u00e5dgivare hos Nyf\u00f6retagarcentrum Sk\u00e5ne Nordv\u00e4st. L\u00e4s hans tankar kring Nyf\u00f6retagande.\" \/>\n<meta name=\"robots\" content=\"index, follow, max-snippet:-1, max-image-preview:large, max-video-preview:-1\" \/>\n<link rel=\"canonical\" href=\"https:\/\/nyforetagarcentrum.se\/skanenordvast\/2024\/05\/14\/lat-ditt-foretag-bli-nagot-mer-an-en-papperstiger\/\" \/>\n<meta property=\"og:locale\" content=\"sv_SE\" \/>\n<meta property=\"og:type\" content=\"article\" \/>\n<meta property=\"og:title\" content=\"L\u00e5t ditt f\u00f6retag bli n\u00e5got mer \u00e4n en papperstiger - Sk\u00e5ne Nordv\u00e4st\" \/>\n<meta property=\"og:description\" content=\"Christian J\u00f6nsson \u00e4r r\u00e5dgivare hos Nyf\u00f6retagarcentrum Sk\u00e5ne Nordv\u00e4st. L\u00e4s hans tankar kring Nyf\u00f6retagande.\" \/>\n<meta property=\"og:url\" content=\"https:\/\/nyforetagarcentrum.se\/skanenordvast\/2024\/05\/14\/lat-ditt-foretag-bli-nagot-mer-an-en-papperstiger\/\" \/>\n<meta property=\"og:site_name\" content=\"Sk\u00e5ne Nordv\u00e4st\" \/>\n<meta property=\"article:published_time\" content=\"2024-05-14T08:09:45+00:00\" \/>\n<meta property=\"article:modified_time\" content=\"2025-05-05T09:36:26+00:00\" \/>\n<meta property=\"og:image\" content=\"https:\/\/nyforetagarcentrum.se\/skanenordvast\/wp-content\/uploads\/sites\/71\/2024\/05\/nfc9997.jpg\" \/>\n\t<meta property=\"og:image:width\" content=\"2000\" \/>\n\t<meta property=\"og:image:height\" content=\"1333\" \/>\n\t<meta property=\"og:image:type\" content=\"image\/jpeg\" \/>\n<meta name=\"author\" content=\"user\" \/>\n<meta name=\"twitter:card\" content=\"summary_large_image\" \/>\n<meta name=\"twitter:label1\" content=\"Skriven av\" \/>\n\t<meta name=\"twitter:data1\" content=\"user\" \/>\n\t<meta name=\"twitter:label2\" content=\"Ber\u00e4knad l\u00e4stid\" \/>\n\t<meta name=\"twitter:data2\" content=\"5 minuter\" \/>\n<script type=\"application\/ld+json\" class=\"yoast-schema-graph\">{\"@context\":\"https:\/\/schema.org\",\"@graph\":[{\"@type\":\"Article\",\"@id\":\"https:\/\/nyforetagarcentrum.se\/skanenordvast\/2024\/05\/14\/lat-ditt-foretag-bli-nagot-mer-an-en-papperstiger\/#article\",\"isPartOf\":{\"@id\":\"https:\/\/nyforetagarcentrum.se\/skanenordvast\/2024\/05\/14\/lat-ditt-foretag-bli-nagot-mer-an-en-papperstiger\/\"},\"author\":{\"name\":\"user\",\"@id\":\"https:\/\/nyforetagarcentrum.se\/skanenordvast\/#\/schema\/person\/8c364eb25b3a6b27afd11a5965271437\"},\"headline\":\"L\u00e5t ditt f\u00f6retag bli n\u00e5got mer \u00e4n en papperstiger\",\"datePublished\":\"2024-05-14T08:09:45+00:00\",\"dateModified\":\"2025-05-05T09:36:26+00:00\",\"mainEntityOfPage\":{\"@id\":\"https:\/\/nyforetagarcentrum.se\/skanenordvast\/2024\/05\/14\/lat-ditt-foretag-bli-nagot-mer-an-en-papperstiger\/\"},\"wordCount\":972,\"commentCount\":0,\"publisher\":{\"@id\":\"https:\/\/nyforetagarcentrum.se\/skanenordvast\/#organization\"},\"image\":{\"@id\":\"https:\/\/nyforetagarcentrum.se\/skanenordvast\/2024\/05\/14\/lat-ditt-foretag-bli-nagot-mer-an-en-papperstiger\/#primaryimage\"},\"thumbnailUrl\":\"https:\/\/nyforetagarcentrum.se\/skanenordvast\/wp-content\/uploads\/sites\/71\/2024\/05\/nfc9997.jpg\",\"articleSection\":[\"R\u00e5dgivare\"],\"inLanguage\":\"sv-SE\",\"potentialAction\":[{\"@type\":\"CommentAction\",\"name\":\"Comment\",\"target\":[\"https:\/\/nyforetagarcentrum.se\/skanenordvast\/2024\/05\/14\/lat-ditt-foretag-bli-nagot-mer-an-en-papperstiger\/#respond\"]}]},{\"@type\":\"WebPage\",\"@id\":\"https:\/\/nyforetagarcentrum.se\/skanenordvast\/2024\/05\/14\/lat-ditt-foretag-bli-nagot-mer-an-en-papperstiger\/\",\"url\":\"https:\/\/nyforetagarcentrum.se\/skanenordvast\/2024\/05\/14\/lat-ditt-foretag-bli-nagot-mer-an-en-papperstiger\/\",\"name\":\"L\u00e5t ditt f\u00f6retag bli n\u00e5got mer \u00e4n en papperstiger - Sk\u00e5ne Nordv\u00e4st\",\"isPartOf\":{\"@id\":\"https:\/\/nyforetagarcentrum.se\/skanenordvast\/#website\"},\"primaryImageOfPage\":{\"@id\":\"https:\/\/nyforetagarcentrum.se\/skanenordvast\/2024\/05\/14\/lat-ditt-foretag-bli-nagot-mer-an-en-papperstiger\/#primaryimage\"},\"image\":{\"@id\":\"https:\/\/nyforetagarcentrum.se\/skanenordvast\/2024\/05\/14\/lat-ditt-foretag-bli-nagot-mer-an-en-papperstiger\/#primaryimage\"},\"thumbnailUrl\":\"https:\/\/nyforetagarcentrum.se\/skanenordvast\/wp-content\/uploads\/sites\/71\/2024\/05\/nfc9997.jpg\",\"datePublished\":\"2024-05-14T08:09:45+00:00\",\"dateModified\":\"2025-05-05T09:36:26+00:00\",\"description\":\"Christian J\u00f6nsson \u00e4r r\u00e5dgivare hos Nyf\u00f6retagarcentrum Sk\u00e5ne Nordv\u00e4st. L\u00e4s hans tankar kring Nyf\u00f6retagande.\",\"breadcrumb\":{\"@id\":\"https:\/\/nyforetagarcentrum.se\/skanenordvast\/2024\/05\/14\/lat-ditt-foretag-bli-nagot-mer-an-en-papperstiger\/#breadcrumb\"},\"inLanguage\":\"sv-SE\",\"potentialAction\":[{\"@type\":\"ReadAction\",\"target\":[\"https:\/\/nyforetagarcentrum.se\/skanenordvast\/2024\/05\/14\/lat-ditt-foretag-bli-nagot-mer-an-en-papperstiger\/\"]}]},{\"@type\":\"ImageObject\",\"inLanguage\":\"sv-SE\",\"@id\":\"https:\/\/nyforetagarcentrum.se\/skanenordvast\/2024\/05\/14\/lat-ditt-foretag-bli-nagot-mer-an-en-papperstiger\/#primaryimage\",\"url\":\"https:\/\/nyforetagarcentrum.se\/skanenordvast\/wp-content\/uploads\/sites\/71\/2024\/05\/nfc9997.jpg\",\"contentUrl\":\"https:\/\/nyforetagarcentrum.se\/skanenordvast\/wp-content\/uploads\/sites\/71\/2024\/05\/nfc9997.jpg\",\"width\":2000,\"height\":1333,\"caption\":\"Christian J\u00f6nsson\"},{\"@type\":\"BreadcrumbList\",\"@id\":\"https:\/\/nyforetagarcentrum.se\/skanenordvast\/2024\/05\/14\/lat-ditt-foretag-bli-nagot-mer-an-en-papperstiger\/#breadcrumb\",\"itemListElement\":[{\"@type\":\"ListItem\",\"position\":1,\"name\":\"Hem\",\"item\":\"https:\/\/nyforetagarcentrum.se\/skanenordvast\/\"},{\"@type\":\"ListItem\",\"position\":2,\"name\":\"L\u00e5t ditt f\u00f6retag bli n\u00e5got mer \u00e4n en papperstiger\"}]},{\"@type\":\"WebSite\",\"@id\":\"https:\/\/nyforetagarcentrum.se\/skanenordvast\/#website\",\"url\":\"https:\/\/nyforetagarcentrum.se\/skanenordvast\/\",\"name\":\"Sk\u00e5ne Nordv\u00e4st\",\"description\":\"Sveriges ledande kraft f\u00f6r fler nya livskraftiga f\u00f6retag\",\"publisher\":{\"@id\":\"https:\/\/nyforetagarcentrum.se\/skanenordvast\/#organization\"},\"potentialAction\":[{\"@type\":\"SearchAction\",\"target\":{\"@type\":\"EntryPoint\",\"urlTemplate\":\"https:\/\/nyforetagarcentrum.se\/skanenordvast\/?s={search_term_string}\"},\"query-input\":\"required name=search_term_string\"}],\"inLanguage\":\"sv-SE\"},{\"@type\":\"Organization\",\"@id\":\"https:\/\/nyforetagarcentrum.se\/skanenordvast\/#organization\",\"name\":\"Sk\u00e5ne Nordv\u00e4st\",\"url\":\"https:\/\/nyforetagarcentrum.se\/skanenordvast\/\",\"logo\":{\"@type\":\"ImageObject\",\"inLanguage\":\"sv-SE\",\"@id\":\"https:\/\/nyforetagarcentrum.se\/skanenordvast\/#\/schema\/logo\/image\/\",\"url\":\"https:\/\/nyforetagarcentrum.se\/skanenordvast\/wp-content\/uploads\/sites\/71\/2024\/07\/skanenordvast_bla.png\",\"contentUrl\":\"https:\/\/nyforetagarcentrum.se\/skanenordvast\/wp-content\/uploads\/sites\/71\/2024\/07\/skanenordvast_bla.png\",\"width\":870,\"height\":355,\"caption\":\"Sk\u00e5ne Nordv\u00e4st\"},\"image\":{\"@id\":\"https:\/\/nyforetagarcentrum.se\/skanenordvast\/#\/schema\/logo\/image\/\"}},{\"@type\":\"Person\",\"@id\":\"https:\/\/nyforetagarcentrum.se\/skanenordvast\/#\/schema\/person\/8c364eb25b3a6b27afd11a5965271437\",\"name\":\"user\",\"image\":{\"@type\":\"ImageObject\",\"inLanguage\":\"sv-SE\",\"@id\":\"https:\/\/nyforetagarcentrum.se\/skanenordvast\/#\/schema\/person\/image\/\",\"url\":\"https:\/\/secure.gravatar.com\/avatar\/b58996c504c5638798eb6b511e6f49af?s=96&d=mm&r=g\",\"contentUrl\":\"https:\/\/secure.gravatar.com\/avatar\/b58996c504c5638798eb6b511e6f49af?s=96&d=mm&r=g\",\"caption\":\"user\"},\"sameAs\":[\"https:\/\/nyforetagarcentrum.se\"],\"url\":\"https:\/\/nyforetagarcentrum.se\/skanenordvast\/author\/user\/\"}]}<\/script>\n<!-- \/ Yoast SEO plugin. -->","yoast_head_json":{"title":"L\u00e5t ditt f\u00f6retag bli n\u00e5got mer \u00e4n en papperstiger - Sk\u00e5ne Nordv\u00e4st","description":"Christian J\u00f6nsson \u00e4r r\u00e5dgivare hos Nyf\u00f6retagarcentrum Sk\u00e5ne Nordv\u00e4st. L\u00e4s hans tankar kring Nyf\u00f6retagande.","robots":{"index":"index","follow":"follow","max-snippet":"max-snippet:-1","max-image-preview":"max-image-preview:large","max-video-preview":"max-video-preview:-1"},"canonical":"https:\/\/nyforetagarcentrum.se\/skanenordvast\/2024\/05\/14\/lat-ditt-foretag-bli-nagot-mer-an-en-papperstiger\/","og_locale":"sv_SE","og_type":"article","og_title":"L\u00e5t ditt f\u00f6retag bli n\u00e5got mer \u00e4n en papperstiger - Sk\u00e5ne Nordv\u00e4st","og_description":"Christian J\u00f6nsson \u00e4r r\u00e5dgivare hos Nyf\u00f6retagarcentrum Sk\u00e5ne Nordv\u00e4st. L\u00e4s hans tankar kring Nyf\u00f6retagande.","og_url":"https:\/\/nyforetagarcentrum.se\/skanenordvast\/2024\/05\/14\/lat-ditt-foretag-bli-nagot-mer-an-en-papperstiger\/","og_site_name":"Sk\u00e5ne Nordv\u00e4st","article_published_time":"2024-05-14T08:09:45+00:00","article_modified_time":"2025-05-05T09:36:26+00:00","og_image":[{"width":2000,"height":1333,"url":"https:\/\/nyforetagarcentrum.se\/skanenordvast\/wp-content\/uploads\/sites\/71\/2024\/05\/nfc9997.jpg","type":"image\/jpeg"}],"author":"user","twitter_card":"summary_large_image","twitter_misc":{"Skriven av":"user","Ber\u00e4knad l\u00e4stid":"5 minuter"},"schema":{"@context":"https:\/\/schema.org","@graph":[{"@type":"Article","@id":"https:\/\/nyforetagarcentrum.se\/skanenordvast\/2024\/05\/14\/lat-ditt-foretag-bli-nagot-mer-an-en-papperstiger\/#article","isPartOf":{"@id":"https:\/\/nyforetagarcentrum.se\/skanenordvast\/2024\/05\/14\/lat-ditt-foretag-bli-nagot-mer-an-en-papperstiger\/"},"author":{"name":"user","@id":"https:\/\/nyforetagarcentrum.se\/skanenordvast\/#\/schema\/person\/8c364eb25b3a6b27afd11a5965271437"},"headline":"L\u00e5t ditt f\u00f6retag bli n\u00e5got mer \u00e4n en papperstiger","datePublished":"2024-05-14T08:09:45+00:00","dateModified":"2025-05-05T09:36:26+00:00","mainEntityOfPage":{"@id":"https:\/\/nyforetagarcentrum.se\/skanenordvast\/2024\/05\/14\/lat-ditt-foretag-bli-nagot-mer-an-en-papperstiger\/"},"wordCount":972,"commentCount":0,"publisher":{"@id":"https:\/\/nyforetagarcentrum.se\/skanenordvast\/#organization"},"image":{"@id":"https:\/\/nyforetagarcentrum.se\/skanenordvast\/2024\/05\/14\/lat-ditt-foretag-bli-nagot-mer-an-en-papperstiger\/#primaryimage"},"thumbnailUrl":"https:\/\/nyforetagarcentrum.se\/skanenordvast\/wp-content\/uploads\/sites\/71\/2024\/05\/nfc9997.jpg","articleSection":["R\u00e5dgivare"],"inLanguage":"sv-SE","potentialAction":[{"@type":"CommentAction","name":"Comment","target":["https:\/\/nyforetagarcentrum.se\/skanenordvast\/2024\/05\/14\/lat-ditt-foretag-bli-nagot-mer-an-en-papperstiger\/#respond"]}]},{"@type":"WebPage","@id":"https:\/\/nyforetagarcentrum.se\/skanenordvast\/2024\/05\/14\/lat-ditt-foretag-bli-nagot-mer-an-en-papperstiger\/","url":"https:\/\/nyforetagarcentrum.se\/skanenordvast\/2024\/05\/14\/lat-ditt-foretag-bli-nagot-mer-an-en-papperstiger\/","name":"L\u00e5t ditt f\u00f6retag bli n\u00e5got mer \u00e4n en papperstiger - Sk\u00e5ne Nordv\u00e4st","isPartOf":{"@id":"https:\/\/nyforetagarcentrum.se\/skanenordvast\/#website"},"primaryImageOfPage":{"@id":"https:\/\/nyforetagarcentrum.se\/skanenordvast\/2024\/05\/14\/lat-ditt-foretag-bli-nagot-mer-an-en-papperstiger\/#primaryimage"},"image":{"@id":"https:\/\/nyforetagarcentrum.se\/skanenordvast\/2024\/05\/14\/lat-ditt-foretag-bli-nagot-mer-an-en-papperstiger\/#primaryimage"},"thumbnailUrl":"https:\/\/nyforetagarcentrum.se\/skanenordvast\/wp-content\/uploads\/sites\/71\/2024\/05\/nfc9997.jpg","datePublished":"2024-05-14T08:09:45+00:00","dateModified":"2025-05-05T09:36:26+00:00","description":"Christian J\u00f6nsson \u00e4r r\u00e5dgivare hos Nyf\u00f6retagarcentrum Sk\u00e5ne Nordv\u00e4st. L\u00e4s hans tankar kring Nyf\u00f6retagande.","breadcrumb":{"@id":"https:\/\/nyforetagarcentrum.se\/skanenordvast\/2024\/05\/14\/lat-ditt-foretag-bli-nagot-mer-an-en-papperstiger\/#breadcrumb"},"inLanguage":"sv-SE","potentialAction":[{"@type":"ReadAction","target":["https:\/\/nyforetagarcentrum.se\/skanenordvast\/2024\/05\/14\/lat-ditt-foretag-bli-nagot-mer-an-en-papperstiger\/"]}]},{"@type":"ImageObject","inLanguage":"sv-SE","@id":"https:\/\/nyforetagarcentrum.se\/skanenordvast\/2024\/05\/14\/lat-ditt-foretag-bli-nagot-mer-an-en-papperstiger\/#primaryimage","url":"https:\/\/nyforetagarcentrum.se\/skanenordvast\/wp-content\/uploads\/sites\/71\/2024\/05\/nfc9997.jpg","contentUrl":"https:\/\/nyforetagarcentrum.se\/skanenordvast\/wp-content\/uploads\/sites\/71\/2024\/05\/nfc9997.jpg","width":2000,"height":1333,"caption":"Christian J\u00f6nsson"},{"@type":"BreadcrumbList","@id":"https:\/\/nyforetagarcentrum.se\/skanenordvast\/2024\/05\/14\/lat-ditt-foretag-bli-nagot-mer-an-en-papperstiger\/#breadcrumb","itemListElement":[{"@type":"ListItem","position":1,"name":"Hem","item":"https:\/\/nyforetagarcentrum.se\/skanenordvast\/"},{"@type":"ListItem","position":2,"name":"L\u00e5t ditt f\u00f6retag bli n\u00e5got mer \u00e4n en papperstiger"}]},{"@type":"WebSite","@id":"https:\/\/nyforetagarcentrum.se\/skanenordvast\/#website","url":"https:\/\/nyforetagarcentrum.se\/skanenordvast\/","name":"Sk\u00e5ne Nordv\u00e4st","description":"Sveriges ledande kraft f\u00f6r fler nya livskraftiga f\u00f6retag","publisher":{"@id":"https:\/\/nyforetagarcentrum.se\/skanenordvast\/#organization"},"potentialAction":[{"@type":"SearchAction","target":{"@type":"EntryPoint","urlTemplate":"https:\/\/nyforetagarcentrum.se\/skanenordvast\/?s={search_term_string}"},"query-input":"required name=search_term_string"}],"inLanguage":"sv-SE"},{"@type":"Organization","@id":"https:\/\/nyforetagarcentrum.se\/skanenordvast\/#organization","name":"Sk\u00e5ne Nordv\u00e4st","url":"https:\/\/nyforetagarcentrum.se\/skanenordvast\/","logo":{"@type":"ImageObject","inLanguage":"sv-SE","@id":"https:\/\/nyforetagarcentrum.se\/skanenordvast\/#\/schema\/logo\/image\/","url":"https:\/\/nyforetagarcentrum.se\/skanenordvast\/wp-content\/uploads\/sites\/71\/2024\/07\/skanenordvast_bla.png","contentUrl":"https:\/\/nyforetagarcentrum.se\/skanenordvast\/wp-content\/uploads\/sites\/71\/2024\/07\/skanenordvast_bla.png","width":870,"height":355,"caption":"Sk\u00e5ne Nordv\u00e4st"},"image":{"@id":"https:\/\/nyforetagarcentrum.se\/skanenordvast\/#\/schema\/logo\/image\/"}},{"@type":"Person","@id":"https:\/\/nyforetagarcentrum.se\/skanenordvast\/#\/schema\/person\/8c364eb25b3a6b27afd11a5965271437","name":"user","image":{"@type":"ImageObject","inLanguage":"sv-SE","@id":"https:\/\/nyforetagarcentrum.se\/skanenordvast\/#\/schema\/person\/image\/","url":"https:\/\/secure.gravatar.com\/avatar\/b58996c504c5638798eb6b511e6f49af?s=96&d=mm&r=g","contentUrl":"https:\/\/secure.gravatar.com\/avatar\/b58996c504c5638798eb6b511e6f49af?s=96&d=mm&r=g","caption":"user"},"sameAs":["https:\/\/nyforetagarcentrum.se"],"url":"https:\/\/nyforetagarcentrum.se\/skanenordvast\/author\/user\/"}]}},"_links":{"self":[{"href":"https:\/\/nyforetagarcentrum.se\/skanenordvast\/wp-json\/wp\/v2\/posts\/1801"}],"collection":[{"href":"https:\/\/nyforetagarcentrum.se\/skanenordvast\/wp-json\/wp\/v2\/posts"}],"about":[{"href":"https:\/\/nyforetagarcentrum.se\/skanenordvast\/wp-json\/wp\/v2\/types\/post"}],"author":[{"embeddable":true,"href":"https:\/\/nyforetagarcentrum.se\/skanenordvast\/wp-json\/wp\/v2\/users\/1"}],"replies":[{"embeddable":true,"href":"https:\/\/nyforetagarcentrum.se\/skanenordvast\/wp-json\/wp\/v2\/comments?post=1801"}],"version-history":[{"count":2,"href":"https:\/\/nyforetagarcentrum.se\/skanenordvast\/wp-json\/wp\/v2\/posts\/1801\/revisions"}],"predecessor-version":[{"id":2829,"href":"https:\/\/nyforetagarcentrum.se\/skanenordvast\/wp-json\/wp\/v2\/posts\/1801\/revisions\/2829"}],"wp:featuredmedia":[{"embeddable":true,"href":"https:\/\/nyforetagarcentrum.se\/skanenordvast\/wp-json\/wp\/v2\/media\/2172"}],"wp:attachment":[{"href":"https:\/\/nyforetagarcentrum.se\/skanenordvast\/wp-json\/wp\/v2\/media?parent=1801"}],"wp:term":[{"taxonomy":"category","embeddable":true,"href":"https:\/\/nyforetagarcentrum.se\/skanenordvast\/wp-json\/wp\/v2\/categories?post=1801"},{"taxonomy":"post_tag","embeddable":true,"href":"https:\/\/nyforetagarcentrum.se\/skanenordvast\/wp-json\/wp\/v2\/tags?post=1801"}],"curies":[{"name":"wp","href":"https:\/\/api.w.org\/{rel}","templated":true}]}}