{"id":1604,"date":"2024-04-08T10:00:19","date_gmt":"2024-04-08T08:00:19","guid":{"rendered":"https:\/\/nyforetagarcentrum.se\/skanenordvast\/?p=1604"},"modified":"2025-05-05T11:27:19","modified_gmt":"2025-05-05T09:27:19","slug":"vaga-fraga-om-hjalp-fran-den-som-gjort-samma-resa","status":"publish","type":"post","link":"https:\/\/nyforetagarcentrum.se\/skanenordvast\/2024\/04\/08\/vaga-fraga-om-hjalp-fran-den-som-gjort-samma-resa\/","title":{"rendered":"V\u00e5ga fr\u00e5ga om hj\u00e4lp fr\u00e5n den som gjort samma resa"},"content":{"rendered":"\n<p>Philip Fransson \u00e4r ny r\u00e5dgivare hos oss sedan h\u00f6sten 2023. Vi st\u00e4llde n\u00e5gra fr\u00e5gor kring hans drivkrafter som egen f\u00f6retagare och varf\u00f6r han vill hj\u00e4lpa andra att starta f\u00f6retag.<\/p>\n\n\n\n<p><strong>Vilka erfarenheter har du av att driva f\u00f6retag?<\/strong><\/p>\n\n\n\n<p>Jag har sedan 2018 drivit olika typer av techbolag. Ett bolag har bland annat sysslat med utveckling och f\u00f6rs\u00e4ljning av mjukvara och h\u00e5rdvara mot \u00e4ldre och anh\u00f6riga, kommuner och privata boenden. Jag driver \u00e4ven ett till bolag d\u00e4r vi genom en egenutvecklad app motiverar barn med \u00e4tsv\u00e5righeter till att \u00e4ta mer och b\u00e4ttre mat. I kombination med de egna verksamheterna har jag \u00e4ven genomf\u00f6rt ett par konsultuppdrag d\u00e4r jag har st\u00f6ttat b\u00e5de etablerade bolag och startupbolag med aff\u00e4rsutveckling, s\u00e4lj och marknadsf\u00f6ring.&nbsp;<\/p>\n\n\n\n<p><strong>Vad kan du bidra med som r\u00e5dgivare p\u00e5 Nyf\u00f6retagarCentrum?<\/strong><\/p>\n\n\n\n<p>Jag hoppas kunna bidra med kunskaper som g\u00f6r att personer som s\u00f6ker r\u00e5dgivning hos mig p\u00e5 ett effektivt och m\u00e5linriktat s\u00e4tt kan ta sin produkt\/tj\u00e4nst till marknaden p\u00e5 en stabil grund. Jag tror att mina egna erfarenheter som f\u00f6retagare och entrepren\u00f6r kan bidra med insikter och skapa v\u00e4rde f\u00f6r personer som precis ska inleda sin f\u00f6retagsresa. Exempelvis vad som kan vara viktigt att t\u00e4nka p\u00e5 i relation till det problem\/behov du kommer l\u00f6sa, ditt team, kapitalanskaffning, bolagsstruktur samt din produkt\/aff\u00e4rsutveckling.&nbsp;&nbsp;<\/p>\n\n\n\n<p>Mina specialkunskaper finns inom tech, marknadsf\u00f6ring, aff\u00e4rsutveckling och produktutveckling.&nbsp;<\/p>\n\n\n\n<p><strong>Dina 3 b\u00e4sta tips till den som ska starta\/precis startat sitt f\u00f6retag?<\/strong><\/p>\n\n\n\n<ol>\n<li>Utveckla din produkt\/tj\u00e4nst n\u00e4ra dina kunder f\u00f6r att l\u00f6sa ett verkligt problem\/behov.&nbsp;<\/li>\n\n\n\n<li>V\u00e5ga fr\u00e5ga om hj\u00e4lp fr\u00e5n personer som har gjort den resa du vill g\u00f6ra med ditt f\u00f6retag.&nbsp;<\/li>\n\n\n\n<li>Skapa en tydlig l\u00e5ngsiktigt vision f\u00f6r ditt f\u00f6retag och dig sj\u00e4lv.&nbsp;<\/li>\n<\/ol>\n\n\n\n<p><strong>Vad \u00e4r anledningen till att du engagerar du dig som r\u00e5dgivare hos Nyf\u00f6retagarCentrum Sk\u00e5ne Nordv\u00e4st?<\/strong><\/p>\n\n\n\n<p>Jag engagerar mig i Nyf\u00f6retagarCentrum Sk\u00e5ne Nordv\u00e4st d\u00e5 det \u00e4r fantastiskt roligt att f\u00e5 kunna g\u00f6ra skillnad p\u00e5 riktigt f\u00f6r personer som ska starta f\u00f6retag. Att dessutom f\u00e5 m\u00f6jligheten att hj\u00e4lpa f\u00f6retag som har kommit lite l\u00e4ngre p\u00e5 sin f\u00f6retagsresa \u00e4r extremt l\u00e4rorikt, vilket jag tar med mig n\u00e4r jag ska hj\u00e4lpa n\u00e5gon som befinner sig i startblocken.\u00a0<\/p>\n","protected":false},"excerpt":{"rendered":"<p>Philip Fransson \u00e4r ny r\u00e5dgivare hos oss sedan h\u00f6sten 2023. Vi st\u00e4llde n\u00e5gra fr\u00e5gor kring hans drivkrafter som egen f\u00f6retagare och varf\u00f6r han vill hj\u00e4lpa andra att starta f\u00f6retag. Vilka erfarenheter har du av att driva f\u00f6retag? Jag har sedan 2018 drivit olika typer av techbolag. Ett bolag har bland annat sysslat med utveckling och [&hellip;]<\/p>\n","protected":false},"author":1,"featured_media":2173,"comment_status":"open","ping_status":"open","sticky":false,"template":"","format":"standard","meta":{"footnotes":""},"categories":[16],"tags":[],"acf":[],"yoast_head":"<!-- This site is optimized with the Yoast SEO plugin v22.9 - https:\/\/yoast.com\/wordpress\/plugins\/seo\/ -->\n<title>V\u00e5ga fr\u00e5ga om hj\u00e4lp fr\u00e5n den som gjort samma resa - Sk\u00e5ne Nordv\u00e4st<\/title>\n<meta name=\"description\" content=\"Philip Fransson \u00e4r ny r\u00e5dgivare p\u00e5 Nyf\u00f6retagarcentrum Sk\u00e5ne Nordv\u00e4st. L\u00e4s hans tankar kring nyf\u00f6retagande och hans expertomr\u00e5den.\" \/>\n<meta name=\"robots\" content=\"index, follow, max-snippet:-1, max-image-preview:large, max-video-preview:-1\" \/>\n<link rel=\"canonical\" href=\"https:\/\/nyforetagarcentrum.se\/skanenordvast\/2024\/04\/08\/vaga-fraga-om-hjalp-fran-den-som-gjort-samma-resa\/\" \/>\n<meta property=\"og:locale\" content=\"sv_SE\" \/>\n<meta property=\"og:type\" content=\"article\" \/>\n<meta property=\"og:title\" content=\"V\u00e5ga fr\u00e5ga om hj\u00e4lp fr\u00e5n den som gjort samma resa - Sk\u00e5ne Nordv\u00e4st\" \/>\n<meta property=\"og:description\" content=\"Philip Fransson \u00e4r ny r\u00e5dgivare p\u00e5 Nyf\u00f6retagarcentrum Sk\u00e5ne Nordv\u00e4st. L\u00e4s hans tankar kring nyf\u00f6retagande och hans expertomr\u00e5den.\" \/>\n<meta property=\"og:url\" content=\"https:\/\/nyforetagarcentrum.se\/skanenordvast\/2024\/04\/08\/vaga-fraga-om-hjalp-fran-den-som-gjort-samma-resa\/\" \/>\n<meta property=\"og:site_name\" content=\"Sk\u00e5ne Nordv\u00e4st\" \/>\n<meta property=\"article:published_time\" content=\"2024-04-08T08:00:19+00:00\" \/>\n<meta property=\"article:modified_time\" content=\"2025-05-05T09:27:19+00:00\" \/>\n<meta property=\"og:image\" content=\"https:\/\/nyforetagarcentrum.se\/skanenordvast\/wp-content\/uploads\/sites\/71\/2024\/04\/nfc9771.jpg\" \/>\n\t<meta property=\"og:image:width\" content=\"2000\" \/>\n\t<meta property=\"og:image:height\" content=\"1333\" \/>\n\t<meta property=\"og:image:type\" content=\"image\/jpeg\" \/>\n<meta name=\"author\" content=\"user\" \/>\n<meta name=\"twitter:card\" content=\"summary_large_image\" \/>\n<meta name=\"twitter:label1\" content=\"Skriven av\" \/>\n\t<meta name=\"twitter:data1\" content=\"user\" \/>\n\t<meta name=\"twitter:label2\" content=\"Ber\u00e4knad l\u00e4stid\" \/>\n\t<meta name=\"twitter:data2\" content=\"2 minuter\" \/>\n<script type=\"application\/ld+json\" class=\"yoast-schema-graph\">{\"@context\":\"https:\/\/schema.org\",\"@graph\":[{\"@type\":\"Article\",\"@id\":\"https:\/\/nyforetagarcentrum.se\/skanenordvast\/2024\/04\/08\/vaga-fraga-om-hjalp-fran-den-som-gjort-samma-resa\/#article\",\"isPartOf\":{\"@id\":\"https:\/\/nyforetagarcentrum.se\/skanenordvast\/2024\/04\/08\/vaga-fraga-om-hjalp-fran-den-som-gjort-samma-resa\/\"},\"author\":{\"name\":\"user\",\"@id\":\"https:\/\/nyforetagarcentrum.se\/skanenordvast\/#\/schema\/person\/8c364eb25b3a6b27afd11a5965271437\"},\"headline\":\"V\u00e5ga fr\u00e5ga om hj\u00e4lp fr\u00e5n den som gjort samma resa\",\"datePublished\":\"2024-04-08T08:00:19+00:00\",\"dateModified\":\"2025-05-05T09:27:19+00:00\",\"mainEntityOfPage\":{\"@id\":\"https:\/\/nyforetagarcentrum.se\/skanenordvast\/2024\/04\/08\/vaga-fraga-om-hjalp-fran-den-som-gjort-samma-resa\/\"},\"wordCount\":442,\"commentCount\":0,\"publisher\":{\"@id\":\"https:\/\/nyforetagarcentrum.se\/skanenordvast\/#organization\"},\"image\":{\"@id\":\"https:\/\/nyforetagarcentrum.se\/skanenordvast\/2024\/04\/08\/vaga-fraga-om-hjalp-fran-den-som-gjort-samma-resa\/#primaryimage\"},\"thumbnailUrl\":\"https:\/\/nyforetagarcentrum.se\/skanenordvast\/wp-content\/uploads\/sites\/71\/2024\/04\/nfc9771.jpg\",\"articleSection\":[\"R\u00e5dgivare\"],\"inLanguage\":\"sv-SE\",\"potentialAction\":[{\"@type\":\"CommentAction\",\"name\":\"Comment\",\"target\":[\"https:\/\/nyforetagarcentrum.se\/skanenordvast\/2024\/04\/08\/vaga-fraga-om-hjalp-fran-den-som-gjort-samma-resa\/#respond\"]}]},{\"@type\":\"WebPage\",\"@id\":\"https:\/\/nyforetagarcentrum.se\/skanenordvast\/2024\/04\/08\/vaga-fraga-om-hjalp-fran-den-som-gjort-samma-resa\/\",\"url\":\"https:\/\/nyforetagarcentrum.se\/skanenordvast\/2024\/04\/08\/vaga-fraga-om-hjalp-fran-den-som-gjort-samma-resa\/\",\"name\":\"V\u00e5ga fr\u00e5ga om hj\u00e4lp fr\u00e5n den som gjort samma resa - Sk\u00e5ne Nordv\u00e4st\",\"isPartOf\":{\"@id\":\"https:\/\/nyforetagarcentrum.se\/skanenordvast\/#website\"},\"primaryImageOfPage\":{\"@id\":\"https:\/\/nyforetagarcentrum.se\/skanenordvast\/2024\/04\/08\/vaga-fraga-om-hjalp-fran-den-som-gjort-samma-resa\/#primaryimage\"},\"image\":{\"@id\":\"https:\/\/nyforetagarcentrum.se\/skanenordvast\/2024\/04\/08\/vaga-fraga-om-hjalp-fran-den-som-gjort-samma-resa\/#primaryimage\"},\"thumbnailUrl\":\"https:\/\/nyforetagarcentrum.se\/skanenordvast\/wp-content\/uploads\/sites\/71\/2024\/04\/nfc9771.jpg\",\"datePublished\":\"2024-04-08T08:00:19+00:00\",\"dateModified\":\"2025-05-05T09:27:19+00:00\",\"description\":\"Philip Fransson \u00e4r ny r\u00e5dgivare p\u00e5 Nyf\u00f6retagarcentrum Sk\u00e5ne Nordv\u00e4st. L\u00e4s hans tankar kring nyf\u00f6retagande och hans expertomr\u00e5den.\",\"breadcrumb\":{\"@id\":\"https:\/\/nyforetagarcentrum.se\/skanenordvast\/2024\/04\/08\/vaga-fraga-om-hjalp-fran-den-som-gjort-samma-resa\/#breadcrumb\"},\"inLanguage\":\"sv-SE\",\"potentialAction\":[{\"@type\":\"ReadAction\",\"target\":[\"https:\/\/nyforetagarcentrum.se\/skanenordvast\/2024\/04\/08\/vaga-fraga-om-hjalp-fran-den-som-gjort-samma-resa\/\"]}]},{\"@type\":\"ImageObject\",\"inLanguage\":\"sv-SE\",\"@id\":\"https:\/\/nyforetagarcentrum.se\/skanenordvast\/2024\/04\/08\/vaga-fraga-om-hjalp-fran-den-som-gjort-samma-resa\/#primaryimage\",\"url\":\"https:\/\/nyforetagarcentrum.se\/skanenordvast\/wp-content\/uploads\/sites\/71\/2024\/04\/nfc9771.jpg\",\"contentUrl\":\"https:\/\/nyforetagarcentrum.se\/skanenordvast\/wp-content\/uploads\/sites\/71\/2024\/04\/nfc9771.jpg\",\"width\":2000,\"height\":1333,\"caption\":\"Philip Fransson\"},{\"@type\":\"BreadcrumbList\",\"@id\":\"https:\/\/nyforetagarcentrum.se\/skanenordvast\/2024\/04\/08\/vaga-fraga-om-hjalp-fran-den-som-gjort-samma-resa\/#breadcrumb\",\"itemListElement\":[{\"@type\":\"ListItem\",\"position\":1,\"name\":\"Hem\",\"item\":\"https:\/\/nyforetagarcentrum.se\/skanenordvast\/\"},{\"@type\":\"ListItem\",\"position\":2,\"name\":\"V\u00e5ga fr\u00e5ga om hj\u00e4lp fr\u00e5n den som gjort samma resa\"}]},{\"@type\":\"WebSite\",\"@id\":\"https:\/\/nyforetagarcentrum.se\/skanenordvast\/#website\",\"url\":\"https:\/\/nyforetagarcentrum.se\/skanenordvast\/\",\"name\":\"Sk\u00e5ne Nordv\u00e4st\",\"description\":\"Sveriges ledande kraft f\u00f6r fler nya livskraftiga f\u00f6retag\",\"publisher\":{\"@id\":\"https:\/\/nyforetagarcentrum.se\/skanenordvast\/#organization\"},\"potentialAction\":[{\"@type\":\"SearchAction\",\"target\":{\"@type\":\"EntryPoint\",\"urlTemplate\":\"https:\/\/nyforetagarcentrum.se\/skanenordvast\/?s={search_term_string}\"},\"query-input\":\"required name=search_term_string\"}],\"inLanguage\":\"sv-SE\"},{\"@type\":\"Organization\",\"@id\":\"https:\/\/nyforetagarcentrum.se\/skanenordvast\/#organization\",\"name\":\"Sk\u00e5ne Nordv\u00e4st\",\"url\":\"https:\/\/nyforetagarcentrum.se\/skanenordvast\/\",\"logo\":{\"@type\":\"ImageObject\",\"inLanguage\":\"sv-SE\",\"@id\":\"https:\/\/nyforetagarcentrum.se\/skanenordvast\/#\/schema\/logo\/image\/\",\"url\":\"https:\/\/nyforetagarcentrum.se\/skanenordvast\/wp-content\/uploads\/sites\/71\/2024\/07\/skanenordvast_bla.png\",\"contentUrl\":\"https:\/\/nyforetagarcentrum.se\/skanenordvast\/wp-content\/uploads\/sites\/71\/2024\/07\/skanenordvast_bla.png\",\"width\":870,\"height\":355,\"caption\":\"Sk\u00e5ne Nordv\u00e4st\"},\"image\":{\"@id\":\"https:\/\/nyforetagarcentrum.se\/skanenordvast\/#\/schema\/logo\/image\/\"}},{\"@type\":\"Person\",\"@id\":\"https:\/\/nyforetagarcentrum.se\/skanenordvast\/#\/schema\/person\/8c364eb25b3a6b27afd11a5965271437\",\"name\":\"user\",\"image\":{\"@type\":\"ImageObject\",\"inLanguage\":\"sv-SE\",\"@id\":\"https:\/\/nyforetagarcentrum.se\/skanenordvast\/#\/schema\/person\/image\/\",\"url\":\"https:\/\/secure.gravatar.com\/avatar\/b58996c504c5638798eb6b511e6f49af?s=96&d=mm&r=g\",\"contentUrl\":\"https:\/\/secure.gravatar.com\/avatar\/b58996c504c5638798eb6b511e6f49af?s=96&d=mm&r=g\",\"caption\":\"user\"},\"sameAs\":[\"https:\/\/nyforetagarcentrum.se\"],\"url\":\"https:\/\/nyforetagarcentrum.se\/skanenordvast\/author\/user\/\"}]}<\/script>\n<!-- \/ Yoast SEO plugin. -->","yoast_head_json":{"title":"V\u00e5ga fr\u00e5ga om hj\u00e4lp fr\u00e5n den som gjort samma resa - Sk\u00e5ne Nordv\u00e4st","description":"Philip Fransson \u00e4r ny r\u00e5dgivare p\u00e5 Nyf\u00f6retagarcentrum Sk\u00e5ne Nordv\u00e4st. L\u00e4s hans tankar kring nyf\u00f6retagande och hans expertomr\u00e5den.","robots":{"index":"index","follow":"follow","max-snippet":"max-snippet:-1","max-image-preview":"max-image-preview:large","max-video-preview":"max-video-preview:-1"},"canonical":"https:\/\/nyforetagarcentrum.se\/skanenordvast\/2024\/04\/08\/vaga-fraga-om-hjalp-fran-den-som-gjort-samma-resa\/","og_locale":"sv_SE","og_type":"article","og_title":"V\u00e5ga fr\u00e5ga om hj\u00e4lp fr\u00e5n den som gjort samma resa - Sk\u00e5ne Nordv\u00e4st","og_description":"Philip Fransson \u00e4r ny r\u00e5dgivare p\u00e5 Nyf\u00f6retagarcentrum Sk\u00e5ne Nordv\u00e4st. L\u00e4s hans tankar kring nyf\u00f6retagande och hans expertomr\u00e5den.","og_url":"https:\/\/nyforetagarcentrum.se\/skanenordvast\/2024\/04\/08\/vaga-fraga-om-hjalp-fran-den-som-gjort-samma-resa\/","og_site_name":"Sk\u00e5ne Nordv\u00e4st","article_published_time":"2024-04-08T08:00:19+00:00","article_modified_time":"2025-05-05T09:27:19+00:00","og_image":[{"width":2000,"height":1333,"url":"https:\/\/nyforetagarcentrum.se\/skanenordvast\/wp-content\/uploads\/sites\/71\/2024\/04\/nfc9771.jpg","type":"image\/jpeg"}],"author":"user","twitter_card":"summary_large_image","twitter_misc":{"Skriven av":"user","Ber\u00e4knad l\u00e4stid":"2 minuter"},"schema":{"@context":"https:\/\/schema.org","@graph":[{"@type":"Article","@id":"https:\/\/nyforetagarcentrum.se\/skanenordvast\/2024\/04\/08\/vaga-fraga-om-hjalp-fran-den-som-gjort-samma-resa\/#article","isPartOf":{"@id":"https:\/\/nyforetagarcentrum.se\/skanenordvast\/2024\/04\/08\/vaga-fraga-om-hjalp-fran-den-som-gjort-samma-resa\/"},"author":{"name":"user","@id":"https:\/\/nyforetagarcentrum.se\/skanenordvast\/#\/schema\/person\/8c364eb25b3a6b27afd11a5965271437"},"headline":"V\u00e5ga fr\u00e5ga om hj\u00e4lp fr\u00e5n den som gjort samma resa","datePublished":"2024-04-08T08:00:19+00:00","dateModified":"2025-05-05T09:27:19+00:00","mainEntityOfPage":{"@id":"https:\/\/nyforetagarcentrum.se\/skanenordvast\/2024\/04\/08\/vaga-fraga-om-hjalp-fran-den-som-gjort-samma-resa\/"},"wordCount":442,"commentCount":0,"publisher":{"@id":"https:\/\/nyforetagarcentrum.se\/skanenordvast\/#organization"},"image":{"@id":"https:\/\/nyforetagarcentrum.se\/skanenordvast\/2024\/04\/08\/vaga-fraga-om-hjalp-fran-den-som-gjort-samma-resa\/#primaryimage"},"thumbnailUrl":"https:\/\/nyforetagarcentrum.se\/skanenordvast\/wp-content\/uploads\/sites\/71\/2024\/04\/nfc9771.jpg","articleSection":["R\u00e5dgivare"],"inLanguage":"sv-SE","potentialAction":[{"@type":"CommentAction","name":"Comment","target":["https:\/\/nyforetagarcentrum.se\/skanenordvast\/2024\/04\/08\/vaga-fraga-om-hjalp-fran-den-som-gjort-samma-resa\/#respond"]}]},{"@type":"WebPage","@id":"https:\/\/nyforetagarcentrum.se\/skanenordvast\/2024\/04\/08\/vaga-fraga-om-hjalp-fran-den-som-gjort-samma-resa\/","url":"https:\/\/nyforetagarcentrum.se\/skanenordvast\/2024\/04\/08\/vaga-fraga-om-hjalp-fran-den-som-gjort-samma-resa\/","name":"V\u00e5ga fr\u00e5ga om hj\u00e4lp fr\u00e5n den som gjort samma resa - Sk\u00e5ne Nordv\u00e4st","isPartOf":{"@id":"https:\/\/nyforetagarcentrum.se\/skanenordvast\/#website"},"primaryImageOfPage":{"@id":"https:\/\/nyforetagarcentrum.se\/skanenordvast\/2024\/04\/08\/vaga-fraga-om-hjalp-fran-den-som-gjort-samma-resa\/#primaryimage"},"image":{"@id":"https:\/\/nyforetagarcentrum.se\/skanenordvast\/2024\/04\/08\/vaga-fraga-om-hjalp-fran-den-som-gjort-samma-resa\/#primaryimage"},"thumbnailUrl":"https:\/\/nyforetagarcentrum.se\/skanenordvast\/wp-content\/uploads\/sites\/71\/2024\/04\/nfc9771.jpg","datePublished":"2024-04-08T08:00:19+00:00","dateModified":"2025-05-05T09:27:19+00:00","description":"Philip Fransson \u00e4r ny r\u00e5dgivare p\u00e5 Nyf\u00f6retagarcentrum Sk\u00e5ne Nordv\u00e4st. L\u00e4s hans tankar kring nyf\u00f6retagande och hans expertomr\u00e5den.","breadcrumb":{"@id":"https:\/\/nyforetagarcentrum.se\/skanenordvast\/2024\/04\/08\/vaga-fraga-om-hjalp-fran-den-som-gjort-samma-resa\/#breadcrumb"},"inLanguage":"sv-SE","potentialAction":[{"@type":"ReadAction","target":["https:\/\/nyforetagarcentrum.se\/skanenordvast\/2024\/04\/08\/vaga-fraga-om-hjalp-fran-den-som-gjort-samma-resa\/"]}]},{"@type":"ImageObject","inLanguage":"sv-SE","@id":"https:\/\/nyforetagarcentrum.se\/skanenordvast\/2024\/04\/08\/vaga-fraga-om-hjalp-fran-den-som-gjort-samma-resa\/#primaryimage","url":"https:\/\/nyforetagarcentrum.se\/skanenordvast\/wp-content\/uploads\/sites\/71\/2024\/04\/nfc9771.jpg","contentUrl":"https:\/\/nyforetagarcentrum.se\/skanenordvast\/wp-content\/uploads\/sites\/71\/2024\/04\/nfc9771.jpg","width":2000,"height":1333,"caption":"Philip Fransson"},{"@type":"BreadcrumbList","@id":"https:\/\/nyforetagarcentrum.se\/skanenordvast\/2024\/04\/08\/vaga-fraga-om-hjalp-fran-den-som-gjort-samma-resa\/#breadcrumb","itemListElement":[{"@type":"ListItem","position":1,"name":"Hem","item":"https:\/\/nyforetagarcentrum.se\/skanenordvast\/"},{"@type":"ListItem","position":2,"name":"V\u00e5ga fr\u00e5ga om hj\u00e4lp fr\u00e5n den som gjort samma resa"}]},{"@type":"WebSite","@id":"https:\/\/nyforetagarcentrum.se\/skanenordvast\/#website","url":"https:\/\/nyforetagarcentrum.se\/skanenordvast\/","name":"Sk\u00e5ne Nordv\u00e4st","description":"Sveriges ledande kraft f\u00f6r fler nya livskraftiga f\u00f6retag","publisher":{"@id":"https:\/\/nyforetagarcentrum.se\/skanenordvast\/#organization"},"potentialAction":[{"@type":"SearchAction","target":{"@type":"EntryPoint","urlTemplate":"https:\/\/nyforetagarcentrum.se\/skanenordvast\/?s={search_term_string}"},"query-input":"required name=search_term_string"}],"inLanguage":"sv-SE"},{"@type":"Organization","@id":"https:\/\/nyforetagarcentrum.se\/skanenordvast\/#organization","name":"Sk\u00e5ne Nordv\u00e4st","url":"https:\/\/nyforetagarcentrum.se\/skanenordvast\/","logo":{"@type":"ImageObject","inLanguage":"sv-SE","@id":"https:\/\/nyforetagarcentrum.se\/skanenordvast\/#\/schema\/logo\/image\/","url":"https:\/\/nyforetagarcentrum.se\/skanenordvast\/wp-content\/uploads\/sites\/71\/2024\/07\/skanenordvast_bla.png","contentUrl":"https:\/\/nyforetagarcentrum.se\/skanenordvast\/wp-content\/uploads\/sites\/71\/2024\/07\/skanenordvast_bla.png","width":870,"height":355,"caption":"Sk\u00e5ne Nordv\u00e4st"},"image":{"@id":"https:\/\/nyforetagarcentrum.se\/skanenordvast\/#\/schema\/logo\/image\/"}},{"@type":"Person","@id":"https:\/\/nyforetagarcentrum.se\/skanenordvast\/#\/schema\/person\/8c364eb25b3a6b27afd11a5965271437","name":"user","image":{"@type":"ImageObject","inLanguage":"sv-SE","@id":"https:\/\/nyforetagarcentrum.se\/skanenordvast\/#\/schema\/person\/image\/","url":"https:\/\/secure.gravatar.com\/avatar\/b58996c504c5638798eb6b511e6f49af?s=96&d=mm&r=g","contentUrl":"https:\/\/secure.gravatar.com\/avatar\/b58996c504c5638798eb6b511e6f49af?s=96&d=mm&r=g","caption":"user"},"sameAs":["https:\/\/nyforetagarcentrum.se"],"url":"https:\/\/nyforetagarcentrum.se\/skanenordvast\/author\/user\/"}]}},"_links":{"self":[{"href":"https:\/\/nyforetagarcentrum.se\/skanenordvast\/wp-json\/wp\/v2\/posts\/1604"}],"collection":[{"href":"https:\/\/nyforetagarcentrum.se\/skanenordvast\/wp-json\/wp\/v2\/posts"}],"about":[{"href":"https:\/\/nyforetagarcentrum.se\/skanenordvast\/wp-json\/wp\/v2\/types\/post"}],"author":[{"embeddable":true,"href":"https:\/\/nyforetagarcentrum.se\/skanenordvast\/wp-json\/wp\/v2\/users\/1"}],"replies":[{"embeddable":true,"href":"https:\/\/nyforetagarcentrum.se\/skanenordvast\/wp-json\/wp\/v2\/comments?post=1604"}],"version-history":[{"count":2,"href":"https:\/\/nyforetagarcentrum.se\/skanenordvast\/wp-json\/wp\/v2\/posts\/1604\/revisions"}],"predecessor-version":[{"id":2825,"href":"https:\/\/nyforetagarcentrum.se\/skanenordvast\/wp-json\/wp\/v2\/posts\/1604\/revisions\/2825"}],"wp:featuredmedia":[{"embeddable":true,"href":"https:\/\/nyforetagarcentrum.se\/skanenordvast\/wp-json\/wp\/v2\/media\/2173"}],"wp:attachment":[{"href":"https:\/\/nyforetagarcentrum.se\/skanenordvast\/wp-json\/wp\/v2\/media?parent=1604"}],"wp:term":[{"taxonomy":"category","embeddable":true,"href":"https:\/\/nyforetagarcentrum.se\/skanenordvast\/wp-json\/wp\/v2\/categories?post=1604"},{"taxonomy":"post_tag","embeddable":true,"href":"https:\/\/nyforetagarcentrum.se\/skanenordvast\/wp-json\/wp\/v2\/tags?post=1604"}],"curies":[{"name":"wp","href":"https:\/\/api.w.org\/{rel}","templated":true}]}}