{"id":1537,"date":"2024-04-08T09:43:53","date_gmt":"2024-04-08T07:43:53","guid":{"rendered":"https:\/\/nyforetagarcentrum.se\/skanenordvast\/?p=1537"},"modified":"2024-10-09T11:05:51","modified_gmt":"2024-10-09T09:05:51","slug":"styrelsen-i-nyforetagarcentrum-skane-nordvast","status":"publish","type":"post","link":"https:\/\/nyforetagarcentrum.se\/skanenordvast\/2024\/04\/08\/styrelsen-i-nyforetagarcentrum-skane-nordvast\/","title":{"rendered":"Styrelsen i\u00a0Nyf\u00f6retagarCentrum Sk\u00e5ne Nordv\u00e4st"},"content":{"rendered":"\n<p>F\u00f6r att p\u00e5 ett s\u00e5 bra och konstruktivt s\u00e4tt som m\u00f6jligt st\u00f6dja och utveckla nyf\u00f6retagarmilj\u00f6n i Nordv\u00e4stra Sk\u00e5ne beh\u00f6vs en stark f\u00f6rankring i n\u00e4ringslivet. Mixen fr\u00e5n olika branscher och organisationer \u00e4r viktig f\u00f6r att f\u00e5 den bredd vi efters\u00f6ker i v\u00e5r styrelse.<\/p>\n\n\n\n<p>M\u00f6t Nyf\u00f6retagarCentrum Sk\u00e5ne Nordv\u00e4sts styrelse som best\u00e5r av:<\/p>\n\n\n\n<p><strong>Ordf\u00f6rande<\/strong><br>Johan R\u00f6stin<\/p>\n\n\n\n<p><strong>Ledam\u00f6ter<br><\/strong>Wiveca Almgren<br>Rabie Salem<br>Andreas Jarud<br>Bart Steijaert<\/p>\n\n\n\n<p><em><strong>Johan R\u00f6stin<\/strong>&nbsp;\u00e4r ordf\u00f6rande&nbsp;i&nbsp;Nyf\u00f6retagarCentrum&nbsp;Sk\u00e5ne Nordv\u00e4sts&nbsp;styrelse&nbsp;sedan&nbsp;2020 och&nbsp;styrelsemedlem sedan 2018.&nbsp;Vi \u00e4r naturligtvis nyfikna p\u00e5 hans engagemang f\u00f6r nyf\u00f6retagande och&nbsp;f\u00f6r&nbsp;Nyf\u00f6retagarCentrum.<\/em>&nbsp;<\/p>\n\n\n\n<p><strong>Vad \u00e4r ditt f\u00f6rh\u00e5llande till f\u00f6retagande?<\/strong>&nbsp;<\/p>\n\n\n\n<p>Jag har arbetat med logistik i olika former och f\u00f6retag&nbsp;hela mitt liv&nbsp;och sedan 1999 med fokus p\u00e5 h\u00e5llbarhet, eller milj\u00f6 som det hette d\u00e5. Numera \u00e4r jag&nbsp;konsult&nbsp;inom&nbsp;just&nbsp;h\u00e5llbar logistik.&nbsp;<\/p>\n\n\n\n<p><strong>Varf\u00f6r engagerar du dig i&nbsp;Nyf\u00f6retagarCentrum?<\/strong>&nbsp;<\/p>\n\n\n\n<p>Jag&nbsp;har haft f\u00f6rm\u00e5nen att f\u00e5 jobba med det jag velat g\u00f6ra hela mitt liv och jag&nbsp;tycker det \u00e4r viktig att bidra, att hj\u00e4lpa till och&nbsp;har jag m\u00f6jlighet att kunna&nbsp;ge n\u00e5got tillbaka&nbsp;s\u00e5 vill jag g\u00f6ra det. Det kan jag g\u00f6ra&nbsp;bland annat&nbsp;till&nbsp;Nyf\u00f6retagarCentrum,&nbsp;utifr\u00e5n&nbsp;den erfarenheten jag f\u00e5tt.&nbsp;<\/p>\n\n\n\n<p><strong>Vilken \u00e4r den st\u00f6rsta nyttan med&nbsp;Nyf\u00f6retagarCentrum&nbsp;f\u00f6r n\u00e4ringslivet och f\u00f6r den enskilda f\u00f6retagaren?<\/strong>&nbsp;<\/p>\n\n\n\n<p>Det finns m\u00e5nga kreativa m\u00e4nniskor som beh\u00f6ver hj\u00e4lp att strukturera upp sin kreativitet och skapa ett f\u00f6retag som fungerar \u00f6ver l\u00e5ng tid.&nbsp;Jag \u00e4r otroligt stolt \u00f6ver&nbsp;den statistik som visar&nbsp;p\u00e5 riktigt&nbsp;h\u00f6g&nbsp;\u00f6verlevnad i&nbsp;de&nbsp;bolag som&nbsp;f\u00e5tt r\u00e5dgivning via&nbsp;Nyf\u00f6retagarCentrum, h\u00e4r pratar vi&nbsp;verkligen&nbsp;nytta.&nbsp;Sveriges framtid tror jag till m\u00e5ngt och mycket bygger p\u00e5 nyf\u00f6retagaranda och den kreativiteten som finns i&nbsp;landet.&nbsp;Nyf\u00f6retagandet&nbsp;skapar syssels\u00e4ttning&nbsp;och&nbsp;det i sin tur ger&nbsp;ringar p\u00e5 vattnet.&nbsp;Jag tycker vi g\u00f6r&nbsp;st\u00f6rre nytta&nbsp;idag och&nbsp;att&nbsp;behovet av&nbsp;oss&nbsp;\u00e4r st\u00f6rre&nbsp;\u00e4n f\u00f6r 30 \u00e5r sedan&nbsp;n\u00e4r&nbsp;Nyf\u00f6retagarCentrum&nbsp;startade.&nbsp;Speciellt med tanke p\u00e5 hur&nbsp;arbetsmarknaden&nbsp;ser ut&nbsp;idag&nbsp;och&nbsp;med&nbsp;hela&nbsp;gig-ekonomin&nbsp;som&nbsp;\u00e4r&nbsp;mycket mer individualistisk \u00e4n kollektiv.&nbsp;<\/p>\n\n\n\n<p>Om jag f\u00e5r \u00f6nska n\u00e5got s\u00e5 \u00e4r det att vi beh\u00f6ver fler partners f\u00f6r att&nbsp;kunna&nbsp;bli \u00e4nnu mer framg\u00e5ngsrika och f\u00e5 \u00e4nnu st\u00f6rre ringar p\u00e5 vattnet.&nbsp;<\/p>\n\n\n\n<p><em>S\u00e5 h\u00e4r svarar&nbsp;<strong>Andreas Jarud<\/strong>, vd p\u00e5 \u00c4ngelholms N\u00e4ringsliv AB, om sitt engagemang i Nyf\u00f6retagarCentrum.<\/em><br><br><strong>Varf\u00f6r har du valt att engagera dig i Nyf\u00f6retagarCentrums styrelse?<\/strong><br>Nyf\u00f6retagarcentrum \u00e4r en grundbult i regionens system f\u00f6r att skapa de b\u00e4sta f\u00f6ruts\u00e4ttningarna f\u00f6r de individer som funderar p\u00e5 att starta eget f\u00f6retag. Utan f\u00f6retag som skapar arbetstillf\u00e4llen och skatteint\u00e4kter kan vi inte heller ha en fungerande v\u00e5rd, skola eller omsorg. Jag \u00e4r d\u00e4rf\u00f6r tacksam \u00f6ver att f\u00e5 m\u00f6jligheten att bidra till detta viktiga arbete.<\/p>\n\n\n\n<p><strong>Vilken \u00e4r den st\u00f6rsta nyttan med Nyf\u00f6retagarCentrum f\u00f6r n\u00e4ringslivet och f\u00f6r den enskilda f\u00f6retagaren?<\/strong><br>Att kunna f\u00e5 oberoende och kostnadsfria r\u00e5d och st\u00f6d n\u00e4r man \u00e4r beredd att ta klivet och starta eget \u00e4r ov\u00e4rderligt f\u00f6r den enskilda individen. Genom Nyf\u00f6retagarcentrums verksamhet skapar vi inte bara de b\u00e4sta f\u00f6ruts\u00e4ttningarna f\u00f6r alla som b\u00e4r p\u00e5 en dr\u00f6m om eget f\u00f6retag utan ocks\u00e5 f\u00f6r n\u00e4ringslivet som helhet. Varje nytt f\u00f6retag bidrar till fler aff\u00e4rsm\u00f6jligheter och en livskraftigare mer attraktiv region.<\/p>\n\n\n\n<p><strong>Vad skulle du vilja skicka med f\u00f6r argument till de f\u00f6retag i regionen som funderar p\u00e5 ett inleda ett partnerskap med Nyf\u00f6retagarCentrum?<\/strong><br>Genom att bli partner till Nyf\u00f6retagarCentrum Sk\u00e5ne Nordv\u00e4st g\u00f6r du en insats f\u00f6r s\u00e5v\u00e4l individer med dr\u00f6mmen om att starta eget, som f\u00f6r regionen och dig sj\u00e4lv. En attraktiv region i ekonomisk tillv\u00e4xt gynnar oss alla. Med partnerskapet f\u00e5r du ocks\u00e5 en bonus i det n\u00e4tverk av andra framg\u00e5ngsrika f\u00f6retag d\u00e4r du som f\u00f6retag inte bara finner nya aff\u00e4rsm\u00f6jligheter utan ocks\u00e5 kunskap och inspiration f\u00f6r din egna utveckling.<\/p>\n\n\n\n<p><em><strong>Wiveca Almgren<\/strong>, vd p\u00e5 Magnihill ber\u00e4ttar om entrepren\u00f6rskap och sitt engagemang i Nyf\u00f6retagarCentrum Sk\u00e5ne Nordv\u00e4sts styrelse.<\/em><\/p>\n\n\n\n<p><strong>Vem \u00e4r du och vad \u00e4r ditt f\u00f6rh\u00e5llande till f\u00f6retagande?<\/strong><br>Mitt namn \u00e4r Wiveca Almgren och jag \u00e4r en entrepren\u00f6r som brinner f\u00f6r aff\u00e4rer och mitt f\u00f6retag Magnihill som jag har drivit i 30 \u00e5r. Att se ett fr\u00f6 som blir s\u00e5tt, v\u00e4xa till en produkt \u00e4r helt fantastiskt! Det \u00e4r vad Nyf\u00f6retagarCentrum g\u00f6r varje dag n\u00e4r de ser alla fantastiska id\u00e9er bli s\u00e5dda och f\u00e5 vara med n\u00e4r fr\u00f6et v\u00e4xer till ett nytt f\u00f6retag.<br><br><strong>Varf\u00f6r engagerar du dig i Nyf\u00f6retagarCentrum?<\/strong><br>Jag som sj\u00e4lv \u00e4r en entrepren\u00f6r vet hur sv\u00e5rt det kan vara att ha en dr\u00f6m och en ide, men inte riktigt veta hur man kan f\u00f6rverkliga den. Att f\u00e5 guidelines, hj\u00e4lp, goda r\u00e5d och support fr\u00e5n Nyf\u00f6retagarCentrum kan vara avg\u00f6rande och det \u00e4r alla vi sm\u00e5 f\u00f6retag som bygger v\u00e5rt land! Hur kan man inte engagera sig i Nyf\u00f6retagarCentrum ?<\/p>\n\n\n\n<p><strong>Vilken nytta g\u00f6r Nyf\u00f6retagarCentrum?<\/strong><br>Nyf\u00f6retagarCentrums nytta \u00e4r att f\u00f6rverkliga v\u00e4ldigt m\u00e5nga entrepren\u00f6rers dr\u00f6mmar till verklighet och detta skapar en massa arbetstillf\u00e4llen och framtidstro. Det \u00e4r precis vad Sverige beh\u00f6ver!<\/p>\n\n\n\n<p><em><strong>Bart Steijaert<\/strong>, vd f\u00f6r Helsingborgs Hamn och styrelseledamot i Nyf\u00f6retagarCentrum Sk\u00e5ne Nordv\u00e4st sedan 2021.<\/em><\/p>\n\n\n\n<p><strong>Bart, vem \u00e4r du, varf\u00f6r engagerar du dig i Nyf\u00f6retagarCentrum och vilken nytta tycker du Nyf\u00f6retagarCentrum tillf\u00f6r till det nordv\u00e4stsk\u00e5nska n\u00e4ringslivet?<\/strong><\/p>\n\n\n\n<p>I hela mitt liv har jag jobbat med logistik och transport, ofta med inslag av utveckla nya terminaler och operationer i olika l\u00e4nder i Europa. Jag tror det \u00e4r viktig att alla m\u00e4nniskor f\u00e5r m\u00f6jlighet att f\u00f6rverkliga sina dr\u00f6mmar genom att studera, jobba eller att starta ett f\u00f6retag. Nyf\u00f6retagarCentrum \u00e4r ett fantastisk st\u00f6d i den processen och jag vill g\u00e4rna bidra till det. Nyf\u00f6retagarCentrum hj\u00e4lper m\u00e4nniskor att komma ig\u00e5ng och att bli framg\u00e5ngsrika. Nyf\u00f6retagarCentrum \u00e4r helt enkelt en framg\u00e5ngsmaskin!<\/p>\n\n\n\n<p><\/p>\n","protected":false},"excerpt":{"rendered":"<p>F\u00f6r att p\u00e5 ett s\u00e5 bra och konstruktivt s\u00e4tt som m\u00f6jligt st\u00f6dja och utveckla nyf\u00f6retagarmilj\u00f6n i Nordv\u00e4stra Sk\u00e5ne beh\u00f6vs en stark f\u00f6rankring i n\u00e4ringslivet. Mixen fr\u00e5n olika branscher och organisationer \u00e4r viktig f\u00f6r att f\u00e5 den bredd vi efters\u00f6ker i v\u00e5r styrelse. M\u00f6t Nyf\u00f6retagarCentrum Sk\u00e5ne Nordv\u00e4sts styrelse som best\u00e5r av: Ordf\u00f6randeJohan R\u00f6stin Ledam\u00f6terWiveca AlmgrenRabie SalemAndreas [&hellip;]<\/p>\n","protected":false},"author":1,"featured_media":2178,"comment_status":"open","ping_status":"open","sticky":false,"template":"","format":"standard","meta":{"footnotes":""},"categories":[17],"tags":[],"acf":[],"yoast_head":"<!-- This site is optimized with the Yoast SEO plugin v22.9 - https:\/\/yoast.com\/wordpress\/plugins\/seo\/ -->\n<title>Styrelsen i\u00a0Nyf\u00f6retagarCentrum Sk\u00e5ne Nordv\u00e4st - Sk\u00e5ne Nordv\u00e4st<\/title>\n<meta name=\"description\" content=\"M\u00f6t Nyf\u00f6retagarcentrum Sk\u00e5ne Nordv\u00e4sts styrelse och l\u00e4s deras tankar kring varf\u00f6r de har valt att engagera sig.\" \/>\n<meta name=\"robots\" content=\"index, follow, max-snippet:-1, max-image-preview:large, max-video-preview:-1\" \/>\n<link rel=\"canonical\" href=\"https:\/\/nyforetagarcentrum.se\/skanenordvast\/2024\/04\/08\/styrelsen-i-nyforetagarcentrum-skane-nordvast\/\" \/>\n<meta property=\"og:locale\" content=\"sv_SE\" \/>\n<meta property=\"og:type\" content=\"article\" \/>\n<meta property=\"og:title\" content=\"Styrelsen i\u00a0Nyf\u00f6retagarCentrum Sk\u00e5ne Nordv\u00e4st - Sk\u00e5ne Nordv\u00e4st\" \/>\n<meta property=\"og:description\" content=\"M\u00f6t Nyf\u00f6retagarcentrum Sk\u00e5ne Nordv\u00e4sts styrelse och l\u00e4s deras tankar kring varf\u00f6r de har valt att engagera sig.\" \/>\n<meta property=\"og:url\" content=\"https:\/\/nyforetagarcentrum.se\/skanenordvast\/2024\/04\/08\/styrelsen-i-nyforetagarcentrum-skane-nordvast\/\" \/>\n<meta property=\"og:site_name\" content=\"Sk\u00e5ne Nordv\u00e4st\" \/>\n<meta property=\"article:published_time\" content=\"2024-04-08T07:43:53+00:00\" \/>\n<meta property=\"article:modified_time\" content=\"2024-10-09T09:05:51+00:00\" \/>\n<meta property=\"og:image\" content=\"https:\/\/nyforetagarcentrum.se\/skanenordvast\/wp-content\/uploads\/sites\/71\/2024\/07\/web-lowress-nfc0075.jpg\" \/>\n\t<meta property=\"og:image:width\" content=\"2000\" \/>\n\t<meta property=\"og:image:height\" content=\"1333\" \/>\n\t<meta property=\"og:image:type\" content=\"image\/jpeg\" \/>\n<meta name=\"author\" content=\"user\" \/>\n<meta name=\"twitter:card\" content=\"summary_large_image\" \/>\n<meta name=\"twitter:label1\" content=\"Skriven av\" \/>\n\t<meta name=\"twitter:data1\" content=\"user\" \/>\n\t<meta name=\"twitter:label2\" content=\"Ber\u00e4knad l\u00e4stid\" \/>\n\t<meta name=\"twitter:data2\" content=\"5 minuter\" \/>\n<script type=\"application\/ld+json\" class=\"yoast-schema-graph\">{\"@context\":\"https:\/\/schema.org\",\"@graph\":[{\"@type\":\"Article\",\"@id\":\"https:\/\/nyforetagarcentrum.se\/skanenordvast\/2024\/04\/08\/styrelsen-i-nyforetagarcentrum-skane-nordvast\/#article\",\"isPartOf\":{\"@id\":\"https:\/\/nyforetagarcentrum.se\/skanenordvast\/2024\/04\/08\/styrelsen-i-nyforetagarcentrum-skane-nordvast\/\"},\"author\":{\"name\":\"user\",\"@id\":\"https:\/\/nyforetagarcentrum.se\/skanenordvast\/#\/schema\/person\/8c364eb25b3a6b27afd11a5965271437\"},\"headline\":\"Styrelsen i\u00a0Nyf\u00f6retagarCentrum Sk\u00e5ne Nordv\u00e4st\",\"datePublished\":\"2024-04-08T07:43:53+00:00\",\"dateModified\":\"2024-10-09T09:05:51+00:00\",\"mainEntityOfPage\":{\"@id\":\"https:\/\/nyforetagarcentrum.se\/skanenordvast\/2024\/04\/08\/styrelsen-i-nyforetagarcentrum-skane-nordvast\/\"},\"wordCount\":1203,\"commentCount\":0,\"publisher\":{\"@id\":\"https:\/\/nyforetagarcentrum.se\/skanenordvast\/#organization\"},\"image\":{\"@id\":\"https:\/\/nyforetagarcentrum.se\/skanenordvast\/2024\/04\/08\/styrelsen-i-nyforetagarcentrum-skane-nordvast\/#primaryimage\"},\"thumbnailUrl\":\"https:\/\/nyforetagarcentrum.se\/skanenordvast\/wp-content\/uploads\/sites\/71\/2024\/07\/web-lowress-nfc0075.jpg\",\"articleSection\":[\"Styrelse\"],\"inLanguage\":\"sv-SE\",\"potentialAction\":[{\"@type\":\"CommentAction\",\"name\":\"Comment\",\"target\":[\"https:\/\/nyforetagarcentrum.se\/skanenordvast\/2024\/04\/08\/styrelsen-i-nyforetagarcentrum-skane-nordvast\/#respond\"]}]},{\"@type\":\"WebPage\",\"@id\":\"https:\/\/nyforetagarcentrum.se\/skanenordvast\/2024\/04\/08\/styrelsen-i-nyforetagarcentrum-skane-nordvast\/\",\"url\":\"https:\/\/nyforetagarcentrum.se\/skanenordvast\/2024\/04\/08\/styrelsen-i-nyforetagarcentrum-skane-nordvast\/\",\"name\":\"Styrelsen i\u00a0Nyf\u00f6retagarCentrum Sk\u00e5ne Nordv\u00e4st - Sk\u00e5ne Nordv\u00e4st\",\"isPartOf\":{\"@id\":\"https:\/\/nyforetagarcentrum.se\/skanenordvast\/#website\"},\"primaryImageOfPage\":{\"@id\":\"https:\/\/nyforetagarcentrum.se\/skanenordvast\/2024\/04\/08\/styrelsen-i-nyforetagarcentrum-skane-nordvast\/#primaryimage\"},\"image\":{\"@id\":\"https:\/\/nyforetagarcentrum.se\/skanenordvast\/2024\/04\/08\/styrelsen-i-nyforetagarcentrum-skane-nordvast\/#primaryimage\"},\"thumbnailUrl\":\"https:\/\/nyforetagarcentrum.se\/skanenordvast\/wp-content\/uploads\/sites\/71\/2024\/07\/web-lowress-nfc0075.jpg\",\"datePublished\":\"2024-04-08T07:43:53+00:00\",\"dateModified\":\"2024-10-09T09:05:51+00:00\",\"description\":\"M\u00f6t Nyf\u00f6retagarcentrum Sk\u00e5ne Nordv\u00e4sts styrelse och l\u00e4s deras tankar kring varf\u00f6r de har valt att engagera sig.\",\"breadcrumb\":{\"@id\":\"https:\/\/nyforetagarcentrum.se\/skanenordvast\/2024\/04\/08\/styrelsen-i-nyforetagarcentrum-skane-nordvast\/#breadcrumb\"},\"inLanguage\":\"sv-SE\",\"potentialAction\":[{\"@type\":\"ReadAction\",\"target\":[\"https:\/\/nyforetagarcentrum.se\/skanenordvast\/2024\/04\/08\/styrelsen-i-nyforetagarcentrum-skane-nordvast\/\"]}]},{\"@type\":\"ImageObject\",\"inLanguage\":\"sv-SE\",\"@id\":\"https:\/\/nyforetagarcentrum.se\/skanenordvast\/2024\/04\/08\/styrelsen-i-nyforetagarcentrum-skane-nordvast\/#primaryimage\",\"url\":\"https:\/\/nyforetagarcentrum.se\/skanenordvast\/wp-content\/uploads\/sites\/71\/2024\/07\/web-lowress-nfc0075.jpg\",\"contentUrl\":\"https:\/\/nyforetagarcentrum.se\/skanenordvast\/wp-content\/uploads\/sites\/71\/2024\/07\/web-lowress-nfc0075.jpg\",\"width\":2000,\"height\":1333,\"caption\":\"Nyf\u00f6retagarCentrum Sk\u00e5ne Nordv\u00e4sts styrelse\"},{\"@type\":\"BreadcrumbList\",\"@id\":\"https:\/\/nyforetagarcentrum.se\/skanenordvast\/2024\/04\/08\/styrelsen-i-nyforetagarcentrum-skane-nordvast\/#breadcrumb\",\"itemListElement\":[{\"@type\":\"ListItem\",\"position\":1,\"name\":\"Hem\",\"item\":\"https:\/\/nyforetagarcentrum.se\/skanenordvast\/\"},{\"@type\":\"ListItem\",\"position\":2,\"name\":\"Styrelsen i\u00a0Nyf\u00f6retagarCentrum Sk\u00e5ne Nordv\u00e4st\"}]},{\"@type\":\"WebSite\",\"@id\":\"https:\/\/nyforetagarcentrum.se\/skanenordvast\/#website\",\"url\":\"https:\/\/nyforetagarcentrum.se\/skanenordvast\/\",\"name\":\"Sk\u00e5ne Nordv\u00e4st\",\"description\":\"Sveriges ledande kraft f\u00f6r fler nya livskraftiga f\u00f6retag\",\"publisher\":{\"@id\":\"https:\/\/nyforetagarcentrum.se\/skanenordvast\/#organization\"},\"potentialAction\":[{\"@type\":\"SearchAction\",\"target\":{\"@type\":\"EntryPoint\",\"urlTemplate\":\"https:\/\/nyforetagarcentrum.se\/skanenordvast\/?s={search_term_string}\"},\"query-input\":\"required name=search_term_string\"}],\"inLanguage\":\"sv-SE\"},{\"@type\":\"Organization\",\"@id\":\"https:\/\/nyforetagarcentrum.se\/skanenordvast\/#organization\",\"name\":\"Sk\u00e5ne Nordv\u00e4st\",\"url\":\"https:\/\/nyforetagarcentrum.se\/skanenordvast\/\",\"logo\":{\"@type\":\"ImageObject\",\"inLanguage\":\"sv-SE\",\"@id\":\"https:\/\/nyforetagarcentrum.se\/skanenordvast\/#\/schema\/logo\/image\/\",\"url\":\"https:\/\/nyforetagarcentrum.se\/skanenordvast\/wp-content\/uploads\/sites\/71\/2024\/07\/skanenordvast_bla.png\",\"contentUrl\":\"https:\/\/nyforetagarcentrum.se\/skanenordvast\/wp-content\/uploads\/sites\/71\/2024\/07\/skanenordvast_bla.png\",\"width\":870,\"height\":355,\"caption\":\"Sk\u00e5ne Nordv\u00e4st\"},\"image\":{\"@id\":\"https:\/\/nyforetagarcentrum.se\/skanenordvast\/#\/schema\/logo\/image\/\"}},{\"@type\":\"Person\",\"@id\":\"https:\/\/nyforetagarcentrum.se\/skanenordvast\/#\/schema\/person\/8c364eb25b3a6b27afd11a5965271437\",\"name\":\"user\",\"image\":{\"@type\":\"ImageObject\",\"inLanguage\":\"sv-SE\",\"@id\":\"https:\/\/nyforetagarcentrum.se\/skanenordvast\/#\/schema\/person\/image\/\",\"url\":\"https:\/\/secure.gravatar.com\/avatar\/b58996c504c5638798eb6b511e6f49af?s=96&d=mm&r=g\",\"contentUrl\":\"https:\/\/secure.gravatar.com\/avatar\/b58996c504c5638798eb6b511e6f49af?s=96&d=mm&r=g\",\"caption\":\"user\"},\"sameAs\":[\"https:\/\/nyforetagarcentrum.se\"],\"url\":\"https:\/\/nyforetagarcentrum.se\/skanenordvast\/author\/user\/\"}]}<\/script>\n<!-- \/ Yoast SEO plugin. -->","yoast_head_json":{"title":"Styrelsen i\u00a0Nyf\u00f6retagarCentrum Sk\u00e5ne Nordv\u00e4st - Sk\u00e5ne Nordv\u00e4st","description":"M\u00f6t Nyf\u00f6retagarcentrum Sk\u00e5ne Nordv\u00e4sts styrelse och l\u00e4s deras tankar kring varf\u00f6r de har valt att engagera sig.","robots":{"index":"index","follow":"follow","max-snippet":"max-snippet:-1","max-image-preview":"max-image-preview:large","max-video-preview":"max-video-preview:-1"},"canonical":"https:\/\/nyforetagarcentrum.se\/skanenordvast\/2024\/04\/08\/styrelsen-i-nyforetagarcentrum-skane-nordvast\/","og_locale":"sv_SE","og_type":"article","og_title":"Styrelsen i\u00a0Nyf\u00f6retagarCentrum Sk\u00e5ne Nordv\u00e4st - Sk\u00e5ne Nordv\u00e4st","og_description":"M\u00f6t Nyf\u00f6retagarcentrum Sk\u00e5ne Nordv\u00e4sts styrelse och l\u00e4s deras tankar kring varf\u00f6r de har valt att engagera sig.","og_url":"https:\/\/nyforetagarcentrum.se\/skanenordvast\/2024\/04\/08\/styrelsen-i-nyforetagarcentrum-skane-nordvast\/","og_site_name":"Sk\u00e5ne Nordv\u00e4st","article_published_time":"2024-04-08T07:43:53+00:00","article_modified_time":"2024-10-09T09:05:51+00:00","og_image":[{"width":2000,"height":1333,"url":"https:\/\/nyforetagarcentrum.se\/skanenordvast\/wp-content\/uploads\/sites\/71\/2024\/07\/web-lowress-nfc0075.jpg","type":"image\/jpeg"}],"author":"user","twitter_card":"summary_large_image","twitter_misc":{"Skriven av":"user","Ber\u00e4knad l\u00e4stid":"5 minuter"},"schema":{"@context":"https:\/\/schema.org","@graph":[{"@type":"Article","@id":"https:\/\/nyforetagarcentrum.se\/skanenordvast\/2024\/04\/08\/styrelsen-i-nyforetagarcentrum-skane-nordvast\/#article","isPartOf":{"@id":"https:\/\/nyforetagarcentrum.se\/skanenordvast\/2024\/04\/08\/styrelsen-i-nyforetagarcentrum-skane-nordvast\/"},"author":{"name":"user","@id":"https:\/\/nyforetagarcentrum.se\/skanenordvast\/#\/schema\/person\/8c364eb25b3a6b27afd11a5965271437"},"headline":"Styrelsen i\u00a0Nyf\u00f6retagarCentrum Sk\u00e5ne Nordv\u00e4st","datePublished":"2024-04-08T07:43:53+00:00","dateModified":"2024-10-09T09:05:51+00:00","mainEntityOfPage":{"@id":"https:\/\/nyforetagarcentrum.se\/skanenordvast\/2024\/04\/08\/styrelsen-i-nyforetagarcentrum-skane-nordvast\/"},"wordCount":1203,"commentCount":0,"publisher":{"@id":"https:\/\/nyforetagarcentrum.se\/skanenordvast\/#organization"},"image":{"@id":"https:\/\/nyforetagarcentrum.se\/skanenordvast\/2024\/04\/08\/styrelsen-i-nyforetagarcentrum-skane-nordvast\/#primaryimage"},"thumbnailUrl":"https:\/\/nyforetagarcentrum.se\/skanenordvast\/wp-content\/uploads\/sites\/71\/2024\/07\/web-lowress-nfc0075.jpg","articleSection":["Styrelse"],"inLanguage":"sv-SE","potentialAction":[{"@type":"CommentAction","name":"Comment","target":["https:\/\/nyforetagarcentrum.se\/skanenordvast\/2024\/04\/08\/styrelsen-i-nyforetagarcentrum-skane-nordvast\/#respond"]}]},{"@type":"WebPage","@id":"https:\/\/nyforetagarcentrum.se\/skanenordvast\/2024\/04\/08\/styrelsen-i-nyforetagarcentrum-skane-nordvast\/","url":"https:\/\/nyforetagarcentrum.se\/skanenordvast\/2024\/04\/08\/styrelsen-i-nyforetagarcentrum-skane-nordvast\/","name":"Styrelsen i\u00a0Nyf\u00f6retagarCentrum Sk\u00e5ne Nordv\u00e4st - Sk\u00e5ne Nordv\u00e4st","isPartOf":{"@id":"https:\/\/nyforetagarcentrum.se\/skanenordvast\/#website"},"primaryImageOfPage":{"@id":"https:\/\/nyforetagarcentrum.se\/skanenordvast\/2024\/04\/08\/styrelsen-i-nyforetagarcentrum-skane-nordvast\/#primaryimage"},"image":{"@id":"https:\/\/nyforetagarcentrum.se\/skanenordvast\/2024\/04\/08\/styrelsen-i-nyforetagarcentrum-skane-nordvast\/#primaryimage"},"thumbnailUrl":"https:\/\/nyforetagarcentrum.se\/skanenordvast\/wp-content\/uploads\/sites\/71\/2024\/07\/web-lowress-nfc0075.jpg","datePublished":"2024-04-08T07:43:53+00:00","dateModified":"2024-10-09T09:05:51+00:00","description":"M\u00f6t Nyf\u00f6retagarcentrum Sk\u00e5ne Nordv\u00e4sts styrelse och l\u00e4s deras tankar kring varf\u00f6r de har valt att engagera sig.","breadcrumb":{"@id":"https:\/\/nyforetagarcentrum.se\/skanenordvast\/2024\/04\/08\/styrelsen-i-nyforetagarcentrum-skane-nordvast\/#breadcrumb"},"inLanguage":"sv-SE","potentialAction":[{"@type":"ReadAction","target":["https:\/\/nyforetagarcentrum.se\/skanenordvast\/2024\/04\/08\/styrelsen-i-nyforetagarcentrum-skane-nordvast\/"]}]},{"@type":"ImageObject","inLanguage":"sv-SE","@id":"https:\/\/nyforetagarcentrum.se\/skanenordvast\/2024\/04\/08\/styrelsen-i-nyforetagarcentrum-skane-nordvast\/#primaryimage","url":"https:\/\/nyforetagarcentrum.se\/skanenordvast\/wp-content\/uploads\/sites\/71\/2024\/07\/web-lowress-nfc0075.jpg","contentUrl":"https:\/\/nyforetagarcentrum.se\/skanenordvast\/wp-content\/uploads\/sites\/71\/2024\/07\/web-lowress-nfc0075.jpg","width":2000,"height":1333,"caption":"Nyf\u00f6retagarCentrum Sk\u00e5ne Nordv\u00e4sts styrelse"},{"@type":"BreadcrumbList","@id":"https:\/\/nyforetagarcentrum.se\/skanenordvast\/2024\/04\/08\/styrelsen-i-nyforetagarcentrum-skane-nordvast\/#breadcrumb","itemListElement":[{"@type":"ListItem","position":1,"name":"Hem","item":"https:\/\/nyforetagarcentrum.se\/skanenordvast\/"},{"@type":"ListItem","position":2,"name":"Styrelsen i\u00a0Nyf\u00f6retagarCentrum Sk\u00e5ne Nordv\u00e4st"}]},{"@type":"WebSite","@id":"https:\/\/nyforetagarcentrum.se\/skanenordvast\/#website","url":"https:\/\/nyforetagarcentrum.se\/skanenordvast\/","name":"Sk\u00e5ne Nordv\u00e4st","description":"Sveriges ledande kraft f\u00f6r fler nya livskraftiga f\u00f6retag","publisher":{"@id":"https:\/\/nyforetagarcentrum.se\/skanenordvast\/#organization"},"potentialAction":[{"@type":"SearchAction","target":{"@type":"EntryPoint","urlTemplate":"https:\/\/nyforetagarcentrum.se\/skanenordvast\/?s={search_term_string}"},"query-input":"required name=search_term_string"}],"inLanguage":"sv-SE"},{"@type":"Organization","@id":"https:\/\/nyforetagarcentrum.se\/skanenordvast\/#organization","name":"Sk\u00e5ne Nordv\u00e4st","url":"https:\/\/nyforetagarcentrum.se\/skanenordvast\/","logo":{"@type":"ImageObject","inLanguage":"sv-SE","@id":"https:\/\/nyforetagarcentrum.se\/skanenordvast\/#\/schema\/logo\/image\/","url":"https:\/\/nyforetagarcentrum.se\/skanenordvast\/wp-content\/uploads\/sites\/71\/2024\/07\/skanenordvast_bla.png","contentUrl":"https:\/\/nyforetagarcentrum.se\/skanenordvast\/wp-content\/uploads\/sites\/71\/2024\/07\/skanenordvast_bla.png","width":870,"height":355,"caption":"Sk\u00e5ne Nordv\u00e4st"},"image":{"@id":"https:\/\/nyforetagarcentrum.se\/skanenordvast\/#\/schema\/logo\/image\/"}},{"@type":"Person","@id":"https:\/\/nyforetagarcentrum.se\/skanenordvast\/#\/schema\/person\/8c364eb25b3a6b27afd11a5965271437","name":"user","image":{"@type":"ImageObject","inLanguage":"sv-SE","@id":"https:\/\/nyforetagarcentrum.se\/skanenordvast\/#\/schema\/person\/image\/","url":"https:\/\/secure.gravatar.com\/avatar\/b58996c504c5638798eb6b511e6f49af?s=96&d=mm&r=g","contentUrl":"https:\/\/secure.gravatar.com\/avatar\/b58996c504c5638798eb6b511e6f49af?s=96&d=mm&r=g","caption":"user"},"sameAs":["https:\/\/nyforetagarcentrum.se"],"url":"https:\/\/nyforetagarcentrum.se\/skanenordvast\/author\/user\/"}]}},"_links":{"self":[{"href":"https:\/\/nyforetagarcentrum.se\/skanenordvast\/wp-json\/wp\/v2\/posts\/1537"}],"collection":[{"href":"https:\/\/nyforetagarcentrum.se\/skanenordvast\/wp-json\/wp\/v2\/posts"}],"about":[{"href":"https:\/\/nyforetagarcentrum.se\/skanenordvast\/wp-json\/wp\/v2\/types\/post"}],"author":[{"embeddable":true,"href":"https:\/\/nyforetagarcentrum.se\/skanenordvast\/wp-json\/wp\/v2\/users\/1"}],"replies":[{"embeddable":true,"href":"https:\/\/nyforetagarcentrum.se\/skanenordvast\/wp-json\/wp\/v2\/comments?post=1537"}],"version-history":[{"count":2,"href":"https:\/\/nyforetagarcentrum.se\/skanenordvast\/wp-json\/wp\/v2\/posts\/1537\/revisions"}],"predecessor-version":[{"id":2182,"href":"https:\/\/nyforetagarcentrum.se\/skanenordvast\/wp-json\/wp\/v2\/posts\/1537\/revisions\/2182"}],"wp:featuredmedia":[{"embeddable":true,"href":"https:\/\/nyforetagarcentrum.se\/skanenordvast\/wp-json\/wp\/v2\/media\/2178"}],"wp:attachment":[{"href":"https:\/\/nyforetagarcentrum.se\/skanenordvast\/wp-json\/wp\/v2\/media?parent=1537"}],"wp:term":[{"taxonomy":"category","embeddable":true,"href":"https:\/\/nyforetagarcentrum.se\/skanenordvast\/wp-json\/wp\/v2\/categories?post=1537"},{"taxonomy":"post_tag","embeddable":true,"href":"https:\/\/nyforetagarcentrum.se\/skanenordvast\/wp-json\/wp\/v2\/tags?post=1537"}],"curies":[{"name":"wp","href":"https:\/\/api.w.org\/{rel}","templated":true}]}}