{"id":1577,"date":"2026-01-11T14:36:23","date_gmt":"2026-01-11T13:36:23","guid":{"rendered":"https:\/\/nyforetagarcentrum.se\/sigtuna\/?p=1577"},"modified":"2026-01-11T14:36:24","modified_gmt":"2026-01-11T13:36:24","slug":"inbjudan-till-natverkskvall-for-smaforetagare-20-november-kl-19","status":"publish","type":"post","link":"https:\/\/nyforetagarcentrum.se\/sigtuna\/2026\/01\/11\/inbjudan-till-natverkskvall-for-smaforetagare-20-november-kl-19\/","title":{"rendered":"Inbjudan till N\u00e4tverkskv\u00e4ll f\u00f6r sm\u00e5f\u00f6retagare ! 26 februari kl 17."},"content":{"rendered":"\n<figure class=\"wp-block-image size-large\"><img loading=\"lazy\" decoding=\"async\" width=\"663\" height=\"1024\" src=\"https:\/\/nyforetagarcentrum.se\/sigtuna\/wp-content\/uploads\/sites\/11\/2026\/01\/Black-and-Gold-Geometric-Festive-Block-Party-Flyer-663x1024.jpeg\" alt=\"\" class=\"wp-image-1607\" srcset=\"https:\/\/nyforetagarcentrum.se\/sigtuna\/wp-content\/uploads\/sites\/11\/2026\/01\/Black-and-Gold-Geometric-Festive-Block-Party-Flyer-663x1024.jpeg 663w, https:\/\/nyforetagarcentrum.se\/sigtuna\/wp-content\/uploads\/sites\/11\/2026\/01\/Black-and-Gold-Geometric-Festive-Block-Party-Flyer-194x300.jpeg 194w, https:\/\/nyforetagarcentrum.se\/sigtuna\/wp-content\/uploads\/sites\/11\/2026\/01\/Black-and-Gold-Geometric-Festive-Block-Party-Flyer-768x1187.jpeg 768w, https:\/\/nyforetagarcentrum.se\/sigtuna\/wp-content\/uploads\/sites\/11\/2026\/01\/Black-and-Gold-Geometric-Festive-Block-Party-Flyer-994x1536.jpeg 994w, https:\/\/nyforetagarcentrum.se\/sigtuna\/wp-content\/uploads\/sites\/11\/2026\/01\/Black-and-Gold-Geometric-Festive-Block-Party-Flyer-699x1080.jpeg 699w, https:\/\/nyforetagarcentrum.se\/sigtuna\/wp-content\/uploads\/sites\/11\/2026\/01\/Black-and-Gold-Geometric-Festive-Block-Party-Flyer.jpeg 1294w\" sizes=\"(max-width: 663px) 100vw, 663px\" \/><\/figure>\n","protected":false},"excerpt":{"rendered":"","protected":false},"author":11,"featured_media":1581,"comment_status":"open","ping_status":"open","sticky":false,"template":"","format":"standard","meta":{"footnotes":""},"categories":[1],"tags":[],"acf":[],"yoast_head":"<!-- This site is optimized with the Yoast SEO plugin v22.9 - https:\/\/yoast.com\/wordpress\/plugins\/seo\/ -->\n<title>Inbjudan till N\u00e4tverkskv\u00e4ll f\u00f6r sm\u00e5f\u00f6retagare ! 26 februari kl 17. - Sigtuna<\/title>\n<meta name=\"robots\" content=\"index, follow, max-snippet:-1, max-image-preview:large, max-video-preview:-1\" \/>\n<link rel=\"canonical\" href=\"https:\/\/nyforetagarcentrum.se\/sigtuna\/2026\/01\/11\/inbjudan-till-natverkskvall-for-smaforetagare-20-november-kl-19\/\" \/>\n<meta property=\"og:locale\" content=\"sv_SE\" \/>\n<meta property=\"og:type\" content=\"article\" \/>\n<meta property=\"og:title\" content=\"Inbjudan till N\u00e4tverkskv\u00e4ll f\u00f6r sm\u00e5f\u00f6retagare ! 26 februari kl 17. - Sigtuna\" \/>\n<meta property=\"og:url\" content=\"https:\/\/nyforetagarcentrum.se\/sigtuna\/2026\/01\/11\/inbjudan-till-natverkskvall-for-smaforetagare-20-november-kl-19\/\" \/>\n<meta property=\"og:site_name\" content=\"Sigtuna\" \/>\n<meta property=\"article:published_time\" content=\"2026-01-11T13:36:23+00:00\" \/>\n<meta property=\"article:modified_time\" content=\"2026-01-11T13:36:24+00:00\" \/>\n<meta property=\"og:image\" content=\"https:\/\/nyforetagarcentrum.se\/sigtuna\/wp-content\/uploads\/sites\/11\/2025\/09\/1684179237620.jpg\" \/>\n\t<meta property=\"og:image:width\" content=\"800\" \/>\n\t<meta property=\"og:image:height\" content=\"533\" \/>\n\t<meta property=\"og:image:type\" content=\"image\/jpeg\" \/>\n<meta name=\"author\" content=\"sigtuna\" \/>\n<meta name=\"twitter:card\" content=\"summary_large_image\" \/>\n<meta name=\"twitter:label1\" content=\"Skriven av\" \/>\n\t<meta name=\"twitter:data1\" content=\"sigtuna\" \/>\n\t<meta name=\"twitter:label2\" content=\"Ber\u00e4knad l\u00e4stid\" \/>\n\t<meta name=\"twitter:data2\" content=\"1 minut\" \/>\n<script type=\"application\/ld+json\" class=\"yoast-schema-graph\">{\"@context\":\"https:\/\/schema.org\",\"@graph\":[{\"@type\":\"Article\",\"@id\":\"https:\/\/nyforetagarcentrum.se\/sigtuna\/2026\/01\/11\/inbjudan-till-natverkskvall-for-smaforetagare-20-november-kl-19\/#article\",\"isPartOf\":{\"@id\":\"https:\/\/nyforetagarcentrum.se\/sigtuna\/2026\/01\/11\/inbjudan-till-natverkskvall-for-smaforetagare-20-november-kl-19\/\"},\"author\":{\"name\":\"sigtuna\",\"@id\":\"https:\/\/nyforetagarcentrum.se\/sigtuna\/#\/schema\/person\/641784a8e6a6cc8e139896c71d3fec72\"},\"headline\":\"Inbjudan till N\u00e4tverkskv\u00e4ll f\u00f6r sm\u00e5f\u00f6retagare ! 26 februari kl 17.\",\"datePublished\":\"2026-01-11T13:36:23+00:00\",\"dateModified\":\"2026-01-11T13:36:24+00:00\",\"mainEntityOfPage\":{\"@id\":\"https:\/\/nyforetagarcentrum.se\/sigtuna\/2026\/01\/11\/inbjudan-till-natverkskvall-for-smaforetagare-20-november-kl-19\/\"},\"wordCount\":12,\"commentCount\":0,\"publisher\":{\"@id\":\"https:\/\/nyforetagarcentrum.se\/sigtuna\/#organization\"},\"image\":{\"@id\":\"https:\/\/nyforetagarcentrum.se\/sigtuna\/2026\/01\/11\/inbjudan-till-natverkskvall-for-smaforetagare-20-november-kl-19\/#primaryimage\"},\"thumbnailUrl\":\"https:\/\/nyforetagarcentrum.se\/sigtuna\/wp-content\/uploads\/sites\/11\/2025\/09\/1684179237620.jpg\",\"articleSection\":[\"N\u00e4tverk\"],\"inLanguage\":\"sv-SE\",\"potentialAction\":[{\"@type\":\"CommentAction\",\"name\":\"Comment\",\"target\":[\"https:\/\/nyforetagarcentrum.se\/sigtuna\/2026\/01\/11\/inbjudan-till-natverkskvall-for-smaforetagare-20-november-kl-19\/#respond\"]}]},{\"@type\":\"WebPage\",\"@id\":\"https:\/\/nyforetagarcentrum.se\/sigtuna\/2026\/01\/11\/inbjudan-till-natverkskvall-for-smaforetagare-20-november-kl-19\/\",\"url\":\"https:\/\/nyforetagarcentrum.se\/sigtuna\/2026\/01\/11\/inbjudan-till-natverkskvall-for-smaforetagare-20-november-kl-19\/\",\"name\":\"Inbjudan till N\u00e4tverkskv\u00e4ll f\u00f6r sm\u00e5f\u00f6retagare ! 26 februari kl 17. - Sigtuna\",\"isPartOf\":{\"@id\":\"https:\/\/nyforetagarcentrum.se\/sigtuna\/#website\"},\"primaryImageOfPage\":{\"@id\":\"https:\/\/nyforetagarcentrum.se\/sigtuna\/2026\/01\/11\/inbjudan-till-natverkskvall-for-smaforetagare-20-november-kl-19\/#primaryimage\"},\"image\":{\"@id\":\"https:\/\/nyforetagarcentrum.se\/sigtuna\/2026\/01\/11\/inbjudan-till-natverkskvall-for-smaforetagare-20-november-kl-19\/#primaryimage\"},\"thumbnailUrl\":\"https:\/\/nyforetagarcentrum.se\/sigtuna\/wp-content\/uploads\/sites\/11\/2025\/09\/1684179237620.jpg\",\"datePublished\":\"2026-01-11T13:36:23+00:00\",\"dateModified\":\"2026-01-11T13:36:24+00:00\",\"breadcrumb\":{\"@id\":\"https:\/\/nyforetagarcentrum.se\/sigtuna\/2026\/01\/11\/inbjudan-till-natverkskvall-for-smaforetagare-20-november-kl-19\/#breadcrumb\"},\"inLanguage\":\"sv-SE\",\"potentialAction\":[{\"@type\":\"ReadAction\",\"target\":[\"https:\/\/nyforetagarcentrum.se\/sigtuna\/2026\/01\/11\/inbjudan-till-natverkskvall-for-smaforetagare-20-november-kl-19\/\"]}]},{\"@type\":\"ImageObject\",\"inLanguage\":\"sv-SE\",\"@id\":\"https:\/\/nyforetagarcentrum.se\/sigtuna\/2026\/01\/11\/inbjudan-till-natverkskvall-for-smaforetagare-20-november-kl-19\/#primaryimage\",\"url\":\"https:\/\/nyforetagarcentrum.se\/sigtuna\/wp-content\/uploads\/sites\/11\/2025\/09\/1684179237620.jpg\",\"contentUrl\":\"https:\/\/nyforetagarcentrum.se\/sigtuna\/wp-content\/uploads\/sites\/11\/2025\/09\/1684179237620.jpg\",\"width\":800,\"height\":533},{\"@type\":\"BreadcrumbList\",\"@id\":\"https:\/\/nyforetagarcentrum.se\/sigtuna\/2026\/01\/11\/inbjudan-till-natverkskvall-for-smaforetagare-20-november-kl-19\/#breadcrumb\",\"itemListElement\":[{\"@type\":\"ListItem\",\"position\":1,\"name\":\"Hem\",\"item\":\"https:\/\/nyforetagarcentrum.se\/sigtuna\/\"},{\"@type\":\"ListItem\",\"position\":2,\"name\":\"Inbjudan till N\u00e4tverkskv\u00e4ll f\u00f6r sm\u00e5f\u00f6retagare ! 26 februari kl 17.\"}]},{\"@type\":\"WebSite\",\"@id\":\"https:\/\/nyforetagarcentrum.se\/sigtuna\/#website\",\"url\":\"https:\/\/nyforetagarcentrum.se\/sigtuna\/\",\"name\":\"Sigtuna\",\"description\":\"Sveriges ledande kraft f\u00f6r fler nya livskraftiga f\u00f6retag\",\"publisher\":{\"@id\":\"https:\/\/nyforetagarcentrum.se\/sigtuna\/#organization\"},\"potentialAction\":[{\"@type\":\"SearchAction\",\"target\":{\"@type\":\"EntryPoint\",\"urlTemplate\":\"https:\/\/nyforetagarcentrum.se\/sigtuna\/?s={search_term_string}\"},\"query-input\":\"required name=search_term_string\"}],\"inLanguage\":\"sv-SE\"},{\"@type\":\"Organization\",\"@id\":\"https:\/\/nyforetagarcentrum.se\/sigtuna\/#organization\",\"name\":\"Sigtuna\",\"url\":\"https:\/\/nyforetagarcentrum.se\/sigtuna\/\",\"logo\":{\"@type\":\"ImageObject\",\"inLanguage\":\"sv-SE\",\"@id\":\"https:\/\/nyforetagarcentrum.se\/sigtuna\/#\/schema\/logo\/image\/\",\"url\":\"https:\/\/nyforetagarcentrum.se\/sigtuna\/wp-content\/uploads\/sites\/11\/2024\/07\/sigtuna_bla.png\",\"contentUrl\":\"https:\/\/nyforetagarcentrum.se\/sigtuna\/wp-content\/uploads\/sites\/11\/2024\/07\/sigtuna_bla.png\",\"width\":870,\"height\":355,\"caption\":\"Sigtuna\"},\"image\":{\"@id\":\"https:\/\/nyforetagarcentrum.se\/sigtuna\/#\/schema\/logo\/image\/\"}},{\"@type\":\"Person\",\"@id\":\"https:\/\/nyforetagarcentrum.se\/sigtuna\/#\/schema\/person\/641784a8e6a6cc8e139896c71d3fec72\",\"name\":\"sigtuna\",\"image\":{\"@type\":\"ImageObject\",\"inLanguage\":\"sv-SE\",\"@id\":\"https:\/\/nyforetagarcentrum.se\/sigtuna\/#\/schema\/person\/image\/\",\"url\":\"https:\/\/secure.gravatar.com\/avatar\/0b8522bb1476868c3577c15709c1d00a?s=96&d=mm&r=g\",\"contentUrl\":\"https:\/\/secure.gravatar.com\/avatar\/0b8522bb1476868c3577c15709c1d00a?s=96&d=mm&r=g\",\"caption\":\"sigtuna\"},\"url\":\"https:\/\/nyforetagarcentrum.se\/sigtuna\/author\/sigtuna\/\"}]}<\/script>\n<!-- \/ Yoast SEO plugin. -->","yoast_head_json":{"title":"Inbjudan till N\u00e4tverkskv\u00e4ll f\u00f6r sm\u00e5f\u00f6retagare ! 26 februari kl 17. - Sigtuna","robots":{"index":"index","follow":"follow","max-snippet":"max-snippet:-1","max-image-preview":"max-image-preview:large","max-video-preview":"max-video-preview:-1"},"canonical":"https:\/\/nyforetagarcentrum.se\/sigtuna\/2026\/01\/11\/inbjudan-till-natverkskvall-for-smaforetagare-20-november-kl-19\/","og_locale":"sv_SE","og_type":"article","og_title":"Inbjudan till N\u00e4tverkskv\u00e4ll f\u00f6r sm\u00e5f\u00f6retagare ! 26 februari kl 17. - Sigtuna","og_url":"https:\/\/nyforetagarcentrum.se\/sigtuna\/2026\/01\/11\/inbjudan-till-natverkskvall-for-smaforetagare-20-november-kl-19\/","og_site_name":"Sigtuna","article_published_time":"2026-01-11T13:36:23+00:00","article_modified_time":"2026-01-11T13:36:24+00:00","og_image":[{"width":800,"height":533,"url":"https:\/\/nyforetagarcentrum.se\/sigtuna\/wp-content\/uploads\/sites\/11\/2025\/09\/1684179237620.jpg","type":"image\/jpeg"}],"author":"sigtuna","twitter_card":"summary_large_image","twitter_misc":{"Skriven av":"sigtuna","Ber\u00e4knad l\u00e4stid":"1 minut"},"schema":{"@context":"https:\/\/schema.org","@graph":[{"@type":"Article","@id":"https:\/\/nyforetagarcentrum.se\/sigtuna\/2026\/01\/11\/inbjudan-till-natverkskvall-for-smaforetagare-20-november-kl-19\/#article","isPartOf":{"@id":"https:\/\/nyforetagarcentrum.se\/sigtuna\/2026\/01\/11\/inbjudan-till-natverkskvall-for-smaforetagare-20-november-kl-19\/"},"author":{"name":"sigtuna","@id":"https:\/\/nyforetagarcentrum.se\/sigtuna\/#\/schema\/person\/641784a8e6a6cc8e139896c71d3fec72"},"headline":"Inbjudan till N\u00e4tverkskv\u00e4ll f\u00f6r sm\u00e5f\u00f6retagare ! 26 februari kl 17.","datePublished":"2026-01-11T13:36:23+00:00","dateModified":"2026-01-11T13:36:24+00:00","mainEntityOfPage":{"@id":"https:\/\/nyforetagarcentrum.se\/sigtuna\/2026\/01\/11\/inbjudan-till-natverkskvall-for-smaforetagare-20-november-kl-19\/"},"wordCount":12,"commentCount":0,"publisher":{"@id":"https:\/\/nyforetagarcentrum.se\/sigtuna\/#organization"},"image":{"@id":"https:\/\/nyforetagarcentrum.se\/sigtuna\/2026\/01\/11\/inbjudan-till-natverkskvall-for-smaforetagare-20-november-kl-19\/#primaryimage"},"thumbnailUrl":"https:\/\/nyforetagarcentrum.se\/sigtuna\/wp-content\/uploads\/sites\/11\/2025\/09\/1684179237620.jpg","articleSection":["N\u00e4tverk"],"inLanguage":"sv-SE","potentialAction":[{"@type":"CommentAction","name":"Comment","target":["https:\/\/nyforetagarcentrum.se\/sigtuna\/2026\/01\/11\/inbjudan-till-natverkskvall-for-smaforetagare-20-november-kl-19\/#respond"]}]},{"@type":"WebPage","@id":"https:\/\/nyforetagarcentrum.se\/sigtuna\/2026\/01\/11\/inbjudan-till-natverkskvall-for-smaforetagare-20-november-kl-19\/","url":"https:\/\/nyforetagarcentrum.se\/sigtuna\/2026\/01\/11\/inbjudan-till-natverkskvall-for-smaforetagare-20-november-kl-19\/","name":"Inbjudan till N\u00e4tverkskv\u00e4ll f\u00f6r sm\u00e5f\u00f6retagare ! 26 februari kl 17. - Sigtuna","isPartOf":{"@id":"https:\/\/nyforetagarcentrum.se\/sigtuna\/#website"},"primaryImageOfPage":{"@id":"https:\/\/nyforetagarcentrum.se\/sigtuna\/2026\/01\/11\/inbjudan-till-natverkskvall-for-smaforetagare-20-november-kl-19\/#primaryimage"},"image":{"@id":"https:\/\/nyforetagarcentrum.se\/sigtuna\/2026\/01\/11\/inbjudan-till-natverkskvall-for-smaforetagare-20-november-kl-19\/#primaryimage"},"thumbnailUrl":"https:\/\/nyforetagarcentrum.se\/sigtuna\/wp-content\/uploads\/sites\/11\/2025\/09\/1684179237620.jpg","datePublished":"2026-01-11T13:36:23+00:00","dateModified":"2026-01-11T13:36:24+00:00","breadcrumb":{"@id":"https:\/\/nyforetagarcentrum.se\/sigtuna\/2026\/01\/11\/inbjudan-till-natverkskvall-for-smaforetagare-20-november-kl-19\/#breadcrumb"},"inLanguage":"sv-SE","potentialAction":[{"@type":"ReadAction","target":["https:\/\/nyforetagarcentrum.se\/sigtuna\/2026\/01\/11\/inbjudan-till-natverkskvall-for-smaforetagare-20-november-kl-19\/"]}]},{"@type":"ImageObject","inLanguage":"sv-SE","@id":"https:\/\/nyforetagarcentrum.se\/sigtuna\/2026\/01\/11\/inbjudan-till-natverkskvall-for-smaforetagare-20-november-kl-19\/#primaryimage","url":"https:\/\/nyforetagarcentrum.se\/sigtuna\/wp-content\/uploads\/sites\/11\/2025\/09\/1684179237620.jpg","contentUrl":"https:\/\/nyforetagarcentrum.se\/sigtuna\/wp-content\/uploads\/sites\/11\/2025\/09\/1684179237620.jpg","width":800,"height":533},{"@type":"BreadcrumbList","@id":"https:\/\/nyforetagarcentrum.se\/sigtuna\/2026\/01\/11\/inbjudan-till-natverkskvall-for-smaforetagare-20-november-kl-19\/#breadcrumb","itemListElement":[{"@type":"ListItem","position":1,"name":"Hem","item":"https:\/\/nyforetagarcentrum.se\/sigtuna\/"},{"@type":"ListItem","position":2,"name":"Inbjudan till N\u00e4tverkskv\u00e4ll f\u00f6r sm\u00e5f\u00f6retagare ! 26 februari kl 17."}]},{"@type":"WebSite","@id":"https:\/\/nyforetagarcentrum.se\/sigtuna\/#website","url":"https:\/\/nyforetagarcentrum.se\/sigtuna\/","name":"Sigtuna","description":"Sveriges ledande kraft f\u00f6r fler nya livskraftiga f\u00f6retag","publisher":{"@id":"https:\/\/nyforetagarcentrum.se\/sigtuna\/#organization"},"potentialAction":[{"@type":"SearchAction","target":{"@type":"EntryPoint","urlTemplate":"https:\/\/nyforetagarcentrum.se\/sigtuna\/?s={search_term_string}"},"query-input":"required name=search_term_string"}],"inLanguage":"sv-SE"},{"@type":"Organization","@id":"https:\/\/nyforetagarcentrum.se\/sigtuna\/#organization","name":"Sigtuna","url":"https:\/\/nyforetagarcentrum.se\/sigtuna\/","logo":{"@type":"ImageObject","inLanguage":"sv-SE","@id":"https:\/\/nyforetagarcentrum.se\/sigtuna\/#\/schema\/logo\/image\/","url":"https:\/\/nyforetagarcentrum.se\/sigtuna\/wp-content\/uploads\/sites\/11\/2024\/07\/sigtuna_bla.png","contentUrl":"https:\/\/nyforetagarcentrum.se\/sigtuna\/wp-content\/uploads\/sites\/11\/2024\/07\/sigtuna_bla.png","width":870,"height":355,"caption":"Sigtuna"},"image":{"@id":"https:\/\/nyforetagarcentrum.se\/sigtuna\/#\/schema\/logo\/image\/"}},{"@type":"Person","@id":"https:\/\/nyforetagarcentrum.se\/sigtuna\/#\/schema\/person\/641784a8e6a6cc8e139896c71d3fec72","name":"sigtuna","image":{"@type":"ImageObject","inLanguage":"sv-SE","@id":"https:\/\/nyforetagarcentrum.se\/sigtuna\/#\/schema\/person\/image\/","url":"https:\/\/secure.gravatar.com\/avatar\/0b8522bb1476868c3577c15709c1d00a?s=96&d=mm&r=g","contentUrl":"https:\/\/secure.gravatar.com\/avatar\/0b8522bb1476868c3577c15709c1d00a?s=96&d=mm&r=g","caption":"sigtuna"},"url":"https:\/\/nyforetagarcentrum.se\/sigtuna\/author\/sigtuna\/"}]}},"_links":{"self":[{"href":"https:\/\/nyforetagarcentrum.se\/sigtuna\/wp-json\/wp\/v2\/posts\/1577"}],"collection":[{"href":"https:\/\/nyforetagarcentrum.se\/sigtuna\/wp-json\/wp\/v2\/posts"}],"about":[{"href":"https:\/\/nyforetagarcentrum.se\/sigtuna\/wp-json\/wp\/v2\/types\/post"}],"author":[{"embeddable":true,"href":"https:\/\/nyforetagarcentrum.se\/sigtuna\/wp-json\/wp\/v2\/users\/11"}],"replies":[{"embeddable":true,"href":"https:\/\/nyforetagarcentrum.se\/sigtuna\/wp-json\/wp\/v2\/comments?post=1577"}],"version-history":[{"count":3,"href":"https:\/\/nyforetagarcentrum.se\/sigtuna\/wp-json\/wp\/v2\/posts\/1577\/revisions"}],"predecessor-version":[{"id":1608,"href":"https:\/\/nyforetagarcentrum.se\/sigtuna\/wp-json\/wp\/v2\/posts\/1577\/revisions\/1608"}],"wp:featuredmedia":[{"embeddable":true,"href":"https:\/\/nyforetagarcentrum.se\/sigtuna\/wp-json\/wp\/v2\/media\/1581"}],"wp:attachment":[{"href":"https:\/\/nyforetagarcentrum.se\/sigtuna\/wp-json\/wp\/v2\/media?parent=1577"}],"wp:term":[{"taxonomy":"category","embeddable":true,"href":"https:\/\/nyforetagarcentrum.se\/sigtuna\/wp-json\/wp\/v2\/categories?post=1577"},{"taxonomy":"post_tag","embeddable":true,"href":"https:\/\/nyforetagarcentrum.se\/sigtuna\/wp-json\/wp\/v2\/tags?post=1577"}],"curies":[{"name":"wp","href":"https:\/\/api.w.org\/{rel}","templated":true}]}}