{"id":1456,"date":"2025-04-02T11:01:16","date_gmt":"2025-04-02T09:01:16","guid":{"rendered":"https:\/\/nyforetagarcentrum.se\/sigtuna\/?p=1456"},"modified":"2025-04-02T11:25:12","modified_gmt":"2025-04-02T09:25:12","slug":"mentorprogrammet-ar-igang-%e2%9c%a8","status":"publish","type":"post","link":"https:\/\/nyforetagarcentrum.se\/sigtuna\/2025\/04\/02\/mentorprogrammet-ar-igang-%e2%9c%a8\/","title":{"rendered":"Mentorprogrammet \u00e4r ig\u00e5ng!"},"content":{"rendered":"\n<p>Den 21 Februari hade vi den stora gl\u00e4djen att starta <a href=\"https:\/\/www.linkedin.com\/company\/nyf%C3%B6retagarcentrum-sigtuna\/\">Nyf\u00f6retagarCentrum Sigtuna<\/a> Mentorprogram, ett fantastiskt initiativ som st\u00f6ttar entrepren\u00f6rer i deras resa att bygga och driva f\u00f6retag i Sverige.<br>Programmet erbjuder deltagarna ov\u00e4rderlig v\u00e4gledning, ett starkt n\u00e4tverk och kunskap genom erfarna mentorer \u2013 och vi \u00e4r otroligt tacksamma f\u00f6r det engagemang och den tid som dessa mentorer bidrar med!<br>\ud83e\uddd1\u200d\ud83d\udcbc Stort tack till v\u00e5ra mentorer och nyf\u00f6retagare:<br>\ud83d\udd39 <a href=\"https:\/\/www.linkedin.com\/in\/ACoAAAe99mcBzihuqj51XtT5tn6sU6u8ecIEaMs\"><\/a><a href=\"https:\/\/www.linkedin.com\/in\/mattias-lindqvist-91b5bb37\/\">Mattias Lindqvist<\/a>, VD p\u00e5 <a href=\"https:\/\/www.linkedin.com\/company\/rosenqvist-fastigheter-ab\/\">Rosenqvist Fastigheter<\/a>, som st\u00f6ttar <a href=\"https:\/\/www.linkedin.com\/in\/ACoAACeeOlsBZ09yLLXa60IRzR7RnLgjMKgcMvY\"><\/a><a href=\"https:\/\/www.linkedin.com\/in\/sam-abdallah-477725166\/\">Sam Abdallah<\/a> och hans f\u00f6retag <a href=\"https:\/\/www.linkedin.com\/company\/xming-ab\/\">Xming AB<\/a> inom facility management.<br>\ud83d\udd39 <a href=\"https:\/\/www.linkedin.com\/in\/ACoAAAsUQAIB5q0Y4moz-9lcDWXwN-IgcwX5tLo\"><\/a><a href=\"https:\/\/www.linkedin.com\/in\/jesper-waage-4aa2bb52\/\">Jesper Waage<\/a>, VD p\u00e5 Knut J\u00f6nsson Ingenj\u00f6rsbyr\u00e5, som v\u00e4gleder <a href=\"https:\/\/www.linkedin.com\/in\/ACoAADD1NWUBAmtmmgdLZ_0-aAYOY0u4Ov6m1EA\"><\/a><a href=\"https:\/\/www.linkedin.com\/in\/joannahaj\/\">Joanna Haj<\/a>, grundare av ett f\u00f6retag inom arkitektur och design.<br>\ud83d\udd39 <a href=\"https:\/\/www.linkedin.com\/in\/ACoAAAXNgooBvbYjfmhSnGGC-cHmkPgNZLslJpQ\"><\/a><a href=\"https:\/\/www.linkedin.com\/in\/ana-jimenez-40a72b28\/\">Ana Jimenez<\/a>, grundare av Ana Jimenez Consulting AB och ekonomiansvarig p\u00e5 <a href=\"https:\/\/www.linkedin.com\/company\/betongfabrikenwenngarn\/\">Betongfabriken &amp; CO AB<\/a>, som \u00e4r mentor till Sandra Santos och hennes butik Equus p\u00e5 Wenngarn.<br>\ud83d\udd39 <a href=\"https:\/\/www.linkedin.com\/in\/ACoAAA2kQcIBjRv3pvsXPatb5pkZPpRldF-YiNk\"><\/a><a href=\"https:\/\/www.linkedin.com\/in\/andielahdo\/\">\ud83c\udfc1 Andie Lahdo<\/a> Lahdo, mentor till <a href=\"https:\/\/www.linkedin.com\/in\/ACoAAEMAQC8BUMOkMQHn7aAX4JUfenL5HBf4YSk\"><\/a><a href=\"https:\/\/www.linkedin.com\/in\/anastasiabekh\/\">Anastasia Bekh<\/a>, en entrepren\u00f6r fr\u00e5n Ukraina som startat Eleven Agency inom digital marknadsf\u00f6ring.<br>\ud83d\ude4f Vi fr\u00e5n Nyf\u00f6retagarCentrum Sigtunas styrelse vill uttrycka v\u00e5r djupaste tacksamhet till alla mentorer som delar sin kunskap och sitt engagemang f\u00f6r att st\u00f6tta v\u00e5ra nyf\u00f6retagare.<br>Tillsammans bygger vi ett starkare entrepren\u00f6rskap i v\u00e5r region! \ud83d\udcbc\u2728<\/p>\n","protected":false},"excerpt":{"rendered":"<p>Den 21 Februari hade vi den stora gl\u00e4djen att starta Nyf\u00f6retagarCentrum Sigtuna Mentorprogram, ett fantastiskt initiativ som st\u00f6ttar entrepren\u00f6rer i deras resa att bygga och driva f\u00f6retag i Sverige.Programmet erbjuder deltagarna ov\u00e4rderlig v\u00e4gledning, ett starkt n\u00e4tverk och kunskap genom erfarna mentorer \u2013 och vi \u00e4r otroligt tacksamma f\u00f6r det engagemang och den tid som dessa [&hellip;]<\/p>\n","protected":false},"author":94,"featured_media":1385,"comment_status":"open","ping_status":"open","sticky":false,"template":"","format":"standard","meta":{"footnotes":""},"categories":[18],"tags":[],"acf":[],"yoast_head":"<!-- This site is optimized with the Yoast SEO plugin v22.9 - https:\/\/yoast.com\/wordpress\/plugins\/seo\/ -->\n<title>Mentorprogrammet \u00e4r ig\u00e5ng! - Sigtuna<\/title>\n<meta name=\"robots\" content=\"index, follow, max-snippet:-1, max-image-preview:large, max-video-preview:-1\" \/>\n<link rel=\"canonical\" href=\"https:\/\/nyforetagarcentrum.se\/sigtuna\/2025\/04\/02\/mentorprogrammet-ar-igang-\u2728\/\" \/>\n<meta property=\"og:locale\" content=\"sv_SE\" \/>\n<meta property=\"og:type\" content=\"article\" \/>\n<meta property=\"og:title\" content=\"Mentorprogrammet \u00e4r ig\u00e5ng! - Sigtuna\" \/>\n<meta property=\"og:description\" content=\"Den 21 Februari hade vi den stora gl\u00e4djen att starta Nyf\u00f6retagarCentrum Sigtuna Mentorprogram, ett fantastiskt initiativ som st\u00f6ttar entrepren\u00f6rer i deras resa att bygga och driva f\u00f6retag i Sverige.Programmet erbjuder deltagarna ov\u00e4rderlig v\u00e4gledning, ett starkt n\u00e4tverk och kunskap genom erfarna mentorer \u2013 och vi \u00e4r otroligt tacksamma f\u00f6r det engagemang och den tid som dessa [&hellip;]\" \/>\n<meta property=\"og:url\" content=\"https:\/\/nyforetagarcentrum.se\/sigtuna\/2025\/04\/02\/mentorprogrammet-ar-igang-\u2728\/\" \/>\n<meta property=\"og:site_name\" content=\"Sigtuna\" \/>\n<meta property=\"article:published_time\" content=\"2025-04-02T09:01:16+00:00\" \/>\n<meta property=\"article:modified_time\" content=\"2025-04-02T09:25:12+00:00\" \/>\n<meta property=\"og:image\" content=\"https:\/\/nyforetagarcentrum.se\/sigtuna\/wp-content\/uploads\/sites\/11\/2024\/12\/IMG_1663-3-scaled.jpeg\" \/>\n\t<meta property=\"og:image:width\" content=\"2560\" \/>\n\t<meta property=\"og:image:height\" content=\"1920\" \/>\n\t<meta property=\"og:image:type\" content=\"image\/jpeg\" \/>\n<meta name=\"author\" content=\"kevin\" \/>\n<meta name=\"twitter:card\" content=\"summary_large_image\" \/>\n<meta name=\"twitter:label1\" content=\"Skriven av\" \/>\n\t<meta name=\"twitter:data1\" content=\"kevin\" \/>\n\t<meta name=\"twitter:label2\" content=\"Ber\u00e4knad l\u00e4stid\" \/>\n\t<meta name=\"twitter:data2\" content=\"2 minuter\" \/>\n<script type=\"application\/ld+json\" class=\"yoast-schema-graph\">{\"@context\":\"https:\/\/schema.org\",\"@graph\":[{\"@type\":\"Article\",\"@id\":\"https:\/\/nyforetagarcentrum.se\/sigtuna\/2025\/04\/02\/mentorprogrammet-ar-igang-%e2%9c%a8\/#article\",\"isPartOf\":{\"@id\":\"https:\/\/nyforetagarcentrum.se\/sigtuna\/2025\/04\/02\/mentorprogrammet-ar-igang-%e2%9c%a8\/\"},\"author\":{\"name\":\"kevin\",\"@id\":\"https:\/\/nyforetagarcentrum.se\/sigtuna\/#\/schema\/person\/9222de84f2de8ffa7668c2ab685cb6cb\"},\"headline\":\"Mentorprogrammet \u00e4r ig\u00e5ng!\",\"datePublished\":\"2025-04-02T09:01:16+00:00\",\"dateModified\":\"2025-04-02T09:25:12+00:00\",\"mainEntityOfPage\":{\"@id\":\"https:\/\/nyforetagarcentrum.se\/sigtuna\/2025\/04\/02\/mentorprogrammet-ar-igang-%e2%9c%a8\/\"},\"wordCount\":213,\"commentCount\":0,\"publisher\":{\"@id\":\"https:\/\/nyforetagarcentrum.se\/sigtuna\/#organization\"},\"image\":{\"@id\":\"https:\/\/nyforetagarcentrum.se\/sigtuna\/2025\/04\/02\/mentorprogrammet-ar-igang-%e2%9c%a8\/#primaryimage\"},\"thumbnailUrl\":\"https:\/\/nyforetagarcentrum.se\/sigtuna\/wp-content\/uploads\/sites\/11\/2024\/12\/IMG_1663-3-scaled.jpeg\",\"articleSection\":[\"Nyheter\"],\"inLanguage\":\"sv-SE\",\"potentialAction\":[{\"@type\":\"CommentAction\",\"name\":\"Comment\",\"target\":[\"https:\/\/nyforetagarcentrum.se\/sigtuna\/2025\/04\/02\/mentorprogrammet-ar-igang-%e2%9c%a8\/#respond\"]}]},{\"@type\":\"WebPage\",\"@id\":\"https:\/\/nyforetagarcentrum.se\/sigtuna\/2025\/04\/02\/mentorprogrammet-ar-igang-%e2%9c%a8\/\",\"url\":\"https:\/\/nyforetagarcentrum.se\/sigtuna\/2025\/04\/02\/mentorprogrammet-ar-igang-%e2%9c%a8\/\",\"name\":\"Mentorprogrammet \u00e4r ig\u00e5ng! - Sigtuna\",\"isPartOf\":{\"@id\":\"https:\/\/nyforetagarcentrum.se\/sigtuna\/#website\"},\"primaryImageOfPage\":{\"@id\":\"https:\/\/nyforetagarcentrum.se\/sigtuna\/2025\/04\/02\/mentorprogrammet-ar-igang-%e2%9c%a8\/#primaryimage\"},\"image\":{\"@id\":\"https:\/\/nyforetagarcentrum.se\/sigtuna\/2025\/04\/02\/mentorprogrammet-ar-igang-%e2%9c%a8\/#primaryimage\"},\"thumbnailUrl\":\"https:\/\/nyforetagarcentrum.se\/sigtuna\/wp-content\/uploads\/sites\/11\/2024\/12\/IMG_1663-3-scaled.jpeg\",\"datePublished\":\"2025-04-02T09:01:16+00:00\",\"dateModified\":\"2025-04-02T09:25:12+00:00\",\"breadcrumb\":{\"@id\":\"https:\/\/nyforetagarcentrum.se\/sigtuna\/2025\/04\/02\/mentorprogrammet-ar-igang-%e2%9c%a8\/#breadcrumb\"},\"inLanguage\":\"sv-SE\",\"potentialAction\":[{\"@type\":\"ReadAction\",\"target\":[\"https:\/\/nyforetagarcentrum.se\/sigtuna\/2025\/04\/02\/mentorprogrammet-ar-igang-%e2%9c%a8\/\"]}]},{\"@type\":\"ImageObject\",\"inLanguage\":\"sv-SE\",\"@id\":\"https:\/\/nyforetagarcentrum.se\/sigtuna\/2025\/04\/02\/mentorprogrammet-ar-igang-%e2%9c%a8\/#primaryimage\",\"url\":\"https:\/\/nyforetagarcentrum.se\/sigtuna\/wp-content\/uploads\/sites\/11\/2024\/12\/IMG_1663-3-scaled.jpeg\",\"contentUrl\":\"https:\/\/nyforetagarcentrum.se\/sigtuna\/wp-content\/uploads\/sites\/11\/2024\/12\/IMG_1663-3-scaled.jpeg\",\"width\":2560,\"height\":1920},{\"@type\":\"BreadcrumbList\",\"@id\":\"https:\/\/nyforetagarcentrum.se\/sigtuna\/2025\/04\/02\/mentorprogrammet-ar-igang-%e2%9c%a8\/#breadcrumb\",\"itemListElement\":[{\"@type\":\"ListItem\",\"position\":1,\"name\":\"Hem\",\"item\":\"https:\/\/nyforetagarcentrum.se\/sigtuna\/\"},{\"@type\":\"ListItem\",\"position\":2,\"name\":\"Mentorprogrammet \u00e4r ig\u00e5ng!\"}]},{\"@type\":\"WebSite\",\"@id\":\"https:\/\/nyforetagarcentrum.se\/sigtuna\/#website\",\"url\":\"https:\/\/nyforetagarcentrum.se\/sigtuna\/\",\"name\":\"Sigtuna\",\"description\":\"Sveriges ledande kraft f\u00f6r fler nya livskraftiga f\u00f6retag\",\"publisher\":{\"@id\":\"https:\/\/nyforetagarcentrum.se\/sigtuna\/#organization\"},\"potentialAction\":[{\"@type\":\"SearchAction\",\"target\":{\"@type\":\"EntryPoint\",\"urlTemplate\":\"https:\/\/nyforetagarcentrum.se\/sigtuna\/?s={search_term_string}\"},\"query-input\":\"required name=search_term_string\"}],\"inLanguage\":\"sv-SE\"},{\"@type\":\"Organization\",\"@id\":\"https:\/\/nyforetagarcentrum.se\/sigtuna\/#organization\",\"name\":\"Sigtuna\",\"url\":\"https:\/\/nyforetagarcentrum.se\/sigtuna\/\",\"logo\":{\"@type\":\"ImageObject\",\"inLanguage\":\"sv-SE\",\"@id\":\"https:\/\/nyforetagarcentrum.se\/sigtuna\/#\/schema\/logo\/image\/\",\"url\":\"https:\/\/nyforetagarcentrum.se\/sigtuna\/wp-content\/uploads\/sites\/11\/2024\/07\/sigtuna_bla.png\",\"contentUrl\":\"https:\/\/nyforetagarcentrum.se\/sigtuna\/wp-content\/uploads\/sites\/11\/2024\/07\/sigtuna_bla.png\",\"width\":870,\"height\":355,\"caption\":\"Sigtuna\"},\"image\":{\"@id\":\"https:\/\/nyforetagarcentrum.se\/sigtuna\/#\/schema\/logo\/image\/\"}},{\"@type\":\"Person\",\"@id\":\"https:\/\/nyforetagarcentrum.se\/sigtuna\/#\/schema\/person\/9222de84f2de8ffa7668c2ab685cb6cb\",\"name\":\"kevin\",\"image\":{\"@type\":\"ImageObject\",\"inLanguage\":\"sv-SE\",\"@id\":\"https:\/\/nyforetagarcentrum.se\/sigtuna\/#\/schema\/person\/image\/\",\"url\":\"https:\/\/secure.gravatar.com\/avatar\/2d48f259b6e59aae617154934cc77a66?s=96&d=mm&r=g\",\"contentUrl\":\"https:\/\/secure.gravatar.com\/avatar\/2d48f259b6e59aae617154934cc77a66?s=96&d=mm&r=g\",\"caption\":\"kevin\"},\"url\":\"https:\/\/nyforetagarcentrum.se\/sigtuna\/author\/kevin\/\"}]}<\/script>\n<!-- \/ Yoast SEO plugin. -->","yoast_head_json":{"title":"Mentorprogrammet \u00e4r ig\u00e5ng! - Sigtuna","robots":{"index":"index","follow":"follow","max-snippet":"max-snippet:-1","max-image-preview":"max-image-preview:large","max-video-preview":"max-video-preview:-1"},"canonical":"https:\/\/nyforetagarcentrum.se\/sigtuna\/2025\/04\/02\/mentorprogrammet-ar-igang-\u2728\/","og_locale":"sv_SE","og_type":"article","og_title":"Mentorprogrammet \u00e4r ig\u00e5ng! - Sigtuna","og_description":"Den 21 Februari hade vi den stora gl\u00e4djen att starta Nyf\u00f6retagarCentrum Sigtuna Mentorprogram, ett fantastiskt initiativ som st\u00f6ttar entrepren\u00f6rer i deras resa att bygga och driva f\u00f6retag i Sverige.Programmet erbjuder deltagarna ov\u00e4rderlig v\u00e4gledning, ett starkt n\u00e4tverk och kunskap genom erfarna mentorer \u2013 och vi \u00e4r otroligt tacksamma f\u00f6r det engagemang och den tid som dessa [&hellip;]","og_url":"https:\/\/nyforetagarcentrum.se\/sigtuna\/2025\/04\/02\/mentorprogrammet-ar-igang-\u2728\/","og_site_name":"Sigtuna","article_published_time":"2025-04-02T09:01:16+00:00","article_modified_time":"2025-04-02T09:25:12+00:00","og_image":[{"width":2560,"height":1920,"url":"https:\/\/nyforetagarcentrum.se\/sigtuna\/wp-content\/uploads\/sites\/11\/2024\/12\/IMG_1663-3-scaled.jpeg","type":"image\/jpeg"}],"author":"kevin","twitter_card":"summary_large_image","twitter_misc":{"Skriven av":"kevin","Ber\u00e4knad l\u00e4stid":"2 minuter"},"schema":{"@context":"https:\/\/schema.org","@graph":[{"@type":"Article","@id":"https:\/\/nyforetagarcentrum.se\/sigtuna\/2025\/04\/02\/mentorprogrammet-ar-igang-%e2%9c%a8\/#article","isPartOf":{"@id":"https:\/\/nyforetagarcentrum.se\/sigtuna\/2025\/04\/02\/mentorprogrammet-ar-igang-%e2%9c%a8\/"},"author":{"name":"kevin","@id":"https:\/\/nyforetagarcentrum.se\/sigtuna\/#\/schema\/person\/9222de84f2de8ffa7668c2ab685cb6cb"},"headline":"Mentorprogrammet \u00e4r ig\u00e5ng!","datePublished":"2025-04-02T09:01:16+00:00","dateModified":"2025-04-02T09:25:12+00:00","mainEntityOfPage":{"@id":"https:\/\/nyforetagarcentrum.se\/sigtuna\/2025\/04\/02\/mentorprogrammet-ar-igang-%e2%9c%a8\/"},"wordCount":213,"commentCount":0,"publisher":{"@id":"https:\/\/nyforetagarcentrum.se\/sigtuna\/#organization"},"image":{"@id":"https:\/\/nyforetagarcentrum.se\/sigtuna\/2025\/04\/02\/mentorprogrammet-ar-igang-%e2%9c%a8\/#primaryimage"},"thumbnailUrl":"https:\/\/nyforetagarcentrum.se\/sigtuna\/wp-content\/uploads\/sites\/11\/2024\/12\/IMG_1663-3-scaled.jpeg","articleSection":["Nyheter"],"inLanguage":"sv-SE","potentialAction":[{"@type":"CommentAction","name":"Comment","target":["https:\/\/nyforetagarcentrum.se\/sigtuna\/2025\/04\/02\/mentorprogrammet-ar-igang-%e2%9c%a8\/#respond"]}]},{"@type":"WebPage","@id":"https:\/\/nyforetagarcentrum.se\/sigtuna\/2025\/04\/02\/mentorprogrammet-ar-igang-%e2%9c%a8\/","url":"https:\/\/nyforetagarcentrum.se\/sigtuna\/2025\/04\/02\/mentorprogrammet-ar-igang-%e2%9c%a8\/","name":"Mentorprogrammet \u00e4r ig\u00e5ng! - Sigtuna","isPartOf":{"@id":"https:\/\/nyforetagarcentrum.se\/sigtuna\/#website"},"primaryImageOfPage":{"@id":"https:\/\/nyforetagarcentrum.se\/sigtuna\/2025\/04\/02\/mentorprogrammet-ar-igang-%e2%9c%a8\/#primaryimage"},"image":{"@id":"https:\/\/nyforetagarcentrum.se\/sigtuna\/2025\/04\/02\/mentorprogrammet-ar-igang-%e2%9c%a8\/#primaryimage"},"thumbnailUrl":"https:\/\/nyforetagarcentrum.se\/sigtuna\/wp-content\/uploads\/sites\/11\/2024\/12\/IMG_1663-3-scaled.jpeg","datePublished":"2025-04-02T09:01:16+00:00","dateModified":"2025-04-02T09:25:12+00:00","breadcrumb":{"@id":"https:\/\/nyforetagarcentrum.se\/sigtuna\/2025\/04\/02\/mentorprogrammet-ar-igang-%e2%9c%a8\/#breadcrumb"},"inLanguage":"sv-SE","potentialAction":[{"@type":"ReadAction","target":["https:\/\/nyforetagarcentrum.se\/sigtuna\/2025\/04\/02\/mentorprogrammet-ar-igang-%e2%9c%a8\/"]}]},{"@type":"ImageObject","inLanguage":"sv-SE","@id":"https:\/\/nyforetagarcentrum.se\/sigtuna\/2025\/04\/02\/mentorprogrammet-ar-igang-%e2%9c%a8\/#primaryimage","url":"https:\/\/nyforetagarcentrum.se\/sigtuna\/wp-content\/uploads\/sites\/11\/2024\/12\/IMG_1663-3-scaled.jpeg","contentUrl":"https:\/\/nyforetagarcentrum.se\/sigtuna\/wp-content\/uploads\/sites\/11\/2024\/12\/IMG_1663-3-scaled.jpeg","width":2560,"height":1920},{"@type":"BreadcrumbList","@id":"https:\/\/nyforetagarcentrum.se\/sigtuna\/2025\/04\/02\/mentorprogrammet-ar-igang-%e2%9c%a8\/#breadcrumb","itemListElement":[{"@type":"ListItem","position":1,"name":"Hem","item":"https:\/\/nyforetagarcentrum.se\/sigtuna\/"},{"@type":"ListItem","position":2,"name":"Mentorprogrammet \u00e4r ig\u00e5ng!"}]},{"@type":"WebSite","@id":"https:\/\/nyforetagarcentrum.se\/sigtuna\/#website","url":"https:\/\/nyforetagarcentrum.se\/sigtuna\/","name":"Sigtuna","description":"Sveriges ledande kraft f\u00f6r fler nya livskraftiga f\u00f6retag","publisher":{"@id":"https:\/\/nyforetagarcentrum.se\/sigtuna\/#organization"},"potentialAction":[{"@type":"SearchAction","target":{"@type":"EntryPoint","urlTemplate":"https:\/\/nyforetagarcentrum.se\/sigtuna\/?s={search_term_string}"},"query-input":"required name=search_term_string"}],"inLanguage":"sv-SE"},{"@type":"Organization","@id":"https:\/\/nyforetagarcentrum.se\/sigtuna\/#organization","name":"Sigtuna","url":"https:\/\/nyforetagarcentrum.se\/sigtuna\/","logo":{"@type":"ImageObject","inLanguage":"sv-SE","@id":"https:\/\/nyforetagarcentrum.se\/sigtuna\/#\/schema\/logo\/image\/","url":"https:\/\/nyforetagarcentrum.se\/sigtuna\/wp-content\/uploads\/sites\/11\/2024\/07\/sigtuna_bla.png","contentUrl":"https:\/\/nyforetagarcentrum.se\/sigtuna\/wp-content\/uploads\/sites\/11\/2024\/07\/sigtuna_bla.png","width":870,"height":355,"caption":"Sigtuna"},"image":{"@id":"https:\/\/nyforetagarcentrum.se\/sigtuna\/#\/schema\/logo\/image\/"}},{"@type":"Person","@id":"https:\/\/nyforetagarcentrum.se\/sigtuna\/#\/schema\/person\/9222de84f2de8ffa7668c2ab685cb6cb","name":"kevin","image":{"@type":"ImageObject","inLanguage":"sv-SE","@id":"https:\/\/nyforetagarcentrum.se\/sigtuna\/#\/schema\/person\/image\/","url":"https:\/\/secure.gravatar.com\/avatar\/2d48f259b6e59aae617154934cc77a66?s=96&d=mm&r=g","contentUrl":"https:\/\/secure.gravatar.com\/avatar\/2d48f259b6e59aae617154934cc77a66?s=96&d=mm&r=g","caption":"kevin"},"url":"https:\/\/nyforetagarcentrum.se\/sigtuna\/author\/kevin\/"}]}},"_links":{"self":[{"href":"https:\/\/nyforetagarcentrum.se\/sigtuna\/wp-json\/wp\/v2\/posts\/1456"}],"collection":[{"href":"https:\/\/nyforetagarcentrum.se\/sigtuna\/wp-json\/wp\/v2\/posts"}],"about":[{"href":"https:\/\/nyforetagarcentrum.se\/sigtuna\/wp-json\/wp\/v2\/types\/post"}],"author":[{"embeddable":true,"href":"https:\/\/nyforetagarcentrum.se\/sigtuna\/wp-json\/wp\/v2\/users\/94"}],"replies":[{"embeddable":true,"href":"https:\/\/nyforetagarcentrum.se\/sigtuna\/wp-json\/wp\/v2\/comments?post=1456"}],"version-history":[{"count":6,"href":"https:\/\/nyforetagarcentrum.se\/sigtuna\/wp-json\/wp\/v2\/posts\/1456\/revisions"}],"predecessor-version":[{"id":1464,"href":"https:\/\/nyforetagarcentrum.se\/sigtuna\/wp-json\/wp\/v2\/posts\/1456\/revisions\/1464"}],"wp:featuredmedia":[{"embeddable":true,"href":"https:\/\/nyforetagarcentrum.se\/sigtuna\/wp-json\/wp\/v2\/media\/1385"}],"wp:attachment":[{"href":"https:\/\/nyforetagarcentrum.se\/sigtuna\/wp-json\/wp\/v2\/media?parent=1456"}],"wp:term":[{"taxonomy":"category","embeddable":true,"href":"https:\/\/nyforetagarcentrum.se\/sigtuna\/wp-json\/wp\/v2\/categories?post=1456"},{"taxonomy":"post_tag","embeddable":true,"href":"https:\/\/nyforetagarcentrum.se\/sigtuna\/wp-json\/wp\/v2\/tags?post=1456"}],"curies":[{"name":"wp","href":"https:\/\/api.w.org\/{rel}","templated":true}]}}