{"id":1190,"date":"2025-01-15T11:50:38","date_gmt":"2025-01-15T10:50:38","guid":{"rendered":"https:\/\/nyforetagarcentrum.se\/sigtuna\/?p=1190"},"modified":"2025-01-15T11:50:39","modified_gmt":"2025-01-15T10:50:39","slug":"vi-valkomnar-var-nya-samarbetspartners-abs-wheels-och-erlinghundra-ab","status":"publish","type":"post","link":"https:\/\/nyforetagarcentrum.se\/sigtuna\/2025\/01\/15\/vi-valkomnar-var-nya-samarbetspartners-abs-wheels-och-erlinghundra-ab\/","title":{"rendered":"Nyheter"},"content":{"rendered":"\n<p><strong>V\u00e5ga Starta Eget \u2013 G\u00f6r Ditt Ny\u00e5rsl\u00f6fte till Verklighet!<\/strong><\/p>\n\n\n\n<p>\ud83c\udf1f <strong>N\u00e4r?<\/strong> Tisdag den 28 januari kl 17:00<br>\ud83d\udccd <strong>Var?<\/strong> Kulturkaf\u00e9et p\u00e5 Kulturl\u00e4nken, Kulturtorget 9, M\u00e4rsta&nbsp;<br>\ud83c\udf9f\ufe0f <strong>Kostnad:<\/strong> Kostnadsfritt &nbsp;<\/p>\n\n\n\n<p>Har du dr\u00f6mt om att starta eget f\u00f6retag men inte tagit steget \u00e4nnu? G\u00f6r 2025 till \u00e5ret d\u00e5 du f\u00f6rverkligar dina m\u00e5l!<\/p>\n\n\n\n<p>V\u00e4lkommen till en inspirerande kv\u00e4ll d\u00e4r vi tillsammans utforskar vad som kr\u00e4vs f\u00f6r att g\u00e5 fr\u00e5n id\u00e9 till verklighet. Vi delar tips, framg\u00e5ngshistorier och konkreta r\u00e5d f\u00f6r att v\u00e5ga ta klivet och bli din egen chef och driva ditt f\u00f6retag.<\/p>\n\n\n\n<p><strong>Under eventet f\u00e5r du:<\/strong><\/p>\n\n\n\n<ul>\n<li>Inspireras av framg\u00e5ngsrika entrepren\u00f6rer som v\u00e5gade ta steget.<\/li>\n\n\n\n<li>F\u00e5 ny\u00e5rsl\u00f6ften att h\u00e5lla \u2013 med en tydlig plan f\u00f6r framg\u00e5ng<\/li>\n\n\n\n<li>M\u00f6jlighet att n\u00e4tverka med likasinnade och st\u00e4lla dina fr\u00e5gor<\/li>\n<\/ul>\n\n\n\n<p><strong>Kv\u00e4llens talare:<\/strong><\/p>\n\n\n\n<ul>\n<li>Daniel W\u00e4rnmark, huvud\u00e4gare och grundare av restaurangkedjan Heat som har en m\u00e5ls\u00e4ttning att expandera kedjan till 75 restauranger till \u00e5r 2027<\/li>\n\n\n\n<li>Marcus Svartserud, Vd och \u00e4gare av LS kontor och \u00e4ven musiker och s\u00e5ngare<\/li>\n\n\n\n<li>Ludvig Harryzon, entrepren\u00f6r och idrottsentusiast som \u00e4ger och driver butiken Sport Uteliv i Sigtuna<\/li>\n<\/ul>\n\n\n\n<p><strong>Moderator: <\/strong>Annika Br\u00f6ms, n\u00e4ringslivschef i Sigtuna kommun<\/p>\n\n\n\n<p>\ud83d\udc49 <strong>Anm\u00e4l dig senast den 27 januari h\u00e4r:<\/strong> <a href=\"mailto:maria.ekman@nyforetagarcentrum.se\">maria.ekman@nyforetagarcentrum.se<\/a> .Om du redan \u00e4r klient till Nyf\u00f6retagarCentrum Sigtuna kan du boka p\u00e5 <a href=\"https:\/\/nyforetagarcentrum.se\/sigtuna\/\">https:\/\/nyforetagarcentrum.se\/sigtuna\/<\/a><\/p>\n\n\n\n<p>Ta f\u00f6rsta steget mot att g\u00f6ra din dr\u00f6m verklig. L\u00e5t oss tillsammans g\u00f6ra ditt ny\u00e5rsl\u00f6fte till handling! Vi ses d\u00e4r!<br><\/p>\n\n\n\n<p>&#8212;&#8212;&#8212;&#8212;&#8212;&#8212;&#8212;&#8212;&#8212;&#8212;&#8212;-<\/p>\n\n\n\n<p>\u2728 Make It Happen \u2728<br><br><strong>Den 05 december <\/strong>arrangerade <a href=\"https:\/\/www.linkedin.com\/company\/nyf%C3%B6retagarcentrum-sigtuna\/\">Nyf\u00f6retagarCentrum Sigtuna<\/a> och <a href=\"https:\/\/www.linkedin.com\/company\/sigtuna-kommun\/\">Sigtuna kommun<\/a> \u00e5rets fj\u00e4rde och sista inspirationskv\u00e4ll f\u00f6r nya eller blivande f\u00f6retagare. Vi kallar kv\u00e4llarna f\u00f6r \u201dMake It Happen\u201d och har olika teman varje g\u00e5ng. Ig\u00e5r handlade det om cirkul\u00e4r ekonomi och cirkul\u00e4ra aff\u00e4rsmodeller.<br><br>Vi fick lyssna p\u00e5 och inspireras av lokala f\u00f6retagare som utvecklar h\u00e5llbara, cirkul\u00e4ra aff\u00e4rsmodeller och p\u00e5minnas om hur man kan t\u00e4nka f\u00f6r att bli \u00e4nnu b\u00e4ttre p\u00e5 att tillvarata och \u00e5teranv\u00e4nda jordens \u00e4ndliga resurser \u267b\ufe0f<br><br>Stort tack till kv\u00e4llens panel:<br>\ud83c\udf0e <a href=\"https:\/\/www.linkedin.com\/company\/coompanion\/\">Coompanion<\/a> <a href=\"https:\/\/www.linkedin.com\/in\/ACoAABMMDBYB_ELnkUhg4rT74dEL5zLco7NexGI\"><\/a><a href=\"https:\/\/www.linkedin.com\/in\/karina-johansson-7320288b\/\">Karina Johansson<\/a><br>\ud83c\udfa8 <a href=\"https:\/\/www.linkedin.com\/company\/m29-socialt-f%C3%B6retagscenter\/\">M29 Socialt f\u00f6retagscenter<\/a> Kreateam, <a href=\"https:\/\/www.linkedin.com\/in\/ACoAAAxBuGMBUk13UKONSuva9zC9Hv9FlWl_jWc\"><\/a><a href=\"https:\/\/www.linkedin.com\/in\/taekojustine\/\">Taeko \u00d6stergren Cedermark<\/a><br>\ud83d\udc03 <a href=\"https:\/\/www.linkedin.com\/company\/naturgruppen-ab\/\">Naturgruppen AB<\/a> i Sverige AB, <a href=\"https:\/\/www.linkedin.com\/in\/ACoAAALLUm0B5wIT2lE0FjVowfw2-XhbO1yXMUc\"><\/a><a href=\"https:\/\/www.linkedin.com\/in\/magnus-rignell\/\">Magnus Rignell<\/a> och <a href=\"https:\/\/www.linkedin.com\/in\/ACoAAEuzCLMB0HrTIwmOFwyWWb_ksPjaiY8OTbA\"><\/a><a href=\"https:\/\/www.linkedin.com\/in\/inga-birath-von-sydow-9833b32b5\/\">Inga Birath von Sydow<\/a><br>\ud83d\udc57 Kl\u00e4dkammaren Sigtuna, <a href=\"https:\/\/www.linkedin.com\/in\/ACoAABWtYwQBgMEbsTj0lxA_K8jMpG0TSU9hfPE\"><\/a><a href=\"https:\/\/www.linkedin.com\/in\/maria-fredriksson-770969a1\/\">Maria Fredriksson<\/a><br><\/p>\n\n\n\n<figure class=\"wp-block-image size-large\"><img loading=\"lazy\" decoding=\"async\" width=\"1024\" height=\"768\" src=\"https:\/\/nyforetagarcentrum.se\/sigtuna\/wp-content\/uploads\/sites\/11\/2024\/12\/IMG_1668-1024x768.jpeg\" alt=\"\" class=\"wp-image-1376\" srcset=\"https:\/\/nyforetagarcentrum.se\/sigtuna\/wp-content\/uploads\/sites\/11\/2024\/12\/IMG_1668-1024x768.jpeg 1024w, https:\/\/nyforetagarcentrum.se\/sigtuna\/wp-content\/uploads\/sites\/11\/2024\/12\/IMG_1668-300x225.jpeg 300w, https:\/\/nyforetagarcentrum.se\/sigtuna\/wp-content\/uploads\/sites\/11\/2024\/12\/IMG_1668-768x576.jpeg 768w, https:\/\/nyforetagarcentrum.se\/sigtuna\/wp-content\/uploads\/sites\/11\/2024\/12\/IMG_1668-1536x1152.jpeg 1536w, https:\/\/nyforetagarcentrum.se\/sigtuna\/wp-content\/uploads\/sites\/11\/2024\/12\/IMG_1668-2048x1536.jpeg 2048w, https:\/\/nyforetagarcentrum.se\/sigtuna\/wp-content\/uploads\/sites\/11\/2024\/12\/IMG_1668-1440x1080.jpeg 1440w\" sizes=\"(max-width: 1024px) 100vw, 1024px\" \/><\/figure>\n\n\n\n<ul>\n<li><strong>03 oktober kl 8 p\u00e5 Quality Hotel Strawberry Arena<\/strong> i Solna. Vi samlade vi 50 drivna kvinnor p\u00e5 Quality Hotel Strwberry som \u00e4r p\u00e5 v\u00e4g att starta eller driver f\u00f6retag. Vi fick lyssna till <a href=\"https:\/\/www.linkedin.com\/in\/mariaequiroga\/overlay\/create-post\/#\">Ruthie (Rut) Semere<\/a> som, som gav en crash course och i marknadsf\u00f6ring anpassad till sm\u00e5 f\u00f6retagare.S\u00e5 bra presentation tack !<\/li>\n\n\n\n<li>Tack till <a href=\"https:\/\/www.linkedin.com\/in\/mariaequiroga\/overlay\/create-post\/#\">Lisa Carpevi<\/a> fr\u00e5n <a href=\"https:\/\/www.linkedin.com\/in\/mariaequiroga\/overlay\/create-post\/#\">Nyf\u00f6retagarCentrum Sollentuna<\/a>, <a href=\"https:\/\/www.linkedin.com\/in\/mariaequiroga\/overlay\/create-post\/#\">Sara Strand<\/a> fr\u00e5n <a href=\"https:\/\/www.linkedin.com\/in\/mariaequiroga\/overlay\/create-post\/#\">Nyf\u00f6retagarCentrum Solna Sundbyberg<\/a> och <a href=\"https:\/\/www.linkedin.com\/in\/mariaequiroga\/overlay\/create-post\/#\">Mikael Ramn\u00f6<\/a> fr\u00e5n <a href=\"https:\/\/www.linkedin.com\/in\/mariaequiroga\/overlay\/create-post\/#\">Almi Stockholm <\/a>f\u00f6r ett gott samarbete. Vi ser fram emot n\u00e4sta tr\u00e4ff !<\/li>\n<\/ul>\n\n\n\n<figure class=\"wp-block-image size-large\"><img loading=\"lazy\" decoding=\"async\" width=\"1024\" height=\"768\" src=\"https:\/\/nyforetagarcentrum.se\/sigtuna\/wp-content\/uploads\/sites\/11\/2024\/10\/IMG_1403-1024x768.jpeg\" alt=\"\" class=\"wp-image-1351\" srcset=\"https:\/\/nyforetagarcentrum.se\/sigtuna\/wp-content\/uploads\/sites\/11\/2024\/10\/IMG_1403-1024x768.jpeg 1024w, https:\/\/nyforetagarcentrum.se\/sigtuna\/wp-content\/uploads\/sites\/11\/2024\/10\/IMG_1403-300x225.jpeg 300w, https:\/\/nyforetagarcentrum.se\/sigtuna\/wp-content\/uploads\/sites\/11\/2024\/10\/IMG_1403-768x576.jpeg 768w, https:\/\/nyforetagarcentrum.se\/sigtuna\/wp-content\/uploads\/sites\/11\/2024\/10\/IMG_1403-1536x1152.jpeg 1536w, https:\/\/nyforetagarcentrum.se\/sigtuna\/wp-content\/uploads\/sites\/11\/2024\/10\/IMG_1403-2048x1536.jpeg 2048w, https:\/\/nyforetagarcentrum.se\/sigtuna\/wp-content\/uploads\/sites\/11\/2024\/10\/IMG_1403-1440x1080.jpeg 1440w\" sizes=\"(max-width: 1024px) 100vw, 1024px\" \/><\/figure>\n\n\n\n<ul>\n<li><strong>18 september <\/strong>&#8211; Make it Happen inspirationskv\u00e4ll f\u00f6r dig som funderar p\u00e5 att starta eget eller som redan \u00e4r . Vi  hade vi den tredje inspirationkv\u00e4llen i Sigtuna kommun Make it Happen med Annika Br\u00f6ms som var mycket uppskattad av alla som deltog ig\u00e5r. Vi l\u00e4rde oss hur man k\u00f6per ett f\u00f6retag med Johan Sandberg och vi fick \u00e4ven m\u00e5nga fr\u00e5gor om bankens produkter och tj\u00e4nster som Amelie Ramsten fr\u00e5n Svenska Handelsbanken i Sigtuna presenterade v\u00e4ldigt bra . Vi tackar ocks\u00e5 Caroline Arenander fr\u00e5n Almi Stockholm som ber\u00e4ttade hur de finansierar nystartade f\u00f6retag och \u00e4ven f\u00f6retag i expansion . Tack till Malin Dacke och Dalal Nasr for ett bra samarbete.<\/li>\n<\/ul>\n\n\n\n<figure class=\"wp-block-image size-large\"><img loading=\"lazy\" decoding=\"async\" width=\"1024\" height=\"768\" src=\"https:\/\/nyforetagarcentrum.se\/sigtuna\/wp-content\/uploads\/sites\/11\/2024\/09\/IMG_1249-1-1024x768.jpeg\" alt=\"\" class=\"wp-image-1345\" srcset=\"https:\/\/nyforetagarcentrum.se\/sigtuna\/wp-content\/uploads\/sites\/11\/2024\/09\/IMG_1249-1-1024x768.jpeg 1024w, https:\/\/nyforetagarcentrum.se\/sigtuna\/wp-content\/uploads\/sites\/11\/2024\/09\/IMG_1249-1-300x225.jpeg 300w, https:\/\/nyforetagarcentrum.se\/sigtuna\/wp-content\/uploads\/sites\/11\/2024\/09\/IMG_1249-1-768x576.jpeg 768w, https:\/\/nyforetagarcentrum.se\/sigtuna\/wp-content\/uploads\/sites\/11\/2024\/09\/IMG_1249-1-1536x1152.jpeg 1536w, https:\/\/nyforetagarcentrum.se\/sigtuna\/wp-content\/uploads\/sites\/11\/2024\/09\/IMG_1249-1-2048x1536.jpeg 2048w, https:\/\/nyforetagarcentrum.se\/sigtuna\/wp-content\/uploads\/sites\/11\/2024\/09\/IMG_1249-1-1440x1080.jpeg 1440w\" sizes=\"(max-width: 1024px) 100vw, 1024px\" \/><\/figure>\n","protected":false},"excerpt":{"rendered":"<p>V\u00e5ga Starta Eget \u2013 G\u00f6r Ditt Ny\u00e5rsl\u00f6fte till Verklighet! \ud83c\udf1f N\u00e4r? Tisdag den 28 januari kl 17:00\ud83d\udccd Var? Kulturkaf\u00e9et p\u00e5 Kulturl\u00e4nken, Kulturtorget 9, M\u00e4rsta&nbsp;\ud83c\udf9f\ufe0f Kostnad: Kostnadsfritt &nbsp; Har du dr\u00f6mt om att starta eget f\u00f6retag men inte tagit steget \u00e4nnu? G\u00f6r 2025 till \u00e5ret d\u00e5 du f\u00f6rverkligar dina m\u00e5l! V\u00e4lkommen till en inspirerande kv\u00e4ll d\u00e4r [&hellip;]<\/p>\n","protected":false},"author":1,"featured_media":186,"comment_status":"open","ping_status":"open","sticky":false,"template":"","format":"standard","meta":{"footnotes":""},"categories":[18],"tags":[],"acf":[],"yoast_head":"<!-- This site is optimized with the Yoast SEO plugin v22.9 - https:\/\/yoast.com\/wordpress\/plugins\/seo\/ -->\n<title>V\u00e5ra nya samarbetspartners ABS Wheels och Erlinghundra AB.<\/title>\n<meta name=\"description\" content=\"L\u00e4s mer om tv\u00e5 h\u00f6stevent med fokus p\u00e5 marknadsf\u00f6ring samt inspiration f\u00f6r dig som funderar p\u00e5 att starta eget.\" \/>\n<meta name=\"robots\" content=\"index, follow, max-snippet:-1, max-image-preview:large, max-video-preview:-1\" \/>\n<link rel=\"canonical\" href=\"https:\/\/nyforetagarcentrum.se\/sigtuna\/2025\/01\/15\/vi-valkomnar-var-nya-samarbetspartners-abs-wheels-och-erlinghundra-ab\/\" \/>\n<meta property=\"og:locale\" content=\"sv_SE\" \/>\n<meta property=\"og:type\" content=\"article\" \/>\n<meta property=\"og:title\" content=\"V\u00e5ra nya samarbetspartners ABS Wheels och Erlinghundra AB.\" \/>\n<meta property=\"og:description\" content=\"L\u00e4s mer om tv\u00e5 h\u00f6stevent med fokus p\u00e5 marknadsf\u00f6ring samt inspiration f\u00f6r dig som funderar p\u00e5 att starta eget.\" \/>\n<meta property=\"og:url\" content=\"https:\/\/nyforetagarcentrum.se\/sigtuna\/2025\/01\/15\/vi-valkomnar-var-nya-samarbetspartners-abs-wheels-och-erlinghundra-ab\/\" \/>\n<meta property=\"og:site_name\" content=\"Sigtuna\" \/>\n<meta property=\"article:published_time\" content=\"2025-01-15T10:50:38+00:00\" \/>\n<meta property=\"article:modified_time\" content=\"2025-01-15T10:50:39+00:00\" \/>\n<meta property=\"og:image\" content=\"https:\/\/nyforetagarcentrum.se\/sigtuna\/wp-content\/uploads\/sites\/11\/2024\/02\/1ca3a3013e56cc9ef93692e6c277c962.png\" \/>\n\t<meta property=\"og:image:width\" content=\"872\" \/>\n\t<meta property=\"og:image:height\" content=\"1163\" \/>\n\t<meta property=\"og:image:type\" content=\"image\/png\" \/>\n<meta name=\"author\" content=\"user\" \/>\n<meta name=\"twitter:card\" content=\"summary_large_image\" \/>\n<meta name=\"twitter:label1\" content=\"Skriven av\" \/>\n\t<meta name=\"twitter:data1\" content=\"user\" \/>\n\t<meta name=\"twitter:label2\" content=\"Ber\u00e4knad l\u00e4stid\" \/>\n\t<meta name=\"twitter:data2\" content=\"4 minuter\" \/>\n<script type=\"application\/ld+json\" class=\"yoast-schema-graph\">{\"@context\":\"https:\/\/schema.org\",\"@graph\":[{\"@type\":\"Article\",\"@id\":\"https:\/\/nyforetagarcentrum.se\/sigtuna\/2025\/01\/15\/vi-valkomnar-var-nya-samarbetspartners-abs-wheels-och-erlinghundra-ab\/#article\",\"isPartOf\":{\"@id\":\"https:\/\/nyforetagarcentrum.se\/sigtuna\/2025\/01\/15\/vi-valkomnar-var-nya-samarbetspartners-abs-wheels-och-erlinghundra-ab\/\"},\"author\":{\"name\":\"user\",\"@id\":\"https:\/\/nyforetagarcentrum.se\/sigtuna\/#\/schema\/person\/8c364eb25b3a6b27afd11a5965271437\"},\"headline\":\"Nyheter\",\"datePublished\":\"2025-01-15T10:50:38+00:00\",\"dateModified\":\"2025-01-15T10:50:39+00:00\",\"mainEntityOfPage\":{\"@id\":\"https:\/\/nyforetagarcentrum.se\/sigtuna\/2025\/01\/15\/vi-valkomnar-var-nya-samarbetspartners-abs-wheels-och-erlinghundra-ab\/\"},\"wordCount\":622,\"commentCount\":0,\"publisher\":{\"@id\":\"https:\/\/nyforetagarcentrum.se\/sigtuna\/#organization\"},\"image\":{\"@id\":\"https:\/\/nyforetagarcentrum.se\/sigtuna\/2025\/01\/15\/vi-valkomnar-var-nya-samarbetspartners-abs-wheels-och-erlinghundra-ab\/#primaryimage\"},\"thumbnailUrl\":\"https:\/\/nyforetagarcentrum.se\/sigtuna\/wp-content\/uploads\/sites\/11\/2024\/02\/1ca3a3013e56cc9ef93692e6c277c962.png\",\"articleSection\":[\"Nyheter\"],\"inLanguage\":\"sv-SE\",\"potentialAction\":[{\"@type\":\"CommentAction\",\"name\":\"Comment\",\"target\":[\"https:\/\/nyforetagarcentrum.se\/sigtuna\/2025\/01\/15\/vi-valkomnar-var-nya-samarbetspartners-abs-wheels-och-erlinghundra-ab\/#respond\"]}]},{\"@type\":\"WebPage\",\"@id\":\"https:\/\/nyforetagarcentrum.se\/sigtuna\/2025\/01\/15\/vi-valkomnar-var-nya-samarbetspartners-abs-wheels-och-erlinghundra-ab\/\",\"url\":\"https:\/\/nyforetagarcentrum.se\/sigtuna\/2025\/01\/15\/vi-valkomnar-var-nya-samarbetspartners-abs-wheels-och-erlinghundra-ab\/\",\"name\":\"V\u00e5ra nya samarbetspartners ABS Wheels och Erlinghundra AB.\",\"isPartOf\":{\"@id\":\"https:\/\/nyforetagarcentrum.se\/sigtuna\/#website\"},\"primaryImageOfPage\":{\"@id\":\"https:\/\/nyforetagarcentrum.se\/sigtuna\/2025\/01\/15\/vi-valkomnar-var-nya-samarbetspartners-abs-wheels-och-erlinghundra-ab\/#primaryimage\"},\"image\":{\"@id\":\"https:\/\/nyforetagarcentrum.se\/sigtuna\/2025\/01\/15\/vi-valkomnar-var-nya-samarbetspartners-abs-wheels-och-erlinghundra-ab\/#primaryimage\"},\"thumbnailUrl\":\"https:\/\/nyforetagarcentrum.se\/sigtuna\/wp-content\/uploads\/sites\/11\/2024\/02\/1ca3a3013e56cc9ef93692e6c277c962.png\",\"datePublished\":\"2025-01-15T10:50:38+00:00\",\"dateModified\":\"2025-01-15T10:50:39+00:00\",\"description\":\"L\u00e4s mer om tv\u00e5 h\u00f6stevent med fokus p\u00e5 marknadsf\u00f6ring samt inspiration f\u00f6r dig som funderar p\u00e5 att starta eget.\",\"breadcrumb\":{\"@id\":\"https:\/\/nyforetagarcentrum.se\/sigtuna\/2025\/01\/15\/vi-valkomnar-var-nya-samarbetspartners-abs-wheels-och-erlinghundra-ab\/#breadcrumb\"},\"inLanguage\":\"sv-SE\",\"potentialAction\":[{\"@type\":\"ReadAction\",\"target\":[\"https:\/\/nyforetagarcentrum.se\/sigtuna\/2025\/01\/15\/vi-valkomnar-var-nya-samarbetspartners-abs-wheels-och-erlinghundra-ab\/\"]}]},{\"@type\":\"ImageObject\",\"inLanguage\":\"sv-SE\",\"@id\":\"https:\/\/nyforetagarcentrum.se\/sigtuna\/2025\/01\/15\/vi-valkomnar-var-nya-samarbetspartners-abs-wheels-och-erlinghundra-ab\/#primaryimage\",\"url\":\"https:\/\/nyforetagarcentrum.se\/sigtuna\/wp-content\/uploads\/sites\/11\/2024\/02\/1ca3a3013e56cc9ef93692e6c277c962.png\",\"contentUrl\":\"https:\/\/nyforetagarcentrum.se\/sigtuna\/wp-content\/uploads\/sites\/11\/2024\/02\/1ca3a3013e56cc9ef93692e6c277c962.png\",\"width\":872,\"height\":1163},{\"@type\":\"BreadcrumbList\",\"@id\":\"https:\/\/nyforetagarcentrum.se\/sigtuna\/2025\/01\/15\/vi-valkomnar-var-nya-samarbetspartners-abs-wheels-och-erlinghundra-ab\/#breadcrumb\",\"itemListElement\":[{\"@type\":\"ListItem\",\"position\":1,\"name\":\"Hem\",\"item\":\"https:\/\/nyforetagarcentrum.se\/sigtuna\/\"},{\"@type\":\"ListItem\",\"position\":2,\"name\":\"Nyheter\"}]},{\"@type\":\"WebSite\",\"@id\":\"https:\/\/nyforetagarcentrum.se\/sigtuna\/#website\",\"url\":\"https:\/\/nyforetagarcentrum.se\/sigtuna\/\",\"name\":\"Sigtuna\",\"description\":\"Sveriges ledande kraft f\u00f6r fler nya livskraftiga f\u00f6retag\",\"publisher\":{\"@id\":\"https:\/\/nyforetagarcentrum.se\/sigtuna\/#organization\"},\"potentialAction\":[{\"@type\":\"SearchAction\",\"target\":{\"@type\":\"EntryPoint\",\"urlTemplate\":\"https:\/\/nyforetagarcentrum.se\/sigtuna\/?s={search_term_string}\"},\"query-input\":\"required name=search_term_string\"}],\"inLanguage\":\"sv-SE\"},{\"@type\":\"Organization\",\"@id\":\"https:\/\/nyforetagarcentrum.se\/sigtuna\/#organization\",\"name\":\"Sigtuna\",\"url\":\"https:\/\/nyforetagarcentrum.se\/sigtuna\/\",\"logo\":{\"@type\":\"ImageObject\",\"inLanguage\":\"sv-SE\",\"@id\":\"https:\/\/nyforetagarcentrum.se\/sigtuna\/#\/schema\/logo\/image\/\",\"url\":\"https:\/\/nyforetagarcentrum.se\/sigtuna\/wp-content\/uploads\/sites\/11\/2024\/07\/sigtuna_bla.png\",\"contentUrl\":\"https:\/\/nyforetagarcentrum.se\/sigtuna\/wp-content\/uploads\/sites\/11\/2024\/07\/sigtuna_bla.png\",\"width\":870,\"height\":355,\"caption\":\"Sigtuna\"},\"image\":{\"@id\":\"https:\/\/nyforetagarcentrum.se\/sigtuna\/#\/schema\/logo\/image\/\"}},{\"@type\":\"Person\",\"@id\":\"https:\/\/nyforetagarcentrum.se\/sigtuna\/#\/schema\/person\/8c364eb25b3a6b27afd11a5965271437\",\"name\":\"user\",\"image\":{\"@type\":\"ImageObject\",\"inLanguage\":\"sv-SE\",\"@id\":\"https:\/\/nyforetagarcentrum.se\/sigtuna\/#\/schema\/person\/image\/\",\"url\":\"https:\/\/secure.gravatar.com\/avatar\/b58996c504c5638798eb6b511e6f49af?s=96&d=mm&r=g\",\"contentUrl\":\"https:\/\/secure.gravatar.com\/avatar\/b58996c504c5638798eb6b511e6f49af?s=96&d=mm&r=g\",\"caption\":\"user\"},\"sameAs\":[\"https:\/\/nyforetagarcentrum.se\"],\"url\":\"https:\/\/nyforetagarcentrum.se\/sigtuna\/author\/user\/\"}]}<\/script>\n<!-- \/ Yoast SEO plugin. -->","yoast_head_json":{"title":"V\u00e5ra nya samarbetspartners ABS Wheels och Erlinghundra AB.","description":"L\u00e4s mer om tv\u00e5 h\u00f6stevent med fokus p\u00e5 marknadsf\u00f6ring samt inspiration f\u00f6r dig som funderar p\u00e5 att starta eget.","robots":{"index":"index","follow":"follow","max-snippet":"max-snippet:-1","max-image-preview":"max-image-preview:large","max-video-preview":"max-video-preview:-1"},"canonical":"https:\/\/nyforetagarcentrum.se\/sigtuna\/2025\/01\/15\/vi-valkomnar-var-nya-samarbetspartners-abs-wheels-och-erlinghundra-ab\/","og_locale":"sv_SE","og_type":"article","og_title":"V\u00e5ra nya samarbetspartners ABS Wheels och Erlinghundra AB.","og_description":"L\u00e4s mer om tv\u00e5 h\u00f6stevent med fokus p\u00e5 marknadsf\u00f6ring samt inspiration f\u00f6r dig som funderar p\u00e5 att starta eget.","og_url":"https:\/\/nyforetagarcentrum.se\/sigtuna\/2025\/01\/15\/vi-valkomnar-var-nya-samarbetspartners-abs-wheels-och-erlinghundra-ab\/","og_site_name":"Sigtuna","article_published_time":"2025-01-15T10:50:38+00:00","article_modified_time":"2025-01-15T10:50:39+00:00","og_image":[{"width":872,"height":1163,"url":"https:\/\/nyforetagarcentrum.se\/sigtuna\/wp-content\/uploads\/sites\/11\/2024\/02\/1ca3a3013e56cc9ef93692e6c277c962.png","type":"image\/png"}],"author":"user","twitter_card":"summary_large_image","twitter_misc":{"Skriven av":"user","Ber\u00e4knad l\u00e4stid":"4 minuter"},"schema":{"@context":"https:\/\/schema.org","@graph":[{"@type":"Article","@id":"https:\/\/nyforetagarcentrum.se\/sigtuna\/2025\/01\/15\/vi-valkomnar-var-nya-samarbetspartners-abs-wheels-och-erlinghundra-ab\/#article","isPartOf":{"@id":"https:\/\/nyforetagarcentrum.se\/sigtuna\/2025\/01\/15\/vi-valkomnar-var-nya-samarbetspartners-abs-wheels-och-erlinghundra-ab\/"},"author":{"name":"user","@id":"https:\/\/nyforetagarcentrum.se\/sigtuna\/#\/schema\/person\/8c364eb25b3a6b27afd11a5965271437"},"headline":"Nyheter","datePublished":"2025-01-15T10:50:38+00:00","dateModified":"2025-01-15T10:50:39+00:00","mainEntityOfPage":{"@id":"https:\/\/nyforetagarcentrum.se\/sigtuna\/2025\/01\/15\/vi-valkomnar-var-nya-samarbetspartners-abs-wheels-och-erlinghundra-ab\/"},"wordCount":622,"commentCount":0,"publisher":{"@id":"https:\/\/nyforetagarcentrum.se\/sigtuna\/#organization"},"image":{"@id":"https:\/\/nyforetagarcentrum.se\/sigtuna\/2025\/01\/15\/vi-valkomnar-var-nya-samarbetspartners-abs-wheels-och-erlinghundra-ab\/#primaryimage"},"thumbnailUrl":"https:\/\/nyforetagarcentrum.se\/sigtuna\/wp-content\/uploads\/sites\/11\/2024\/02\/1ca3a3013e56cc9ef93692e6c277c962.png","articleSection":["Nyheter"],"inLanguage":"sv-SE","potentialAction":[{"@type":"CommentAction","name":"Comment","target":["https:\/\/nyforetagarcentrum.se\/sigtuna\/2025\/01\/15\/vi-valkomnar-var-nya-samarbetspartners-abs-wheels-och-erlinghundra-ab\/#respond"]}]},{"@type":"WebPage","@id":"https:\/\/nyforetagarcentrum.se\/sigtuna\/2025\/01\/15\/vi-valkomnar-var-nya-samarbetspartners-abs-wheels-och-erlinghundra-ab\/","url":"https:\/\/nyforetagarcentrum.se\/sigtuna\/2025\/01\/15\/vi-valkomnar-var-nya-samarbetspartners-abs-wheels-och-erlinghundra-ab\/","name":"V\u00e5ra nya samarbetspartners ABS Wheels och Erlinghundra AB.","isPartOf":{"@id":"https:\/\/nyforetagarcentrum.se\/sigtuna\/#website"},"primaryImageOfPage":{"@id":"https:\/\/nyforetagarcentrum.se\/sigtuna\/2025\/01\/15\/vi-valkomnar-var-nya-samarbetspartners-abs-wheels-och-erlinghundra-ab\/#primaryimage"},"image":{"@id":"https:\/\/nyforetagarcentrum.se\/sigtuna\/2025\/01\/15\/vi-valkomnar-var-nya-samarbetspartners-abs-wheels-och-erlinghundra-ab\/#primaryimage"},"thumbnailUrl":"https:\/\/nyforetagarcentrum.se\/sigtuna\/wp-content\/uploads\/sites\/11\/2024\/02\/1ca3a3013e56cc9ef93692e6c277c962.png","datePublished":"2025-01-15T10:50:38+00:00","dateModified":"2025-01-15T10:50:39+00:00","description":"L\u00e4s mer om tv\u00e5 h\u00f6stevent med fokus p\u00e5 marknadsf\u00f6ring samt inspiration f\u00f6r dig som funderar p\u00e5 att starta eget.","breadcrumb":{"@id":"https:\/\/nyforetagarcentrum.se\/sigtuna\/2025\/01\/15\/vi-valkomnar-var-nya-samarbetspartners-abs-wheels-och-erlinghundra-ab\/#breadcrumb"},"inLanguage":"sv-SE","potentialAction":[{"@type":"ReadAction","target":["https:\/\/nyforetagarcentrum.se\/sigtuna\/2025\/01\/15\/vi-valkomnar-var-nya-samarbetspartners-abs-wheels-och-erlinghundra-ab\/"]}]},{"@type":"ImageObject","inLanguage":"sv-SE","@id":"https:\/\/nyforetagarcentrum.se\/sigtuna\/2025\/01\/15\/vi-valkomnar-var-nya-samarbetspartners-abs-wheels-och-erlinghundra-ab\/#primaryimage","url":"https:\/\/nyforetagarcentrum.se\/sigtuna\/wp-content\/uploads\/sites\/11\/2024\/02\/1ca3a3013e56cc9ef93692e6c277c962.png","contentUrl":"https:\/\/nyforetagarcentrum.se\/sigtuna\/wp-content\/uploads\/sites\/11\/2024\/02\/1ca3a3013e56cc9ef93692e6c277c962.png","width":872,"height":1163},{"@type":"BreadcrumbList","@id":"https:\/\/nyforetagarcentrum.se\/sigtuna\/2025\/01\/15\/vi-valkomnar-var-nya-samarbetspartners-abs-wheels-och-erlinghundra-ab\/#breadcrumb","itemListElement":[{"@type":"ListItem","position":1,"name":"Hem","item":"https:\/\/nyforetagarcentrum.se\/sigtuna\/"},{"@type":"ListItem","position":2,"name":"Nyheter"}]},{"@type":"WebSite","@id":"https:\/\/nyforetagarcentrum.se\/sigtuna\/#website","url":"https:\/\/nyforetagarcentrum.se\/sigtuna\/","name":"Sigtuna","description":"Sveriges ledande kraft f\u00f6r fler nya livskraftiga f\u00f6retag","publisher":{"@id":"https:\/\/nyforetagarcentrum.se\/sigtuna\/#organization"},"potentialAction":[{"@type":"SearchAction","target":{"@type":"EntryPoint","urlTemplate":"https:\/\/nyforetagarcentrum.se\/sigtuna\/?s={search_term_string}"},"query-input":"required name=search_term_string"}],"inLanguage":"sv-SE"},{"@type":"Organization","@id":"https:\/\/nyforetagarcentrum.se\/sigtuna\/#organization","name":"Sigtuna","url":"https:\/\/nyforetagarcentrum.se\/sigtuna\/","logo":{"@type":"ImageObject","inLanguage":"sv-SE","@id":"https:\/\/nyforetagarcentrum.se\/sigtuna\/#\/schema\/logo\/image\/","url":"https:\/\/nyforetagarcentrum.se\/sigtuna\/wp-content\/uploads\/sites\/11\/2024\/07\/sigtuna_bla.png","contentUrl":"https:\/\/nyforetagarcentrum.se\/sigtuna\/wp-content\/uploads\/sites\/11\/2024\/07\/sigtuna_bla.png","width":870,"height":355,"caption":"Sigtuna"},"image":{"@id":"https:\/\/nyforetagarcentrum.se\/sigtuna\/#\/schema\/logo\/image\/"}},{"@type":"Person","@id":"https:\/\/nyforetagarcentrum.se\/sigtuna\/#\/schema\/person\/8c364eb25b3a6b27afd11a5965271437","name":"user","image":{"@type":"ImageObject","inLanguage":"sv-SE","@id":"https:\/\/nyforetagarcentrum.se\/sigtuna\/#\/schema\/person\/image\/","url":"https:\/\/secure.gravatar.com\/avatar\/b58996c504c5638798eb6b511e6f49af?s=96&d=mm&r=g","contentUrl":"https:\/\/secure.gravatar.com\/avatar\/b58996c504c5638798eb6b511e6f49af?s=96&d=mm&r=g","caption":"user"},"sameAs":["https:\/\/nyforetagarcentrum.se"],"url":"https:\/\/nyforetagarcentrum.se\/sigtuna\/author\/user\/"}]}},"_links":{"self":[{"href":"https:\/\/nyforetagarcentrum.se\/sigtuna\/wp-json\/wp\/v2\/posts\/1190"}],"collection":[{"href":"https:\/\/nyforetagarcentrum.se\/sigtuna\/wp-json\/wp\/v2\/posts"}],"about":[{"href":"https:\/\/nyforetagarcentrum.se\/sigtuna\/wp-json\/wp\/v2\/types\/post"}],"author":[{"embeddable":true,"href":"https:\/\/nyforetagarcentrum.se\/sigtuna\/wp-json\/wp\/v2\/users\/1"}],"replies":[{"embeddable":true,"href":"https:\/\/nyforetagarcentrum.se\/sigtuna\/wp-json\/wp\/v2\/comments?post=1190"}],"version-history":[{"count":6,"href":"https:\/\/nyforetagarcentrum.se\/sigtuna\/wp-json\/wp\/v2\/posts\/1190\/revisions"}],"predecessor-version":[{"id":1402,"href":"https:\/\/nyforetagarcentrum.se\/sigtuna\/wp-json\/wp\/v2\/posts\/1190\/revisions\/1402"}],"wp:featuredmedia":[{"embeddable":true,"href":"https:\/\/nyforetagarcentrum.se\/sigtuna\/wp-json\/wp\/v2\/media\/186"}],"wp:attachment":[{"href":"https:\/\/nyforetagarcentrum.se\/sigtuna\/wp-json\/wp\/v2\/media?parent=1190"}],"wp:term":[{"taxonomy":"category","embeddable":true,"href":"https:\/\/nyforetagarcentrum.se\/sigtuna\/wp-json\/wp\/v2\/categories?post=1190"},{"taxonomy":"post_tag","embeddable":true,"href":"https:\/\/nyforetagarcentrum.se\/sigtuna\/wp-json\/wp\/v2\/tags?post=1190"}],"curies":[{"name":"wp","href":"https:\/\/api.w.org\/{rel}","templated":true}]}}