{"id":586,"date":"2024-05-20T09:57:18","date_gmt":"2024-05-20T07:57:18","guid":{"rendered":"https:\/\/nyforetagarcentrum.se\/orebroregionen\/?post_type=story&#038;p=586"},"modified":"2024-06-24T13:38:37","modified_gmt":"2024-06-24T11:38:37","slug":"ann-lena-danielsson","status":"publish","type":"story","link":"https:\/\/nyforetagarcentrum.se\/orebroregionen\/success-stories\/ann-lena-danielsson\/","title":{"rendered":"Anna-Lena Danielsson"},"content":{"rendered":"\n<p><em>Anna-Lena Danielsson \u00e4r en av v\u00e5ra nya mentorer som vi passade p\u00e5 att st\u00e4lla n\u00e5gra fr\u00e5gor till.<\/em><\/p>\n\n\n\n<p><strong>Varf\u00f6r tackade du ja till att vara mentor?<\/strong><\/p>\n\n\n\n<p>Jag gillar att engagera mig och tycker om att se andra m\u00e4nniskor utvecklas. N\u00e4r fr\u00e5gan st\u00e4lldes om att vara mentor k\u00e4nde jag direkt att jag ville vara med att bidra samtidigt som jag f\u00e5r vara en del av n\u00e5gon annans f\u00f6retagsresa. Om jag med min erfarenhet kan vara med att bidra vill jag sj\u00e4lvklart g\u00f6ra det!&nbsp;<\/p>\n\n\n\n<p><strong>Vad \u00e4r det b\u00e4sta med att vara mentor?<\/strong><\/p>\n\n\n\n<p>Dessa entrepren\u00f6rer som jag nu f\u00e5r m\u00f6ta startar ett nytt kapitel i sina liv. Som mentor f\u00e5r jag vara med och kika in i deras framtidsplaner vilket \u00e4r j\u00e4ttesp\u00e4nnande.<\/p>\n\n\n\n<p>Jag m\u00f6ts och imponeras av deras vilja och driv, vilket \u00e4r \u00e4n st\u00f6rre \u00e4n det jag t\u00e4nkt mig och \u00e4r s\u00e5 roligt att se. Jag har tv\u00e5 f\u00f6retag jag \u00e4r mentor f\u00f6r, tv\u00e5 olika profiler med helt olika resor. Det \u00e4r s\u00e5 sp\u00e4nnande att f\u00e5 f\u00f6lja dem b\u00e5da. Ja, uppdraget \u00e4r nog \u00e4nnu mer givande \u00e4n jag t\u00e4nkte mig innan vi startade.<\/p>\n\n\n\n<p><strong>Har du sj\u00e4lv haft en mentor?<\/strong><\/p>\n\n\n\n<p>Nej, inte som f\u00f6retagare. Jag har i mitt arbetsliv i olika anst\u00e4llningar haft personer som jag haft som bollplank, att bolla id\u00e9er med och f\u00e5 \u201dpysa\u201d egna tankar med. Detta \u00e4r j\u00e4tteviktigt tycker jag och tror det \u00e4r bra om person kommer fr\u00e5n annan verksamhet med andra erfarenheter. Detta f\u00f6r att se saker fr\u00e5n ett annat perspektiv. Dessa personer \u00e4r v\u00e4ldigt betydelsefulla och ger s\u00e5 mycket. Mentorskap \u00e4r verkligen n\u00e5got jag tror och brinner f\u00f6r, att f\u00e5 ge samtidigt som du sj\u00e4lv f\u00e5r nya insikter, erfarenheter och kunskaper ger en win-win situation.<\/p>\n\n\n\n<p><em>Anna-Lenas egen f\u00f6retagsresa b\u00f6rjade 2020 d\u00e5 hon grundade A.L.D. Consulting AB d\u00e4r hon har uppdrag inom ledarskap, f\u00f6rs\u00e4ljning, f\u00f6r\u00e4ndringsledning och digitalisering. Hon hj\u00e4lper f\u00f6retag under kortare tid till l\u00e4ngre uppdrag som interim chef inom st\u00f6rre bolag.<\/em><\/p>\n\n\n\n<p>\u00c4r ni mer nyfikna p\u00e5 Anna-Lena Danielsson kika in p\u00e5 hennes&nbsp;<a href=\"https:\/\/www.linkedin.com\/in\/annalenadanielsson\/\" target=\"_blank\" rel=\"noreferrer noopener\">LinkedIn.&nbsp;<\/a><\/p>\n\n\n\n<p><\/p>\n\n\n\n<p><\/p>\n\n\n\n<p><\/p>\n\n\n\n<p><\/p>\n\n\n\n<p><\/p>\n\n\n\n<p><\/p>\n\n\n\n<p><\/p>\n\n\n\n<p><\/p>\n","protected":false},"featured_media":587,"template":"","meta":{"footnotes":""},"story_category":[],"acf":[],"yoast_head":"<!-- This site is optimized with the Yoast SEO plugin v22.9 - https:\/\/yoast.com\/wordpress\/plugins\/seo\/ -->\n<title>Anna-Lena Danielsson - \u00d6rebroregionen<\/title>\n<meta name=\"robots\" content=\"index, follow, max-snippet:-1, max-image-preview:large, max-video-preview:-1\" \/>\n<link rel=\"canonical\" href=\"https:\/\/nyforetagarcentrum.se\/orebroregionen\/success-stories\/ann-lena-danielsson\/\" \/>\n<meta property=\"og:locale\" content=\"sv_SE\" \/>\n<meta property=\"og:type\" content=\"article\" \/>\n<meta property=\"og:title\" content=\"Anna-Lena Danielsson - \u00d6rebroregionen\" \/>\n<meta property=\"og:description\" content=\"Anna-Lena Danielsson \u00e4r en av v\u00e5ra nya mentorer som vi passade p\u00e5 att st\u00e4lla n\u00e5gra fr\u00e5gor till. Varf\u00f6r tackade du ja till att vara mentor? Jag gillar att engagera mig och tycker om att se andra m\u00e4nniskor utvecklas. N\u00e4r fr\u00e5gan st\u00e4lldes om att vara mentor k\u00e4nde jag direkt att jag ville vara med att bidra [&hellip;]\" \/>\n<meta property=\"og:url\" content=\"https:\/\/nyforetagarcentrum.se\/orebroregionen\/success-stories\/ann-lena-danielsson\/\" \/>\n<meta property=\"og:site_name\" content=\"\u00d6rebroregionen\" \/>\n<meta property=\"article:modified_time\" content=\"2024-06-24T11:38:37+00:00\" \/>\n<meta property=\"og:image\" content=\"https:\/\/nyforetagarcentrum.se\/orebroregionen\/wp-content\/uploads\/sites\/25\/2024\/05\/Anna-Lena-Danielsson.jpg\" \/>\n\t<meta property=\"og:image:width\" content=\"1521\" \/>\n\t<meta property=\"og:image:height\" content=\"1496\" \/>\n\t<meta property=\"og:image:type\" content=\"image\/jpeg\" \/>\n<meta name=\"twitter:card\" content=\"summary_large_image\" \/>\n<meta name=\"twitter:label1\" content=\"Ber\u00e4knad l\u00e4stid\" \/>\n\t<meta name=\"twitter:data1\" content=\"2 minuter\" \/>\n<script type=\"application\/ld+json\" class=\"yoast-schema-graph\">{\"@context\":\"https:\/\/schema.org\",\"@graph\":[{\"@type\":\"WebPage\",\"@id\":\"https:\/\/nyforetagarcentrum.se\/orebroregionen\/success-stories\/ann-lena-danielsson\/\",\"url\":\"https:\/\/nyforetagarcentrum.se\/orebroregionen\/success-stories\/ann-lena-danielsson\/\",\"name\":\"Anna-Lena Danielsson - \u00d6rebroregionen\",\"isPartOf\":{\"@id\":\"https:\/\/nyforetagarcentrum.se\/orebroregionen\/#website\"},\"primaryImageOfPage\":{\"@id\":\"https:\/\/nyforetagarcentrum.se\/orebroregionen\/success-stories\/ann-lena-danielsson\/#primaryimage\"},\"image\":{\"@id\":\"https:\/\/nyforetagarcentrum.se\/orebroregionen\/success-stories\/ann-lena-danielsson\/#primaryimage\"},\"thumbnailUrl\":\"https:\/\/nyforetagarcentrum.se\/orebroregionen\/wp-content\/uploads\/sites\/25\/2024\/05\/Anna-Lena-Danielsson.jpg\",\"datePublished\":\"2024-05-20T07:57:18+00:00\",\"dateModified\":\"2024-06-24T11:38:37+00:00\",\"breadcrumb\":{\"@id\":\"https:\/\/nyforetagarcentrum.se\/orebroregionen\/success-stories\/ann-lena-danielsson\/#breadcrumb\"},\"inLanguage\":\"sv-SE\",\"potentialAction\":[{\"@type\":\"ReadAction\",\"target\":[\"https:\/\/nyforetagarcentrum.se\/orebroregionen\/success-stories\/ann-lena-danielsson\/\"]}]},{\"@type\":\"ImageObject\",\"inLanguage\":\"sv-SE\",\"@id\":\"https:\/\/nyforetagarcentrum.se\/orebroregionen\/success-stories\/ann-lena-danielsson\/#primaryimage\",\"url\":\"https:\/\/nyforetagarcentrum.se\/orebroregionen\/wp-content\/uploads\/sites\/25\/2024\/05\/Anna-Lena-Danielsson.jpg\",\"contentUrl\":\"https:\/\/nyforetagarcentrum.se\/orebroregionen\/wp-content\/uploads\/sites\/25\/2024\/05\/Anna-Lena-Danielsson.jpg\",\"width\":1521,\"height\":1496},{\"@type\":\"BreadcrumbList\",\"@id\":\"https:\/\/nyforetagarcentrum.se\/orebroregionen\/success-stories\/ann-lena-danielsson\/#breadcrumb\",\"itemListElement\":[{\"@type\":\"ListItem\",\"position\":1,\"name\":\"Hem\",\"item\":\"https:\/\/nyforetagarcentrum.se\/orebroregionen\/\"},{\"@type\":\"ListItem\",\"position\":2,\"name\":\"Success stories\",\"item\":\"https:\/\/nyforetagarcentrum.se\/orebroregionen\/success-stories\/\"},{\"@type\":\"ListItem\",\"position\":3,\"name\":\"Anna-Lena Danielsson\"}]},{\"@type\":\"WebSite\",\"@id\":\"https:\/\/nyforetagarcentrum.se\/orebroregionen\/#website\",\"url\":\"https:\/\/nyforetagarcentrum.se\/orebroregionen\/\",\"name\":\"\u00d6rebroregionen\",\"description\":\"Sveriges ledande kraft f\u00f6r fler nya livskraftiga f\u00f6retag\",\"publisher\":{\"@id\":\"https:\/\/nyforetagarcentrum.se\/orebroregionen\/#organization\"},\"potentialAction\":[{\"@type\":\"SearchAction\",\"target\":{\"@type\":\"EntryPoint\",\"urlTemplate\":\"https:\/\/nyforetagarcentrum.se\/orebroregionen\/?s={search_term_string}\"},\"query-input\":\"required name=search_term_string\"}],\"inLanguage\":\"sv-SE\"},{\"@type\":\"Organization\",\"@id\":\"https:\/\/nyforetagarcentrum.se\/orebroregionen\/#organization\",\"name\":\"\u00d6rebroregionen\",\"url\":\"https:\/\/nyforetagarcentrum.se\/orebroregionen\/\",\"logo\":{\"@type\":\"ImageObject\",\"inLanguage\":\"sv-SE\",\"@id\":\"https:\/\/nyforetagarcentrum.se\/orebroregionen\/#\/schema\/logo\/image\/\",\"url\":\"https:\/\/nyforetagarcentrum.se\/orebroregionen\/wp-content\/uploads\/sites\/25\/2024\/07\/orebroregionen_bla.png\",\"contentUrl\":\"https:\/\/nyforetagarcentrum.se\/orebroregionen\/wp-content\/uploads\/sites\/25\/2024\/07\/orebroregionen_bla.png\",\"width\":870,\"height\":355,\"caption\":\"\u00d6rebroregionen\"},\"image\":{\"@id\":\"https:\/\/nyforetagarcentrum.se\/orebroregionen\/#\/schema\/logo\/image\/\"}}]}<\/script>\n<!-- \/ Yoast SEO plugin. -->","yoast_head_json":{"title":"Anna-Lena Danielsson - \u00d6rebroregionen","robots":{"index":"index","follow":"follow","max-snippet":"max-snippet:-1","max-image-preview":"max-image-preview:large","max-video-preview":"max-video-preview:-1"},"canonical":"https:\/\/nyforetagarcentrum.se\/orebroregionen\/success-stories\/ann-lena-danielsson\/","og_locale":"sv_SE","og_type":"article","og_title":"Anna-Lena Danielsson - \u00d6rebroregionen","og_description":"Anna-Lena Danielsson \u00e4r en av v\u00e5ra nya mentorer som vi passade p\u00e5 att st\u00e4lla n\u00e5gra fr\u00e5gor till. Varf\u00f6r tackade du ja till att vara mentor? Jag gillar att engagera mig och tycker om att se andra m\u00e4nniskor utvecklas. N\u00e4r fr\u00e5gan st\u00e4lldes om att vara mentor k\u00e4nde jag direkt att jag ville vara med att bidra [&hellip;]","og_url":"https:\/\/nyforetagarcentrum.se\/orebroregionen\/success-stories\/ann-lena-danielsson\/","og_site_name":"\u00d6rebroregionen","article_modified_time":"2024-06-24T11:38:37+00:00","og_image":[{"width":1521,"height":1496,"url":"https:\/\/nyforetagarcentrum.se\/orebroregionen\/wp-content\/uploads\/sites\/25\/2024\/05\/Anna-Lena-Danielsson.jpg","type":"image\/jpeg"}],"twitter_card":"summary_large_image","twitter_misc":{"Ber\u00e4knad l\u00e4stid":"2 minuter"},"schema":{"@context":"https:\/\/schema.org","@graph":[{"@type":"WebPage","@id":"https:\/\/nyforetagarcentrum.se\/orebroregionen\/success-stories\/ann-lena-danielsson\/","url":"https:\/\/nyforetagarcentrum.se\/orebroregionen\/success-stories\/ann-lena-danielsson\/","name":"Anna-Lena Danielsson - \u00d6rebroregionen","isPartOf":{"@id":"https:\/\/nyforetagarcentrum.se\/orebroregionen\/#website"},"primaryImageOfPage":{"@id":"https:\/\/nyforetagarcentrum.se\/orebroregionen\/success-stories\/ann-lena-danielsson\/#primaryimage"},"image":{"@id":"https:\/\/nyforetagarcentrum.se\/orebroregionen\/success-stories\/ann-lena-danielsson\/#primaryimage"},"thumbnailUrl":"https:\/\/nyforetagarcentrum.se\/orebroregionen\/wp-content\/uploads\/sites\/25\/2024\/05\/Anna-Lena-Danielsson.jpg","datePublished":"2024-05-20T07:57:18+00:00","dateModified":"2024-06-24T11:38:37+00:00","breadcrumb":{"@id":"https:\/\/nyforetagarcentrum.se\/orebroregionen\/success-stories\/ann-lena-danielsson\/#breadcrumb"},"inLanguage":"sv-SE","potentialAction":[{"@type":"ReadAction","target":["https:\/\/nyforetagarcentrum.se\/orebroregionen\/success-stories\/ann-lena-danielsson\/"]}]},{"@type":"ImageObject","inLanguage":"sv-SE","@id":"https:\/\/nyforetagarcentrum.se\/orebroregionen\/success-stories\/ann-lena-danielsson\/#primaryimage","url":"https:\/\/nyforetagarcentrum.se\/orebroregionen\/wp-content\/uploads\/sites\/25\/2024\/05\/Anna-Lena-Danielsson.jpg","contentUrl":"https:\/\/nyforetagarcentrum.se\/orebroregionen\/wp-content\/uploads\/sites\/25\/2024\/05\/Anna-Lena-Danielsson.jpg","width":1521,"height":1496},{"@type":"BreadcrumbList","@id":"https:\/\/nyforetagarcentrum.se\/orebroregionen\/success-stories\/ann-lena-danielsson\/#breadcrumb","itemListElement":[{"@type":"ListItem","position":1,"name":"Hem","item":"https:\/\/nyforetagarcentrum.se\/orebroregionen\/"},{"@type":"ListItem","position":2,"name":"Success stories","item":"https:\/\/nyforetagarcentrum.se\/orebroregionen\/success-stories\/"},{"@type":"ListItem","position":3,"name":"Anna-Lena Danielsson"}]},{"@type":"WebSite","@id":"https:\/\/nyforetagarcentrum.se\/orebroregionen\/#website","url":"https:\/\/nyforetagarcentrum.se\/orebroregionen\/","name":"\u00d6rebroregionen","description":"Sveriges ledande kraft f\u00f6r fler nya livskraftiga f\u00f6retag","publisher":{"@id":"https:\/\/nyforetagarcentrum.se\/orebroregionen\/#organization"},"potentialAction":[{"@type":"SearchAction","target":{"@type":"EntryPoint","urlTemplate":"https:\/\/nyforetagarcentrum.se\/orebroregionen\/?s={search_term_string}"},"query-input":"required name=search_term_string"}],"inLanguage":"sv-SE"},{"@type":"Organization","@id":"https:\/\/nyforetagarcentrum.se\/orebroregionen\/#organization","name":"\u00d6rebroregionen","url":"https:\/\/nyforetagarcentrum.se\/orebroregionen\/","logo":{"@type":"ImageObject","inLanguage":"sv-SE","@id":"https:\/\/nyforetagarcentrum.se\/orebroregionen\/#\/schema\/logo\/image\/","url":"https:\/\/nyforetagarcentrum.se\/orebroregionen\/wp-content\/uploads\/sites\/25\/2024\/07\/orebroregionen_bla.png","contentUrl":"https:\/\/nyforetagarcentrum.se\/orebroregionen\/wp-content\/uploads\/sites\/25\/2024\/07\/orebroregionen_bla.png","width":870,"height":355,"caption":"\u00d6rebroregionen"},"image":{"@id":"https:\/\/nyforetagarcentrum.se\/orebroregionen\/#\/schema\/logo\/image\/"}}]}},"_links":{"self":[{"href":"https:\/\/nyforetagarcentrum.se\/orebroregionen\/wp-json\/wp\/v2\/story\/586"}],"collection":[{"href":"https:\/\/nyforetagarcentrum.se\/orebroregionen\/wp-json\/wp\/v2\/story"}],"about":[{"href":"https:\/\/nyforetagarcentrum.se\/orebroregionen\/wp-json\/wp\/v2\/types\/story"}],"version-history":[{"count":3,"href":"https:\/\/nyforetagarcentrum.se\/orebroregionen\/wp-json\/wp\/v2\/story\/586\/revisions"}],"predecessor-version":[{"id":777,"href":"https:\/\/nyforetagarcentrum.se\/orebroregionen\/wp-json\/wp\/v2\/story\/586\/revisions\/777"}],"wp:featuredmedia":[{"embeddable":true,"href":"https:\/\/nyforetagarcentrum.se\/orebroregionen\/wp-json\/wp\/v2\/media\/587"}],"wp:attachment":[{"href":"https:\/\/nyforetagarcentrum.se\/orebroregionen\/wp-json\/wp\/v2\/media?parent=586"}],"wp:term":[{"taxonomy":"story_category","embeddable":true,"href":"https:\/\/nyforetagarcentrum.se\/orebroregionen\/wp-json\/wp\/v2\/story_category?post=586"}],"curies":[{"name":"wp","href":"https:\/\/api.w.org\/{rel}","templated":true}]}}