{"id":484,"date":"2024-05-14T15:27:57","date_gmt":"2024-05-14T13:27:57","guid":{"rendered":"https:\/\/nyforetagarcentrum.se\/narke\/?post_type=story&#038;p=484"},"modified":"2024-05-22T08:32:39","modified_gmt":"2024-05-22T06:32:39","slug":"orebro-byggnadsplat-ab","status":"publish","type":"story","link":"https:\/\/nyforetagarcentrum.se\/orebroregionen\/success-stories\/orebro-byggnadsplat-ab\/","title":{"rendered":"\u00d6rebro Byggnadspl\u00e5t AB"},"content":{"rendered":"\n<h1 class=\"wp-block-heading\">Ville Eriksson<\/h1>\n\n\n\n<p><strong>N\u00e4r startade du?&nbsp;<\/strong><\/p>\n\n\n\n<p>Jag startade \u00d6rebro Byggnadspl\u00e5t AB den 1a mars 2016. D\u00e5 flyttade jag in i nybyggda lokaler p\u00e5 Idrottsv\u00e4gen 33. Nu har jag snart vart ig\u00e5ng i ett \u00e5r och f\u00f6retaget g\u00e5r mycket b\u00e4ttre \u00e4n vad jag n\u00e5gonsin v\u00e5gat hoppas p\u00e5! Det \u00e4r skitskoj.<\/p>\n\n\n\n<p><strong>Vad g\u00f6r du?<\/strong><\/p>\n\n\n\n<p>Jag driver ett byggnadspl\u00e5tslageri som riktar sig till alla typer av kunder i och utanf\u00f6r \u00d6rebro l\u00e4n. I f\u00f6retaget arbetar vi h\u00e5rt med att h\u00e5lla en h\u00f6g standard med god kvalitet p\u00e5 alla arbeten vi utf\u00f6r. Vi arbetar med kunden i fokus f\u00f6r b\u00e4sta m\u00f6jliga resultat i varje projekt.<\/p>\n\n\n\n<p>Vi bedriver i huvudsak byggnadspl\u00e5tslageri men utf\u00f6r \u00e4ven andra tj\u00e4nster som ligger inom ramen f\u00f6r byggverksamhet i relation till tak och pl\u00e5tbyggnation. Tex. tegeltak, papptak och hallbyggnationer.<\/p>\n\n\n\n<p><strong>Hur fick du id\u00e9n?<\/strong><\/p>\n\n\n\n<p>Jag har jobbat i branschen under m\u00e5nga \u00e5r och har upplevt den brist p\u00e5 pl\u00e5tslagare som r\u00e5der i l\u00e4net. Samtidigt byggs mer \u00e4n n\u00e5gonsin i regionen och de s\u00e5 kallade miljonprogrammen st\u00e5r inf\u00f6r omfattande renoveringsprojekt. Detta g\u00f6r det gynnsamt att bedriva den h\u00e4r typen av verksamhet. Jag anser att m\u00f6jligheterna att lyckas bedriva en l\u00f6nsam verksamhet \u00e4r goda.<\/p>\n\n\n\n<p><strong>Vilka framtidsplaner har du?<\/strong><\/p>\n\n\n\n<p>Jag vill bli ledande inom branschen n\u00e4r det g\u00e4ller kvalitet och n\u00f6jda kunder. Det viktigaste som finns i ett f\u00f6retag \u00e4r personalen. Har man en v\u00e4lm\u00e5ende personalstyrka m\u00e5r f\u00f6retaget bra och m\u00e5r f\u00f6retaget bra finns alla m\u00f6jligheter att g\u00f6ra en kund n\u00f6jd.<\/p>\n\n\n\n<p><strong>Vad \u00e4r b\u00e4st med att vara egen f\u00f6retagare?<\/strong><\/p>\n\n\n\n<p>Du har alla m\u00f6jligheter att p\u00e5verka din egen vardag. Det finns inget roligare \u00e4n att se resultat fr\u00e5n en v\u00e4lm\u00e5ende verksamhet.<\/p>\n","protected":false},"featured_media":592,"template":"","meta":{"footnotes":""},"story_category":[],"acf":[],"yoast_head":"<!-- This site is optimized with the Yoast SEO plugin v22.9 - https:\/\/yoast.com\/wordpress\/plugins\/seo\/ -->\n<title>\u00d6rebro Byggnadspl\u00e5t AB - \u00d6rebroregionen<\/title>\n<meta name=\"robots\" content=\"index, follow, max-snippet:-1, max-image-preview:large, max-video-preview:-1\" \/>\n<link rel=\"canonical\" href=\"https:\/\/nyforetagarcentrum.se\/orebroregionen\/success-stories\/orebro-byggnadsplat-ab\/\" \/>\n<meta property=\"og:locale\" content=\"sv_SE\" \/>\n<meta property=\"og:type\" content=\"article\" \/>\n<meta property=\"og:title\" content=\"\u00d6rebro Byggnadspl\u00e5t AB - \u00d6rebroregionen\" \/>\n<meta property=\"og:description\" content=\"Ville Eriksson N\u00e4r startade du?&nbsp; Jag startade \u00d6rebro Byggnadspl\u00e5t AB den 1a mars 2016. D\u00e5 flyttade jag in i nybyggda lokaler p\u00e5 Idrottsv\u00e4gen 33. Nu har jag snart vart ig\u00e5ng i ett \u00e5r och f\u00f6retaget g\u00e5r mycket b\u00e4ttre \u00e4n vad jag n\u00e5gonsin v\u00e5gat hoppas p\u00e5! Det \u00e4r skitskoj. Vad g\u00f6r du? Jag driver ett byggnadspl\u00e5tslageri [&hellip;]\" \/>\n<meta property=\"og:url\" content=\"https:\/\/nyforetagarcentrum.se\/orebroregionen\/success-stories\/orebro-byggnadsplat-ab\/\" \/>\n<meta property=\"og:site_name\" content=\"\u00d6rebroregionen\" \/>\n<meta property=\"article:modified_time\" content=\"2024-05-22T06:32:39+00:00\" \/>\n<meta property=\"og:image\" content=\"https:\/\/nyforetagarcentrum.se\/orebroregionen\/wp-content\/uploads\/sites\/25\/2024\/05\/Bild-Ville.jpg\" \/>\n\t<meta property=\"og:image:width\" content=\"692\" \/>\n\t<meta property=\"og:image:height\" content=\"346\" \/>\n\t<meta property=\"og:image:type\" content=\"image\/jpeg\" \/>\n<meta name=\"twitter:card\" content=\"summary_large_image\" \/>\n<meta name=\"twitter:label1\" content=\"Ber\u00e4knad l\u00e4stid\" \/>\n\t<meta name=\"twitter:data1\" content=\"2 minuter\" \/>\n<script type=\"application\/ld+json\" class=\"yoast-schema-graph\">{\"@context\":\"https:\/\/schema.org\",\"@graph\":[{\"@type\":\"WebPage\",\"@id\":\"https:\/\/nyforetagarcentrum.se\/orebroregionen\/success-stories\/orebro-byggnadsplat-ab\/\",\"url\":\"https:\/\/nyforetagarcentrum.se\/orebroregionen\/success-stories\/orebro-byggnadsplat-ab\/\",\"name\":\"\u00d6rebro Byggnadspl\u00e5t AB - \u00d6rebroregionen\",\"isPartOf\":{\"@id\":\"https:\/\/nyforetagarcentrum.se\/orebroregionen\/#website\"},\"primaryImageOfPage\":{\"@id\":\"https:\/\/nyforetagarcentrum.se\/orebroregionen\/success-stories\/orebro-byggnadsplat-ab\/#primaryimage\"},\"image\":{\"@id\":\"https:\/\/nyforetagarcentrum.se\/orebroregionen\/success-stories\/orebro-byggnadsplat-ab\/#primaryimage\"},\"thumbnailUrl\":\"https:\/\/nyforetagarcentrum.se\/orebroregionen\/wp-content\/uploads\/sites\/25\/2024\/05\/Bild-Ville.jpg\",\"datePublished\":\"2024-05-14T13:27:57+00:00\",\"dateModified\":\"2024-05-22T06:32:39+00:00\",\"breadcrumb\":{\"@id\":\"https:\/\/nyforetagarcentrum.se\/orebroregionen\/success-stories\/orebro-byggnadsplat-ab\/#breadcrumb\"},\"inLanguage\":\"sv-SE\",\"potentialAction\":[{\"@type\":\"ReadAction\",\"target\":[\"https:\/\/nyforetagarcentrum.se\/orebroregionen\/success-stories\/orebro-byggnadsplat-ab\/\"]}]},{\"@type\":\"ImageObject\",\"inLanguage\":\"sv-SE\",\"@id\":\"https:\/\/nyforetagarcentrum.se\/orebroregionen\/success-stories\/orebro-byggnadsplat-ab\/#primaryimage\",\"url\":\"https:\/\/nyforetagarcentrum.se\/orebroregionen\/wp-content\/uploads\/sites\/25\/2024\/05\/Bild-Ville.jpg\",\"contentUrl\":\"https:\/\/nyforetagarcentrum.se\/orebroregionen\/wp-content\/uploads\/sites\/25\/2024\/05\/Bild-Ville.jpg\",\"width\":692,\"height\":346},{\"@type\":\"BreadcrumbList\",\"@id\":\"https:\/\/nyforetagarcentrum.se\/orebroregionen\/success-stories\/orebro-byggnadsplat-ab\/#breadcrumb\",\"itemListElement\":[{\"@type\":\"ListItem\",\"position\":1,\"name\":\"Hem\",\"item\":\"https:\/\/nyforetagarcentrum.se\/orebroregionen\/\"},{\"@type\":\"ListItem\",\"position\":2,\"name\":\"Success stories\",\"item\":\"https:\/\/nyforetagarcentrum.se\/orebroregionen\/success-stories\/\"},{\"@type\":\"ListItem\",\"position\":3,\"name\":\"\u00d6rebro Byggnadspl\u00e5t AB\"}]},{\"@type\":\"WebSite\",\"@id\":\"https:\/\/nyforetagarcentrum.se\/orebroregionen\/#website\",\"url\":\"https:\/\/nyforetagarcentrum.se\/orebroregionen\/\",\"name\":\"\u00d6rebroregionen\",\"description\":\"Sveriges ledande kraft f\u00f6r fler nya livskraftiga f\u00f6retag\",\"publisher\":{\"@id\":\"https:\/\/nyforetagarcentrum.se\/orebroregionen\/#organization\"},\"potentialAction\":[{\"@type\":\"SearchAction\",\"target\":{\"@type\":\"EntryPoint\",\"urlTemplate\":\"https:\/\/nyforetagarcentrum.se\/orebroregionen\/?s={search_term_string}\"},\"query-input\":\"required name=search_term_string\"}],\"inLanguage\":\"sv-SE\"},{\"@type\":\"Organization\",\"@id\":\"https:\/\/nyforetagarcentrum.se\/orebroregionen\/#organization\",\"name\":\"\u00d6rebroregionen\",\"url\":\"https:\/\/nyforetagarcentrum.se\/orebroregionen\/\",\"logo\":{\"@type\":\"ImageObject\",\"inLanguage\":\"sv-SE\",\"@id\":\"https:\/\/nyforetagarcentrum.se\/orebroregionen\/#\/schema\/logo\/image\/\",\"url\":\"https:\/\/nyforetagarcentrum.se\/orebroregionen\/wp-content\/uploads\/sites\/25\/2024\/07\/orebroregionen_bla.png\",\"contentUrl\":\"https:\/\/nyforetagarcentrum.se\/orebroregionen\/wp-content\/uploads\/sites\/25\/2024\/07\/orebroregionen_bla.png\",\"width\":870,\"height\":355,\"caption\":\"\u00d6rebroregionen\"},\"image\":{\"@id\":\"https:\/\/nyforetagarcentrum.se\/orebroregionen\/#\/schema\/logo\/image\/\"}}]}<\/script>\n<!-- \/ Yoast SEO plugin. -->","yoast_head_json":{"title":"\u00d6rebro Byggnadspl\u00e5t AB - \u00d6rebroregionen","robots":{"index":"index","follow":"follow","max-snippet":"max-snippet:-1","max-image-preview":"max-image-preview:large","max-video-preview":"max-video-preview:-1"},"canonical":"https:\/\/nyforetagarcentrum.se\/orebroregionen\/success-stories\/orebro-byggnadsplat-ab\/","og_locale":"sv_SE","og_type":"article","og_title":"\u00d6rebro Byggnadspl\u00e5t AB - \u00d6rebroregionen","og_description":"Ville Eriksson N\u00e4r startade du?&nbsp; Jag startade \u00d6rebro Byggnadspl\u00e5t AB den 1a mars 2016. D\u00e5 flyttade jag in i nybyggda lokaler p\u00e5 Idrottsv\u00e4gen 33. Nu har jag snart vart ig\u00e5ng i ett \u00e5r och f\u00f6retaget g\u00e5r mycket b\u00e4ttre \u00e4n vad jag n\u00e5gonsin v\u00e5gat hoppas p\u00e5! Det \u00e4r skitskoj. Vad g\u00f6r du? Jag driver ett byggnadspl\u00e5tslageri [&hellip;]","og_url":"https:\/\/nyforetagarcentrum.se\/orebroregionen\/success-stories\/orebro-byggnadsplat-ab\/","og_site_name":"\u00d6rebroregionen","article_modified_time":"2024-05-22T06:32:39+00:00","og_image":[{"width":692,"height":346,"url":"https:\/\/nyforetagarcentrum.se\/orebroregionen\/wp-content\/uploads\/sites\/25\/2024\/05\/Bild-Ville.jpg","type":"image\/jpeg"}],"twitter_card":"summary_large_image","twitter_misc":{"Ber\u00e4knad l\u00e4stid":"2 minuter"},"schema":{"@context":"https:\/\/schema.org","@graph":[{"@type":"WebPage","@id":"https:\/\/nyforetagarcentrum.se\/orebroregionen\/success-stories\/orebro-byggnadsplat-ab\/","url":"https:\/\/nyforetagarcentrum.se\/orebroregionen\/success-stories\/orebro-byggnadsplat-ab\/","name":"\u00d6rebro Byggnadspl\u00e5t AB - \u00d6rebroregionen","isPartOf":{"@id":"https:\/\/nyforetagarcentrum.se\/orebroregionen\/#website"},"primaryImageOfPage":{"@id":"https:\/\/nyforetagarcentrum.se\/orebroregionen\/success-stories\/orebro-byggnadsplat-ab\/#primaryimage"},"image":{"@id":"https:\/\/nyforetagarcentrum.se\/orebroregionen\/success-stories\/orebro-byggnadsplat-ab\/#primaryimage"},"thumbnailUrl":"https:\/\/nyforetagarcentrum.se\/orebroregionen\/wp-content\/uploads\/sites\/25\/2024\/05\/Bild-Ville.jpg","datePublished":"2024-05-14T13:27:57+00:00","dateModified":"2024-05-22T06:32:39+00:00","breadcrumb":{"@id":"https:\/\/nyforetagarcentrum.se\/orebroregionen\/success-stories\/orebro-byggnadsplat-ab\/#breadcrumb"},"inLanguage":"sv-SE","potentialAction":[{"@type":"ReadAction","target":["https:\/\/nyforetagarcentrum.se\/orebroregionen\/success-stories\/orebro-byggnadsplat-ab\/"]}]},{"@type":"ImageObject","inLanguage":"sv-SE","@id":"https:\/\/nyforetagarcentrum.se\/orebroregionen\/success-stories\/orebro-byggnadsplat-ab\/#primaryimage","url":"https:\/\/nyforetagarcentrum.se\/orebroregionen\/wp-content\/uploads\/sites\/25\/2024\/05\/Bild-Ville.jpg","contentUrl":"https:\/\/nyforetagarcentrum.se\/orebroregionen\/wp-content\/uploads\/sites\/25\/2024\/05\/Bild-Ville.jpg","width":692,"height":346},{"@type":"BreadcrumbList","@id":"https:\/\/nyforetagarcentrum.se\/orebroregionen\/success-stories\/orebro-byggnadsplat-ab\/#breadcrumb","itemListElement":[{"@type":"ListItem","position":1,"name":"Hem","item":"https:\/\/nyforetagarcentrum.se\/orebroregionen\/"},{"@type":"ListItem","position":2,"name":"Success stories","item":"https:\/\/nyforetagarcentrum.se\/orebroregionen\/success-stories\/"},{"@type":"ListItem","position":3,"name":"\u00d6rebro Byggnadspl\u00e5t AB"}]},{"@type":"WebSite","@id":"https:\/\/nyforetagarcentrum.se\/orebroregionen\/#website","url":"https:\/\/nyforetagarcentrum.se\/orebroregionen\/","name":"\u00d6rebroregionen","description":"Sveriges ledande kraft f\u00f6r fler nya livskraftiga f\u00f6retag","publisher":{"@id":"https:\/\/nyforetagarcentrum.se\/orebroregionen\/#organization"},"potentialAction":[{"@type":"SearchAction","target":{"@type":"EntryPoint","urlTemplate":"https:\/\/nyforetagarcentrum.se\/orebroregionen\/?s={search_term_string}"},"query-input":"required name=search_term_string"}],"inLanguage":"sv-SE"},{"@type":"Organization","@id":"https:\/\/nyforetagarcentrum.se\/orebroregionen\/#organization","name":"\u00d6rebroregionen","url":"https:\/\/nyforetagarcentrum.se\/orebroregionen\/","logo":{"@type":"ImageObject","inLanguage":"sv-SE","@id":"https:\/\/nyforetagarcentrum.se\/orebroregionen\/#\/schema\/logo\/image\/","url":"https:\/\/nyforetagarcentrum.se\/orebroregionen\/wp-content\/uploads\/sites\/25\/2024\/07\/orebroregionen_bla.png","contentUrl":"https:\/\/nyforetagarcentrum.se\/orebroregionen\/wp-content\/uploads\/sites\/25\/2024\/07\/orebroregionen_bla.png","width":870,"height":355,"caption":"\u00d6rebroregionen"},"image":{"@id":"https:\/\/nyforetagarcentrum.se\/orebroregionen\/#\/schema\/logo\/image\/"}}]}},"_links":{"self":[{"href":"https:\/\/nyforetagarcentrum.se\/orebroregionen\/wp-json\/wp\/v2\/story\/484"}],"collection":[{"href":"https:\/\/nyforetagarcentrum.se\/orebroregionen\/wp-json\/wp\/v2\/story"}],"about":[{"href":"https:\/\/nyforetagarcentrum.se\/orebroregionen\/wp-json\/wp\/v2\/types\/story"}],"version-history":[{"count":1,"href":"https:\/\/nyforetagarcentrum.se\/orebroregionen\/wp-json\/wp\/v2\/story\/484\/revisions"}],"predecessor-version":[{"id":486,"href":"https:\/\/nyforetagarcentrum.se\/orebroregionen\/wp-json\/wp\/v2\/story\/484\/revisions\/486"}],"wp:featuredmedia":[{"embeddable":true,"href":"https:\/\/nyforetagarcentrum.se\/orebroregionen\/wp-json\/wp\/v2\/media\/592"}],"wp:attachment":[{"href":"https:\/\/nyforetagarcentrum.se\/orebroregionen\/wp-json\/wp\/v2\/media?parent=484"}],"wp:term":[{"taxonomy":"story_category","embeddable":true,"href":"https:\/\/nyforetagarcentrum.se\/orebroregionen\/wp-json\/wp\/v2\/story_category?post=484"}],"curies":[{"name":"wp","href":"https:\/\/api.w.org\/{rel}","templated":true}]}}