{"id":1089,"date":"2026-04-22T10:39:12","date_gmt":"2026-04-22T08:39:12","guid":{"rendered":"https:\/\/nyforetagarcentrum.se\/orebroregionen\/?p=1089"},"modified":"2026-04-22T11:15:52","modified_gmt":"2026-04-22T09:15:52","slug":"starta-eget-del-3-juridik-undvik-nyborjarfallorna","status":"publish","type":"post","link":"https:\/\/nyforetagarcentrum.se\/orebroregionen\/2026\/04\/22\/starta-eget-del-3-juridik-undvik-nyborjarfallorna\/","title":{"rendered":"STARTA EGET\u00a0 \u2013 DEL 3: Juridik \u2013 undvik nyb\u00f6rjarf\u00e4llorna"},"content":{"rendered":"\n<p>N\u00e4r man startar f\u00f6retag dyker m\u00e5nga juridiska fr\u00e5gor upp. Vad \u00e4r egentligen skillnaden p\u00e5 enskild firma och aktiebolag? N\u00e4sta stopp p\u00e5 v\u00e5r starta eget-utbildning tar avstamp i just detta. Den 4 maj g\u00e5r advokatfirman Lindahls igenom grunderna s\u00e5 att du slipper vanliga misstag.<\/p>\n\n\n\n<p><strong>Under kv\u00e4llen pratar vi om:<br><\/strong>\u2022 Enskild firma vs aktiebolag<br>\u2022 N\u00e4r avtal beh\u00f6vs<br>\u2022 Vanliga juridiska fallgropar<\/p>\n\n\n\n<p><strong>Praktiskt information:<br><\/strong>N\u00e4r? 4 maj, 17.30\u201318.30<br>Var? Rudbecksgatan 26<\/p>\n\n\n\n<p>Anm\u00e4l dig h\u00e4r: <a href=\"https:\/\/forms.gle\/Rg8hSeuk1w1QUBAy6\">https:\/\/forms.gle\/Rg8hSeuk1w1QUBAy6<\/a> <\/p>\n\n\n\n<p>Det \u00e4r gratis att delta!<\/p>\n\n\n\n<p>Har du fr\u00e5gor eller funderingar? Tveka inte att h\u00f6ra av dig till <a href=\"mailto:Nellie.granberg@startcentrum.se\">Nellie.granberg@startcentrum.se<\/a><\/p>\n","protected":false},"excerpt":{"rendered":"<p>N\u00e4r man startar f\u00f6retag dyker m\u00e5nga juridiska fr\u00e5gor upp. Vad \u00e4r egentligen skillnaden p\u00e5 enskild firma och aktiebolag? N\u00e4sta stopp p\u00e5 v\u00e5r starta eget-utbildning tar avstamp i just detta. Den 4 maj g\u00e5r advokatfirman Lindahls igenom grunderna s\u00e5 att du slipper vanliga misstag. Under kv\u00e4llen pratar vi om:\u2022 Enskild firma vs aktiebolag\u2022 N\u00e4r avtal beh\u00f6vs\u2022 [&hellip;]<\/p>\n","protected":false},"author":6,"featured_media":1090,"comment_status":"open","ping_status":"open","sticky":false,"template":"","format":"standard","meta":{"footnotes":""},"categories":[10],"tags":[],"acf":[],"yoast_head":"<!-- This site is optimized with the Yoast SEO plugin v22.9 - https:\/\/yoast.com\/wordpress\/plugins\/seo\/ -->\n<title>STARTA EGET\u00a0 \u2013 DEL 3: Juridik \u2013 undvik nyb\u00f6rjarf\u00e4llorna - \u00d6rebroregionen<\/title>\n<meta name=\"robots\" content=\"index, follow, max-snippet:-1, max-image-preview:large, max-video-preview:-1\" \/>\n<link rel=\"canonical\" href=\"https:\/\/nyforetagarcentrum.se\/orebroregionen\/2026\/04\/22\/starta-eget-del-3-juridik-undvik-nyborjarfallorna\/\" \/>\n<meta property=\"og:locale\" content=\"sv_SE\" \/>\n<meta property=\"og:type\" content=\"article\" \/>\n<meta property=\"og:title\" content=\"STARTA EGET\u00a0 \u2013 DEL 3: Juridik \u2013 undvik nyb\u00f6rjarf\u00e4llorna - \u00d6rebroregionen\" \/>\n<meta property=\"og:description\" content=\"N\u00e4r man startar f\u00f6retag dyker m\u00e5nga juridiska fr\u00e5gor upp. Vad \u00e4r egentligen skillnaden p\u00e5 enskild firma och aktiebolag? N\u00e4sta stopp p\u00e5 v\u00e5r starta eget-utbildning tar avstamp i just detta. Den 4 maj g\u00e5r advokatfirman Lindahls igenom grunderna s\u00e5 att du slipper vanliga misstag. Under kv\u00e4llen pratar vi om:\u2022 Enskild firma vs aktiebolag\u2022 N\u00e4r avtal beh\u00f6vs\u2022 [&hellip;]\" \/>\n<meta property=\"og:url\" content=\"https:\/\/nyforetagarcentrum.se\/orebroregionen\/2026\/04\/22\/starta-eget-del-3-juridik-undvik-nyborjarfallorna\/\" \/>\n<meta property=\"og:site_name\" content=\"\u00d6rebroregionen\" \/>\n<meta property=\"article:published_time\" content=\"2026-04-22T08:39:12+00:00\" \/>\n<meta property=\"article:modified_time\" content=\"2026-04-22T09:15:52+00:00\" \/>\n<meta property=\"og:image\" content=\"https:\/\/nyforetagarcentrum.se\/orebroregionen\/wp-content\/uploads\/sites\/25\/2026\/04\/lindahl-event.jpg\" \/>\n\t<meta property=\"og:image:width\" content=\"1080\" \/>\n\t<meta property=\"og:image:height\" content=\"1080\" \/>\n\t<meta property=\"og:image:type\" content=\"image\/jpeg\" \/>\n<meta name=\"author\" content=\"narke\" \/>\n<meta name=\"twitter:card\" content=\"summary_large_image\" \/>\n<meta name=\"twitter:label1\" content=\"Skriven av\" \/>\n\t<meta name=\"twitter:data1\" content=\"narke\" \/>\n\t<meta name=\"twitter:label2\" content=\"Ber\u00e4knad l\u00e4stid\" \/>\n\t<meta name=\"twitter:data2\" content=\"1 minut\" \/>\n<script type=\"application\/ld+json\" class=\"yoast-schema-graph\">{\"@context\":\"https:\/\/schema.org\",\"@graph\":[{\"@type\":\"Article\",\"@id\":\"https:\/\/nyforetagarcentrum.se\/orebroregionen\/2026\/04\/22\/starta-eget-del-3-juridik-undvik-nyborjarfallorna\/#article\",\"isPartOf\":{\"@id\":\"https:\/\/nyforetagarcentrum.se\/orebroregionen\/2026\/04\/22\/starta-eget-del-3-juridik-undvik-nyborjarfallorna\/\"},\"author\":{\"name\":\"narke\",\"@id\":\"https:\/\/nyforetagarcentrum.se\/orebroregionen\/#\/schema\/person\/8cf23199d004acc86862844023a69d2e\"},\"headline\":\"STARTA EGET\u00a0 \u2013 DEL 3: Juridik \u2013 undvik nyb\u00f6rjarf\u00e4llorna\",\"datePublished\":\"2026-04-22T08:39:12+00:00\",\"dateModified\":\"2026-04-22T09:15:52+00:00\",\"mainEntityOfPage\":{\"@id\":\"https:\/\/nyforetagarcentrum.se\/orebroregionen\/2026\/04\/22\/starta-eget-del-3-juridik-undvik-nyborjarfallorna\/\"},\"wordCount\":117,\"commentCount\":0,\"publisher\":{\"@id\":\"https:\/\/nyforetagarcentrum.se\/orebroregionen\/#organization\"},\"image\":{\"@id\":\"https:\/\/nyforetagarcentrum.se\/orebroregionen\/2026\/04\/22\/starta-eget-del-3-juridik-undvik-nyborjarfallorna\/#primaryimage\"},\"thumbnailUrl\":\"https:\/\/nyforetagarcentrum.se\/orebroregionen\/wp-content\/uploads\/sites\/25\/2026\/04\/lindahl-event.jpg\",\"articleSection\":[\"Event\"],\"inLanguage\":\"sv-SE\",\"potentialAction\":[{\"@type\":\"CommentAction\",\"name\":\"Comment\",\"target\":[\"https:\/\/nyforetagarcentrum.se\/orebroregionen\/2026\/04\/22\/starta-eget-del-3-juridik-undvik-nyborjarfallorna\/#respond\"]}]},{\"@type\":\"WebPage\",\"@id\":\"https:\/\/nyforetagarcentrum.se\/orebroregionen\/2026\/04\/22\/starta-eget-del-3-juridik-undvik-nyborjarfallorna\/\",\"url\":\"https:\/\/nyforetagarcentrum.se\/orebroregionen\/2026\/04\/22\/starta-eget-del-3-juridik-undvik-nyborjarfallorna\/\",\"name\":\"STARTA EGET\u00a0 \u2013 DEL 3: Juridik \u2013 undvik nyb\u00f6rjarf\u00e4llorna - \u00d6rebroregionen\",\"isPartOf\":{\"@id\":\"https:\/\/nyforetagarcentrum.se\/orebroregionen\/#website\"},\"primaryImageOfPage\":{\"@id\":\"https:\/\/nyforetagarcentrum.se\/orebroregionen\/2026\/04\/22\/starta-eget-del-3-juridik-undvik-nyborjarfallorna\/#primaryimage\"},\"image\":{\"@id\":\"https:\/\/nyforetagarcentrum.se\/orebroregionen\/2026\/04\/22\/starta-eget-del-3-juridik-undvik-nyborjarfallorna\/#primaryimage\"},\"thumbnailUrl\":\"https:\/\/nyforetagarcentrum.se\/orebroregionen\/wp-content\/uploads\/sites\/25\/2026\/04\/lindahl-event.jpg\",\"datePublished\":\"2026-04-22T08:39:12+00:00\",\"dateModified\":\"2026-04-22T09:15:52+00:00\",\"breadcrumb\":{\"@id\":\"https:\/\/nyforetagarcentrum.se\/orebroregionen\/2026\/04\/22\/starta-eget-del-3-juridik-undvik-nyborjarfallorna\/#breadcrumb\"},\"inLanguage\":\"sv-SE\",\"potentialAction\":[{\"@type\":\"ReadAction\",\"target\":[\"https:\/\/nyforetagarcentrum.se\/orebroregionen\/2026\/04\/22\/starta-eget-del-3-juridik-undvik-nyborjarfallorna\/\"]}]},{\"@type\":\"ImageObject\",\"inLanguage\":\"sv-SE\",\"@id\":\"https:\/\/nyforetagarcentrum.se\/orebroregionen\/2026\/04\/22\/starta-eget-del-3-juridik-undvik-nyborjarfallorna\/#primaryimage\",\"url\":\"https:\/\/nyforetagarcentrum.se\/orebroregionen\/wp-content\/uploads\/sites\/25\/2026\/04\/lindahl-event.jpg\",\"contentUrl\":\"https:\/\/nyforetagarcentrum.se\/orebroregionen\/wp-content\/uploads\/sites\/25\/2026\/04\/lindahl-event.jpg\",\"width\":1080,\"height\":1080},{\"@type\":\"BreadcrumbList\",\"@id\":\"https:\/\/nyforetagarcentrum.se\/orebroregionen\/2026\/04\/22\/starta-eget-del-3-juridik-undvik-nyborjarfallorna\/#breadcrumb\",\"itemListElement\":[{\"@type\":\"ListItem\",\"position\":1,\"name\":\"Hem\",\"item\":\"https:\/\/nyforetagarcentrum.se\/orebroregionen\/\"},{\"@type\":\"ListItem\",\"position\":2,\"name\":\"STARTA EGET\u00a0 \u2013 DEL 3: Juridik \u2013 undvik nyb\u00f6rjarf\u00e4llorna\"}]},{\"@type\":\"WebSite\",\"@id\":\"https:\/\/nyforetagarcentrum.se\/orebroregionen\/#website\",\"url\":\"https:\/\/nyforetagarcentrum.se\/orebroregionen\/\",\"name\":\"\u00d6rebroregionen\",\"description\":\"Sveriges ledande kraft f\u00f6r fler nya livskraftiga f\u00f6retag\",\"publisher\":{\"@id\":\"https:\/\/nyforetagarcentrum.se\/orebroregionen\/#organization\"},\"potentialAction\":[{\"@type\":\"SearchAction\",\"target\":{\"@type\":\"EntryPoint\",\"urlTemplate\":\"https:\/\/nyforetagarcentrum.se\/orebroregionen\/?s={search_term_string}\"},\"query-input\":\"required name=search_term_string\"}],\"inLanguage\":\"sv-SE\"},{\"@type\":\"Organization\",\"@id\":\"https:\/\/nyforetagarcentrum.se\/orebroregionen\/#organization\",\"name\":\"\u00d6rebroregionen\",\"url\":\"https:\/\/nyforetagarcentrum.se\/orebroregionen\/\",\"logo\":{\"@type\":\"ImageObject\",\"inLanguage\":\"sv-SE\",\"@id\":\"https:\/\/nyforetagarcentrum.se\/orebroregionen\/#\/schema\/logo\/image\/\",\"url\":\"https:\/\/nyforetagarcentrum.se\/orebroregionen\/wp-content\/uploads\/sites\/25\/2024\/07\/orebroregionen_bla.png\",\"contentUrl\":\"https:\/\/nyforetagarcentrum.se\/orebroregionen\/wp-content\/uploads\/sites\/25\/2024\/07\/orebroregionen_bla.png\",\"width\":870,\"height\":355,\"caption\":\"\u00d6rebroregionen\"},\"image\":{\"@id\":\"https:\/\/nyforetagarcentrum.se\/orebroregionen\/#\/schema\/logo\/image\/\"}},{\"@type\":\"Person\",\"@id\":\"https:\/\/nyforetagarcentrum.se\/orebroregionen\/#\/schema\/person\/8cf23199d004acc86862844023a69d2e\",\"name\":\"narke\",\"image\":{\"@type\":\"ImageObject\",\"inLanguage\":\"sv-SE\",\"@id\":\"https:\/\/nyforetagarcentrum.se\/orebroregionen\/#\/schema\/person\/image\/\",\"url\":\"https:\/\/secure.gravatar.com\/avatar\/c835c554d1354d56d7cb7503d6eaf2a6?s=96&d=mm&r=g\",\"contentUrl\":\"https:\/\/secure.gravatar.com\/avatar\/c835c554d1354d56d7cb7503d6eaf2a6?s=96&d=mm&r=g\",\"caption\":\"narke\"},\"url\":\"https:\/\/nyforetagarcentrum.se\/orebroregionen\/author\/narke\/\"}]}<\/script>\n<!-- \/ Yoast SEO plugin. -->","yoast_head_json":{"title":"STARTA EGET\u00a0 \u2013 DEL 3: Juridik \u2013 undvik nyb\u00f6rjarf\u00e4llorna - \u00d6rebroregionen","robots":{"index":"index","follow":"follow","max-snippet":"max-snippet:-1","max-image-preview":"max-image-preview:large","max-video-preview":"max-video-preview:-1"},"canonical":"https:\/\/nyforetagarcentrum.se\/orebroregionen\/2026\/04\/22\/starta-eget-del-3-juridik-undvik-nyborjarfallorna\/","og_locale":"sv_SE","og_type":"article","og_title":"STARTA EGET\u00a0 \u2013 DEL 3: Juridik \u2013 undvik nyb\u00f6rjarf\u00e4llorna - \u00d6rebroregionen","og_description":"N\u00e4r man startar f\u00f6retag dyker m\u00e5nga juridiska fr\u00e5gor upp. Vad \u00e4r egentligen skillnaden p\u00e5 enskild firma och aktiebolag? N\u00e4sta stopp p\u00e5 v\u00e5r starta eget-utbildning tar avstamp i just detta. Den 4 maj g\u00e5r advokatfirman Lindahls igenom grunderna s\u00e5 att du slipper vanliga misstag. Under kv\u00e4llen pratar vi om:\u2022 Enskild firma vs aktiebolag\u2022 N\u00e4r avtal beh\u00f6vs\u2022 [&hellip;]","og_url":"https:\/\/nyforetagarcentrum.se\/orebroregionen\/2026\/04\/22\/starta-eget-del-3-juridik-undvik-nyborjarfallorna\/","og_site_name":"\u00d6rebroregionen","article_published_time":"2026-04-22T08:39:12+00:00","article_modified_time":"2026-04-22T09:15:52+00:00","og_image":[{"width":1080,"height":1080,"url":"https:\/\/nyforetagarcentrum.se\/orebroregionen\/wp-content\/uploads\/sites\/25\/2026\/04\/lindahl-event.jpg","type":"image\/jpeg"}],"author":"narke","twitter_card":"summary_large_image","twitter_misc":{"Skriven av":"narke","Ber\u00e4knad l\u00e4stid":"1 minut"},"schema":{"@context":"https:\/\/schema.org","@graph":[{"@type":"Article","@id":"https:\/\/nyforetagarcentrum.se\/orebroregionen\/2026\/04\/22\/starta-eget-del-3-juridik-undvik-nyborjarfallorna\/#article","isPartOf":{"@id":"https:\/\/nyforetagarcentrum.se\/orebroregionen\/2026\/04\/22\/starta-eget-del-3-juridik-undvik-nyborjarfallorna\/"},"author":{"name":"narke","@id":"https:\/\/nyforetagarcentrum.se\/orebroregionen\/#\/schema\/person\/8cf23199d004acc86862844023a69d2e"},"headline":"STARTA EGET\u00a0 \u2013 DEL 3: Juridik \u2013 undvik nyb\u00f6rjarf\u00e4llorna","datePublished":"2026-04-22T08:39:12+00:00","dateModified":"2026-04-22T09:15:52+00:00","mainEntityOfPage":{"@id":"https:\/\/nyforetagarcentrum.se\/orebroregionen\/2026\/04\/22\/starta-eget-del-3-juridik-undvik-nyborjarfallorna\/"},"wordCount":117,"commentCount":0,"publisher":{"@id":"https:\/\/nyforetagarcentrum.se\/orebroregionen\/#organization"},"image":{"@id":"https:\/\/nyforetagarcentrum.se\/orebroregionen\/2026\/04\/22\/starta-eget-del-3-juridik-undvik-nyborjarfallorna\/#primaryimage"},"thumbnailUrl":"https:\/\/nyforetagarcentrum.se\/orebroregionen\/wp-content\/uploads\/sites\/25\/2026\/04\/lindahl-event.jpg","articleSection":["Event"],"inLanguage":"sv-SE","potentialAction":[{"@type":"CommentAction","name":"Comment","target":["https:\/\/nyforetagarcentrum.se\/orebroregionen\/2026\/04\/22\/starta-eget-del-3-juridik-undvik-nyborjarfallorna\/#respond"]}]},{"@type":"WebPage","@id":"https:\/\/nyforetagarcentrum.se\/orebroregionen\/2026\/04\/22\/starta-eget-del-3-juridik-undvik-nyborjarfallorna\/","url":"https:\/\/nyforetagarcentrum.se\/orebroregionen\/2026\/04\/22\/starta-eget-del-3-juridik-undvik-nyborjarfallorna\/","name":"STARTA EGET\u00a0 \u2013 DEL 3: Juridik \u2013 undvik nyb\u00f6rjarf\u00e4llorna - \u00d6rebroregionen","isPartOf":{"@id":"https:\/\/nyforetagarcentrum.se\/orebroregionen\/#website"},"primaryImageOfPage":{"@id":"https:\/\/nyforetagarcentrum.se\/orebroregionen\/2026\/04\/22\/starta-eget-del-3-juridik-undvik-nyborjarfallorna\/#primaryimage"},"image":{"@id":"https:\/\/nyforetagarcentrum.se\/orebroregionen\/2026\/04\/22\/starta-eget-del-3-juridik-undvik-nyborjarfallorna\/#primaryimage"},"thumbnailUrl":"https:\/\/nyforetagarcentrum.se\/orebroregionen\/wp-content\/uploads\/sites\/25\/2026\/04\/lindahl-event.jpg","datePublished":"2026-04-22T08:39:12+00:00","dateModified":"2026-04-22T09:15:52+00:00","breadcrumb":{"@id":"https:\/\/nyforetagarcentrum.se\/orebroregionen\/2026\/04\/22\/starta-eget-del-3-juridik-undvik-nyborjarfallorna\/#breadcrumb"},"inLanguage":"sv-SE","potentialAction":[{"@type":"ReadAction","target":["https:\/\/nyforetagarcentrum.se\/orebroregionen\/2026\/04\/22\/starta-eget-del-3-juridik-undvik-nyborjarfallorna\/"]}]},{"@type":"ImageObject","inLanguage":"sv-SE","@id":"https:\/\/nyforetagarcentrum.se\/orebroregionen\/2026\/04\/22\/starta-eget-del-3-juridik-undvik-nyborjarfallorna\/#primaryimage","url":"https:\/\/nyforetagarcentrum.se\/orebroregionen\/wp-content\/uploads\/sites\/25\/2026\/04\/lindahl-event.jpg","contentUrl":"https:\/\/nyforetagarcentrum.se\/orebroregionen\/wp-content\/uploads\/sites\/25\/2026\/04\/lindahl-event.jpg","width":1080,"height":1080},{"@type":"BreadcrumbList","@id":"https:\/\/nyforetagarcentrum.se\/orebroregionen\/2026\/04\/22\/starta-eget-del-3-juridik-undvik-nyborjarfallorna\/#breadcrumb","itemListElement":[{"@type":"ListItem","position":1,"name":"Hem","item":"https:\/\/nyforetagarcentrum.se\/orebroregionen\/"},{"@type":"ListItem","position":2,"name":"STARTA EGET\u00a0 \u2013 DEL 3: Juridik \u2013 undvik nyb\u00f6rjarf\u00e4llorna"}]},{"@type":"WebSite","@id":"https:\/\/nyforetagarcentrum.se\/orebroregionen\/#website","url":"https:\/\/nyforetagarcentrum.se\/orebroregionen\/","name":"\u00d6rebroregionen","description":"Sveriges ledande kraft f\u00f6r fler nya livskraftiga f\u00f6retag","publisher":{"@id":"https:\/\/nyforetagarcentrum.se\/orebroregionen\/#organization"},"potentialAction":[{"@type":"SearchAction","target":{"@type":"EntryPoint","urlTemplate":"https:\/\/nyforetagarcentrum.se\/orebroregionen\/?s={search_term_string}"},"query-input":"required name=search_term_string"}],"inLanguage":"sv-SE"},{"@type":"Organization","@id":"https:\/\/nyforetagarcentrum.se\/orebroregionen\/#organization","name":"\u00d6rebroregionen","url":"https:\/\/nyforetagarcentrum.se\/orebroregionen\/","logo":{"@type":"ImageObject","inLanguage":"sv-SE","@id":"https:\/\/nyforetagarcentrum.se\/orebroregionen\/#\/schema\/logo\/image\/","url":"https:\/\/nyforetagarcentrum.se\/orebroregionen\/wp-content\/uploads\/sites\/25\/2024\/07\/orebroregionen_bla.png","contentUrl":"https:\/\/nyforetagarcentrum.se\/orebroregionen\/wp-content\/uploads\/sites\/25\/2024\/07\/orebroregionen_bla.png","width":870,"height":355,"caption":"\u00d6rebroregionen"},"image":{"@id":"https:\/\/nyforetagarcentrum.se\/orebroregionen\/#\/schema\/logo\/image\/"}},{"@type":"Person","@id":"https:\/\/nyforetagarcentrum.se\/orebroregionen\/#\/schema\/person\/8cf23199d004acc86862844023a69d2e","name":"narke","image":{"@type":"ImageObject","inLanguage":"sv-SE","@id":"https:\/\/nyforetagarcentrum.se\/orebroregionen\/#\/schema\/person\/image\/","url":"https:\/\/secure.gravatar.com\/avatar\/c835c554d1354d56d7cb7503d6eaf2a6?s=96&d=mm&r=g","contentUrl":"https:\/\/secure.gravatar.com\/avatar\/c835c554d1354d56d7cb7503d6eaf2a6?s=96&d=mm&r=g","caption":"narke"},"url":"https:\/\/nyforetagarcentrum.se\/orebroregionen\/author\/narke\/"}]}},"_links":{"self":[{"href":"https:\/\/nyforetagarcentrum.se\/orebroregionen\/wp-json\/wp\/v2\/posts\/1089"}],"collection":[{"href":"https:\/\/nyforetagarcentrum.se\/orebroregionen\/wp-json\/wp\/v2\/posts"}],"about":[{"href":"https:\/\/nyforetagarcentrum.se\/orebroregionen\/wp-json\/wp\/v2\/types\/post"}],"author":[{"embeddable":true,"href":"https:\/\/nyforetagarcentrum.se\/orebroregionen\/wp-json\/wp\/v2\/users\/6"}],"replies":[{"embeddable":true,"href":"https:\/\/nyforetagarcentrum.se\/orebroregionen\/wp-json\/wp\/v2\/comments?post=1089"}],"version-history":[{"count":3,"href":"https:\/\/nyforetagarcentrum.se\/orebroregionen\/wp-json\/wp\/v2\/posts\/1089\/revisions"}],"predecessor-version":[{"id":1096,"href":"https:\/\/nyforetagarcentrum.se\/orebroregionen\/wp-json\/wp\/v2\/posts\/1089\/revisions\/1096"}],"wp:featuredmedia":[{"embeddable":true,"href":"https:\/\/nyforetagarcentrum.se\/orebroregionen\/wp-json\/wp\/v2\/media\/1090"}],"wp:attachment":[{"href":"https:\/\/nyforetagarcentrum.se\/orebroregionen\/wp-json\/wp\/v2\/media?parent=1089"}],"wp:term":[{"taxonomy":"category","embeddable":true,"href":"https:\/\/nyforetagarcentrum.se\/orebroregionen\/wp-json\/wp\/v2\/categories?post=1089"},{"taxonomy":"post_tag","embeddable":true,"href":"https:\/\/nyforetagarcentrum.se\/orebroregionen\/wp-json\/wp\/v2\/tags?post=1089"}],"curies":[{"name":"wp","href":"https:\/\/api.w.org\/{rel}","templated":true}]}}