{"id":1066,"date":"2026-04-01T15:05:19","date_gmt":"2026-04-01T13:05:19","guid":{"rendered":"https:\/\/nyforetagarcentrum.se\/orebroregionen\/?p=1066"},"modified":"2026-04-01T15:05:35","modified_gmt":"2026-04-01T13:05:35","slug":"starta-eget-del-2-pengar-utan-skramsel","status":"publish","type":"post","link":"https:\/\/nyforetagarcentrum.se\/orebroregionen\/2026\/04\/01\/starta-eget-del-2-pengar-utan-skramsel\/","title":{"rendered":"STARTA EGET \u2013 DEL 2: Pengar utan skr\u00e4msel"},"content":{"rendered":"\n<p>Den 22 april \u00e4r det dags f\u00f6r n\u00e4sta tillf\u00e4lle i v\u00e5r starta eget-utbildning. Skatt, moms och bokf\u00f6ring kan k\u00e4nnas kr\u00e5ngligt men det beh\u00f6ver det inte vara. Under detta pass g\u00e5r Almi igenom grunderna inom ekonomi f\u00f6r nyb\u00f6rjare.<\/p>\n\n\n\n<p><strong>Under kv\u00e4llen pratar vi om:<br><\/strong>\u2022 Vad det kostar att starta f\u00f6retag<br>\u2022 Skatt, bokf\u00f6ring och moms<br>\u2022 Vad du beh\u00f6ver ha koll p\u00e5 i b\u00f6rjan<\/p>\n\n\n\n<p><strong>Praktisk information:<\/strong><br>N\u00e4r? 22 april, 17.30\u201319.30<br>Var? Rudbecksgatan 26<br>Anm\u00e4l dig h\u00e4r: <a href=\"https:\/\/forms.gle\/1ggoLW3V5dhVHsEE9 \">https:\/\/forms.gle\/1ggoLW3V5dhVHsEE9 <\/a><br>Det \u00e4r gratis att delta<br><\/p>\n\n\n\n<p>Detta \u00e4r en del av v\u00e5r starta eget-utbildning i fem steg. Den v\u00e4nder sig till dig som g\u00e5r i tankarna att starta eget eller nyligen har k\u00f6rt ig\u00e5ng. <a href=\"https:\/\/nyforetagarcentrum.se\/orebroregionen\/2026\/03\/20\/starta-eget-utbildning-i-5-delar\/\">Du kan l\u00e4sa mer om utbildningen h\u00e4r.<\/a><\/p>\n","protected":false},"excerpt":{"rendered":"<p>Den 22 april \u00e4r det dags f\u00f6r n\u00e4sta tillf\u00e4lle i v\u00e5r starta eget-utbildning. Skatt, moms och bokf\u00f6ring kan k\u00e4nnas kr\u00e5ngligt men det beh\u00f6ver det inte vara. Under detta pass g\u00e5r Almi igenom grunderna inom ekonomi f\u00f6r nyb\u00f6rjare. Under kv\u00e4llen pratar vi om:\u2022 Vad det kostar att starta f\u00f6retag\u2022 Skatt, bokf\u00f6ring och moms\u2022 Vad du beh\u00f6ver [&hellip;]<\/p>\n","protected":false},"author":6,"featured_media":1067,"comment_status":"open","ping_status":"open","sticky":false,"template":"","format":"standard","meta":{"footnotes":""},"categories":[10],"tags":[],"acf":[],"yoast_head":"<!-- This site is optimized with the Yoast SEO plugin v22.9 - https:\/\/yoast.com\/wordpress\/plugins\/seo\/ -->\n<title>STARTA EGET \u2013 DEL 2: Pengar utan skr\u00e4msel - \u00d6rebroregionen<\/title>\n<meta name=\"robots\" content=\"index, follow, max-snippet:-1, max-image-preview:large, max-video-preview:-1\" \/>\n<link rel=\"canonical\" href=\"https:\/\/nyforetagarcentrum.se\/orebroregionen\/2026\/04\/01\/starta-eget-del-2-pengar-utan-skramsel\/\" \/>\n<meta property=\"og:locale\" content=\"sv_SE\" \/>\n<meta property=\"og:type\" content=\"article\" \/>\n<meta property=\"og:title\" content=\"STARTA EGET \u2013 DEL 2: Pengar utan skr\u00e4msel - \u00d6rebroregionen\" \/>\n<meta property=\"og:description\" content=\"Den 22 april \u00e4r det dags f\u00f6r n\u00e4sta tillf\u00e4lle i v\u00e5r starta eget-utbildning. Skatt, moms och bokf\u00f6ring kan k\u00e4nnas kr\u00e5ngligt men det beh\u00f6ver det inte vara. Under detta pass g\u00e5r Almi igenom grunderna inom ekonomi f\u00f6r nyb\u00f6rjare. Under kv\u00e4llen pratar vi om:\u2022 Vad det kostar att starta f\u00f6retag\u2022 Skatt, bokf\u00f6ring och moms\u2022 Vad du beh\u00f6ver [&hellip;]\" \/>\n<meta property=\"og:url\" content=\"https:\/\/nyforetagarcentrum.se\/orebroregionen\/2026\/04\/01\/starta-eget-del-2-pengar-utan-skramsel\/\" \/>\n<meta property=\"og:site_name\" content=\"\u00d6rebroregionen\" \/>\n<meta property=\"article:published_time\" content=\"2026-04-01T13:05:19+00:00\" \/>\n<meta property=\"article:modified_time\" content=\"2026-04-01T13:05:35+00:00\" \/>\n<meta property=\"og:image\" content=\"https:\/\/nyforetagarcentrum.se\/orebroregionen\/wp-content\/uploads\/sites\/25\/2026\/04\/pengar-utan-skramsel.jpg\" \/>\n\t<meta property=\"og:image:width\" content=\"1080\" \/>\n\t<meta property=\"og:image:height\" content=\"1080\" \/>\n\t<meta property=\"og:image:type\" content=\"image\/jpeg\" \/>\n<meta name=\"author\" content=\"narke\" \/>\n<meta name=\"twitter:card\" content=\"summary_large_image\" \/>\n<meta name=\"twitter:label1\" content=\"Skriven av\" \/>\n\t<meta name=\"twitter:data1\" content=\"narke\" \/>\n\t<meta name=\"twitter:label2\" content=\"Ber\u00e4knad l\u00e4stid\" \/>\n\t<meta name=\"twitter:data2\" content=\"1 minut\" \/>\n<script type=\"application\/ld+json\" class=\"yoast-schema-graph\">{\"@context\":\"https:\/\/schema.org\",\"@graph\":[{\"@type\":\"Article\",\"@id\":\"https:\/\/nyforetagarcentrum.se\/orebroregionen\/2026\/04\/01\/starta-eget-del-2-pengar-utan-skramsel\/#article\",\"isPartOf\":{\"@id\":\"https:\/\/nyforetagarcentrum.se\/orebroregionen\/2026\/04\/01\/starta-eget-del-2-pengar-utan-skramsel\/\"},\"author\":{\"name\":\"narke\",\"@id\":\"https:\/\/nyforetagarcentrum.se\/orebroregionen\/#\/schema\/person\/8cf23199d004acc86862844023a69d2e\"},\"headline\":\"STARTA EGET \u2013 DEL 2: Pengar utan skr\u00e4msel\",\"datePublished\":\"2026-04-01T13:05:19+00:00\",\"dateModified\":\"2026-04-01T13:05:35+00:00\",\"mainEntityOfPage\":{\"@id\":\"https:\/\/nyforetagarcentrum.se\/orebroregionen\/2026\/04\/01\/starta-eget-del-2-pengar-utan-skramsel\/\"},\"wordCount\":147,\"commentCount\":0,\"publisher\":{\"@id\":\"https:\/\/nyforetagarcentrum.se\/orebroregionen\/#organization\"},\"image\":{\"@id\":\"https:\/\/nyforetagarcentrum.se\/orebroregionen\/2026\/04\/01\/starta-eget-del-2-pengar-utan-skramsel\/#primaryimage\"},\"thumbnailUrl\":\"https:\/\/nyforetagarcentrum.se\/orebroregionen\/wp-content\/uploads\/sites\/25\/2026\/04\/pengar-utan-skramsel.jpg\",\"articleSection\":[\"Event\"],\"inLanguage\":\"sv-SE\",\"potentialAction\":[{\"@type\":\"CommentAction\",\"name\":\"Comment\",\"target\":[\"https:\/\/nyforetagarcentrum.se\/orebroregionen\/2026\/04\/01\/starta-eget-del-2-pengar-utan-skramsel\/#respond\"]}]},{\"@type\":\"WebPage\",\"@id\":\"https:\/\/nyforetagarcentrum.se\/orebroregionen\/2026\/04\/01\/starta-eget-del-2-pengar-utan-skramsel\/\",\"url\":\"https:\/\/nyforetagarcentrum.se\/orebroregionen\/2026\/04\/01\/starta-eget-del-2-pengar-utan-skramsel\/\",\"name\":\"STARTA EGET \u2013 DEL 2: Pengar utan skr\u00e4msel - \u00d6rebroregionen\",\"isPartOf\":{\"@id\":\"https:\/\/nyforetagarcentrum.se\/orebroregionen\/#website\"},\"primaryImageOfPage\":{\"@id\":\"https:\/\/nyforetagarcentrum.se\/orebroregionen\/2026\/04\/01\/starta-eget-del-2-pengar-utan-skramsel\/#primaryimage\"},\"image\":{\"@id\":\"https:\/\/nyforetagarcentrum.se\/orebroregionen\/2026\/04\/01\/starta-eget-del-2-pengar-utan-skramsel\/#primaryimage\"},\"thumbnailUrl\":\"https:\/\/nyforetagarcentrum.se\/orebroregionen\/wp-content\/uploads\/sites\/25\/2026\/04\/pengar-utan-skramsel.jpg\",\"datePublished\":\"2026-04-01T13:05:19+00:00\",\"dateModified\":\"2026-04-01T13:05:35+00:00\",\"breadcrumb\":{\"@id\":\"https:\/\/nyforetagarcentrum.se\/orebroregionen\/2026\/04\/01\/starta-eget-del-2-pengar-utan-skramsel\/#breadcrumb\"},\"inLanguage\":\"sv-SE\",\"potentialAction\":[{\"@type\":\"ReadAction\",\"target\":[\"https:\/\/nyforetagarcentrum.se\/orebroregionen\/2026\/04\/01\/starta-eget-del-2-pengar-utan-skramsel\/\"]}]},{\"@type\":\"ImageObject\",\"inLanguage\":\"sv-SE\",\"@id\":\"https:\/\/nyforetagarcentrum.se\/orebroregionen\/2026\/04\/01\/starta-eget-del-2-pengar-utan-skramsel\/#primaryimage\",\"url\":\"https:\/\/nyforetagarcentrum.se\/orebroregionen\/wp-content\/uploads\/sites\/25\/2026\/04\/pengar-utan-skramsel.jpg\",\"contentUrl\":\"https:\/\/nyforetagarcentrum.se\/orebroregionen\/wp-content\/uploads\/sites\/25\/2026\/04\/pengar-utan-skramsel.jpg\",\"width\":1080,\"height\":1080},{\"@type\":\"BreadcrumbList\",\"@id\":\"https:\/\/nyforetagarcentrum.se\/orebroregionen\/2026\/04\/01\/starta-eget-del-2-pengar-utan-skramsel\/#breadcrumb\",\"itemListElement\":[{\"@type\":\"ListItem\",\"position\":1,\"name\":\"Hem\",\"item\":\"https:\/\/nyforetagarcentrum.se\/orebroregionen\/\"},{\"@type\":\"ListItem\",\"position\":2,\"name\":\"STARTA EGET \u2013 DEL 2: Pengar utan skr\u00e4msel\"}]},{\"@type\":\"WebSite\",\"@id\":\"https:\/\/nyforetagarcentrum.se\/orebroregionen\/#website\",\"url\":\"https:\/\/nyforetagarcentrum.se\/orebroregionen\/\",\"name\":\"\u00d6rebroregionen\",\"description\":\"Sveriges ledande kraft f\u00f6r fler nya livskraftiga f\u00f6retag\",\"publisher\":{\"@id\":\"https:\/\/nyforetagarcentrum.se\/orebroregionen\/#organization\"},\"potentialAction\":[{\"@type\":\"SearchAction\",\"target\":{\"@type\":\"EntryPoint\",\"urlTemplate\":\"https:\/\/nyforetagarcentrum.se\/orebroregionen\/?s={search_term_string}\"},\"query-input\":\"required name=search_term_string\"}],\"inLanguage\":\"sv-SE\"},{\"@type\":\"Organization\",\"@id\":\"https:\/\/nyforetagarcentrum.se\/orebroregionen\/#organization\",\"name\":\"\u00d6rebroregionen\",\"url\":\"https:\/\/nyforetagarcentrum.se\/orebroregionen\/\",\"logo\":{\"@type\":\"ImageObject\",\"inLanguage\":\"sv-SE\",\"@id\":\"https:\/\/nyforetagarcentrum.se\/orebroregionen\/#\/schema\/logo\/image\/\",\"url\":\"https:\/\/nyforetagarcentrum.se\/orebroregionen\/wp-content\/uploads\/sites\/25\/2024\/07\/orebroregionen_bla.png\",\"contentUrl\":\"https:\/\/nyforetagarcentrum.se\/orebroregionen\/wp-content\/uploads\/sites\/25\/2024\/07\/orebroregionen_bla.png\",\"width\":870,\"height\":355,\"caption\":\"\u00d6rebroregionen\"},\"image\":{\"@id\":\"https:\/\/nyforetagarcentrum.se\/orebroregionen\/#\/schema\/logo\/image\/\"}},{\"@type\":\"Person\",\"@id\":\"https:\/\/nyforetagarcentrum.se\/orebroregionen\/#\/schema\/person\/8cf23199d004acc86862844023a69d2e\",\"name\":\"narke\",\"image\":{\"@type\":\"ImageObject\",\"inLanguage\":\"sv-SE\",\"@id\":\"https:\/\/nyforetagarcentrum.se\/orebroregionen\/#\/schema\/person\/image\/\",\"url\":\"https:\/\/secure.gravatar.com\/avatar\/c835c554d1354d56d7cb7503d6eaf2a6?s=96&d=mm&r=g\",\"contentUrl\":\"https:\/\/secure.gravatar.com\/avatar\/c835c554d1354d56d7cb7503d6eaf2a6?s=96&d=mm&r=g\",\"caption\":\"narke\"},\"url\":\"https:\/\/nyforetagarcentrum.se\/orebroregionen\/author\/narke\/\"}]}<\/script>\n<!-- \/ Yoast SEO plugin. -->","yoast_head_json":{"title":"STARTA EGET \u2013 DEL 2: Pengar utan skr\u00e4msel - \u00d6rebroregionen","robots":{"index":"index","follow":"follow","max-snippet":"max-snippet:-1","max-image-preview":"max-image-preview:large","max-video-preview":"max-video-preview:-1"},"canonical":"https:\/\/nyforetagarcentrum.se\/orebroregionen\/2026\/04\/01\/starta-eget-del-2-pengar-utan-skramsel\/","og_locale":"sv_SE","og_type":"article","og_title":"STARTA EGET \u2013 DEL 2: Pengar utan skr\u00e4msel - \u00d6rebroregionen","og_description":"Den 22 april \u00e4r det dags f\u00f6r n\u00e4sta tillf\u00e4lle i v\u00e5r starta eget-utbildning. Skatt, moms och bokf\u00f6ring kan k\u00e4nnas kr\u00e5ngligt men det beh\u00f6ver det inte vara. Under detta pass g\u00e5r Almi igenom grunderna inom ekonomi f\u00f6r nyb\u00f6rjare. Under kv\u00e4llen pratar vi om:\u2022 Vad det kostar att starta f\u00f6retag\u2022 Skatt, bokf\u00f6ring och moms\u2022 Vad du beh\u00f6ver [&hellip;]","og_url":"https:\/\/nyforetagarcentrum.se\/orebroregionen\/2026\/04\/01\/starta-eget-del-2-pengar-utan-skramsel\/","og_site_name":"\u00d6rebroregionen","article_published_time":"2026-04-01T13:05:19+00:00","article_modified_time":"2026-04-01T13:05:35+00:00","og_image":[{"width":1080,"height":1080,"url":"https:\/\/nyforetagarcentrum.se\/orebroregionen\/wp-content\/uploads\/sites\/25\/2026\/04\/pengar-utan-skramsel.jpg","type":"image\/jpeg"}],"author":"narke","twitter_card":"summary_large_image","twitter_misc":{"Skriven av":"narke","Ber\u00e4knad l\u00e4stid":"1 minut"},"schema":{"@context":"https:\/\/schema.org","@graph":[{"@type":"Article","@id":"https:\/\/nyforetagarcentrum.se\/orebroregionen\/2026\/04\/01\/starta-eget-del-2-pengar-utan-skramsel\/#article","isPartOf":{"@id":"https:\/\/nyforetagarcentrum.se\/orebroregionen\/2026\/04\/01\/starta-eget-del-2-pengar-utan-skramsel\/"},"author":{"name":"narke","@id":"https:\/\/nyforetagarcentrum.se\/orebroregionen\/#\/schema\/person\/8cf23199d004acc86862844023a69d2e"},"headline":"STARTA EGET \u2013 DEL 2: Pengar utan skr\u00e4msel","datePublished":"2026-04-01T13:05:19+00:00","dateModified":"2026-04-01T13:05:35+00:00","mainEntityOfPage":{"@id":"https:\/\/nyforetagarcentrum.se\/orebroregionen\/2026\/04\/01\/starta-eget-del-2-pengar-utan-skramsel\/"},"wordCount":147,"commentCount":0,"publisher":{"@id":"https:\/\/nyforetagarcentrum.se\/orebroregionen\/#organization"},"image":{"@id":"https:\/\/nyforetagarcentrum.se\/orebroregionen\/2026\/04\/01\/starta-eget-del-2-pengar-utan-skramsel\/#primaryimage"},"thumbnailUrl":"https:\/\/nyforetagarcentrum.se\/orebroregionen\/wp-content\/uploads\/sites\/25\/2026\/04\/pengar-utan-skramsel.jpg","articleSection":["Event"],"inLanguage":"sv-SE","potentialAction":[{"@type":"CommentAction","name":"Comment","target":["https:\/\/nyforetagarcentrum.se\/orebroregionen\/2026\/04\/01\/starta-eget-del-2-pengar-utan-skramsel\/#respond"]}]},{"@type":"WebPage","@id":"https:\/\/nyforetagarcentrum.se\/orebroregionen\/2026\/04\/01\/starta-eget-del-2-pengar-utan-skramsel\/","url":"https:\/\/nyforetagarcentrum.se\/orebroregionen\/2026\/04\/01\/starta-eget-del-2-pengar-utan-skramsel\/","name":"STARTA EGET \u2013 DEL 2: Pengar utan skr\u00e4msel - \u00d6rebroregionen","isPartOf":{"@id":"https:\/\/nyforetagarcentrum.se\/orebroregionen\/#website"},"primaryImageOfPage":{"@id":"https:\/\/nyforetagarcentrum.se\/orebroregionen\/2026\/04\/01\/starta-eget-del-2-pengar-utan-skramsel\/#primaryimage"},"image":{"@id":"https:\/\/nyforetagarcentrum.se\/orebroregionen\/2026\/04\/01\/starta-eget-del-2-pengar-utan-skramsel\/#primaryimage"},"thumbnailUrl":"https:\/\/nyforetagarcentrum.se\/orebroregionen\/wp-content\/uploads\/sites\/25\/2026\/04\/pengar-utan-skramsel.jpg","datePublished":"2026-04-01T13:05:19+00:00","dateModified":"2026-04-01T13:05:35+00:00","breadcrumb":{"@id":"https:\/\/nyforetagarcentrum.se\/orebroregionen\/2026\/04\/01\/starta-eget-del-2-pengar-utan-skramsel\/#breadcrumb"},"inLanguage":"sv-SE","potentialAction":[{"@type":"ReadAction","target":["https:\/\/nyforetagarcentrum.se\/orebroregionen\/2026\/04\/01\/starta-eget-del-2-pengar-utan-skramsel\/"]}]},{"@type":"ImageObject","inLanguage":"sv-SE","@id":"https:\/\/nyforetagarcentrum.se\/orebroregionen\/2026\/04\/01\/starta-eget-del-2-pengar-utan-skramsel\/#primaryimage","url":"https:\/\/nyforetagarcentrum.se\/orebroregionen\/wp-content\/uploads\/sites\/25\/2026\/04\/pengar-utan-skramsel.jpg","contentUrl":"https:\/\/nyforetagarcentrum.se\/orebroregionen\/wp-content\/uploads\/sites\/25\/2026\/04\/pengar-utan-skramsel.jpg","width":1080,"height":1080},{"@type":"BreadcrumbList","@id":"https:\/\/nyforetagarcentrum.se\/orebroregionen\/2026\/04\/01\/starta-eget-del-2-pengar-utan-skramsel\/#breadcrumb","itemListElement":[{"@type":"ListItem","position":1,"name":"Hem","item":"https:\/\/nyforetagarcentrum.se\/orebroregionen\/"},{"@type":"ListItem","position":2,"name":"STARTA EGET \u2013 DEL 2: Pengar utan skr\u00e4msel"}]},{"@type":"WebSite","@id":"https:\/\/nyforetagarcentrum.se\/orebroregionen\/#website","url":"https:\/\/nyforetagarcentrum.se\/orebroregionen\/","name":"\u00d6rebroregionen","description":"Sveriges ledande kraft f\u00f6r fler nya livskraftiga f\u00f6retag","publisher":{"@id":"https:\/\/nyforetagarcentrum.se\/orebroregionen\/#organization"},"potentialAction":[{"@type":"SearchAction","target":{"@type":"EntryPoint","urlTemplate":"https:\/\/nyforetagarcentrum.se\/orebroregionen\/?s={search_term_string}"},"query-input":"required name=search_term_string"}],"inLanguage":"sv-SE"},{"@type":"Organization","@id":"https:\/\/nyforetagarcentrum.se\/orebroregionen\/#organization","name":"\u00d6rebroregionen","url":"https:\/\/nyforetagarcentrum.se\/orebroregionen\/","logo":{"@type":"ImageObject","inLanguage":"sv-SE","@id":"https:\/\/nyforetagarcentrum.se\/orebroregionen\/#\/schema\/logo\/image\/","url":"https:\/\/nyforetagarcentrum.se\/orebroregionen\/wp-content\/uploads\/sites\/25\/2024\/07\/orebroregionen_bla.png","contentUrl":"https:\/\/nyforetagarcentrum.se\/orebroregionen\/wp-content\/uploads\/sites\/25\/2024\/07\/orebroregionen_bla.png","width":870,"height":355,"caption":"\u00d6rebroregionen"},"image":{"@id":"https:\/\/nyforetagarcentrum.se\/orebroregionen\/#\/schema\/logo\/image\/"}},{"@type":"Person","@id":"https:\/\/nyforetagarcentrum.se\/orebroregionen\/#\/schema\/person\/8cf23199d004acc86862844023a69d2e","name":"narke","image":{"@type":"ImageObject","inLanguage":"sv-SE","@id":"https:\/\/nyforetagarcentrum.se\/orebroregionen\/#\/schema\/person\/image\/","url":"https:\/\/secure.gravatar.com\/avatar\/c835c554d1354d56d7cb7503d6eaf2a6?s=96&d=mm&r=g","contentUrl":"https:\/\/secure.gravatar.com\/avatar\/c835c554d1354d56d7cb7503d6eaf2a6?s=96&d=mm&r=g","caption":"narke"},"url":"https:\/\/nyforetagarcentrum.se\/orebroregionen\/author\/narke\/"}]}},"_links":{"self":[{"href":"https:\/\/nyforetagarcentrum.se\/orebroregionen\/wp-json\/wp\/v2\/posts\/1066"}],"collection":[{"href":"https:\/\/nyforetagarcentrum.se\/orebroregionen\/wp-json\/wp\/v2\/posts"}],"about":[{"href":"https:\/\/nyforetagarcentrum.se\/orebroregionen\/wp-json\/wp\/v2\/types\/post"}],"author":[{"embeddable":true,"href":"https:\/\/nyforetagarcentrum.se\/orebroregionen\/wp-json\/wp\/v2\/users\/6"}],"replies":[{"embeddable":true,"href":"https:\/\/nyforetagarcentrum.se\/orebroregionen\/wp-json\/wp\/v2\/comments?post=1066"}],"version-history":[{"count":2,"href":"https:\/\/nyforetagarcentrum.se\/orebroregionen\/wp-json\/wp\/v2\/posts\/1066\/revisions"}],"predecessor-version":[{"id":1069,"href":"https:\/\/nyforetagarcentrum.se\/orebroregionen\/wp-json\/wp\/v2\/posts\/1066\/revisions\/1069"}],"wp:featuredmedia":[{"embeddable":true,"href":"https:\/\/nyforetagarcentrum.se\/orebroregionen\/wp-json\/wp\/v2\/media\/1067"}],"wp:attachment":[{"href":"https:\/\/nyforetagarcentrum.se\/orebroregionen\/wp-json\/wp\/v2\/media?parent=1066"}],"wp:term":[{"taxonomy":"category","embeddable":true,"href":"https:\/\/nyforetagarcentrum.se\/orebroregionen\/wp-json\/wp\/v2\/categories?post=1066"},{"taxonomy":"post_tag","embeddable":true,"href":"https:\/\/nyforetagarcentrum.se\/orebroregionen\/wp-json\/wp\/v2\/tags?post=1066"}],"curies":[{"name":"wp","href":"https:\/\/api.w.org\/{rel}","templated":true}]}}