{"id":1033,"date":"2026-01-28T15:29:08","date_gmt":"2026-01-28T14:29:08","guid":{"rendered":"https:\/\/nyforetagarcentrum.se\/orebroregionen\/?p=1033"},"modified":"2026-01-28T15:29:09","modified_gmt":"2026-01-28T14:29:09","slug":"stark-din-digitala-kompetens-med-no-digifear","status":"publish","type":"post","link":"https:\/\/nyforetagarcentrum.se\/orebroregionen\/2026\/01\/28\/stark-din-digitala-kompetens-med-no-digifear\/","title":{"rendered":"St\u00e4rk din digitala kompetens med No Digifear!"},"content":{"rendered":"\n<p><em>H\u00e4r kommer en sp\u00e4nnande m\u00f6jlighet f\u00f6r dig som varit p\u00e5 r\u00e5dgivning hos Nyf\u00f6retagarCentrum: No Digifear ett kostnadsfritt program f\u00f6r kvinnor 40+ som vill st\u00e4rka\u00a0sin digitala kompetens och \u00f6ka\u00a0sin\u00a0konkurrenskraft.<\/em><\/p>\n\n\n\n<p><strong>St\u00e4rk dina digitala kunskaper och din position p\u00e5 arbetsmarknaden<\/strong><\/p>\n\n\n\n<p>Att utveckla dina digitala f\u00e4rdigheter ger dig st\u00f6rre m\u00f6jlighet att delta aktivt och k\u00e4nna dig trygg och kompetent i dagens arbetsliv och samh\u00e4lle. F\u00f6r m\u00e5nga kvinnor \u00f6ver 40 kan nya kunskaper och st\u00e4rkt sj\u00e4lvf\u00f6rtroende kring teknik \u00f6ppna d\u00f6rrar till karri\u00e4rutveckling, \u00e5terg\u00e5ng till arbetsmarknaden eller m\u00f6jligheten att starta och driva eget f\u00f6retag.<br><br><strong>No Digifear \u00e4r ett kostnadsfritt utbildningsprogram f\u00f6r kvinnor 40+ som vill utveckla sina digitala f\u00e4rdigheteroch \u00f6ppna nya m\u00f6jligheter p\u00e5 arbetsmarknaden.<\/strong>\u00a0Programmet passar dig som vill \u00e5terv\u00e4nda till arbetslivet, ta n\u00e4sta steg i din nuvarande yrkesroll eller f\u00f6rverkliga dr\u00f6mmen om att starta eget f\u00f6retag.<\/p>\n","protected":false},"excerpt":{"rendered":"<p>H\u00e4r kommer en sp\u00e4nnande m\u00f6jlighet f\u00f6r dig som varit p\u00e5 r\u00e5dgivning hos Nyf\u00f6retagarCentrum: No Digifear ett kostnadsfritt program f\u00f6r kvinnor 40+ som vill st\u00e4rka\u00a0sin digitala kompetens och \u00f6ka\u00a0sin\u00a0konkurrenskraft. St\u00e4rk dina digitala kunskaper och din position p\u00e5 arbetsmarknaden Att utveckla dina digitala f\u00e4rdigheter ger dig st\u00f6rre m\u00f6jlighet att delta aktivt och k\u00e4nna dig trygg och kompetent [&hellip;]<\/p>\n","protected":false},"author":6,"featured_media":1034,"comment_status":"open","ping_status":"open","sticky":false,"template":"","format":"standard","meta":{"footnotes":""},"categories":[12],"tags":[],"acf":[],"yoast_head":"<!-- This site is optimized with the Yoast SEO plugin v22.9 - https:\/\/yoast.com\/wordpress\/plugins\/seo\/ -->\n<title>St\u00e4rk din digitala kompetens med No Digifear! - \u00d6rebroregionen<\/title>\n<meta name=\"robots\" content=\"index, follow, max-snippet:-1, max-image-preview:large, max-video-preview:-1\" \/>\n<link rel=\"canonical\" href=\"https:\/\/nyforetagarcentrum.se\/orebroregionen\/2026\/01\/28\/stark-din-digitala-kompetens-med-no-digifear\/\" \/>\n<meta property=\"og:locale\" content=\"sv_SE\" \/>\n<meta property=\"og:type\" content=\"article\" \/>\n<meta property=\"og:title\" content=\"St\u00e4rk din digitala kompetens med No Digifear! - \u00d6rebroregionen\" \/>\n<meta property=\"og:description\" content=\"H\u00e4r kommer en sp\u00e4nnande m\u00f6jlighet f\u00f6r dig som varit p\u00e5 r\u00e5dgivning hos Nyf\u00f6retagarCentrum: No Digifear ett kostnadsfritt program f\u00f6r kvinnor 40+ som vill st\u00e4rka\u00a0sin digitala kompetens och \u00f6ka\u00a0sin\u00a0konkurrenskraft. St\u00e4rk dina digitala kunskaper och din position p\u00e5 arbetsmarknaden Att utveckla dina digitala f\u00e4rdigheter ger dig st\u00f6rre m\u00f6jlighet att delta aktivt och k\u00e4nna dig trygg och kompetent [&hellip;]\" \/>\n<meta property=\"og:url\" content=\"https:\/\/nyforetagarcentrum.se\/orebroregionen\/2026\/01\/28\/stark-din-digitala-kompetens-med-no-digifear\/\" \/>\n<meta property=\"og:site_name\" content=\"\u00d6rebroregionen\" \/>\n<meta property=\"article:published_time\" content=\"2026-01-28T14:29:08+00:00\" \/>\n<meta property=\"article:modified_time\" content=\"2026-01-28T14:29:09+00:00\" \/>\n<meta property=\"og:image\" content=\"https:\/\/nyforetagarcentrum.se\/orebroregionen\/wp-content\/uploads\/sites\/25\/2026\/01\/b07ff333-f132-4bcb-8451-970723829bb7.png\" \/>\n\t<meta property=\"og:image:width\" content=\"1160\" \/>\n\t<meta property=\"og:image:height\" content=\"911\" \/>\n\t<meta property=\"og:image:type\" content=\"image\/png\" \/>\n<meta name=\"author\" content=\"narke\" \/>\n<meta name=\"twitter:card\" content=\"summary_large_image\" \/>\n<meta name=\"twitter:label1\" content=\"Skriven av\" \/>\n\t<meta name=\"twitter:data1\" content=\"narke\" \/>\n\t<meta name=\"twitter:label2\" content=\"Ber\u00e4knad l\u00e4stid\" \/>\n\t<meta name=\"twitter:data2\" content=\"1 minut\" \/>\n<script type=\"application\/ld+json\" class=\"yoast-schema-graph\">{\"@context\":\"https:\/\/schema.org\",\"@graph\":[{\"@type\":\"Article\",\"@id\":\"https:\/\/nyforetagarcentrum.se\/orebroregionen\/2026\/01\/28\/stark-din-digitala-kompetens-med-no-digifear\/#article\",\"isPartOf\":{\"@id\":\"https:\/\/nyforetagarcentrum.se\/orebroregionen\/2026\/01\/28\/stark-din-digitala-kompetens-med-no-digifear\/\"},\"author\":{\"name\":\"narke\",\"@id\":\"https:\/\/nyforetagarcentrum.se\/orebroregionen\/#\/schema\/person\/8cf23199d004acc86862844023a69d2e\"},\"headline\":\"St\u00e4rk din digitala kompetens med No Digifear!\",\"datePublished\":\"2026-01-28T14:29:08+00:00\",\"dateModified\":\"2026-01-28T14:29:09+00:00\",\"mainEntityOfPage\":{\"@id\":\"https:\/\/nyforetagarcentrum.se\/orebroregionen\/2026\/01\/28\/stark-din-digitala-kompetens-med-no-digifear\/\"},\"wordCount\":171,\"commentCount\":0,\"publisher\":{\"@id\":\"https:\/\/nyforetagarcentrum.se\/orebroregionen\/#organization\"},\"image\":{\"@id\":\"https:\/\/nyforetagarcentrum.se\/orebroregionen\/2026\/01\/28\/stark-din-digitala-kompetens-med-no-digifear\/#primaryimage\"},\"thumbnailUrl\":\"https:\/\/nyforetagarcentrum.se\/orebroregionen\/wp-content\/uploads\/sites\/25\/2026\/01\/b07ff333-f132-4bcb-8451-970723829bb7.png\",\"articleSection\":[\"Nyhet\"],\"inLanguage\":\"sv-SE\",\"potentialAction\":[{\"@type\":\"CommentAction\",\"name\":\"Comment\",\"target\":[\"https:\/\/nyforetagarcentrum.se\/orebroregionen\/2026\/01\/28\/stark-din-digitala-kompetens-med-no-digifear\/#respond\"]}]},{\"@type\":\"WebPage\",\"@id\":\"https:\/\/nyforetagarcentrum.se\/orebroregionen\/2026\/01\/28\/stark-din-digitala-kompetens-med-no-digifear\/\",\"url\":\"https:\/\/nyforetagarcentrum.se\/orebroregionen\/2026\/01\/28\/stark-din-digitala-kompetens-med-no-digifear\/\",\"name\":\"St\u00e4rk din digitala kompetens med No Digifear! - \u00d6rebroregionen\",\"isPartOf\":{\"@id\":\"https:\/\/nyforetagarcentrum.se\/orebroregionen\/#website\"},\"primaryImageOfPage\":{\"@id\":\"https:\/\/nyforetagarcentrum.se\/orebroregionen\/2026\/01\/28\/stark-din-digitala-kompetens-med-no-digifear\/#primaryimage\"},\"image\":{\"@id\":\"https:\/\/nyforetagarcentrum.se\/orebroregionen\/2026\/01\/28\/stark-din-digitala-kompetens-med-no-digifear\/#primaryimage\"},\"thumbnailUrl\":\"https:\/\/nyforetagarcentrum.se\/orebroregionen\/wp-content\/uploads\/sites\/25\/2026\/01\/b07ff333-f132-4bcb-8451-970723829bb7.png\",\"datePublished\":\"2026-01-28T14:29:08+00:00\",\"dateModified\":\"2026-01-28T14:29:09+00:00\",\"breadcrumb\":{\"@id\":\"https:\/\/nyforetagarcentrum.se\/orebroregionen\/2026\/01\/28\/stark-din-digitala-kompetens-med-no-digifear\/#breadcrumb\"},\"inLanguage\":\"sv-SE\",\"potentialAction\":[{\"@type\":\"ReadAction\",\"target\":[\"https:\/\/nyforetagarcentrum.se\/orebroregionen\/2026\/01\/28\/stark-din-digitala-kompetens-med-no-digifear\/\"]}]},{\"@type\":\"ImageObject\",\"inLanguage\":\"sv-SE\",\"@id\":\"https:\/\/nyforetagarcentrum.se\/orebroregionen\/2026\/01\/28\/stark-din-digitala-kompetens-med-no-digifear\/#primaryimage\",\"url\":\"https:\/\/nyforetagarcentrum.se\/orebroregionen\/wp-content\/uploads\/sites\/25\/2026\/01\/b07ff333-f132-4bcb-8451-970723829bb7.png\",\"contentUrl\":\"https:\/\/nyforetagarcentrum.se\/orebroregionen\/wp-content\/uploads\/sites\/25\/2026\/01\/b07ff333-f132-4bcb-8451-970723829bb7.png\",\"width\":1160,\"height\":911,\"caption\":\"Digital kompetensutbildning f\u00f6r kvinnor \u00f6ver 40 \u00e5r.\"},{\"@type\":\"BreadcrumbList\",\"@id\":\"https:\/\/nyforetagarcentrum.se\/orebroregionen\/2026\/01\/28\/stark-din-digitala-kompetens-med-no-digifear\/#breadcrumb\",\"itemListElement\":[{\"@type\":\"ListItem\",\"position\":1,\"name\":\"Hem\",\"item\":\"https:\/\/nyforetagarcentrum.se\/orebroregionen\/\"},{\"@type\":\"ListItem\",\"position\":2,\"name\":\"St\u00e4rk din digitala kompetens med No Digifear!\"}]},{\"@type\":\"WebSite\",\"@id\":\"https:\/\/nyforetagarcentrum.se\/orebroregionen\/#website\",\"url\":\"https:\/\/nyforetagarcentrum.se\/orebroregionen\/\",\"name\":\"\u00d6rebroregionen\",\"description\":\"Sveriges ledande kraft f\u00f6r fler nya livskraftiga f\u00f6retag\",\"publisher\":{\"@id\":\"https:\/\/nyforetagarcentrum.se\/orebroregionen\/#organization\"},\"potentialAction\":[{\"@type\":\"SearchAction\",\"target\":{\"@type\":\"EntryPoint\",\"urlTemplate\":\"https:\/\/nyforetagarcentrum.se\/orebroregionen\/?s={search_term_string}\"},\"query-input\":\"required name=search_term_string\"}],\"inLanguage\":\"sv-SE\"},{\"@type\":\"Organization\",\"@id\":\"https:\/\/nyforetagarcentrum.se\/orebroregionen\/#organization\",\"name\":\"\u00d6rebroregionen\",\"url\":\"https:\/\/nyforetagarcentrum.se\/orebroregionen\/\",\"logo\":{\"@type\":\"ImageObject\",\"inLanguage\":\"sv-SE\",\"@id\":\"https:\/\/nyforetagarcentrum.se\/orebroregionen\/#\/schema\/logo\/image\/\",\"url\":\"https:\/\/nyforetagarcentrum.se\/orebroregionen\/wp-content\/uploads\/sites\/25\/2024\/07\/orebroregionen_bla.png\",\"contentUrl\":\"https:\/\/nyforetagarcentrum.se\/orebroregionen\/wp-content\/uploads\/sites\/25\/2024\/07\/orebroregionen_bla.png\",\"width\":870,\"height\":355,\"caption\":\"\u00d6rebroregionen\"},\"image\":{\"@id\":\"https:\/\/nyforetagarcentrum.se\/orebroregionen\/#\/schema\/logo\/image\/\"}},{\"@type\":\"Person\",\"@id\":\"https:\/\/nyforetagarcentrum.se\/orebroregionen\/#\/schema\/person\/8cf23199d004acc86862844023a69d2e\",\"name\":\"narke\",\"image\":{\"@type\":\"ImageObject\",\"inLanguage\":\"sv-SE\",\"@id\":\"https:\/\/nyforetagarcentrum.se\/orebroregionen\/#\/schema\/person\/image\/\",\"url\":\"https:\/\/secure.gravatar.com\/avatar\/c835c554d1354d56d7cb7503d6eaf2a6?s=96&d=mm&r=g\",\"contentUrl\":\"https:\/\/secure.gravatar.com\/avatar\/c835c554d1354d56d7cb7503d6eaf2a6?s=96&d=mm&r=g\",\"caption\":\"narke\"},\"url\":\"https:\/\/nyforetagarcentrum.se\/orebroregionen\/author\/narke\/\"}]}<\/script>\n<!-- \/ Yoast SEO plugin. -->","yoast_head_json":{"title":"St\u00e4rk din digitala kompetens med No Digifear! - \u00d6rebroregionen","robots":{"index":"index","follow":"follow","max-snippet":"max-snippet:-1","max-image-preview":"max-image-preview:large","max-video-preview":"max-video-preview:-1"},"canonical":"https:\/\/nyforetagarcentrum.se\/orebroregionen\/2026\/01\/28\/stark-din-digitala-kompetens-med-no-digifear\/","og_locale":"sv_SE","og_type":"article","og_title":"St\u00e4rk din digitala kompetens med No Digifear! - \u00d6rebroregionen","og_description":"H\u00e4r kommer en sp\u00e4nnande m\u00f6jlighet f\u00f6r dig som varit p\u00e5 r\u00e5dgivning hos Nyf\u00f6retagarCentrum: No Digifear ett kostnadsfritt program f\u00f6r kvinnor 40+ som vill st\u00e4rka\u00a0sin digitala kompetens och \u00f6ka\u00a0sin\u00a0konkurrenskraft. St\u00e4rk dina digitala kunskaper och din position p\u00e5 arbetsmarknaden Att utveckla dina digitala f\u00e4rdigheter ger dig st\u00f6rre m\u00f6jlighet att delta aktivt och k\u00e4nna dig trygg och kompetent [&hellip;]","og_url":"https:\/\/nyforetagarcentrum.se\/orebroregionen\/2026\/01\/28\/stark-din-digitala-kompetens-med-no-digifear\/","og_site_name":"\u00d6rebroregionen","article_published_time":"2026-01-28T14:29:08+00:00","article_modified_time":"2026-01-28T14:29:09+00:00","og_image":[{"width":1160,"height":911,"url":"https:\/\/nyforetagarcentrum.se\/orebroregionen\/wp-content\/uploads\/sites\/25\/2026\/01\/b07ff333-f132-4bcb-8451-970723829bb7.png","type":"image\/png"}],"author":"narke","twitter_card":"summary_large_image","twitter_misc":{"Skriven av":"narke","Ber\u00e4knad l\u00e4stid":"1 minut"},"schema":{"@context":"https:\/\/schema.org","@graph":[{"@type":"Article","@id":"https:\/\/nyforetagarcentrum.se\/orebroregionen\/2026\/01\/28\/stark-din-digitala-kompetens-med-no-digifear\/#article","isPartOf":{"@id":"https:\/\/nyforetagarcentrum.se\/orebroregionen\/2026\/01\/28\/stark-din-digitala-kompetens-med-no-digifear\/"},"author":{"name":"narke","@id":"https:\/\/nyforetagarcentrum.se\/orebroregionen\/#\/schema\/person\/8cf23199d004acc86862844023a69d2e"},"headline":"St\u00e4rk din digitala kompetens med No Digifear!","datePublished":"2026-01-28T14:29:08+00:00","dateModified":"2026-01-28T14:29:09+00:00","mainEntityOfPage":{"@id":"https:\/\/nyforetagarcentrum.se\/orebroregionen\/2026\/01\/28\/stark-din-digitala-kompetens-med-no-digifear\/"},"wordCount":171,"commentCount":0,"publisher":{"@id":"https:\/\/nyforetagarcentrum.se\/orebroregionen\/#organization"},"image":{"@id":"https:\/\/nyforetagarcentrum.se\/orebroregionen\/2026\/01\/28\/stark-din-digitala-kompetens-med-no-digifear\/#primaryimage"},"thumbnailUrl":"https:\/\/nyforetagarcentrum.se\/orebroregionen\/wp-content\/uploads\/sites\/25\/2026\/01\/b07ff333-f132-4bcb-8451-970723829bb7.png","articleSection":["Nyhet"],"inLanguage":"sv-SE","potentialAction":[{"@type":"CommentAction","name":"Comment","target":["https:\/\/nyforetagarcentrum.se\/orebroregionen\/2026\/01\/28\/stark-din-digitala-kompetens-med-no-digifear\/#respond"]}]},{"@type":"WebPage","@id":"https:\/\/nyforetagarcentrum.se\/orebroregionen\/2026\/01\/28\/stark-din-digitala-kompetens-med-no-digifear\/","url":"https:\/\/nyforetagarcentrum.se\/orebroregionen\/2026\/01\/28\/stark-din-digitala-kompetens-med-no-digifear\/","name":"St\u00e4rk din digitala kompetens med No Digifear! - \u00d6rebroregionen","isPartOf":{"@id":"https:\/\/nyforetagarcentrum.se\/orebroregionen\/#website"},"primaryImageOfPage":{"@id":"https:\/\/nyforetagarcentrum.se\/orebroregionen\/2026\/01\/28\/stark-din-digitala-kompetens-med-no-digifear\/#primaryimage"},"image":{"@id":"https:\/\/nyforetagarcentrum.se\/orebroregionen\/2026\/01\/28\/stark-din-digitala-kompetens-med-no-digifear\/#primaryimage"},"thumbnailUrl":"https:\/\/nyforetagarcentrum.se\/orebroregionen\/wp-content\/uploads\/sites\/25\/2026\/01\/b07ff333-f132-4bcb-8451-970723829bb7.png","datePublished":"2026-01-28T14:29:08+00:00","dateModified":"2026-01-28T14:29:09+00:00","breadcrumb":{"@id":"https:\/\/nyforetagarcentrum.se\/orebroregionen\/2026\/01\/28\/stark-din-digitala-kompetens-med-no-digifear\/#breadcrumb"},"inLanguage":"sv-SE","potentialAction":[{"@type":"ReadAction","target":["https:\/\/nyforetagarcentrum.se\/orebroregionen\/2026\/01\/28\/stark-din-digitala-kompetens-med-no-digifear\/"]}]},{"@type":"ImageObject","inLanguage":"sv-SE","@id":"https:\/\/nyforetagarcentrum.se\/orebroregionen\/2026\/01\/28\/stark-din-digitala-kompetens-med-no-digifear\/#primaryimage","url":"https:\/\/nyforetagarcentrum.se\/orebroregionen\/wp-content\/uploads\/sites\/25\/2026\/01\/b07ff333-f132-4bcb-8451-970723829bb7.png","contentUrl":"https:\/\/nyforetagarcentrum.se\/orebroregionen\/wp-content\/uploads\/sites\/25\/2026\/01\/b07ff333-f132-4bcb-8451-970723829bb7.png","width":1160,"height":911,"caption":"Digital kompetensutbildning f\u00f6r kvinnor \u00f6ver 40 \u00e5r."},{"@type":"BreadcrumbList","@id":"https:\/\/nyforetagarcentrum.se\/orebroregionen\/2026\/01\/28\/stark-din-digitala-kompetens-med-no-digifear\/#breadcrumb","itemListElement":[{"@type":"ListItem","position":1,"name":"Hem","item":"https:\/\/nyforetagarcentrum.se\/orebroregionen\/"},{"@type":"ListItem","position":2,"name":"St\u00e4rk din digitala kompetens med No Digifear!"}]},{"@type":"WebSite","@id":"https:\/\/nyforetagarcentrum.se\/orebroregionen\/#website","url":"https:\/\/nyforetagarcentrum.se\/orebroregionen\/","name":"\u00d6rebroregionen","description":"Sveriges ledande kraft f\u00f6r fler nya livskraftiga f\u00f6retag","publisher":{"@id":"https:\/\/nyforetagarcentrum.se\/orebroregionen\/#organization"},"potentialAction":[{"@type":"SearchAction","target":{"@type":"EntryPoint","urlTemplate":"https:\/\/nyforetagarcentrum.se\/orebroregionen\/?s={search_term_string}"},"query-input":"required name=search_term_string"}],"inLanguage":"sv-SE"},{"@type":"Organization","@id":"https:\/\/nyforetagarcentrum.se\/orebroregionen\/#organization","name":"\u00d6rebroregionen","url":"https:\/\/nyforetagarcentrum.se\/orebroregionen\/","logo":{"@type":"ImageObject","inLanguage":"sv-SE","@id":"https:\/\/nyforetagarcentrum.se\/orebroregionen\/#\/schema\/logo\/image\/","url":"https:\/\/nyforetagarcentrum.se\/orebroregionen\/wp-content\/uploads\/sites\/25\/2024\/07\/orebroregionen_bla.png","contentUrl":"https:\/\/nyforetagarcentrum.se\/orebroregionen\/wp-content\/uploads\/sites\/25\/2024\/07\/orebroregionen_bla.png","width":870,"height":355,"caption":"\u00d6rebroregionen"},"image":{"@id":"https:\/\/nyforetagarcentrum.se\/orebroregionen\/#\/schema\/logo\/image\/"}},{"@type":"Person","@id":"https:\/\/nyforetagarcentrum.se\/orebroregionen\/#\/schema\/person\/8cf23199d004acc86862844023a69d2e","name":"narke","image":{"@type":"ImageObject","inLanguage":"sv-SE","@id":"https:\/\/nyforetagarcentrum.se\/orebroregionen\/#\/schema\/person\/image\/","url":"https:\/\/secure.gravatar.com\/avatar\/c835c554d1354d56d7cb7503d6eaf2a6?s=96&d=mm&r=g","contentUrl":"https:\/\/secure.gravatar.com\/avatar\/c835c554d1354d56d7cb7503d6eaf2a6?s=96&d=mm&r=g","caption":"narke"},"url":"https:\/\/nyforetagarcentrum.se\/orebroregionen\/author\/narke\/"}]}},"_links":{"self":[{"href":"https:\/\/nyforetagarcentrum.se\/orebroregionen\/wp-json\/wp\/v2\/posts\/1033"}],"collection":[{"href":"https:\/\/nyforetagarcentrum.se\/orebroregionen\/wp-json\/wp\/v2\/posts"}],"about":[{"href":"https:\/\/nyforetagarcentrum.se\/orebroregionen\/wp-json\/wp\/v2\/types\/post"}],"author":[{"embeddable":true,"href":"https:\/\/nyforetagarcentrum.se\/orebroregionen\/wp-json\/wp\/v2\/users\/6"}],"replies":[{"embeddable":true,"href":"https:\/\/nyforetagarcentrum.se\/orebroregionen\/wp-json\/wp\/v2\/comments?post=1033"}],"version-history":[{"count":1,"href":"https:\/\/nyforetagarcentrum.se\/orebroregionen\/wp-json\/wp\/v2\/posts\/1033\/revisions"}],"predecessor-version":[{"id":1035,"href":"https:\/\/nyforetagarcentrum.se\/orebroregionen\/wp-json\/wp\/v2\/posts\/1033\/revisions\/1035"}],"wp:featuredmedia":[{"embeddable":true,"href":"https:\/\/nyforetagarcentrum.se\/orebroregionen\/wp-json\/wp\/v2\/media\/1034"}],"wp:attachment":[{"href":"https:\/\/nyforetagarcentrum.se\/orebroregionen\/wp-json\/wp\/v2\/media?parent=1033"}],"wp:term":[{"taxonomy":"category","embeddable":true,"href":"https:\/\/nyforetagarcentrum.se\/orebroregionen\/wp-json\/wp\/v2\/categories?post=1033"},{"taxonomy":"post_tag","embeddable":true,"href":"https:\/\/nyforetagarcentrum.se\/orebroregionen\/wp-json\/wp\/v2\/tags?post=1033"}],"curies":[{"name":"wp","href":"https:\/\/api.w.org\/{rel}","templated":true}]}}