{"id":159,"date":"2024-02-22T12:02:39","date_gmt":"2024-02-22T11:02:39","guid":{"rendered":"https:\/\/nyforetagarcentrum.se\/olofstrom\/?post_type=story&#038;p=159"},"modified":"2024-12-03T16:13:34","modified_gmt":"2024-12-03T15:13:34","slug":"arets-nyforetagare-2023","status":"publish","type":"story","link":"https:\/\/nyforetagarcentrum.se\/olofstrom\/success-stories\/arets-nyforetagare-2023\/","title":{"rendered":"\u00c5rets Nyf\u00f6retagare 2023"},"content":{"rendered":"\n<figure class=\"wp-block-image size-large\"><img loading=\"lazy\" decoding=\"async\" width=\"768\" height=\"1024\" src=\"https:\/\/nyforetagarcentrum.se\/olofstrom\/wp-content\/uploads\/sites\/66\/2024\/05\/Arets-Nyforetagare-2024-768x1024.jpg\" alt=\"\" class=\"wp-image-296\" srcset=\"https:\/\/nyforetagarcentrum.se\/olofstrom\/wp-content\/uploads\/sites\/66\/2024\/05\/Arets-Nyforetagare-2024-768x1024.jpg 768w, https:\/\/nyforetagarcentrum.se\/olofstrom\/wp-content\/uploads\/sites\/66\/2024\/05\/Arets-Nyforetagare-2024-225x300.jpg 225w, https:\/\/nyforetagarcentrum.se\/olofstrom\/wp-content\/uploads\/sites\/66\/2024\/05\/Arets-Nyforetagare-2024-1152x1536.jpg 1152w, https:\/\/nyforetagarcentrum.se\/olofstrom\/wp-content\/uploads\/sites\/66\/2024\/05\/Arets-Nyforetagare-2024-810x1080.jpg 810w, https:\/\/nyforetagarcentrum.se\/olofstrom\/wp-content\/uploads\/sites\/66\/2024\/05\/Arets-Nyforetagare-2024.jpg 1512w\" sizes=\"(max-width: 768px) 100vw, 768px\" \/><figcaption class=\"wp-element-caption\"><strong>\u00c5rets nyf\u00f6retagare 2023 i Olofstr\u00f6m Valentino Agusi<\/strong> <strong>med <a href=\"https:\/\/www.valentinosauto.com\/\" data-type=\"link\" data-id=\"https:\/\/www.valentinosauto.com\/\">Valentinos Auto AB<\/a><\/strong><\/figcaption><\/figure>\n\n\n\n<p>Motivering till priset:<\/p>\n\n\n\n<p>\u201d \u00c5rets Nyf\u00f6retagare i Olofstr\u00f6ms kommun 2023 startade sitt f\u00f6retag 2021, och har p\u00e5 kort tid etablerat sig i en bransch med stor konkurrens. Med m\u00e5lmedvetet arbete och engagemang f\u00f6r kvalit\u00e9 har f\u00f6retaget skapat sin nisch i ett fartfyllt marknadssegment. En ung f\u00f6retagare med k\u00e4rlek till bilar och vind i h\u00e5ret, som ocks\u00e5 kan inspirera unga entrepren\u00f6rer att ta steget till eget.\u201d<\/p>\n\n\n\n<p>Utm\u00e4rkelsen \u00c5rets Nyf\u00f6retagare delas ut av Nyf\u00f6retagarCentrum Olofstr\u00f6m, F\u00f6retagarna Olofstr\u00f6m och Olofstr\u00f6ms kommun i samverkan.<\/p>\n\n\n\n<h2 class=\"wp-block-heading\"><br><\/h2>\n\n\n\n<figure class=\"wp-block-image size-large\"><img loading=\"lazy\" decoding=\"async\" width=\"768\" height=\"1024\" src=\"https:\/\/nyforetagarcentrum.se\/olofstrom\/wp-content\/uploads\/sites\/66\/2024\/05\/Arets-Nyforetagare-2024-1-768x1024.jpg\" alt=\"\" class=\"wp-image-350\" srcset=\"https:\/\/nyforetagarcentrum.se\/olofstrom\/wp-content\/uploads\/sites\/66\/2024\/05\/Arets-Nyforetagare-2024-1-768x1024.jpg 768w, https:\/\/nyforetagarcentrum.se\/olofstrom\/wp-content\/uploads\/sites\/66\/2024\/05\/Arets-Nyforetagare-2024-1-225x300.jpg 225w, https:\/\/nyforetagarcentrum.se\/olofstrom\/wp-content\/uploads\/sites\/66\/2024\/05\/Arets-Nyforetagare-2024-1-1152x1536.jpg 1152w, https:\/\/nyforetagarcentrum.se\/olofstrom\/wp-content\/uploads\/sites\/66\/2024\/05\/Arets-Nyforetagare-2024-1-810x1080.jpg 810w, https:\/\/nyforetagarcentrum.se\/olofstrom\/wp-content\/uploads\/sites\/66\/2024\/05\/Arets-Nyforetagare-2024-1.jpg 1512w\" sizes=\"(max-width: 768px) 100vw, 768px\" \/><\/figure>\n","protected":false},"featured_media":350,"template":"","meta":{"footnotes":""},"story_category":[],"acf":[],"yoast_head":"<!-- This site is optimized with the Yoast SEO plugin v22.9 - https:\/\/yoast.com\/wordpress\/plugins\/seo\/ -->\n<title>\u00c5rets Nyf\u00f6retagare 2023 - Olofstr\u00f6m<\/title>\n<meta name=\"robots\" content=\"index, follow, max-snippet:-1, max-image-preview:large, max-video-preview:-1\" \/>\n<link rel=\"canonical\" href=\"https:\/\/nyforetagarcentrum.se\/olofstrom\/success-stories\/arets-nyforetagare-2023\/\" \/>\n<meta property=\"og:locale\" content=\"sv_SE\" \/>\n<meta property=\"og:type\" content=\"article\" \/>\n<meta property=\"og:title\" content=\"\u00c5rets Nyf\u00f6retagare 2023 - Olofstr\u00f6m\" \/>\n<meta property=\"og:description\" content=\"Motivering till priset: \u201d \u00c5rets Nyf\u00f6retagare i Olofstr\u00f6ms kommun 2023 startade sitt f\u00f6retag 2021, och har p\u00e5 kort tid etablerat sig i en bransch med stor konkurrens. Med m\u00e5lmedvetet arbete och engagemang f\u00f6r kvalit\u00e9 har f\u00f6retaget skapat sin nisch i ett fartfyllt marknadssegment. En ung f\u00f6retagare med k\u00e4rlek till bilar och vind i h\u00e5ret, som [&hellip;]\" \/>\n<meta property=\"og:url\" content=\"https:\/\/nyforetagarcentrum.se\/olofstrom\/success-stories\/arets-nyforetagare-2023\/\" \/>\n<meta property=\"og:site_name\" content=\"Olofstr\u00f6m\" \/>\n<meta property=\"article:modified_time\" content=\"2024-12-03T15:13:34+00:00\" \/>\n<meta property=\"og:image\" content=\"https:\/\/nyforetagarcentrum.se\/olofstrom\/wp-content\/uploads\/sites\/66\/2024\/05\/Arets-Nyforetagare-2024-1.jpg\" \/>\n\t<meta property=\"og:image:width\" content=\"1512\" \/>\n\t<meta property=\"og:image:height\" content=\"2016\" \/>\n\t<meta property=\"og:image:type\" content=\"image\/jpeg\" \/>\n<meta name=\"twitter:card\" content=\"summary_large_image\" \/>\n<meta name=\"twitter:label1\" content=\"Ber\u00e4knad l\u00e4stid\" \/>\n\t<meta name=\"twitter:data1\" content=\"2 minuter\" \/>\n<script type=\"application\/ld+json\" class=\"yoast-schema-graph\">{\"@context\":\"https:\/\/schema.org\",\"@graph\":[{\"@type\":\"WebPage\",\"@id\":\"https:\/\/nyforetagarcentrum.se\/olofstrom\/success-stories\/arets-nyforetagare-2023\/\",\"url\":\"https:\/\/nyforetagarcentrum.se\/olofstrom\/success-stories\/arets-nyforetagare-2023\/\",\"name\":\"\u00c5rets Nyf\u00f6retagare 2023 - Olofstr\u00f6m\",\"isPartOf\":{\"@id\":\"https:\/\/nyforetagarcentrum.se\/olofstrom\/#website\"},\"primaryImageOfPage\":{\"@id\":\"https:\/\/nyforetagarcentrum.se\/olofstrom\/success-stories\/arets-nyforetagare-2023\/#primaryimage\"},\"image\":{\"@id\":\"https:\/\/nyforetagarcentrum.se\/olofstrom\/success-stories\/arets-nyforetagare-2023\/#primaryimage\"},\"thumbnailUrl\":\"https:\/\/nyforetagarcentrum.se\/olofstrom\/wp-content\/uploads\/sites\/66\/2024\/05\/Arets-Nyforetagare-2024-1.jpg\",\"datePublished\":\"2024-02-22T11:02:39+00:00\",\"dateModified\":\"2024-12-03T15:13:34+00:00\",\"breadcrumb\":{\"@id\":\"https:\/\/nyforetagarcentrum.se\/olofstrom\/success-stories\/arets-nyforetagare-2023\/#breadcrumb\"},\"inLanguage\":\"sv-SE\",\"potentialAction\":[{\"@type\":\"ReadAction\",\"target\":[\"https:\/\/nyforetagarcentrum.se\/olofstrom\/success-stories\/arets-nyforetagare-2023\/\"]}]},{\"@type\":\"ImageObject\",\"inLanguage\":\"sv-SE\",\"@id\":\"https:\/\/nyforetagarcentrum.se\/olofstrom\/success-stories\/arets-nyforetagare-2023\/#primaryimage\",\"url\":\"https:\/\/nyforetagarcentrum.se\/olofstrom\/wp-content\/uploads\/sites\/66\/2024\/05\/Arets-Nyforetagare-2024-1.jpg\",\"contentUrl\":\"https:\/\/nyforetagarcentrum.se\/olofstrom\/wp-content\/uploads\/sites\/66\/2024\/05\/Arets-Nyforetagare-2024-1.jpg\",\"width\":1512,\"height\":2016},{\"@type\":\"BreadcrumbList\",\"@id\":\"https:\/\/nyforetagarcentrum.se\/olofstrom\/success-stories\/arets-nyforetagare-2023\/#breadcrumb\",\"itemListElement\":[{\"@type\":\"ListItem\",\"position\":1,\"name\":\"Hem\",\"item\":\"https:\/\/nyforetagarcentrum.se\/olofstrom\/\"},{\"@type\":\"ListItem\",\"position\":2,\"name\":\"Success stories\",\"item\":\"https:\/\/nyforetagarcentrum.se\/olofstrom\/success-stories\/\"},{\"@type\":\"ListItem\",\"position\":3,\"name\":\"\u00c5rets Nyf\u00f6retagare 2023\"}]},{\"@type\":\"WebSite\",\"@id\":\"https:\/\/nyforetagarcentrum.se\/olofstrom\/#website\",\"url\":\"https:\/\/nyforetagarcentrum.se\/olofstrom\/\",\"name\":\"Olofstr\u00f6m\",\"description\":\"f\u00f6retagSveriges ledande kraft f\u00f6r fler nya livskraftiga\",\"publisher\":{\"@id\":\"https:\/\/nyforetagarcentrum.se\/olofstrom\/#organization\"},\"potentialAction\":[{\"@type\":\"SearchAction\",\"target\":{\"@type\":\"EntryPoint\",\"urlTemplate\":\"https:\/\/nyforetagarcentrum.se\/olofstrom\/?s={search_term_string}\"},\"query-input\":\"required name=search_term_string\"}],\"inLanguage\":\"sv-SE\"},{\"@type\":\"Organization\",\"@id\":\"https:\/\/nyforetagarcentrum.se\/olofstrom\/#organization\",\"name\":\"Olofstr\u00f6m\",\"url\":\"https:\/\/nyforetagarcentrum.se\/olofstrom\/\",\"logo\":{\"@type\":\"ImageObject\",\"inLanguage\":\"sv-SE\",\"@id\":\"https:\/\/nyforetagarcentrum.se\/olofstrom\/#\/schema\/logo\/image\/\",\"url\":\"https:\/\/nyforetagarcentrum.se\/olofstrom\/wp-content\/uploads\/sites\/66\/2024\/07\/olofstrom_bla.png\",\"contentUrl\":\"https:\/\/nyforetagarcentrum.se\/olofstrom\/wp-content\/uploads\/sites\/66\/2024\/07\/olofstrom_bla.png\",\"width\":870,\"height\":355,\"caption\":\"Olofstr\u00f6m\"},\"image\":{\"@id\":\"https:\/\/nyforetagarcentrum.se\/olofstrom\/#\/schema\/logo\/image\/\"}}]}<\/script>\n<!-- \/ Yoast SEO plugin. -->","yoast_head_json":{"title":"\u00c5rets Nyf\u00f6retagare 2023 - Olofstr\u00f6m","robots":{"index":"index","follow":"follow","max-snippet":"max-snippet:-1","max-image-preview":"max-image-preview:large","max-video-preview":"max-video-preview:-1"},"canonical":"https:\/\/nyforetagarcentrum.se\/olofstrom\/success-stories\/arets-nyforetagare-2023\/","og_locale":"sv_SE","og_type":"article","og_title":"\u00c5rets Nyf\u00f6retagare 2023 - Olofstr\u00f6m","og_description":"Motivering till priset: \u201d \u00c5rets Nyf\u00f6retagare i Olofstr\u00f6ms kommun 2023 startade sitt f\u00f6retag 2021, och har p\u00e5 kort tid etablerat sig i en bransch med stor konkurrens. Med m\u00e5lmedvetet arbete och engagemang f\u00f6r kvalit\u00e9 har f\u00f6retaget skapat sin nisch i ett fartfyllt marknadssegment. En ung f\u00f6retagare med k\u00e4rlek till bilar och vind i h\u00e5ret, som [&hellip;]","og_url":"https:\/\/nyforetagarcentrum.se\/olofstrom\/success-stories\/arets-nyforetagare-2023\/","og_site_name":"Olofstr\u00f6m","article_modified_time":"2024-12-03T15:13:34+00:00","og_image":[{"width":1512,"height":2016,"url":"https:\/\/nyforetagarcentrum.se\/olofstrom\/wp-content\/uploads\/sites\/66\/2024\/05\/Arets-Nyforetagare-2024-1.jpg","type":"image\/jpeg"}],"twitter_card":"summary_large_image","twitter_misc":{"Ber\u00e4knad l\u00e4stid":"2 minuter"},"schema":{"@context":"https:\/\/schema.org","@graph":[{"@type":"WebPage","@id":"https:\/\/nyforetagarcentrum.se\/olofstrom\/success-stories\/arets-nyforetagare-2023\/","url":"https:\/\/nyforetagarcentrum.se\/olofstrom\/success-stories\/arets-nyforetagare-2023\/","name":"\u00c5rets Nyf\u00f6retagare 2023 - Olofstr\u00f6m","isPartOf":{"@id":"https:\/\/nyforetagarcentrum.se\/olofstrom\/#website"},"primaryImageOfPage":{"@id":"https:\/\/nyforetagarcentrum.se\/olofstrom\/success-stories\/arets-nyforetagare-2023\/#primaryimage"},"image":{"@id":"https:\/\/nyforetagarcentrum.se\/olofstrom\/success-stories\/arets-nyforetagare-2023\/#primaryimage"},"thumbnailUrl":"https:\/\/nyforetagarcentrum.se\/olofstrom\/wp-content\/uploads\/sites\/66\/2024\/05\/Arets-Nyforetagare-2024-1.jpg","datePublished":"2024-02-22T11:02:39+00:00","dateModified":"2024-12-03T15:13:34+00:00","breadcrumb":{"@id":"https:\/\/nyforetagarcentrum.se\/olofstrom\/success-stories\/arets-nyforetagare-2023\/#breadcrumb"},"inLanguage":"sv-SE","potentialAction":[{"@type":"ReadAction","target":["https:\/\/nyforetagarcentrum.se\/olofstrom\/success-stories\/arets-nyforetagare-2023\/"]}]},{"@type":"ImageObject","inLanguage":"sv-SE","@id":"https:\/\/nyforetagarcentrum.se\/olofstrom\/success-stories\/arets-nyforetagare-2023\/#primaryimage","url":"https:\/\/nyforetagarcentrum.se\/olofstrom\/wp-content\/uploads\/sites\/66\/2024\/05\/Arets-Nyforetagare-2024-1.jpg","contentUrl":"https:\/\/nyforetagarcentrum.se\/olofstrom\/wp-content\/uploads\/sites\/66\/2024\/05\/Arets-Nyforetagare-2024-1.jpg","width":1512,"height":2016},{"@type":"BreadcrumbList","@id":"https:\/\/nyforetagarcentrum.se\/olofstrom\/success-stories\/arets-nyforetagare-2023\/#breadcrumb","itemListElement":[{"@type":"ListItem","position":1,"name":"Hem","item":"https:\/\/nyforetagarcentrum.se\/olofstrom\/"},{"@type":"ListItem","position":2,"name":"Success stories","item":"https:\/\/nyforetagarcentrum.se\/olofstrom\/success-stories\/"},{"@type":"ListItem","position":3,"name":"\u00c5rets Nyf\u00f6retagare 2023"}]},{"@type":"WebSite","@id":"https:\/\/nyforetagarcentrum.se\/olofstrom\/#website","url":"https:\/\/nyforetagarcentrum.se\/olofstrom\/","name":"Olofstr\u00f6m","description":"f\u00f6retagSveriges ledande kraft f\u00f6r fler nya livskraftiga","publisher":{"@id":"https:\/\/nyforetagarcentrum.se\/olofstrom\/#organization"},"potentialAction":[{"@type":"SearchAction","target":{"@type":"EntryPoint","urlTemplate":"https:\/\/nyforetagarcentrum.se\/olofstrom\/?s={search_term_string}"},"query-input":"required name=search_term_string"}],"inLanguage":"sv-SE"},{"@type":"Organization","@id":"https:\/\/nyforetagarcentrum.se\/olofstrom\/#organization","name":"Olofstr\u00f6m","url":"https:\/\/nyforetagarcentrum.se\/olofstrom\/","logo":{"@type":"ImageObject","inLanguage":"sv-SE","@id":"https:\/\/nyforetagarcentrum.se\/olofstrom\/#\/schema\/logo\/image\/","url":"https:\/\/nyforetagarcentrum.se\/olofstrom\/wp-content\/uploads\/sites\/66\/2024\/07\/olofstrom_bla.png","contentUrl":"https:\/\/nyforetagarcentrum.se\/olofstrom\/wp-content\/uploads\/sites\/66\/2024\/07\/olofstrom_bla.png","width":870,"height":355,"caption":"Olofstr\u00f6m"},"image":{"@id":"https:\/\/nyforetagarcentrum.se\/olofstrom\/#\/schema\/logo\/image\/"}}]}},"_links":{"self":[{"href":"https:\/\/nyforetagarcentrum.se\/olofstrom\/wp-json\/wp\/v2\/story\/159"}],"collection":[{"href":"https:\/\/nyforetagarcentrum.se\/olofstrom\/wp-json\/wp\/v2\/story"}],"about":[{"href":"https:\/\/nyforetagarcentrum.se\/olofstrom\/wp-json\/wp\/v2\/types\/story"}],"version-history":[{"count":6,"href":"https:\/\/nyforetagarcentrum.se\/olofstrom\/wp-json\/wp\/v2\/story\/159\/revisions"}],"predecessor-version":[{"id":427,"href":"https:\/\/nyforetagarcentrum.se\/olofstrom\/wp-json\/wp\/v2\/story\/159\/revisions\/427"}],"wp:featuredmedia":[{"embeddable":true,"href":"https:\/\/nyforetagarcentrum.se\/olofstrom\/wp-json\/wp\/v2\/media\/350"}],"wp:attachment":[{"href":"https:\/\/nyforetagarcentrum.se\/olofstrom\/wp-json\/wp\/v2\/media?parent=159"}],"wp:term":[{"taxonomy":"story_category","embeddable":true,"href":"https:\/\/nyforetagarcentrum.se\/olofstrom\/wp-json\/wp\/v2\/story_category?post=159"}],"curies":[{"name":"wp","href":"https:\/\/api.w.org\/{rel}","templated":true}]}}