{"id":2111,"date":"2026-04-29T11:28:30","date_gmt":"2026-04-29T09:28:30","guid":{"rendered":"https:\/\/nyforetagarcentrum.se\/nykoping\/?p=2111"},"modified":"2026-04-29T11:29:25","modified_gmt":"2026-04-29T09:29:25","slug":"affarsnatverket-gnesta-bjornlunda-8-maj","status":"publish","type":"post","link":"https:\/\/nyforetagarcentrum.se\/nykoping\/2026\/04\/29\/affarsnatverket-gnesta-bjornlunda-8-maj\/","title":{"rendered":"Aff\u00e4rsn\u00e4tverket Gnesta\/Bj\u00f6rnlunda 8 maj"},"content":{"rendered":"\n<p>VAR: Wattrangsborg, Stationsv\u00e4gen 2, Bj\u00f6rnlunda<br>N\u00c4R: 07.30-09.00, 8 maj<\/p>\n\n\n\n<p><strong>S\u00e4nk kostnaderna och syns mer \u2013 smartare f\u00f6retagande p\u00e5 en morgon!<\/strong><\/p>\n\n\n\n<p><strong>V\u00e4lkommen till en givande morgon som kan s\u00e4nka dina kostnader och \u00f6ka din synlighet!<\/strong><\/p>\n\n\n\n<p>Driver du f\u00f6retag och vill s\u00e4nka dina energikostnader utan att l\u00e4gga tid p\u00e5 kr\u00e5nglig analys? Nu har du chansen att f\u00e5 kostnadsfri r\u00e5dgivning och st\u00f6d i processen. <strong>Maria Karlsson<\/strong>,<strong> Energi och klimatr\u00e5dgivare<\/strong>, ber\u00e4ttar mer och s\u00f6ker f\u00f6retagare som \u00e4r redo att g\u00f6ra jobbet.<\/p>\n\n\n\n<p>Vi f\u00e5r d\u00e4refter lyssna p\u00e5 <strong>Jessica Gust\u00e2v,<\/strong> <strong>Johan Karlsson <\/strong>och <strong>Sandra Nordin<\/strong> <strong>Johansson<\/strong> fr\u00e5n <strong>\u00d6SP<\/strong>. Jessica, i egenskap av \u00e4gare och annonss\u00e4ljare, kommer att ber\u00e4tta om hur tidningen jobbar med lokala samarbeten. Hon har med sig ett exklusivt annonserbjudande. Johan och Sandra, som g\u00f6r allt det redaktionella, ber\u00e4ttar om vad de prioriterar att skriva om n\u00e4r det kommer till f\u00f6retag och f\u00f6retagande. De ger ocks\u00e5 bra tips p\u00e5 hur du som f\u00f6retagare kan f\u00e5nga deras intresse och \u00f6ka dina chanser att synas p\u00e5 redaktionell plats i \u00d6SP.<\/p>\n\n\n\n<p>Varmt v\u00e4lkommen till en h\u00e4rlig morgon p\u00e5 Wattrangsborg i Bj\u00f6rnlunda.<\/p>\n\n\n\n<p>Gnesta kommun<strong> <\/strong>bjuder p\u00e5 frukost och morgonen \u00e4r kostnadsfri, men anm\u00e4l dig genom att klicka p\u00e5 l\u00e4nken:<a href=\"https:\/\/simplesignup.se\/event\/232456-affaersnaetverket-gnesta\">https:\/\/simplesignup.se\/event\/232456-affaersnaetverket-gnesta<\/a><\/p>\n","protected":false},"excerpt":{"rendered":"<p>VAR: Wattrangsborg, Stationsv\u00e4gen 2, Bj\u00f6rnlundaN\u00c4R: 07.30-09.00, 8 maj S\u00e4nk kostnaderna och syns mer \u2013 smartare f\u00f6retagande p\u00e5 en morgon! V\u00e4lkommen till en givande morgon som kan s\u00e4nka dina kostnader och \u00f6ka din synlighet! Driver du f\u00f6retag och vill s\u00e4nka dina energikostnader utan att l\u00e4gga tid p\u00e5 kr\u00e5nglig analys? Nu har du chansen att f\u00e5 kostnadsfri [&hellip;]<\/p>\n","protected":false},"author":42,"featured_media":2112,"comment_status":"closed","ping_status":"closed","sticky":false,"template":"","format":"standard","meta":{"footnotes":""},"categories":[11,29],"tags":[],"acf":[],"yoast_head":"<!-- This site is optimized with the Yoast SEO plugin v22.9 - https:\/\/yoast.com\/wordpress\/plugins\/seo\/ -->\n<title>Aff\u00e4rsn\u00e4tverket Gnesta\/Bj\u00f6rnlunda 8 maj - Nyk\u00f6ping<\/title>\n<meta name=\"robots\" content=\"index, follow, max-snippet:-1, max-image-preview:large, max-video-preview:-1\" \/>\n<link rel=\"canonical\" href=\"https:\/\/nyforetagarcentrum.se\/nykoping\/2026\/04\/29\/affarsnatverket-gnesta-bjornlunda-8-maj\/\" \/>\n<meta property=\"og:locale\" content=\"sv_SE\" \/>\n<meta property=\"og:type\" content=\"article\" \/>\n<meta property=\"og:title\" content=\"Aff\u00e4rsn\u00e4tverket Gnesta\/Bj\u00f6rnlunda 8 maj - Nyk\u00f6ping\" \/>\n<meta property=\"og:description\" content=\"VAR: Wattrangsborg, Stationsv\u00e4gen 2, Bj\u00f6rnlundaN\u00c4R: 07.30-09.00, 8 maj S\u00e4nk kostnaderna och syns mer \u2013 smartare f\u00f6retagande p\u00e5 en morgon! V\u00e4lkommen till en givande morgon som kan s\u00e4nka dina kostnader och \u00f6ka din synlighet! Driver du f\u00f6retag och vill s\u00e4nka dina energikostnader utan att l\u00e4gga tid p\u00e5 kr\u00e5nglig analys? Nu har du chansen att f\u00e5 kostnadsfri [&hellip;]\" \/>\n<meta property=\"og:url\" content=\"https:\/\/nyforetagarcentrum.se\/nykoping\/2026\/04\/29\/affarsnatverket-gnesta-bjornlunda-8-maj\/\" \/>\n<meta property=\"og:site_name\" content=\"Nyk\u00f6ping\" \/>\n<meta property=\"article:published_time\" content=\"2026-04-29T09:28:30+00:00\" \/>\n<meta property=\"article:modified_time\" content=\"2026-04-29T09:29:25+00:00\" \/>\n<meta property=\"og:image\" content=\"https:\/\/nyforetagarcentrum.se\/nykoping\/wp-content\/uploads\/sites\/41\/2026\/04\/20260508-AN-Gnesta-Inbjudan-.png\" \/>\n\t<meta property=\"og:image:width\" content=\"2000\" \/>\n\t<meta property=\"og:image:height\" content=\"1410\" \/>\n\t<meta property=\"og:image:type\" content=\"image\/png\" \/>\n<meta name=\"author\" content=\"nykoping\" \/>\n<meta name=\"twitter:card\" content=\"summary_large_image\" \/>\n<meta name=\"twitter:label1\" content=\"Skriven av\" \/>\n\t<meta name=\"twitter:data1\" content=\"nykoping\" \/>\n\t<meta name=\"twitter:label2\" content=\"Ber\u00e4knad l\u00e4stid\" \/>\n\t<meta name=\"twitter:data2\" content=\"2 minuter\" \/>\n<script type=\"application\/ld+json\" class=\"yoast-schema-graph\">{\"@context\":\"https:\/\/schema.org\",\"@graph\":[{\"@type\":\"Article\",\"@id\":\"https:\/\/nyforetagarcentrum.se\/nykoping\/2026\/04\/29\/affarsnatverket-gnesta-bjornlunda-8-maj\/#article\",\"isPartOf\":{\"@id\":\"https:\/\/nyforetagarcentrum.se\/nykoping\/2026\/04\/29\/affarsnatverket-gnesta-bjornlunda-8-maj\/\"},\"author\":{\"name\":\"nykoping\",\"@id\":\"https:\/\/nyforetagarcentrum.se\/nykoping\/#\/schema\/person\/a5db945b90882adaa6ba01b2ae187d53\"},\"headline\":\"Aff\u00e4rsn\u00e4tverket Gnesta\/Bj\u00f6rnlunda 8 maj\",\"datePublished\":\"2026-04-29T09:28:30+00:00\",\"dateModified\":\"2026-04-29T09:29:25+00:00\",\"mainEntityOfPage\":{\"@id\":\"https:\/\/nyforetagarcentrum.se\/nykoping\/2026\/04\/29\/affarsnatverket-gnesta-bjornlunda-8-maj\/\"},\"wordCount\":235,\"publisher\":{\"@id\":\"https:\/\/nyforetagarcentrum.se\/nykoping\/#organization\"},\"image\":{\"@id\":\"https:\/\/nyforetagarcentrum.se\/nykoping\/2026\/04\/29\/affarsnatverket-gnesta-bjornlunda-8-maj\/#primaryimage\"},\"thumbnailUrl\":\"https:\/\/nyforetagarcentrum.se\/nykoping\/wp-content\/uploads\/sites\/41\/2026\/04\/20260508-AN-Gnesta-Inbjudan-.png\",\"articleSection\":[\"N\u00e4tverk\",\"N\u00e4tverkstr\u00e4ff\"],\"inLanguage\":\"sv-SE\"},{\"@type\":\"WebPage\",\"@id\":\"https:\/\/nyforetagarcentrum.se\/nykoping\/2026\/04\/29\/affarsnatverket-gnesta-bjornlunda-8-maj\/\",\"url\":\"https:\/\/nyforetagarcentrum.se\/nykoping\/2026\/04\/29\/affarsnatverket-gnesta-bjornlunda-8-maj\/\",\"name\":\"Aff\u00e4rsn\u00e4tverket Gnesta\/Bj\u00f6rnlunda 8 maj - Nyk\u00f6ping\",\"isPartOf\":{\"@id\":\"https:\/\/nyforetagarcentrum.se\/nykoping\/#website\"},\"primaryImageOfPage\":{\"@id\":\"https:\/\/nyforetagarcentrum.se\/nykoping\/2026\/04\/29\/affarsnatverket-gnesta-bjornlunda-8-maj\/#primaryimage\"},\"image\":{\"@id\":\"https:\/\/nyforetagarcentrum.se\/nykoping\/2026\/04\/29\/affarsnatverket-gnesta-bjornlunda-8-maj\/#primaryimage\"},\"thumbnailUrl\":\"https:\/\/nyforetagarcentrum.se\/nykoping\/wp-content\/uploads\/sites\/41\/2026\/04\/20260508-AN-Gnesta-Inbjudan-.png\",\"datePublished\":\"2026-04-29T09:28:30+00:00\",\"dateModified\":\"2026-04-29T09:29:25+00:00\",\"breadcrumb\":{\"@id\":\"https:\/\/nyforetagarcentrum.se\/nykoping\/2026\/04\/29\/affarsnatverket-gnesta-bjornlunda-8-maj\/#breadcrumb\"},\"inLanguage\":\"sv-SE\",\"potentialAction\":[{\"@type\":\"ReadAction\",\"target\":[\"https:\/\/nyforetagarcentrum.se\/nykoping\/2026\/04\/29\/affarsnatverket-gnesta-bjornlunda-8-maj\/\"]}]},{\"@type\":\"ImageObject\",\"inLanguage\":\"sv-SE\",\"@id\":\"https:\/\/nyforetagarcentrum.se\/nykoping\/2026\/04\/29\/affarsnatverket-gnesta-bjornlunda-8-maj\/#primaryimage\",\"url\":\"https:\/\/nyforetagarcentrum.se\/nykoping\/wp-content\/uploads\/sites\/41\/2026\/04\/20260508-AN-Gnesta-Inbjudan-.png\",\"contentUrl\":\"https:\/\/nyforetagarcentrum.se\/nykoping\/wp-content\/uploads\/sites\/41\/2026\/04\/20260508-AN-Gnesta-Inbjudan-.png\",\"width\":2000,\"height\":1410},{\"@type\":\"BreadcrumbList\",\"@id\":\"https:\/\/nyforetagarcentrum.se\/nykoping\/2026\/04\/29\/affarsnatverket-gnesta-bjornlunda-8-maj\/#breadcrumb\",\"itemListElement\":[{\"@type\":\"ListItem\",\"position\":1,\"name\":\"Hem\",\"item\":\"https:\/\/nyforetagarcentrum.se\/nykoping\/\"},{\"@type\":\"ListItem\",\"position\":2,\"name\":\"Aff\u00e4rsn\u00e4tverket Gnesta\/Bj\u00f6rnlunda 8 maj\"}]},{\"@type\":\"WebSite\",\"@id\":\"https:\/\/nyforetagarcentrum.se\/nykoping\/#website\",\"url\":\"https:\/\/nyforetagarcentrum.se\/nykoping\/\",\"name\":\"Nyk\u00f6ping\",\"description\":\"Sveriges ledande kraft f\u00f6r fler nya livskraftiga f\u00f6retag\",\"publisher\":{\"@id\":\"https:\/\/nyforetagarcentrum.se\/nykoping\/#organization\"},\"potentialAction\":[{\"@type\":\"SearchAction\",\"target\":{\"@type\":\"EntryPoint\",\"urlTemplate\":\"https:\/\/nyforetagarcentrum.se\/nykoping\/?s={search_term_string}\"},\"query-input\":\"required name=search_term_string\"}],\"inLanguage\":\"sv-SE\"},{\"@type\":\"Organization\",\"@id\":\"https:\/\/nyforetagarcentrum.se\/nykoping\/#organization\",\"name\":\"Nyk\u00f6ping\",\"url\":\"https:\/\/nyforetagarcentrum.se\/nykoping\/\",\"logo\":{\"@type\":\"ImageObject\",\"inLanguage\":\"sv-SE\",\"@id\":\"https:\/\/nyforetagarcentrum.se\/nykoping\/#\/schema\/logo\/image\/\",\"url\":\"https:\/\/nyforetagarcentrum.se\/nykoping\/wp-content\/uploads\/sites\/41\/2024\/07\/ostrasormland_bla.png\",\"contentUrl\":\"https:\/\/nyforetagarcentrum.se\/nykoping\/wp-content\/uploads\/sites\/41\/2024\/07\/ostrasormland_bla.png\",\"width\":870,\"height\":355,\"caption\":\"Nyk\u00f6ping\"},\"image\":{\"@id\":\"https:\/\/nyforetagarcentrum.se\/nykoping\/#\/schema\/logo\/image\/\"}},{\"@type\":\"Person\",\"@id\":\"https:\/\/nyforetagarcentrum.se\/nykoping\/#\/schema\/person\/a5db945b90882adaa6ba01b2ae187d53\",\"name\":\"nykoping\",\"image\":{\"@type\":\"ImageObject\",\"inLanguage\":\"sv-SE\",\"@id\":\"https:\/\/nyforetagarcentrum.se\/nykoping\/#\/schema\/person\/image\/\",\"url\":\"https:\/\/secure.gravatar.com\/avatar\/fc0a367e72b94bbbd320a065ed516d53?s=96&d=mm&r=g\",\"contentUrl\":\"https:\/\/secure.gravatar.com\/avatar\/fc0a367e72b94bbbd320a065ed516d53?s=96&d=mm&r=g\",\"caption\":\"nykoping\"},\"url\":\"https:\/\/nyforetagarcentrum.se\/nykoping\/author\/nykoping\/\"}]}<\/script>\n<!-- \/ Yoast SEO plugin. -->","yoast_head_json":{"title":"Aff\u00e4rsn\u00e4tverket Gnesta\/Bj\u00f6rnlunda 8 maj - Nyk\u00f6ping","robots":{"index":"index","follow":"follow","max-snippet":"max-snippet:-1","max-image-preview":"max-image-preview:large","max-video-preview":"max-video-preview:-1"},"canonical":"https:\/\/nyforetagarcentrum.se\/nykoping\/2026\/04\/29\/affarsnatverket-gnesta-bjornlunda-8-maj\/","og_locale":"sv_SE","og_type":"article","og_title":"Aff\u00e4rsn\u00e4tverket Gnesta\/Bj\u00f6rnlunda 8 maj - Nyk\u00f6ping","og_description":"VAR: Wattrangsborg, Stationsv\u00e4gen 2, Bj\u00f6rnlundaN\u00c4R: 07.30-09.00, 8 maj S\u00e4nk kostnaderna och syns mer \u2013 smartare f\u00f6retagande p\u00e5 en morgon! V\u00e4lkommen till en givande morgon som kan s\u00e4nka dina kostnader och \u00f6ka din synlighet! Driver du f\u00f6retag och vill s\u00e4nka dina energikostnader utan att l\u00e4gga tid p\u00e5 kr\u00e5nglig analys? Nu har du chansen att f\u00e5 kostnadsfri [&hellip;]","og_url":"https:\/\/nyforetagarcentrum.se\/nykoping\/2026\/04\/29\/affarsnatverket-gnesta-bjornlunda-8-maj\/","og_site_name":"Nyk\u00f6ping","article_published_time":"2026-04-29T09:28:30+00:00","article_modified_time":"2026-04-29T09:29:25+00:00","og_image":[{"width":2000,"height":1410,"url":"https:\/\/nyforetagarcentrum.se\/nykoping\/wp-content\/uploads\/sites\/41\/2026\/04\/20260508-AN-Gnesta-Inbjudan-.png","type":"image\/png"}],"author":"nykoping","twitter_card":"summary_large_image","twitter_misc":{"Skriven av":"nykoping","Ber\u00e4knad l\u00e4stid":"2 minuter"},"schema":{"@context":"https:\/\/schema.org","@graph":[{"@type":"Article","@id":"https:\/\/nyforetagarcentrum.se\/nykoping\/2026\/04\/29\/affarsnatverket-gnesta-bjornlunda-8-maj\/#article","isPartOf":{"@id":"https:\/\/nyforetagarcentrum.se\/nykoping\/2026\/04\/29\/affarsnatverket-gnesta-bjornlunda-8-maj\/"},"author":{"name":"nykoping","@id":"https:\/\/nyforetagarcentrum.se\/nykoping\/#\/schema\/person\/a5db945b90882adaa6ba01b2ae187d53"},"headline":"Aff\u00e4rsn\u00e4tverket Gnesta\/Bj\u00f6rnlunda 8 maj","datePublished":"2026-04-29T09:28:30+00:00","dateModified":"2026-04-29T09:29:25+00:00","mainEntityOfPage":{"@id":"https:\/\/nyforetagarcentrum.se\/nykoping\/2026\/04\/29\/affarsnatverket-gnesta-bjornlunda-8-maj\/"},"wordCount":235,"publisher":{"@id":"https:\/\/nyforetagarcentrum.se\/nykoping\/#organization"},"image":{"@id":"https:\/\/nyforetagarcentrum.se\/nykoping\/2026\/04\/29\/affarsnatverket-gnesta-bjornlunda-8-maj\/#primaryimage"},"thumbnailUrl":"https:\/\/nyforetagarcentrum.se\/nykoping\/wp-content\/uploads\/sites\/41\/2026\/04\/20260508-AN-Gnesta-Inbjudan-.png","articleSection":["N\u00e4tverk","N\u00e4tverkstr\u00e4ff"],"inLanguage":"sv-SE"},{"@type":"WebPage","@id":"https:\/\/nyforetagarcentrum.se\/nykoping\/2026\/04\/29\/affarsnatverket-gnesta-bjornlunda-8-maj\/","url":"https:\/\/nyforetagarcentrum.se\/nykoping\/2026\/04\/29\/affarsnatverket-gnesta-bjornlunda-8-maj\/","name":"Aff\u00e4rsn\u00e4tverket Gnesta\/Bj\u00f6rnlunda 8 maj - Nyk\u00f6ping","isPartOf":{"@id":"https:\/\/nyforetagarcentrum.se\/nykoping\/#website"},"primaryImageOfPage":{"@id":"https:\/\/nyforetagarcentrum.se\/nykoping\/2026\/04\/29\/affarsnatverket-gnesta-bjornlunda-8-maj\/#primaryimage"},"image":{"@id":"https:\/\/nyforetagarcentrum.se\/nykoping\/2026\/04\/29\/affarsnatverket-gnesta-bjornlunda-8-maj\/#primaryimage"},"thumbnailUrl":"https:\/\/nyforetagarcentrum.se\/nykoping\/wp-content\/uploads\/sites\/41\/2026\/04\/20260508-AN-Gnesta-Inbjudan-.png","datePublished":"2026-04-29T09:28:30+00:00","dateModified":"2026-04-29T09:29:25+00:00","breadcrumb":{"@id":"https:\/\/nyforetagarcentrum.se\/nykoping\/2026\/04\/29\/affarsnatverket-gnesta-bjornlunda-8-maj\/#breadcrumb"},"inLanguage":"sv-SE","potentialAction":[{"@type":"ReadAction","target":["https:\/\/nyforetagarcentrum.se\/nykoping\/2026\/04\/29\/affarsnatverket-gnesta-bjornlunda-8-maj\/"]}]},{"@type":"ImageObject","inLanguage":"sv-SE","@id":"https:\/\/nyforetagarcentrum.se\/nykoping\/2026\/04\/29\/affarsnatverket-gnesta-bjornlunda-8-maj\/#primaryimage","url":"https:\/\/nyforetagarcentrum.se\/nykoping\/wp-content\/uploads\/sites\/41\/2026\/04\/20260508-AN-Gnesta-Inbjudan-.png","contentUrl":"https:\/\/nyforetagarcentrum.se\/nykoping\/wp-content\/uploads\/sites\/41\/2026\/04\/20260508-AN-Gnesta-Inbjudan-.png","width":2000,"height":1410},{"@type":"BreadcrumbList","@id":"https:\/\/nyforetagarcentrum.se\/nykoping\/2026\/04\/29\/affarsnatverket-gnesta-bjornlunda-8-maj\/#breadcrumb","itemListElement":[{"@type":"ListItem","position":1,"name":"Hem","item":"https:\/\/nyforetagarcentrum.se\/nykoping\/"},{"@type":"ListItem","position":2,"name":"Aff\u00e4rsn\u00e4tverket Gnesta\/Bj\u00f6rnlunda 8 maj"}]},{"@type":"WebSite","@id":"https:\/\/nyforetagarcentrum.se\/nykoping\/#website","url":"https:\/\/nyforetagarcentrum.se\/nykoping\/","name":"Nyk\u00f6ping","description":"Sveriges ledande kraft f\u00f6r fler nya livskraftiga f\u00f6retag","publisher":{"@id":"https:\/\/nyforetagarcentrum.se\/nykoping\/#organization"},"potentialAction":[{"@type":"SearchAction","target":{"@type":"EntryPoint","urlTemplate":"https:\/\/nyforetagarcentrum.se\/nykoping\/?s={search_term_string}"},"query-input":"required name=search_term_string"}],"inLanguage":"sv-SE"},{"@type":"Organization","@id":"https:\/\/nyforetagarcentrum.se\/nykoping\/#organization","name":"Nyk\u00f6ping","url":"https:\/\/nyforetagarcentrum.se\/nykoping\/","logo":{"@type":"ImageObject","inLanguage":"sv-SE","@id":"https:\/\/nyforetagarcentrum.se\/nykoping\/#\/schema\/logo\/image\/","url":"https:\/\/nyforetagarcentrum.se\/nykoping\/wp-content\/uploads\/sites\/41\/2024\/07\/ostrasormland_bla.png","contentUrl":"https:\/\/nyforetagarcentrum.se\/nykoping\/wp-content\/uploads\/sites\/41\/2024\/07\/ostrasormland_bla.png","width":870,"height":355,"caption":"Nyk\u00f6ping"},"image":{"@id":"https:\/\/nyforetagarcentrum.se\/nykoping\/#\/schema\/logo\/image\/"}},{"@type":"Person","@id":"https:\/\/nyforetagarcentrum.se\/nykoping\/#\/schema\/person\/a5db945b90882adaa6ba01b2ae187d53","name":"nykoping","image":{"@type":"ImageObject","inLanguage":"sv-SE","@id":"https:\/\/nyforetagarcentrum.se\/nykoping\/#\/schema\/person\/image\/","url":"https:\/\/secure.gravatar.com\/avatar\/fc0a367e72b94bbbd320a065ed516d53?s=96&d=mm&r=g","contentUrl":"https:\/\/secure.gravatar.com\/avatar\/fc0a367e72b94bbbd320a065ed516d53?s=96&d=mm&r=g","caption":"nykoping"},"url":"https:\/\/nyforetagarcentrum.se\/nykoping\/author\/nykoping\/"}]}},"_links":{"self":[{"href":"https:\/\/nyforetagarcentrum.se\/nykoping\/wp-json\/wp\/v2\/posts\/2111"}],"collection":[{"href":"https:\/\/nyforetagarcentrum.se\/nykoping\/wp-json\/wp\/v2\/posts"}],"about":[{"href":"https:\/\/nyforetagarcentrum.se\/nykoping\/wp-json\/wp\/v2\/types\/post"}],"author":[{"embeddable":true,"href":"https:\/\/nyforetagarcentrum.se\/nykoping\/wp-json\/wp\/v2\/users\/42"}],"replies":[{"embeddable":true,"href":"https:\/\/nyforetagarcentrum.se\/nykoping\/wp-json\/wp\/v2\/comments?post=2111"}],"version-history":[{"count":2,"href":"https:\/\/nyforetagarcentrum.se\/nykoping\/wp-json\/wp\/v2\/posts\/2111\/revisions"}],"predecessor-version":[{"id":2114,"href":"https:\/\/nyforetagarcentrum.se\/nykoping\/wp-json\/wp\/v2\/posts\/2111\/revisions\/2114"}],"wp:featuredmedia":[{"embeddable":true,"href":"https:\/\/nyforetagarcentrum.se\/nykoping\/wp-json\/wp\/v2\/media\/2112"}],"wp:attachment":[{"href":"https:\/\/nyforetagarcentrum.se\/nykoping\/wp-json\/wp\/v2\/media?parent=2111"}],"wp:term":[{"taxonomy":"category","embeddable":true,"href":"https:\/\/nyforetagarcentrum.se\/nykoping\/wp-json\/wp\/v2\/categories?post=2111"},{"taxonomy":"post_tag","embeddable":true,"href":"https:\/\/nyforetagarcentrum.se\/nykoping\/wp-json\/wp\/v2\/tags?post=2111"}],"curies":[{"name":"wp","href":"https:\/\/api.w.org\/{rel}","templated":true}]}}