{"id":1322,"date":"2024-09-16T10:03:00","date_gmt":"2024-09-16T08:03:00","guid":{"rendered":"https:\/\/nyforetagarcentrum.se\/nykoping\/?p=1322"},"modified":"2024-10-16T10:05:58","modified_gmt":"2024-10-16T08:05:58","slug":"arets-nyforetagare-gnesta-2024","status":"publish","type":"post","link":"https:\/\/nyforetagarcentrum.se\/nykoping\/2024\/09\/16\/arets-nyforetagare-gnesta-2024\/","title":{"rendered":"\u00c5rets Nyf\u00f6retagare Gnesta 2024"},"content":{"rendered":"\n<p>Viveka \u00d6sterholm som driver f\u00f6retaget Hennes H\u00e4lsa &amp; Rehab har korats till \u00c5rets Nyf\u00f6retagare i Gnesta. <\/p>\n\n\n\n<p>Viveka startade sitt f\u00f6retag 2022 och har sedan dess lyckats skapa ett ekonomiskt-, socialt- och milj\u00f6m\u00e4ssigt h\u00e5llbart f\u00f6retag. Viveka ins\u00e5g tidigt hur viktigt det \u00e4r att l\u00e4ra sig grunderna i att bygga ett f\u00f6retag, och hennes framg\u00e5ng bygger p\u00e5 en kombination av passion, kunskap och en vilja att utveckla sitt f\u00f6retagande.<\/p>\n\n\n\n<p>Juryns motivering:<\/p>\n\n\n\n<p><em>&#8221;Med stor passion, drivkraft och med ett brinnande intresse f\u00f6r kvinnors r\u00e4ttigheter till sm\u00e4rtfria kroppar har \u00e5rets nyf\u00f6retagare skapat sin egen plattform f\u00f6r att belysa att kvinnorelaterade besv\u00e4r g\u00e5r att g\u00f6ra n\u00e5gonting \u00e5t.<\/em><\/p>\n\n\n\n<p><em>Med gedigen kunskap hj\u00e4lper Viveka genom utbildning, r\u00e5dgivning, tr\u00e4ning och inspiration kvinnor att \u00e5ter f\u00e5 normala liv.<\/em><\/p>\n\n\n\n<p><em>Att ta modet att starta i en bransch d\u00e4r konkurrens fr\u00e5n offentlig verksamhet \u00e4r stor och att dessutom v\u00e4lja att ha Gnesta som bas, g\u00f6r att f\u00f6retagaren bakom Hennes H\u00e4lsa &amp; Rehab verkligen f\u00f6rtj\u00e4nar att bli \u00e5rets Nyf\u00f6retagare i Gnesta kommun!&#8221;<\/em><\/p>\n\n\n\n<p>Ett stort grattis fr\u00e5n oss p\u00e5 Nyf\u00f6retagarcentrum!<\/p>\n","protected":false},"excerpt":{"rendered":"<p>Viveka \u00d6sterholm som driver f\u00f6retaget Hennes H\u00e4lsa &amp; Rehab har korats till \u00c5rets Nyf\u00f6retagare i Gnesta. Viveka startade sitt f\u00f6retag 2022 och har sedan dess lyckats skapa ett ekonomiskt-, socialt- och milj\u00f6m\u00e4ssigt h\u00e5llbart f\u00f6retag. Viveka ins\u00e5g tidigt hur viktigt det \u00e4r att l\u00e4ra sig grunderna i att bygga ett f\u00f6retag, och hennes framg\u00e5ng bygger p\u00e5 [&hellip;]<\/p>\n","protected":false},"author":42,"featured_media":1323,"comment_status":"closed","ping_status":"closed","sticky":false,"template":"","format":"standard","meta":{"footnotes":""},"categories":[28],"tags":[],"acf":[],"yoast_head":"<!-- This site is optimized with the Yoast SEO plugin v22.9 - https:\/\/yoast.com\/wordpress\/plugins\/seo\/ -->\n<title>\u00c5rets Nyf\u00f6retagare Gnesta 2024 - Nyk\u00f6ping<\/title>\n<meta name=\"robots\" content=\"index, follow, max-snippet:-1, max-image-preview:large, max-video-preview:-1\" \/>\n<link rel=\"canonical\" href=\"https:\/\/nyforetagarcentrum.se\/nykoping\/2024\/09\/16\/arets-nyforetagare-gnesta-2024\/\" \/>\n<meta property=\"og:locale\" content=\"sv_SE\" \/>\n<meta property=\"og:type\" content=\"article\" \/>\n<meta property=\"og:title\" content=\"\u00c5rets Nyf\u00f6retagare Gnesta 2024 - Nyk\u00f6ping\" \/>\n<meta property=\"og:description\" content=\"Viveka \u00d6sterholm som driver f\u00f6retaget Hennes H\u00e4lsa &amp; Rehab har korats till \u00c5rets Nyf\u00f6retagare i Gnesta. Viveka startade sitt f\u00f6retag 2022 och har sedan dess lyckats skapa ett ekonomiskt-, socialt- och milj\u00f6m\u00e4ssigt h\u00e5llbart f\u00f6retag. Viveka ins\u00e5g tidigt hur viktigt det \u00e4r att l\u00e4ra sig grunderna i att bygga ett f\u00f6retag, och hennes framg\u00e5ng bygger p\u00e5 [&hellip;]\" \/>\n<meta property=\"og:url\" content=\"https:\/\/nyforetagarcentrum.se\/nykoping\/2024\/09\/16\/arets-nyforetagare-gnesta-2024\/\" \/>\n<meta property=\"og:site_name\" content=\"Nyk\u00f6ping\" \/>\n<meta property=\"article:published_time\" content=\"2024-09-16T08:03:00+00:00\" \/>\n<meta property=\"article:modified_time\" content=\"2024-10-16T08:05:58+00:00\" \/>\n<meta property=\"og:image\" content=\"https:\/\/nyforetagarcentrum.se\/nykoping\/wp-content\/uploads\/sites\/41\/2024\/10\/Arets_nyforetagre_Viveka_2024_webb.jpg\" \/>\n\t<meta property=\"og:image:width\" content=\"728\" \/>\n\t<meta property=\"og:image:height\" content=\"370\" \/>\n\t<meta property=\"og:image:type\" content=\"image\/jpeg\" \/>\n<meta name=\"author\" content=\"nykoping\" \/>\n<meta name=\"twitter:card\" content=\"summary_large_image\" \/>\n<meta name=\"twitter:label1\" content=\"Skriven av\" \/>\n\t<meta name=\"twitter:data1\" content=\"nykoping\" \/>\n\t<meta name=\"twitter:label2\" content=\"Ber\u00e4knad l\u00e4stid\" \/>\n\t<meta name=\"twitter:data2\" content=\"2 minuter\" \/>\n<script type=\"application\/ld+json\" class=\"yoast-schema-graph\">{\"@context\":\"https:\/\/schema.org\",\"@graph\":[{\"@type\":\"Article\",\"@id\":\"https:\/\/nyforetagarcentrum.se\/nykoping\/2024\/09\/16\/arets-nyforetagare-gnesta-2024\/#article\",\"isPartOf\":{\"@id\":\"https:\/\/nyforetagarcentrum.se\/nykoping\/2024\/09\/16\/arets-nyforetagare-gnesta-2024\/\"},\"author\":{\"name\":\"nykoping\",\"@id\":\"https:\/\/nyforetagarcentrum.se\/nykoping\/#\/schema\/person\/a5db945b90882adaa6ba01b2ae187d53\"},\"headline\":\"\u00c5rets Nyf\u00f6retagare Gnesta 2024\",\"datePublished\":\"2024-09-16T08:03:00+00:00\",\"dateModified\":\"2024-10-16T08:05:58+00:00\",\"mainEntityOfPage\":{\"@id\":\"https:\/\/nyforetagarcentrum.se\/nykoping\/2024\/09\/16\/arets-nyforetagare-gnesta-2024\/\"},\"wordCount\":206,\"publisher\":{\"@id\":\"https:\/\/nyforetagarcentrum.se\/nykoping\/#organization\"},\"image\":{\"@id\":\"https:\/\/nyforetagarcentrum.se\/nykoping\/2024\/09\/16\/arets-nyforetagare-gnesta-2024\/#primaryimage\"},\"thumbnailUrl\":\"https:\/\/nyforetagarcentrum.se\/nykoping\/wp-content\/uploads\/sites\/41\/2024\/10\/Arets_nyforetagre_Viveka_2024_webb.jpg\",\"articleSection\":[\"\u00c5rets nyf\u00f6retagare\"],\"inLanguage\":\"sv-SE\"},{\"@type\":\"WebPage\",\"@id\":\"https:\/\/nyforetagarcentrum.se\/nykoping\/2024\/09\/16\/arets-nyforetagare-gnesta-2024\/\",\"url\":\"https:\/\/nyforetagarcentrum.se\/nykoping\/2024\/09\/16\/arets-nyforetagare-gnesta-2024\/\",\"name\":\"\u00c5rets Nyf\u00f6retagare Gnesta 2024 - Nyk\u00f6ping\",\"isPartOf\":{\"@id\":\"https:\/\/nyforetagarcentrum.se\/nykoping\/#website\"},\"primaryImageOfPage\":{\"@id\":\"https:\/\/nyforetagarcentrum.se\/nykoping\/2024\/09\/16\/arets-nyforetagare-gnesta-2024\/#primaryimage\"},\"image\":{\"@id\":\"https:\/\/nyforetagarcentrum.se\/nykoping\/2024\/09\/16\/arets-nyforetagare-gnesta-2024\/#primaryimage\"},\"thumbnailUrl\":\"https:\/\/nyforetagarcentrum.se\/nykoping\/wp-content\/uploads\/sites\/41\/2024\/10\/Arets_nyforetagre_Viveka_2024_webb.jpg\",\"datePublished\":\"2024-09-16T08:03:00+00:00\",\"dateModified\":\"2024-10-16T08:05:58+00:00\",\"breadcrumb\":{\"@id\":\"https:\/\/nyforetagarcentrum.se\/nykoping\/2024\/09\/16\/arets-nyforetagare-gnesta-2024\/#breadcrumb\"},\"inLanguage\":\"sv-SE\",\"potentialAction\":[{\"@type\":\"ReadAction\",\"target\":[\"https:\/\/nyforetagarcentrum.se\/nykoping\/2024\/09\/16\/arets-nyforetagare-gnesta-2024\/\"]}]},{\"@type\":\"ImageObject\",\"inLanguage\":\"sv-SE\",\"@id\":\"https:\/\/nyforetagarcentrum.se\/nykoping\/2024\/09\/16\/arets-nyforetagare-gnesta-2024\/#primaryimage\",\"url\":\"https:\/\/nyforetagarcentrum.se\/nykoping\/wp-content\/uploads\/sites\/41\/2024\/10\/Arets_nyforetagre_Viveka_2024_webb.jpg\",\"contentUrl\":\"https:\/\/nyforetagarcentrum.se\/nykoping\/wp-content\/uploads\/sites\/41\/2024\/10\/Arets_nyforetagre_Viveka_2024_webb.jpg\",\"width\":728,\"height\":370,\"caption\":\"\u00c5rets nyf\u00f6retagare 2024 Gnesta Viveka \u00d6sterholm\"},{\"@type\":\"BreadcrumbList\",\"@id\":\"https:\/\/nyforetagarcentrum.se\/nykoping\/2024\/09\/16\/arets-nyforetagare-gnesta-2024\/#breadcrumb\",\"itemListElement\":[{\"@type\":\"ListItem\",\"position\":1,\"name\":\"Hem\",\"item\":\"https:\/\/nyforetagarcentrum.se\/nykoping\/\"},{\"@type\":\"ListItem\",\"position\":2,\"name\":\"\u00c5rets Nyf\u00f6retagare Gnesta 2024\"}]},{\"@type\":\"WebSite\",\"@id\":\"https:\/\/nyforetagarcentrum.se\/nykoping\/#website\",\"url\":\"https:\/\/nyforetagarcentrum.se\/nykoping\/\",\"name\":\"Nyk\u00f6ping\",\"description\":\"Sveriges ledande kraft f\u00f6r fler nya livskraftiga f\u00f6retag\",\"publisher\":{\"@id\":\"https:\/\/nyforetagarcentrum.se\/nykoping\/#organization\"},\"potentialAction\":[{\"@type\":\"SearchAction\",\"target\":{\"@type\":\"EntryPoint\",\"urlTemplate\":\"https:\/\/nyforetagarcentrum.se\/nykoping\/?s={search_term_string}\"},\"query-input\":\"required name=search_term_string\"}],\"inLanguage\":\"sv-SE\"},{\"@type\":\"Organization\",\"@id\":\"https:\/\/nyforetagarcentrum.se\/nykoping\/#organization\",\"name\":\"Nyk\u00f6ping\",\"url\":\"https:\/\/nyforetagarcentrum.se\/nykoping\/\",\"logo\":{\"@type\":\"ImageObject\",\"inLanguage\":\"sv-SE\",\"@id\":\"https:\/\/nyforetagarcentrum.se\/nykoping\/#\/schema\/logo\/image\/\",\"url\":\"https:\/\/nyforetagarcentrum.se\/nykoping\/wp-content\/uploads\/sites\/41\/2024\/07\/ostrasormland_bla.png\",\"contentUrl\":\"https:\/\/nyforetagarcentrum.se\/nykoping\/wp-content\/uploads\/sites\/41\/2024\/07\/ostrasormland_bla.png\",\"width\":870,\"height\":355,\"caption\":\"Nyk\u00f6ping\"},\"image\":{\"@id\":\"https:\/\/nyforetagarcentrum.se\/nykoping\/#\/schema\/logo\/image\/\"}},{\"@type\":\"Person\",\"@id\":\"https:\/\/nyforetagarcentrum.se\/nykoping\/#\/schema\/person\/a5db945b90882adaa6ba01b2ae187d53\",\"name\":\"nykoping\",\"image\":{\"@type\":\"ImageObject\",\"inLanguage\":\"sv-SE\",\"@id\":\"https:\/\/nyforetagarcentrum.se\/nykoping\/#\/schema\/person\/image\/\",\"url\":\"https:\/\/secure.gravatar.com\/avatar\/fc0a367e72b94bbbd320a065ed516d53?s=96&d=mm&r=g\",\"contentUrl\":\"https:\/\/secure.gravatar.com\/avatar\/fc0a367e72b94bbbd320a065ed516d53?s=96&d=mm&r=g\",\"caption\":\"nykoping\"},\"url\":\"https:\/\/nyforetagarcentrum.se\/nykoping\/author\/nykoping\/\"}]}<\/script>\n<!-- \/ Yoast SEO plugin. -->","yoast_head_json":{"title":"\u00c5rets Nyf\u00f6retagare Gnesta 2024 - Nyk\u00f6ping","robots":{"index":"index","follow":"follow","max-snippet":"max-snippet:-1","max-image-preview":"max-image-preview:large","max-video-preview":"max-video-preview:-1"},"canonical":"https:\/\/nyforetagarcentrum.se\/nykoping\/2024\/09\/16\/arets-nyforetagare-gnesta-2024\/","og_locale":"sv_SE","og_type":"article","og_title":"\u00c5rets Nyf\u00f6retagare Gnesta 2024 - Nyk\u00f6ping","og_description":"Viveka \u00d6sterholm som driver f\u00f6retaget Hennes H\u00e4lsa &amp; Rehab har korats till \u00c5rets Nyf\u00f6retagare i Gnesta. Viveka startade sitt f\u00f6retag 2022 och har sedan dess lyckats skapa ett ekonomiskt-, socialt- och milj\u00f6m\u00e4ssigt h\u00e5llbart f\u00f6retag. Viveka ins\u00e5g tidigt hur viktigt det \u00e4r att l\u00e4ra sig grunderna i att bygga ett f\u00f6retag, och hennes framg\u00e5ng bygger p\u00e5 [&hellip;]","og_url":"https:\/\/nyforetagarcentrum.se\/nykoping\/2024\/09\/16\/arets-nyforetagare-gnesta-2024\/","og_site_name":"Nyk\u00f6ping","article_published_time":"2024-09-16T08:03:00+00:00","article_modified_time":"2024-10-16T08:05:58+00:00","og_image":[{"width":728,"height":370,"url":"https:\/\/nyforetagarcentrum.se\/nykoping\/wp-content\/uploads\/sites\/41\/2024\/10\/Arets_nyforetagre_Viveka_2024_webb.jpg","type":"image\/jpeg"}],"author":"nykoping","twitter_card":"summary_large_image","twitter_misc":{"Skriven av":"nykoping","Ber\u00e4knad l\u00e4stid":"2 minuter"},"schema":{"@context":"https:\/\/schema.org","@graph":[{"@type":"Article","@id":"https:\/\/nyforetagarcentrum.se\/nykoping\/2024\/09\/16\/arets-nyforetagare-gnesta-2024\/#article","isPartOf":{"@id":"https:\/\/nyforetagarcentrum.se\/nykoping\/2024\/09\/16\/arets-nyforetagare-gnesta-2024\/"},"author":{"name":"nykoping","@id":"https:\/\/nyforetagarcentrum.se\/nykoping\/#\/schema\/person\/a5db945b90882adaa6ba01b2ae187d53"},"headline":"\u00c5rets Nyf\u00f6retagare Gnesta 2024","datePublished":"2024-09-16T08:03:00+00:00","dateModified":"2024-10-16T08:05:58+00:00","mainEntityOfPage":{"@id":"https:\/\/nyforetagarcentrum.se\/nykoping\/2024\/09\/16\/arets-nyforetagare-gnesta-2024\/"},"wordCount":206,"publisher":{"@id":"https:\/\/nyforetagarcentrum.se\/nykoping\/#organization"},"image":{"@id":"https:\/\/nyforetagarcentrum.se\/nykoping\/2024\/09\/16\/arets-nyforetagare-gnesta-2024\/#primaryimage"},"thumbnailUrl":"https:\/\/nyforetagarcentrum.se\/nykoping\/wp-content\/uploads\/sites\/41\/2024\/10\/Arets_nyforetagre_Viveka_2024_webb.jpg","articleSection":["\u00c5rets nyf\u00f6retagare"],"inLanguage":"sv-SE"},{"@type":"WebPage","@id":"https:\/\/nyforetagarcentrum.se\/nykoping\/2024\/09\/16\/arets-nyforetagare-gnesta-2024\/","url":"https:\/\/nyforetagarcentrum.se\/nykoping\/2024\/09\/16\/arets-nyforetagare-gnesta-2024\/","name":"\u00c5rets Nyf\u00f6retagare Gnesta 2024 - Nyk\u00f6ping","isPartOf":{"@id":"https:\/\/nyforetagarcentrum.se\/nykoping\/#website"},"primaryImageOfPage":{"@id":"https:\/\/nyforetagarcentrum.se\/nykoping\/2024\/09\/16\/arets-nyforetagare-gnesta-2024\/#primaryimage"},"image":{"@id":"https:\/\/nyforetagarcentrum.se\/nykoping\/2024\/09\/16\/arets-nyforetagare-gnesta-2024\/#primaryimage"},"thumbnailUrl":"https:\/\/nyforetagarcentrum.se\/nykoping\/wp-content\/uploads\/sites\/41\/2024\/10\/Arets_nyforetagre_Viveka_2024_webb.jpg","datePublished":"2024-09-16T08:03:00+00:00","dateModified":"2024-10-16T08:05:58+00:00","breadcrumb":{"@id":"https:\/\/nyforetagarcentrum.se\/nykoping\/2024\/09\/16\/arets-nyforetagare-gnesta-2024\/#breadcrumb"},"inLanguage":"sv-SE","potentialAction":[{"@type":"ReadAction","target":["https:\/\/nyforetagarcentrum.se\/nykoping\/2024\/09\/16\/arets-nyforetagare-gnesta-2024\/"]}]},{"@type":"ImageObject","inLanguage":"sv-SE","@id":"https:\/\/nyforetagarcentrum.se\/nykoping\/2024\/09\/16\/arets-nyforetagare-gnesta-2024\/#primaryimage","url":"https:\/\/nyforetagarcentrum.se\/nykoping\/wp-content\/uploads\/sites\/41\/2024\/10\/Arets_nyforetagre_Viveka_2024_webb.jpg","contentUrl":"https:\/\/nyforetagarcentrum.se\/nykoping\/wp-content\/uploads\/sites\/41\/2024\/10\/Arets_nyforetagre_Viveka_2024_webb.jpg","width":728,"height":370,"caption":"\u00c5rets nyf\u00f6retagare 2024 Gnesta Viveka \u00d6sterholm"},{"@type":"BreadcrumbList","@id":"https:\/\/nyforetagarcentrum.se\/nykoping\/2024\/09\/16\/arets-nyforetagare-gnesta-2024\/#breadcrumb","itemListElement":[{"@type":"ListItem","position":1,"name":"Hem","item":"https:\/\/nyforetagarcentrum.se\/nykoping\/"},{"@type":"ListItem","position":2,"name":"\u00c5rets Nyf\u00f6retagare Gnesta 2024"}]},{"@type":"WebSite","@id":"https:\/\/nyforetagarcentrum.se\/nykoping\/#website","url":"https:\/\/nyforetagarcentrum.se\/nykoping\/","name":"Nyk\u00f6ping","description":"Sveriges ledande kraft f\u00f6r fler nya livskraftiga f\u00f6retag","publisher":{"@id":"https:\/\/nyforetagarcentrum.se\/nykoping\/#organization"},"potentialAction":[{"@type":"SearchAction","target":{"@type":"EntryPoint","urlTemplate":"https:\/\/nyforetagarcentrum.se\/nykoping\/?s={search_term_string}"},"query-input":"required name=search_term_string"}],"inLanguage":"sv-SE"},{"@type":"Organization","@id":"https:\/\/nyforetagarcentrum.se\/nykoping\/#organization","name":"Nyk\u00f6ping","url":"https:\/\/nyforetagarcentrum.se\/nykoping\/","logo":{"@type":"ImageObject","inLanguage":"sv-SE","@id":"https:\/\/nyforetagarcentrum.se\/nykoping\/#\/schema\/logo\/image\/","url":"https:\/\/nyforetagarcentrum.se\/nykoping\/wp-content\/uploads\/sites\/41\/2024\/07\/ostrasormland_bla.png","contentUrl":"https:\/\/nyforetagarcentrum.se\/nykoping\/wp-content\/uploads\/sites\/41\/2024\/07\/ostrasormland_bla.png","width":870,"height":355,"caption":"Nyk\u00f6ping"},"image":{"@id":"https:\/\/nyforetagarcentrum.se\/nykoping\/#\/schema\/logo\/image\/"}},{"@type":"Person","@id":"https:\/\/nyforetagarcentrum.se\/nykoping\/#\/schema\/person\/a5db945b90882adaa6ba01b2ae187d53","name":"nykoping","image":{"@type":"ImageObject","inLanguage":"sv-SE","@id":"https:\/\/nyforetagarcentrum.se\/nykoping\/#\/schema\/person\/image\/","url":"https:\/\/secure.gravatar.com\/avatar\/fc0a367e72b94bbbd320a065ed516d53?s=96&d=mm&r=g","contentUrl":"https:\/\/secure.gravatar.com\/avatar\/fc0a367e72b94bbbd320a065ed516d53?s=96&d=mm&r=g","caption":"nykoping"},"url":"https:\/\/nyforetagarcentrum.se\/nykoping\/author\/nykoping\/"}]}},"_links":{"self":[{"href":"https:\/\/nyforetagarcentrum.se\/nykoping\/wp-json\/wp\/v2\/posts\/1322"}],"collection":[{"href":"https:\/\/nyforetagarcentrum.se\/nykoping\/wp-json\/wp\/v2\/posts"}],"about":[{"href":"https:\/\/nyforetagarcentrum.se\/nykoping\/wp-json\/wp\/v2\/types\/post"}],"author":[{"embeddable":true,"href":"https:\/\/nyforetagarcentrum.se\/nykoping\/wp-json\/wp\/v2\/users\/42"}],"replies":[{"embeddable":true,"href":"https:\/\/nyforetagarcentrum.se\/nykoping\/wp-json\/wp\/v2\/comments?post=1322"}],"version-history":[{"count":1,"href":"https:\/\/nyforetagarcentrum.se\/nykoping\/wp-json\/wp\/v2\/posts\/1322\/revisions"}],"predecessor-version":[{"id":1324,"href":"https:\/\/nyforetagarcentrum.se\/nykoping\/wp-json\/wp\/v2\/posts\/1322\/revisions\/1324"}],"wp:featuredmedia":[{"embeddable":true,"href":"https:\/\/nyforetagarcentrum.se\/nykoping\/wp-json\/wp\/v2\/media\/1323"}],"wp:attachment":[{"href":"https:\/\/nyforetagarcentrum.se\/nykoping\/wp-json\/wp\/v2\/media?parent=1322"}],"wp:term":[{"taxonomy":"category","embeddable":true,"href":"https:\/\/nyforetagarcentrum.se\/nykoping\/wp-json\/wp\/v2\/categories?post=1322"},{"taxonomy":"post_tag","embeddable":true,"href":"https:\/\/nyforetagarcentrum.se\/nykoping\/wp-json\/wp\/v2\/tags?post=1322"}],"curies":[{"name":"wp","href":"https:\/\/api.w.org\/{rel}","templated":true}]}}