{"id":1069,"date":"2024-06-05T10:28:07","date_gmt":"2024-06-05T08:28:07","guid":{"rendered":"https:\/\/nyforetagarcentrum.se\/nykoping\/?p=1069"},"modified":"2024-06-05T10:42:12","modified_gmt":"2024-06-05T08:42:12","slug":"arets-nyforetagare-trosa-2024","status":"publish","type":"post","link":"https:\/\/nyforetagarcentrum.se\/nykoping\/2024\/06\/05\/arets-nyforetagare-trosa-2024\/","title":{"rendered":"\u00c5rets nyf\u00f6retagare Trosa 2024"},"content":{"rendered":"\n<p>Onsdagen den 29 maj, delades utm\u00e4rkelsen \u00c5rets Nyf\u00f6retagare i Trosa 2024 ut till <strong>Torgny Steen<\/strong> som driver f\u00f6retaget <strong>Tr\u00e4d &amp; Ved Entrepren\u00f6rerna<\/strong>. Torgny \u00e4r med i Nyf\u00f6retagarcentrums Mentorsprogram och k\u00e4nner att det har hj\u00e4lpt honom mycket.<\/p>\n\n\n\n<p>Vi utbringar ett stort och v\u00e4lf\u00f6rtj\u00e4nt grattis!<\/p>\n\n\n\n<p><strong>Juryns motivering:<\/strong><\/p>\n\n\n\n<p><em>&#8221;\u00c5rets nyf\u00f6retagare visar en stor passion f\u00f6r service, nyt\u00e4nkande och effektivitet f\u00f6r att n\u00e5 nya h\u00f6jder. Inget uppdrag det andra likt.<\/em><\/p>\n\n\n\n<p><em>Luftigt och utmanande \u00e4r vardagsmat men \u00e4ven ett h\u00e5rt fysiskt arbete. F\u00f6retaget \u00e4r nyfiken p\u00e5 samverkan med kollegor i branschen samt h\u00e5ller h\u00e5llbarhetsaspekten h\u00f6gt.<\/em><br>\u00a0<br><em>\u00c5rets nyf\u00f6retagare har sadlat om med bravur, \u2028fr\u00e5n talare till tr\u00e4dproffs.&#8221;<\/em><\/p>\n\n\n\n<p><br>\u00a0<\/p>\n\n\n\n<p>&#8212;&#8212;&#8212;&#8212;&#8212;&#8212;&#8212;&#8212;&#8212;&#8212;&#8212;-<\/p>\n\n\n\n<div class=\"wp-block-buttons is-layout-flex wp-block-buttons-is-layout-flex\">\n<div class=\"wp-block-button\"><a class=\"wp-block-button__link wp-element-button\" href=\"https:\/\/www.trosaved.se\/\" target=\"_blank\" rel=\"noreferrer noopener\">TILL TR\u00c4D &amp; VEDs hemsida<\/a><\/div>\n<\/div>\n","protected":false},"excerpt":{"rendered":"<p>Onsdagen den 29 maj, delades utm\u00e4rkelsen \u00c5rets Nyf\u00f6retagare i Trosa 2024 ut till Torgny Steen som driver f\u00f6retaget Tr\u00e4d &amp; Ved Entrepren\u00f6rerna. Torgny \u00e4r med i Nyf\u00f6retagarcentrums Mentorsprogram och k\u00e4nner att det har hj\u00e4lpt honom mycket. Vi utbringar ett stort och v\u00e4lf\u00f6rtj\u00e4nt grattis! Juryns motivering: &#8221;\u00c5rets nyf\u00f6retagare visar en stor passion f\u00f6r service, nyt\u00e4nkande och [&hellip;]<\/p>\n","protected":false},"author":42,"featured_media":1078,"comment_status":"closed","ping_status":"closed","sticky":false,"template":"","format":"standard","meta":{"footnotes":""},"categories":[28],"tags":[],"acf":[],"yoast_head":"<!-- This site is optimized with the Yoast SEO plugin v22.9 - https:\/\/yoast.com\/wordpress\/plugins\/seo\/ -->\n<title>\u00c5rets nyf\u00f6retagare Trosa 2024 - Nyk\u00f6ping<\/title>\n<meta name=\"robots\" content=\"index, follow, max-snippet:-1, max-image-preview:large, max-video-preview:-1\" \/>\n<link rel=\"canonical\" href=\"https:\/\/nyforetagarcentrum.se\/nykoping\/2024\/06\/05\/arets-nyforetagare-trosa-2024\/\" \/>\n<meta property=\"og:locale\" content=\"sv_SE\" \/>\n<meta property=\"og:type\" content=\"article\" \/>\n<meta property=\"og:title\" content=\"\u00c5rets nyf\u00f6retagare Trosa 2024 - Nyk\u00f6ping\" \/>\n<meta property=\"og:description\" content=\"Onsdagen den 29 maj, delades utm\u00e4rkelsen \u00c5rets Nyf\u00f6retagare i Trosa 2024 ut till Torgny Steen som driver f\u00f6retaget Tr\u00e4d &amp; Ved Entrepren\u00f6rerna. Torgny \u00e4r med i Nyf\u00f6retagarcentrums Mentorsprogram och k\u00e4nner att det har hj\u00e4lpt honom mycket. Vi utbringar ett stort och v\u00e4lf\u00f6rtj\u00e4nt grattis! Juryns motivering: &#8221;\u00c5rets nyf\u00f6retagare visar en stor passion f\u00f6r service, nyt\u00e4nkande och [&hellip;]\" \/>\n<meta property=\"og:url\" content=\"https:\/\/nyforetagarcentrum.se\/nykoping\/2024\/06\/05\/arets-nyforetagare-trosa-2024\/\" \/>\n<meta property=\"og:site_name\" content=\"Nyk\u00f6ping\" \/>\n<meta property=\"article:published_time\" content=\"2024-06-05T08:28:07+00:00\" \/>\n<meta property=\"article:modified_time\" content=\"2024-06-05T08:42:12+00:00\" \/>\n<meta property=\"og:image\" content=\"https:\/\/nyforetagarcentrum.se\/nykoping\/wp-content\/uploads\/sites\/41\/2024\/06\/Torgny-Steen-webb.jpg\" \/>\n\t<meta property=\"og:image:width\" content=\"1200\" \/>\n\t<meta property=\"og:image:height\" content=\"1100\" \/>\n\t<meta property=\"og:image:type\" content=\"image\/jpeg\" \/>\n<meta name=\"author\" content=\"nykoping\" \/>\n<meta name=\"twitter:card\" content=\"summary_large_image\" \/>\n<meta name=\"twitter:label1\" content=\"Skriven av\" \/>\n\t<meta name=\"twitter:data1\" content=\"nykoping\" \/>\n\t<meta name=\"twitter:label2\" content=\"Ber\u00e4knad l\u00e4stid\" \/>\n\t<meta name=\"twitter:data2\" content=\"1 minut\" \/>\n<script type=\"application\/ld+json\" class=\"yoast-schema-graph\">{\"@context\":\"https:\/\/schema.org\",\"@graph\":[{\"@type\":\"Article\",\"@id\":\"https:\/\/nyforetagarcentrum.se\/nykoping\/2024\/06\/05\/arets-nyforetagare-trosa-2024\/#article\",\"isPartOf\":{\"@id\":\"https:\/\/nyforetagarcentrum.se\/nykoping\/2024\/06\/05\/arets-nyforetagare-trosa-2024\/\"},\"author\":{\"name\":\"nykoping\",\"@id\":\"https:\/\/nyforetagarcentrum.se\/nykoping\/#\/schema\/person\/a5db945b90882adaa6ba01b2ae187d53\"},\"headline\":\"\u00c5rets nyf\u00f6retagare Trosa 2024\",\"datePublished\":\"2024-06-05T08:28:07+00:00\",\"dateModified\":\"2024-06-05T08:42:12+00:00\",\"mainEntityOfPage\":{\"@id\":\"https:\/\/nyforetagarcentrum.se\/nykoping\/2024\/06\/05\/arets-nyforetagare-trosa-2024\/\"},\"wordCount\":134,\"publisher\":{\"@id\":\"https:\/\/nyforetagarcentrum.se\/nykoping\/#organization\"},\"image\":{\"@id\":\"https:\/\/nyforetagarcentrum.se\/nykoping\/2024\/06\/05\/arets-nyforetagare-trosa-2024\/#primaryimage\"},\"thumbnailUrl\":\"https:\/\/nyforetagarcentrum.se\/nykoping\/wp-content\/uploads\/sites\/41\/2024\/06\/Torgny-Steen-webb.jpg\",\"articleSection\":[\"\u00c5rets nyf\u00f6retagare\"],\"inLanguage\":\"sv-SE\"},{\"@type\":\"WebPage\",\"@id\":\"https:\/\/nyforetagarcentrum.se\/nykoping\/2024\/06\/05\/arets-nyforetagare-trosa-2024\/\",\"url\":\"https:\/\/nyforetagarcentrum.se\/nykoping\/2024\/06\/05\/arets-nyforetagare-trosa-2024\/\",\"name\":\"\u00c5rets nyf\u00f6retagare Trosa 2024 - Nyk\u00f6ping\",\"isPartOf\":{\"@id\":\"https:\/\/nyforetagarcentrum.se\/nykoping\/#website\"},\"primaryImageOfPage\":{\"@id\":\"https:\/\/nyforetagarcentrum.se\/nykoping\/2024\/06\/05\/arets-nyforetagare-trosa-2024\/#primaryimage\"},\"image\":{\"@id\":\"https:\/\/nyforetagarcentrum.se\/nykoping\/2024\/06\/05\/arets-nyforetagare-trosa-2024\/#primaryimage\"},\"thumbnailUrl\":\"https:\/\/nyforetagarcentrum.se\/nykoping\/wp-content\/uploads\/sites\/41\/2024\/06\/Torgny-Steen-webb.jpg\",\"datePublished\":\"2024-06-05T08:28:07+00:00\",\"dateModified\":\"2024-06-05T08:42:12+00:00\",\"breadcrumb\":{\"@id\":\"https:\/\/nyforetagarcentrum.se\/nykoping\/2024\/06\/05\/arets-nyforetagare-trosa-2024\/#breadcrumb\"},\"inLanguage\":\"sv-SE\",\"potentialAction\":[{\"@type\":\"ReadAction\",\"target\":[\"https:\/\/nyforetagarcentrum.se\/nykoping\/2024\/06\/05\/arets-nyforetagare-trosa-2024\/\"]}]},{\"@type\":\"ImageObject\",\"inLanguage\":\"sv-SE\",\"@id\":\"https:\/\/nyforetagarcentrum.se\/nykoping\/2024\/06\/05\/arets-nyforetagare-trosa-2024\/#primaryimage\",\"url\":\"https:\/\/nyforetagarcentrum.se\/nykoping\/wp-content\/uploads\/sites\/41\/2024\/06\/Torgny-Steen-webb.jpg\",\"contentUrl\":\"https:\/\/nyforetagarcentrum.se\/nykoping\/wp-content\/uploads\/sites\/41\/2024\/06\/Torgny-Steen-webb.jpg\",\"width\":1200,\"height\":1100,\"caption\":\"Torgny Steen \u00c5rets nyf\u00f6retagare Trosa 2024\"},{\"@type\":\"BreadcrumbList\",\"@id\":\"https:\/\/nyforetagarcentrum.se\/nykoping\/2024\/06\/05\/arets-nyforetagare-trosa-2024\/#breadcrumb\",\"itemListElement\":[{\"@type\":\"ListItem\",\"position\":1,\"name\":\"Hem\",\"item\":\"https:\/\/nyforetagarcentrum.se\/nykoping\/\"},{\"@type\":\"ListItem\",\"position\":2,\"name\":\"\u00c5rets nyf\u00f6retagare Trosa 2024\"}]},{\"@type\":\"WebSite\",\"@id\":\"https:\/\/nyforetagarcentrum.se\/nykoping\/#website\",\"url\":\"https:\/\/nyforetagarcentrum.se\/nykoping\/\",\"name\":\"Nyk\u00f6ping\",\"description\":\"Sveriges ledande kraft f\u00f6r fler nya livskraftiga f\u00f6retag\",\"publisher\":{\"@id\":\"https:\/\/nyforetagarcentrum.se\/nykoping\/#organization\"},\"potentialAction\":[{\"@type\":\"SearchAction\",\"target\":{\"@type\":\"EntryPoint\",\"urlTemplate\":\"https:\/\/nyforetagarcentrum.se\/nykoping\/?s={search_term_string}\"},\"query-input\":\"required name=search_term_string\"}],\"inLanguage\":\"sv-SE\"},{\"@type\":\"Organization\",\"@id\":\"https:\/\/nyforetagarcentrum.se\/nykoping\/#organization\",\"name\":\"Nyk\u00f6ping\",\"url\":\"https:\/\/nyforetagarcentrum.se\/nykoping\/\",\"logo\":{\"@type\":\"ImageObject\",\"inLanguage\":\"sv-SE\",\"@id\":\"https:\/\/nyforetagarcentrum.se\/nykoping\/#\/schema\/logo\/image\/\",\"url\":\"https:\/\/nyforetagarcentrum.se\/nykoping\/wp-content\/uploads\/sites\/41\/2024\/07\/ostrasormland_bla.png\",\"contentUrl\":\"https:\/\/nyforetagarcentrum.se\/nykoping\/wp-content\/uploads\/sites\/41\/2024\/07\/ostrasormland_bla.png\",\"width\":870,\"height\":355,\"caption\":\"Nyk\u00f6ping\"},\"image\":{\"@id\":\"https:\/\/nyforetagarcentrum.se\/nykoping\/#\/schema\/logo\/image\/\"}},{\"@type\":\"Person\",\"@id\":\"https:\/\/nyforetagarcentrum.se\/nykoping\/#\/schema\/person\/a5db945b90882adaa6ba01b2ae187d53\",\"name\":\"nykoping\",\"image\":{\"@type\":\"ImageObject\",\"inLanguage\":\"sv-SE\",\"@id\":\"https:\/\/nyforetagarcentrum.se\/nykoping\/#\/schema\/person\/image\/\",\"url\":\"https:\/\/secure.gravatar.com\/avatar\/fc0a367e72b94bbbd320a065ed516d53?s=96&d=mm&r=g\",\"contentUrl\":\"https:\/\/secure.gravatar.com\/avatar\/fc0a367e72b94bbbd320a065ed516d53?s=96&d=mm&r=g\",\"caption\":\"nykoping\"},\"url\":\"https:\/\/nyforetagarcentrum.se\/nykoping\/author\/nykoping\/\"}]}<\/script>\n<!-- \/ Yoast SEO plugin. -->","yoast_head_json":{"title":"\u00c5rets nyf\u00f6retagare Trosa 2024 - Nyk\u00f6ping","robots":{"index":"index","follow":"follow","max-snippet":"max-snippet:-1","max-image-preview":"max-image-preview:large","max-video-preview":"max-video-preview:-1"},"canonical":"https:\/\/nyforetagarcentrum.se\/nykoping\/2024\/06\/05\/arets-nyforetagare-trosa-2024\/","og_locale":"sv_SE","og_type":"article","og_title":"\u00c5rets nyf\u00f6retagare Trosa 2024 - Nyk\u00f6ping","og_description":"Onsdagen den 29 maj, delades utm\u00e4rkelsen \u00c5rets Nyf\u00f6retagare i Trosa 2024 ut till Torgny Steen som driver f\u00f6retaget Tr\u00e4d &amp; Ved Entrepren\u00f6rerna. Torgny \u00e4r med i Nyf\u00f6retagarcentrums Mentorsprogram och k\u00e4nner att det har hj\u00e4lpt honom mycket. Vi utbringar ett stort och v\u00e4lf\u00f6rtj\u00e4nt grattis! Juryns motivering: &#8221;\u00c5rets nyf\u00f6retagare visar en stor passion f\u00f6r service, nyt\u00e4nkande och [&hellip;]","og_url":"https:\/\/nyforetagarcentrum.se\/nykoping\/2024\/06\/05\/arets-nyforetagare-trosa-2024\/","og_site_name":"Nyk\u00f6ping","article_published_time":"2024-06-05T08:28:07+00:00","article_modified_time":"2024-06-05T08:42:12+00:00","og_image":[{"width":1200,"height":1100,"url":"https:\/\/nyforetagarcentrum.se\/nykoping\/wp-content\/uploads\/sites\/41\/2024\/06\/Torgny-Steen-webb.jpg","type":"image\/jpeg"}],"author":"nykoping","twitter_card":"summary_large_image","twitter_misc":{"Skriven av":"nykoping","Ber\u00e4knad l\u00e4stid":"1 minut"},"schema":{"@context":"https:\/\/schema.org","@graph":[{"@type":"Article","@id":"https:\/\/nyforetagarcentrum.se\/nykoping\/2024\/06\/05\/arets-nyforetagare-trosa-2024\/#article","isPartOf":{"@id":"https:\/\/nyforetagarcentrum.se\/nykoping\/2024\/06\/05\/arets-nyforetagare-trosa-2024\/"},"author":{"name":"nykoping","@id":"https:\/\/nyforetagarcentrum.se\/nykoping\/#\/schema\/person\/a5db945b90882adaa6ba01b2ae187d53"},"headline":"\u00c5rets nyf\u00f6retagare Trosa 2024","datePublished":"2024-06-05T08:28:07+00:00","dateModified":"2024-06-05T08:42:12+00:00","mainEntityOfPage":{"@id":"https:\/\/nyforetagarcentrum.se\/nykoping\/2024\/06\/05\/arets-nyforetagare-trosa-2024\/"},"wordCount":134,"publisher":{"@id":"https:\/\/nyforetagarcentrum.se\/nykoping\/#organization"},"image":{"@id":"https:\/\/nyforetagarcentrum.se\/nykoping\/2024\/06\/05\/arets-nyforetagare-trosa-2024\/#primaryimage"},"thumbnailUrl":"https:\/\/nyforetagarcentrum.se\/nykoping\/wp-content\/uploads\/sites\/41\/2024\/06\/Torgny-Steen-webb.jpg","articleSection":["\u00c5rets nyf\u00f6retagare"],"inLanguage":"sv-SE"},{"@type":"WebPage","@id":"https:\/\/nyforetagarcentrum.se\/nykoping\/2024\/06\/05\/arets-nyforetagare-trosa-2024\/","url":"https:\/\/nyforetagarcentrum.se\/nykoping\/2024\/06\/05\/arets-nyforetagare-trosa-2024\/","name":"\u00c5rets nyf\u00f6retagare Trosa 2024 - Nyk\u00f6ping","isPartOf":{"@id":"https:\/\/nyforetagarcentrum.se\/nykoping\/#website"},"primaryImageOfPage":{"@id":"https:\/\/nyforetagarcentrum.se\/nykoping\/2024\/06\/05\/arets-nyforetagare-trosa-2024\/#primaryimage"},"image":{"@id":"https:\/\/nyforetagarcentrum.se\/nykoping\/2024\/06\/05\/arets-nyforetagare-trosa-2024\/#primaryimage"},"thumbnailUrl":"https:\/\/nyforetagarcentrum.se\/nykoping\/wp-content\/uploads\/sites\/41\/2024\/06\/Torgny-Steen-webb.jpg","datePublished":"2024-06-05T08:28:07+00:00","dateModified":"2024-06-05T08:42:12+00:00","breadcrumb":{"@id":"https:\/\/nyforetagarcentrum.se\/nykoping\/2024\/06\/05\/arets-nyforetagare-trosa-2024\/#breadcrumb"},"inLanguage":"sv-SE","potentialAction":[{"@type":"ReadAction","target":["https:\/\/nyforetagarcentrum.se\/nykoping\/2024\/06\/05\/arets-nyforetagare-trosa-2024\/"]}]},{"@type":"ImageObject","inLanguage":"sv-SE","@id":"https:\/\/nyforetagarcentrum.se\/nykoping\/2024\/06\/05\/arets-nyforetagare-trosa-2024\/#primaryimage","url":"https:\/\/nyforetagarcentrum.se\/nykoping\/wp-content\/uploads\/sites\/41\/2024\/06\/Torgny-Steen-webb.jpg","contentUrl":"https:\/\/nyforetagarcentrum.se\/nykoping\/wp-content\/uploads\/sites\/41\/2024\/06\/Torgny-Steen-webb.jpg","width":1200,"height":1100,"caption":"Torgny Steen \u00c5rets nyf\u00f6retagare Trosa 2024"},{"@type":"BreadcrumbList","@id":"https:\/\/nyforetagarcentrum.se\/nykoping\/2024\/06\/05\/arets-nyforetagare-trosa-2024\/#breadcrumb","itemListElement":[{"@type":"ListItem","position":1,"name":"Hem","item":"https:\/\/nyforetagarcentrum.se\/nykoping\/"},{"@type":"ListItem","position":2,"name":"\u00c5rets nyf\u00f6retagare Trosa 2024"}]},{"@type":"WebSite","@id":"https:\/\/nyforetagarcentrum.se\/nykoping\/#website","url":"https:\/\/nyforetagarcentrum.se\/nykoping\/","name":"Nyk\u00f6ping","description":"Sveriges ledande kraft f\u00f6r fler nya livskraftiga f\u00f6retag","publisher":{"@id":"https:\/\/nyforetagarcentrum.se\/nykoping\/#organization"},"potentialAction":[{"@type":"SearchAction","target":{"@type":"EntryPoint","urlTemplate":"https:\/\/nyforetagarcentrum.se\/nykoping\/?s={search_term_string}"},"query-input":"required name=search_term_string"}],"inLanguage":"sv-SE"},{"@type":"Organization","@id":"https:\/\/nyforetagarcentrum.se\/nykoping\/#organization","name":"Nyk\u00f6ping","url":"https:\/\/nyforetagarcentrum.se\/nykoping\/","logo":{"@type":"ImageObject","inLanguage":"sv-SE","@id":"https:\/\/nyforetagarcentrum.se\/nykoping\/#\/schema\/logo\/image\/","url":"https:\/\/nyforetagarcentrum.se\/nykoping\/wp-content\/uploads\/sites\/41\/2024\/07\/ostrasormland_bla.png","contentUrl":"https:\/\/nyforetagarcentrum.se\/nykoping\/wp-content\/uploads\/sites\/41\/2024\/07\/ostrasormland_bla.png","width":870,"height":355,"caption":"Nyk\u00f6ping"},"image":{"@id":"https:\/\/nyforetagarcentrum.se\/nykoping\/#\/schema\/logo\/image\/"}},{"@type":"Person","@id":"https:\/\/nyforetagarcentrum.se\/nykoping\/#\/schema\/person\/a5db945b90882adaa6ba01b2ae187d53","name":"nykoping","image":{"@type":"ImageObject","inLanguage":"sv-SE","@id":"https:\/\/nyforetagarcentrum.se\/nykoping\/#\/schema\/person\/image\/","url":"https:\/\/secure.gravatar.com\/avatar\/fc0a367e72b94bbbd320a065ed516d53?s=96&d=mm&r=g","contentUrl":"https:\/\/secure.gravatar.com\/avatar\/fc0a367e72b94bbbd320a065ed516d53?s=96&d=mm&r=g","caption":"nykoping"},"url":"https:\/\/nyforetagarcentrum.se\/nykoping\/author\/nykoping\/"}]}},"_links":{"self":[{"href":"https:\/\/nyforetagarcentrum.se\/nykoping\/wp-json\/wp\/v2\/posts\/1069"}],"collection":[{"href":"https:\/\/nyforetagarcentrum.se\/nykoping\/wp-json\/wp\/v2\/posts"}],"about":[{"href":"https:\/\/nyforetagarcentrum.se\/nykoping\/wp-json\/wp\/v2\/types\/post"}],"author":[{"embeddable":true,"href":"https:\/\/nyforetagarcentrum.se\/nykoping\/wp-json\/wp\/v2\/users\/42"}],"replies":[{"embeddable":true,"href":"https:\/\/nyforetagarcentrum.se\/nykoping\/wp-json\/wp\/v2\/comments?post=1069"}],"version-history":[{"count":2,"href":"https:\/\/nyforetagarcentrum.se\/nykoping\/wp-json\/wp\/v2\/posts\/1069\/revisions"}],"predecessor-version":[{"id":1077,"href":"https:\/\/nyforetagarcentrum.se\/nykoping\/wp-json\/wp\/v2\/posts\/1069\/revisions\/1077"}],"wp:featuredmedia":[{"embeddable":true,"href":"https:\/\/nyforetagarcentrum.se\/nykoping\/wp-json\/wp\/v2\/media\/1078"}],"wp:attachment":[{"href":"https:\/\/nyforetagarcentrum.se\/nykoping\/wp-json\/wp\/v2\/media?parent=1069"}],"wp:term":[{"taxonomy":"category","embeddable":true,"href":"https:\/\/nyforetagarcentrum.se\/nykoping\/wp-json\/wp\/v2\/categories?post=1069"},{"taxonomy":"post_tag","embeddable":true,"href":"https:\/\/nyforetagarcentrum.se\/nykoping\/wp-json\/wp\/v2\/tags?post=1069"}],"curies":[{"name":"wp","href":"https:\/\/api.w.org\/{rel}","templated":true}]}}