{"id":923,"date":"2025-05-26T14:21:16","date_gmt":"2025-05-26T12:21:16","guid":{"rendered":"https:\/\/nyforetagarcentrum.se\/norradalarna\/?post_type=story&#038;p=923"},"modified":"2025-06-26T10:37:33","modified_gmt":"2025-06-26T08:37:33","slug":"dennis-zetterman-starta-eget-som-ung","status":"publish","type":"story","link":"https:\/\/nyforetagarcentrum.se\/norradalarna\/success-stories\/dennis-zetterman-starta-eget-som-ung\/","title":{"rendered":"Dennis Zetterman &#8211; starta eget som ung!"},"content":{"rendered":"\n<p><\/p>\n\n\n\n<h3 class=\"wp-block-heading\">Dennis Zetterman &#8211; ung entrepren\u00f6r som v\u00e5gade satsa p\u00e5 digital marknadsf\u00f6ring<\/h3>\n\n\n\n<p><a href=\"https:\/\/www.linkedin.com\/in\/dennis-zetterman-021a4b242\/\">Dennis Zetterman<\/a>, f\u00f6dd 03, ung men har redan hunnit bli etablerad inom digital marknadsf\u00f6ring. Entrepren\u00f6rskap lockade honom tidigt. Att driva UF-f\u00f6retag p\u00e5 gymnasiet blev en naturlig start och han m\u00e4rkte att f\u00f6retagande l\u00e5g honom varmt om hj\u00e4rtat.&nbsp;Han kom naturligt in p\u00e5 det digitala. Han testade att arbeta med annonser p\u00e5 Facebook. Tog en onlinekurs i digital marknadsf\u00f6ring och startade sin enskilda firma, <a href=\"https:\/\/www.reachitmarketing.se\/\">ReachIt Marketing.<\/a><\/p>\n\n\n\n<p>&#8221;Jag har alltid varit intresserad av f\u00f6retagande och f\u00f6rs\u00e4ljning,&#8221; ber\u00e4ttar Dennis. &#8221;Digital marknadsf\u00f6ring blev en naturlig v\u00e4g f\u00f6r mig eftersom jag f\u00e5r utveckla mig sj\u00e4lv och samtidigt hj\u00e4lpa andra f\u00f6retag att v\u00e4xa.&#8221;<br>Dennis beskriver att det roligaste med digital marknadsf\u00f6ring \u00e4r just utvecklingsm\u00f6jligheterna \u2013 f\u00f6r sig sj\u00e4lv, sina kunder och de konsulter han samarbetar med.<\/p>\n\n\n\n<p><\/p>\n\n\n\n<h3 class=\"wp-block-heading\">En blandning av l\u00e4tt och sv\u00e5rt &#8211; att driva f\u00f6retag<\/h3>\n\n\n\n<p>De f\u00f6rsta \u00e5ren var utmanande, med l\u00e5gkonjunktur och f\u00f6rsiktighet p\u00e5 marknaden, vilket gjort att vissa kunder v\u00e4ntade&nbsp; med att satsa p\u00e5 hemsidor och digital marknadsf\u00f6ring. Andra s\u00e5g behovet att satsa, exempelvis inom teknik, byggbranschen, biljettf\u00f6rs\u00e4ljning.<br><br>Dennis menar att f\u00f6retagsstarten b\u00e5de var l\u00e4ttare och sv\u00e5rare \u00e4n han f\u00f6rv\u00e4ntat sig. Han gick in i det hela utan stora f\u00f6rv\u00e4ntningar, vilket gjorde att han kunde testa och l\u00e4ra sig utan press. &#8221;Jag har f\u00e5tt otroligt mycket st\u00f6d fr\u00e5n familj, v\u00e4nner och Nyf\u00f6retagarCentrum. Man beh\u00f6ver inte kunna allt fr\u00e5n b\u00f6rjan \u2013 jag har gjort m\u00e5nga misstag, men det har varit en fantastiskt l\u00e4rorik resa\u201d, s\u00e4ger Dennis.&nbsp;<\/p>\n\n\n\n<h3 class=\"wp-block-heading\">Varierande arbetsdagar med eget f\u00f6retag<\/h3>\n\n\n\n<p>I sin vardag arbetar Dennis nu fr\u00e4mst med att bygga upp f\u00f6retaget och optimera processerna s\u00e5 att hans team kan ta st\u00f6rre ansvar f\u00f6r leveransen. &#8221;Det \u00e4r en blandning av kontorsarbete, kundkontakt och att st\u00f6tta konsulterna. Ena veckan kan jag vara ute och n\u00e4tverka, delta i f\u00f6retagsevenemang och tr\u00e4ffa kunder, och n\u00e4sta vecka sitter jag p\u00e5 kontoret med interna projekt.&#8221;<\/p>\n\n\n\n<p>Dennis beskriver sin arbetsvecka som \u201dlite \u00f6verallt\u201d och ser det som en f\u00f6rdel. &#8221;Det \u00e4r kul att vara flexibel och se till att f\u00f6retaget fungerar som helhet, men ocks\u00e5 att kunna fokusera p\u00e5 olika delar beroende p\u00e5 vad som beh\u00f6vs just d\u00e5.&#8221;<\/p>\n\n\n\n<p><\/p>\n\n\n\n<h3 class=\"wp-block-heading\">Nyf\u00f6retagarCentrum &#8211; ett st\u00f6d p\u00e5 resan<\/h3>\n\n\n\n<p>Nyf\u00f6retagarCentrum har varit en viktig resurs f\u00f6r Dennis, s\u00e4rskilt n\u00e4r det kom till n\u00e4tverkande. &#8221;Therese Nielsen p\u00e5 <a href=\"https:\/\/nyforetagarcentrum.se\/norradalarna\/\">Nyf\u00f6retagarCentrum Norra Dalarna<\/a> har varit en fantastisk kontakt att bolla id\u00e9er med och f\u00e5 v\u00e4gledning om f\u00f6retagsstart. Jag fick \u00e4ven m\u00f6jlighet att vara med p\u00e5 en upphandling och h\u00e5lla workshops, vilket l\u00e4rde mig mycket,&#8221; ber\u00e4ttar han.<br>Sedan sin egen uppstart har han ocks\u00e5 f\u00e5tt m\u00f6jlighet att tillsammans med Therese arbeta med projektet UngDrive och hj\u00e4lpa och inspirera ungdomar som vill starta eget.<br><br>Matchningen med mentorn Sune gjorde uppstarten l\u00e4ttare.<br>\u201cDet b\u00e4sta med Sune som mentor var m\u00f6jligheten att bolla id\u00e9er och f\u00e5 feedback\u201d, ber\u00e4ttar Dennis.<\/p>\n\n\n\n<p><\/p>\n\n\n\n<h3 class=\"wp-block-heading\">Dennis tre b\u00e4sta tips till dig som ska starta:<\/h3>\n\n\n\n<ol>\n<li><strong>K\u00f6r p\u00e5 och v\u00e5ga testa!<\/strong><br>Testa och v\u00e5ga ta steget. V\u00e4nta inte p\u00e5 det &#8217;perfekta&#8217; l\u00e4get \u2013 det kommer aldrig.<br><\/li>\n\n\n\n<li><strong>G\u00e5 in med l\u00e4rande attityd<\/strong><br>Man kommer alltid att g\u00f6ra misstag och l\u00e4ra sig p\u00e5 v\u00e4gen. Se allt som en chans att utvecklas.<br><\/li>\n\n\n\n<li><strong>V\u00e5ga fr\u00e5ga<\/strong>!<br>G\u00e5 in med en attityd att du ska l\u00e4ra dig och v\u00e5ga fr\u00e5ga andra. Ta hj\u00e4lp av v\u00e4nner, kollegor och resurser som Nyf\u00f6retagarCentrum.<\/li>\n<\/ol>\n\n\n\n<p><\/p>\n\n\n\n<p>Kontakt:&nbsp;<a href=\"https:\/\/www.facebook.com\/profile.php?id=100085865272642\">facebook<\/a><br><a href=\"https:\/\/www.instagram.com\/reachitmarketing\/\">Instagram<\/a><\/p>\n\n\n\n<p><br>Bild: Privat<\/p>\n","protected":false},"featured_media":926,"template":"","meta":{"footnotes":""},"story_category":[26,27],"acf":[],"yoast_head":"<!-- This site is optimized with the Yoast SEO plugin v22.9 - https:\/\/yoast.com\/wordpress\/plugins\/seo\/ -->\n<title>Dennis Zetterman - starta eget som ung! - Norra Dalarna<\/title>\n<meta name=\"description\" content=\"Dennis Zetterman, en ung entrepren\u00f6r som v\u00e5gade satsa p\u00e5 digital marknadsf\u00f6ring och nu hj\u00e4lper andra att v\u00e4xa.\" \/>\n<meta name=\"robots\" content=\"index, follow, max-snippet:-1, max-image-preview:large, max-video-preview:-1\" \/>\n<link rel=\"canonical\" href=\"https:\/\/nyforetagarcentrum.se\/norradalarna\/success-stories\/dennis-zetterman-starta-eget-som-ung\/\" \/>\n<meta property=\"og:locale\" content=\"sv_SE\" \/>\n<meta property=\"og:type\" content=\"article\" \/>\n<meta property=\"og:title\" content=\"Dennis Zetterman - starta eget som ung! - Norra Dalarna\" \/>\n<meta property=\"og:description\" content=\"Dennis Zetterman, en ung entrepren\u00f6r som v\u00e5gade satsa p\u00e5 digital marknadsf\u00f6ring och nu hj\u00e4lper andra att v\u00e4xa.\" \/>\n<meta property=\"og:url\" content=\"https:\/\/nyforetagarcentrum.se\/norradalarna\/success-stories\/dennis-zetterman-starta-eget-som-ung\/\" \/>\n<meta property=\"og:site_name\" content=\"Norra Dalarna\" \/>\n<meta property=\"article:modified_time\" content=\"2025-06-26T08:37:33+00:00\" \/>\n<meta property=\"og:image\" content=\"https:\/\/nyforetagarcentrum.se\/norradalarna\/wp-content\/uploads\/sites\/43\/2025\/05\/dennis.png\" \/>\n\t<meta property=\"og:image:width\" content=\"800\" \/>\n\t<meta property=\"og:image:height\" content=\"794\" \/>\n\t<meta property=\"og:image:type\" content=\"image\/png\" \/>\n<meta name=\"twitter:card\" content=\"summary_large_image\" \/>\n<meta name=\"twitter:label1\" content=\"Ber\u00e4knad l\u00e4stid\" \/>\n\t<meta name=\"twitter:data1\" content=\"3 minuter\" \/>\n<script type=\"application\/ld+json\" class=\"yoast-schema-graph\">{\"@context\":\"https:\/\/schema.org\",\"@graph\":[{\"@type\":\"WebPage\",\"@id\":\"https:\/\/nyforetagarcentrum.se\/norradalarna\/success-stories\/dennis-zetterman-starta-eget-som-ung\/\",\"url\":\"https:\/\/nyforetagarcentrum.se\/norradalarna\/success-stories\/dennis-zetterman-starta-eget-som-ung\/\",\"name\":\"Dennis Zetterman - starta eget som ung! - Norra Dalarna\",\"isPartOf\":{\"@id\":\"https:\/\/nyforetagarcentrum.se\/norradalarna\/#website\"},\"primaryImageOfPage\":{\"@id\":\"https:\/\/nyforetagarcentrum.se\/norradalarna\/success-stories\/dennis-zetterman-starta-eget-som-ung\/#primaryimage\"},\"image\":{\"@id\":\"https:\/\/nyforetagarcentrum.se\/norradalarna\/success-stories\/dennis-zetterman-starta-eget-som-ung\/#primaryimage\"},\"thumbnailUrl\":\"https:\/\/nyforetagarcentrum.se\/norradalarna\/wp-content\/uploads\/sites\/43\/2025\/05\/dennis.png\",\"datePublished\":\"2025-05-26T12:21:16+00:00\",\"dateModified\":\"2025-06-26T08:37:33+00:00\",\"description\":\"Dennis Zetterman, en ung entrepren\u00f6r som v\u00e5gade satsa p\u00e5 digital marknadsf\u00f6ring och nu hj\u00e4lper andra att v\u00e4xa.\",\"breadcrumb\":{\"@id\":\"https:\/\/nyforetagarcentrum.se\/norradalarna\/success-stories\/dennis-zetterman-starta-eget-som-ung\/#breadcrumb\"},\"inLanguage\":\"sv-SE\",\"potentialAction\":[{\"@type\":\"ReadAction\",\"target\":[\"https:\/\/nyforetagarcentrum.se\/norradalarna\/success-stories\/dennis-zetterman-starta-eget-som-ung\/\"]}]},{\"@type\":\"ImageObject\",\"inLanguage\":\"sv-SE\",\"@id\":\"https:\/\/nyforetagarcentrum.se\/norradalarna\/success-stories\/dennis-zetterman-starta-eget-som-ung\/#primaryimage\",\"url\":\"https:\/\/nyforetagarcentrum.se\/norradalarna\/wp-content\/uploads\/sites\/43\/2025\/05\/dennis.png\",\"contentUrl\":\"https:\/\/nyforetagarcentrum.se\/norradalarna\/wp-content\/uploads\/sites\/43\/2025\/05\/dennis.png\",\"width\":800,\"height\":794},{\"@type\":\"BreadcrumbList\",\"@id\":\"https:\/\/nyforetagarcentrum.se\/norradalarna\/success-stories\/dennis-zetterman-starta-eget-som-ung\/#breadcrumb\",\"itemListElement\":[{\"@type\":\"ListItem\",\"position\":1,\"name\":\"Hem\",\"item\":\"https:\/\/nyforetagarcentrum.se\/norradalarna\/\"},{\"@type\":\"ListItem\",\"position\":2,\"name\":\"Success stories\",\"item\":\"https:\/\/nyforetagarcentrum.se\/norradalarna\/success-stories\/\"},{\"@type\":\"ListItem\",\"position\":3,\"name\":\"Dennis Zetterman &#8211; starta eget som ung!\"}]},{\"@type\":\"WebSite\",\"@id\":\"https:\/\/nyforetagarcentrum.se\/norradalarna\/#website\",\"url\":\"https:\/\/nyforetagarcentrum.se\/norradalarna\/\",\"name\":\"Norra Dalarna\",\"description\":\"Sveriges ledande kraft f\u00f6r fler nya livskraftiga f\u00f6retag\",\"publisher\":{\"@id\":\"https:\/\/nyforetagarcentrum.se\/norradalarna\/#organization\"},\"potentialAction\":[{\"@type\":\"SearchAction\",\"target\":{\"@type\":\"EntryPoint\",\"urlTemplate\":\"https:\/\/nyforetagarcentrum.se\/norradalarna\/?s={search_term_string}\"},\"query-input\":\"required name=search_term_string\"}],\"inLanguage\":\"sv-SE\"},{\"@type\":\"Organization\",\"@id\":\"https:\/\/nyforetagarcentrum.se\/norradalarna\/#organization\",\"name\":\"Norra Dalarna\",\"url\":\"https:\/\/nyforetagarcentrum.se\/norradalarna\/\",\"logo\":{\"@type\":\"ImageObject\",\"inLanguage\":\"sv-SE\",\"@id\":\"https:\/\/nyforetagarcentrum.se\/norradalarna\/#\/schema\/logo\/image\/\",\"url\":\"https:\/\/nyforetagarcentrum.se\/norradalarna\/wp-content\/uploads\/sites\/43\/2026\/04\/norradalarna_bla.png\",\"contentUrl\":\"https:\/\/nyforetagarcentrum.se\/norradalarna\/wp-content\/uploads\/sites\/43\/2026\/04\/norradalarna_bla.png\",\"width\":870,\"height\":355,\"caption\":\"Norra Dalarna\"},\"image\":{\"@id\":\"https:\/\/nyforetagarcentrum.se\/norradalarna\/#\/schema\/logo\/image\/\"}}]}<\/script>\n<!-- \/ Yoast SEO plugin. -->","yoast_head_json":{"title":"Dennis Zetterman - starta eget som ung! - Norra Dalarna","description":"Dennis Zetterman, en ung entrepren\u00f6r som v\u00e5gade satsa p\u00e5 digital marknadsf\u00f6ring och nu hj\u00e4lper andra att v\u00e4xa.","robots":{"index":"index","follow":"follow","max-snippet":"max-snippet:-1","max-image-preview":"max-image-preview:large","max-video-preview":"max-video-preview:-1"},"canonical":"https:\/\/nyforetagarcentrum.se\/norradalarna\/success-stories\/dennis-zetterman-starta-eget-som-ung\/","og_locale":"sv_SE","og_type":"article","og_title":"Dennis Zetterman - starta eget som ung! - Norra Dalarna","og_description":"Dennis Zetterman, en ung entrepren\u00f6r som v\u00e5gade satsa p\u00e5 digital marknadsf\u00f6ring och nu hj\u00e4lper andra att v\u00e4xa.","og_url":"https:\/\/nyforetagarcentrum.se\/norradalarna\/success-stories\/dennis-zetterman-starta-eget-som-ung\/","og_site_name":"Norra Dalarna","article_modified_time":"2025-06-26T08:37:33+00:00","og_image":[{"width":800,"height":794,"url":"https:\/\/nyforetagarcentrum.se\/norradalarna\/wp-content\/uploads\/sites\/43\/2025\/05\/dennis.png","type":"image\/png"}],"twitter_card":"summary_large_image","twitter_misc":{"Ber\u00e4knad l\u00e4stid":"3 minuter"},"schema":{"@context":"https:\/\/schema.org","@graph":[{"@type":"WebPage","@id":"https:\/\/nyforetagarcentrum.se\/norradalarna\/success-stories\/dennis-zetterman-starta-eget-som-ung\/","url":"https:\/\/nyforetagarcentrum.se\/norradalarna\/success-stories\/dennis-zetterman-starta-eget-som-ung\/","name":"Dennis Zetterman - starta eget som ung! - Norra Dalarna","isPartOf":{"@id":"https:\/\/nyforetagarcentrum.se\/norradalarna\/#website"},"primaryImageOfPage":{"@id":"https:\/\/nyforetagarcentrum.se\/norradalarna\/success-stories\/dennis-zetterman-starta-eget-som-ung\/#primaryimage"},"image":{"@id":"https:\/\/nyforetagarcentrum.se\/norradalarna\/success-stories\/dennis-zetterman-starta-eget-som-ung\/#primaryimage"},"thumbnailUrl":"https:\/\/nyforetagarcentrum.se\/norradalarna\/wp-content\/uploads\/sites\/43\/2025\/05\/dennis.png","datePublished":"2025-05-26T12:21:16+00:00","dateModified":"2025-06-26T08:37:33+00:00","description":"Dennis Zetterman, en ung entrepren\u00f6r som v\u00e5gade satsa p\u00e5 digital marknadsf\u00f6ring och nu hj\u00e4lper andra att v\u00e4xa.","breadcrumb":{"@id":"https:\/\/nyforetagarcentrum.se\/norradalarna\/success-stories\/dennis-zetterman-starta-eget-som-ung\/#breadcrumb"},"inLanguage":"sv-SE","potentialAction":[{"@type":"ReadAction","target":["https:\/\/nyforetagarcentrum.se\/norradalarna\/success-stories\/dennis-zetterman-starta-eget-som-ung\/"]}]},{"@type":"ImageObject","inLanguage":"sv-SE","@id":"https:\/\/nyforetagarcentrum.se\/norradalarna\/success-stories\/dennis-zetterman-starta-eget-som-ung\/#primaryimage","url":"https:\/\/nyforetagarcentrum.se\/norradalarna\/wp-content\/uploads\/sites\/43\/2025\/05\/dennis.png","contentUrl":"https:\/\/nyforetagarcentrum.se\/norradalarna\/wp-content\/uploads\/sites\/43\/2025\/05\/dennis.png","width":800,"height":794},{"@type":"BreadcrumbList","@id":"https:\/\/nyforetagarcentrum.se\/norradalarna\/success-stories\/dennis-zetterman-starta-eget-som-ung\/#breadcrumb","itemListElement":[{"@type":"ListItem","position":1,"name":"Hem","item":"https:\/\/nyforetagarcentrum.se\/norradalarna\/"},{"@type":"ListItem","position":2,"name":"Success stories","item":"https:\/\/nyforetagarcentrum.se\/norradalarna\/success-stories\/"},{"@type":"ListItem","position":3,"name":"Dennis Zetterman &#8211; starta eget som ung!"}]},{"@type":"WebSite","@id":"https:\/\/nyforetagarcentrum.se\/norradalarna\/#website","url":"https:\/\/nyforetagarcentrum.se\/norradalarna\/","name":"Norra Dalarna","description":"Sveriges ledande kraft f\u00f6r fler nya livskraftiga f\u00f6retag","publisher":{"@id":"https:\/\/nyforetagarcentrum.se\/norradalarna\/#organization"},"potentialAction":[{"@type":"SearchAction","target":{"@type":"EntryPoint","urlTemplate":"https:\/\/nyforetagarcentrum.se\/norradalarna\/?s={search_term_string}"},"query-input":"required name=search_term_string"}],"inLanguage":"sv-SE"},{"@type":"Organization","@id":"https:\/\/nyforetagarcentrum.se\/norradalarna\/#organization","name":"Norra Dalarna","url":"https:\/\/nyforetagarcentrum.se\/norradalarna\/","logo":{"@type":"ImageObject","inLanguage":"sv-SE","@id":"https:\/\/nyforetagarcentrum.se\/norradalarna\/#\/schema\/logo\/image\/","url":"https:\/\/nyforetagarcentrum.se\/norradalarna\/wp-content\/uploads\/sites\/43\/2026\/04\/norradalarna_bla.png","contentUrl":"https:\/\/nyforetagarcentrum.se\/norradalarna\/wp-content\/uploads\/sites\/43\/2026\/04\/norradalarna_bla.png","width":870,"height":355,"caption":"Norra Dalarna"},"image":{"@id":"https:\/\/nyforetagarcentrum.se\/norradalarna\/#\/schema\/logo\/image\/"}}]}},"_links":{"self":[{"href":"https:\/\/nyforetagarcentrum.se\/norradalarna\/wp-json\/wp\/v2\/story\/923"}],"collection":[{"href":"https:\/\/nyforetagarcentrum.se\/norradalarna\/wp-json\/wp\/v2\/story"}],"about":[{"href":"https:\/\/nyforetagarcentrum.se\/norradalarna\/wp-json\/wp\/v2\/types\/story"}],"version-history":[{"count":1,"href":"https:\/\/nyforetagarcentrum.se\/norradalarna\/wp-json\/wp\/v2\/story\/923\/revisions"}],"predecessor-version":[{"id":924,"href":"https:\/\/nyforetagarcentrum.se\/norradalarna\/wp-json\/wp\/v2\/story\/923\/revisions\/924"}],"wp:featuredmedia":[{"embeddable":true,"href":"https:\/\/nyforetagarcentrum.se\/norradalarna\/wp-json\/wp\/v2\/media\/926"}],"wp:attachment":[{"href":"https:\/\/nyforetagarcentrum.se\/norradalarna\/wp-json\/wp\/v2\/media?parent=923"}],"wp:term":[{"taxonomy":"story_category","embeddable":true,"href":"https:\/\/nyforetagarcentrum.se\/norradalarna\/wp-json\/wp\/v2\/story_category?post=923"}],"curies":[{"name":"wp","href":"https:\/\/api.w.org\/{rel}","templated":true}]}}