{"id":783,"date":"2025-03-23T14:19:26","date_gmt":"2025-03-23T13:19:26","guid":{"rendered":"https:\/\/nyforetagarcentrum.se\/nord\/?p=783"},"modified":"2025-09-30T14:38:33","modified_gmt":"2025-09-30T12:38:33","slug":"nytt-affarsnatverk-for-kvinnliga-foretagare-etableras-i-pitea","status":"publish","type":"post","link":"https:\/\/nyforetagarcentrum.se\/nord\/2025\/03\/23\/nytt-affarsnatverk-for-kvinnliga-foretagare-etableras-i-pitea\/","title":{"rendered":"Nytt aff\u00e4rsn\u00e4tverk f\u00f6r kvinnliga f\u00f6retagare etableras i Pite\u00e5"},"content":{"rendered":"\n<p><strong>Aurora Network \u00e4r ett aff\u00e4rsn\u00e4tverk f\u00f6r kvinnliga entrepren\u00f6rer i Norrbotten som drivs av<br>Nyf\u00f6retagarCentrum Nord. N\u00e4tverket finns i dagsl\u00e4get p\u00e5 sex orter i l\u00e4net och etableras nu \u00e4ven i<br>Pite\u00e5 som blir den sjunde orten.<\/strong><\/p>\n\n\n\n<p>F\u00f6r att skapa b\u00e4ttre f\u00f6ruts\u00e4ttningar f\u00f6r kvinnor att utveckla sina f\u00f6retag driver Nyf\u00f6retagarCentrum<br>Nord sedan 2018 n\u00e4tverket&nbsp;<a href=\"https:\/\/www.nyforetagarcentrumnord.se\/aurora-affarsnatverk\/\">Aurora Network<\/a>&nbsp;i samarbete med Almi Nord, Sparbanken Nord samt<br>kommunerna p\u00e5 respektive verksamhetsorter. Inom ramen f\u00f6r Aurora Network tr\u00e4ffas deltagarna<br>regelbundet f\u00f6r kompetensutveckling, inspiration, n\u00e4tverkande och professionella samarbeten.<\/p>\n\n\n\n<p><br><strong>Nya samarbeten<br><\/strong>Det kvinnliga aff\u00e4rsn\u00e4tverket Aurora Network finns sedan tidigare i Boden, Haparanda, Lule\u00e5, Pajala,<br>\u00d6verkalix och \u00d6vertorne\u00e5 och etableras successivt p\u00e5 fler orter i l\u00e4net f\u00f6r att bredda n\u00e4ringslivet och<br>gynna nya samarbeten lokalt och regionalt. Aff\u00e4rsr\u00e5dgivare Monica Wikstr\u00f6m-Johansson p\u00e5<br>Nyf\u00f6retagarCentrum Nord \u00e4r grundare av aff\u00e4rsn\u00e4tverket och ansvarar f\u00f6r att starta upp och leda<br>n\u00e4tverket i Pite\u00e5.<\/p>\n\n\n\n<p><br>\u2013 Jag \u00e4r glad att Pite\u00e5 kommun ger oss i uppdrag att etablera Aurora Network \u00e4ven i Pite\u00e5. Vi har sett<br>vilken konkret nytta och kraft Aurora Network har p\u00e5 \u00f6vriga orter d\u00e4r vi \u00e4r verksamma. Nya<br>aff\u00e4rskontakter har skapats, aff\u00e4rer har gjorts mellan deltagarna, nya samarbeten och gemensamma<br>paketeringar har gjorts och planeras. Framf\u00f6r allt fyller aff\u00e4rsn\u00e4tverket en funktion som ett v\u00e4rdefullt<br>komplement till \u00f6vriga n\u00e4tverk som finns.<\/p>\n\n\n\n<p><br><strong>J\u00e4mst\u00e4llt f\u00f6retagande<br><\/strong>Deltagande i Aurora Network \u00e4r kostnadsfritt och \u00f6ppet f\u00f6r blivande och nya f\u00f6retagare samt redan<br>etablerade entrepren\u00f6rer. Kata Nilsson, kommunalr\u00e5d i Pite\u00e5 kommun, ser mycket positivt p\u00e5 att<br>samverkansinitiativet nu startar upp i Pite\u00e5.<\/p>\n\n\n\n<p><br>\u2013 Vi vill st\u00e4rka f\u00f6ruts\u00e4ttningarna f\u00f6r fler kvinnliga entrepren\u00f6rer i kommunen och d\u00e4r ser vi att<br>Aurora Network \u00e4r ett bra s\u00e4tt f\u00f6r att skapa fler sammanhang f\u00f6r aff\u00e4rsutveckling. M\u00e5let om ett mer<br>j\u00e4mst\u00e4llt f\u00f6retagande delar vi med n\u00e4ringslivet och satsningen p\u00e5 Aurora Network, d\u00e4r b\u00e5de<br>etablerade och nya f\u00f6retagare m\u00f6ts, g\u00f6r vi tillsammans.<\/p>\n\n\n\n<p><br><strong>\u00d6kad konkurrenskraft<br><\/strong>Petra Pihl \u00e4r verksamhetsledare p\u00e5 Nyf\u00f6retagarCentrum Nord. Hon menar att aff\u00e4rsn\u00e4tverket \u00e4r<br>mycket betydelsefullt f\u00f6r enskilda, kvinnliga f\u00f6retagare men pekar \u00e4ven p\u00e5 j\u00e4mst\u00e4lldhet inom<br>n\u00e4ringslivet som en viktig fr\u00e5ga f\u00f6r samh\u00e4llsutvecklingen.<\/p>\n\n\n\n<p><br>\u2013 Endast 3 av 10 f\u00f6retag i Sverige idag drivs av kvinnor, och 1 av 5 vd-poster innehavs av kvinnor. Det<br>vill vi \u00e4ndra p\u00e5. Ett j\u00e4mst\u00e4llt \u00e4gande av f\u00f6retag har stor p\u00e5verkan p\u00e5 hela samh\u00e4llet; ekonomi,<br>demokrati och makt. D\u00e4rf\u00f6r \u00e4r Aurora Network en motor i utvecklingen av Norrbottenskonkurrenskraft.<\/p>\n\n\n\n<p>Vi ser fram emot att forts\u00e4tta utveckla aff\u00e4rsn\u00e4tverket i stark samverkan med Almi<br>Nord, Sparbanken Nord och tillkommande partners fr\u00e5n n\u00e4ringslivet.<\/p>\n","protected":false},"excerpt":{"rendered":"<p>Aurora Network \u00e4r ett aff\u00e4rsn\u00e4tverk f\u00f6r kvinnliga entrepren\u00f6rer i Norrbotten som drivs avNyf\u00f6retagarCentrum Nord. N\u00e4tverket finns i dagsl\u00e4get p\u00e5 sex orter i l\u00e4net och etableras nu \u00e4ven iPite\u00e5 som blir den sjunde orten. F\u00f6r att skapa b\u00e4ttre f\u00f6ruts\u00e4ttningar f\u00f6r kvinnor att utveckla sina f\u00f6retag driver Nyf\u00f6retagarCentrumNord sedan 2018 n\u00e4tverket&nbsp;Aurora Network&nbsp;i samarbete med Almi Nord, Sparbanken [&hellip;]<\/p>\n","protected":false},"author":94,"featured_media":776,"comment_status":"open","ping_status":"open","sticky":false,"template":"","format":"standard","meta":{"footnotes":""},"categories":[18],"tags":[],"acf":[],"_links":{"self":[{"href":"https:\/\/nyforetagarcentrum.se\/nord\/wp-json\/wp\/v2\/posts\/783"}],"collection":[{"href":"https:\/\/nyforetagarcentrum.se\/nord\/wp-json\/wp\/v2\/posts"}],"about":[{"href":"https:\/\/nyforetagarcentrum.se\/nord\/wp-json\/wp\/v2\/types\/post"}],"author":[{"embeddable":true,"href":"https:\/\/nyforetagarcentrum.se\/nord\/wp-json\/wp\/v2\/users\/94"}],"replies":[{"embeddable":true,"href":"https:\/\/nyforetagarcentrum.se\/nord\/wp-json\/wp\/v2\/comments?post=783"}],"version-history":[{"count":1,"href":"https:\/\/nyforetagarcentrum.se\/nord\/wp-json\/wp\/v2\/posts\/783\/revisions"}],"predecessor-version":[{"id":784,"href":"https:\/\/nyforetagarcentrum.se\/nord\/wp-json\/wp\/v2\/posts\/783\/revisions\/784"}],"wp:featuredmedia":[{"embeddable":true,"href":"https:\/\/nyforetagarcentrum.se\/nord\/wp-json\/wp\/v2\/media\/776"}],"wp:attachment":[{"href":"https:\/\/nyforetagarcentrum.se\/nord\/wp-json\/wp\/v2\/media?parent=783"}],"wp:term":[{"taxonomy":"category","embeddable":true,"href":"https:\/\/nyforetagarcentrum.se\/nord\/wp-json\/wp\/v2\/categories?post=783"},{"taxonomy":"post_tag","embeddable":true,"href":"https:\/\/nyforetagarcentrum.se\/nord\/wp-json\/wp\/v2\/tags?post=783"}],"curies":[{"name":"wp","href":"https:\/\/api.w.org\/{rel}","templated":true}]}}