{"id":2699,"date":"2026-04-29T14:21:06","date_gmt":"2026-04-29T12:21:06","guid":{"rendered":"https:\/\/nyforetagarcentrum.se\/nord\/?p=2699"},"modified":"2026-04-30T10:25:13","modified_gmt":"2026-04-30T08:25:13","slug":"petra-pihl-byggde-ett-foretag-som-gav-plats-for-livet","status":"publish","type":"post","link":"https:\/\/nyforetagarcentrum.se\/nord\/2026\/04\/29\/petra-pihl-byggde-ett-foretag-som-gav-plats-for-livet\/","title":{"rendered":"Petra Pihl byggde ett f\u00f6retag som gav plats f\u00f6r livet"},"content":{"rendered":"\n<p><strong>Det&nbsp;\u00e4r&nbsp;kanske&nbsp;l\u00e4tt&nbsp;att&nbsp;tro&nbsp;att&nbsp;frihet&nbsp;som&nbsp;f\u00f6retagare&nbsp;handlar&nbsp;om&nbsp;att&nbsp;kunna&nbsp;jobba&nbsp;n\u00e4r&nbsp;man&nbsp;vill. F\u00f6r&nbsp;Petra&nbsp;Pihl&nbsp;har&nbsp;det&nbsp;n\u00e4stan&nbsp;handlat&nbsp;mer&nbsp;om&nbsp;motsatsen. Att&nbsp;kunna&nbsp;l\u00e5ta&nbsp;bli. M\u00f6t Nyf\u00f6retagarCentrum Nords verksamhetsledare och ta del av hennes b\u00e4sta tips f\u00f6r att skapa ett f\u00f6retag som passar in i ditt liv, inte tv\u00e4rtom.<\/strong><\/p>\n\n\n\n<p>Id\u00e9n till det egna f\u00f6retaget f\u00f6ddes en kv\u00e4ll n\u00e4r Petra hade varit ute med v\u00e4nner. Hon kom hem, satte sig i soffan och k\u00e4nde hur lugnet spred sig. D\u00e4r och d\u00e5 st\u00e4llde hon sig fr\u00e5gan vad hon skulle vilja arbeta med om hon fick best\u00e4mma helt fritt.<\/p>\n\n\n\n<p>Det blev startskottet f\u00f6r tio \u00e5rs f\u00f6retagande, tolv anst\u00e4llda extraarbetare och en l\u00e5ng rad uppdrag hon inte ens visste fanns n\u00e4r hon b\u00f6rjade.<\/p>\n\n\n\n<p>F\u00f6r Petra har f\u00f6retagandet aldrig bara handlat om att arbeta p\u00e5 sitt eget s\u00e4tt. Minst lika viktigt har varit m\u00f6jligheten att sj\u00e4lv kunna styra n\u00e4r hon inte arbetar. <\/p>\n\n\n\n<p><\/p>\n\n\n\n<h2 class=\"wp-block-heading\">Att kombinera familjeliv med aktiebolag<\/h2>\n\n\n\n<p>N\u00e4r barnen var sm\u00e5 valde hon att h\u00e4mta tidigt p\u00e5 f\u00f6rskolan, engagera sig som tr\u00e4nare i deras basket- och fotbollslag, ta l\u00f6p- och skidpass mitt p\u00e5 dagen och ibland resa utomlands med arbetet nedpackat i v\u00e4skan.<\/p>\n\n\n\n<p>Redan under den f\u00f6rsta m\u00e5naden skrev hon sitt f\u00f6rsta stora avtal. K\u00e4nslan av att den spontana id\u00e9n fr\u00e5n soffan faktiskt bar hela v\u00e4gen in i verkliga aff\u00e4rer sitter fortfarande kvar.<\/p>\n\n\n\n<p>Men n\u00e4r hon pratar om sitt b\u00e4sta f\u00f6retagarminne fastnar hon inte vid aff\u00e4rerna. Hon \u00e5terkommer i st\u00e4llet till alla tack hon har f\u00e5tt genom \u00e5ren.<\/p>\n\n\n\n<p>\u201cJag har sparat dem alla. Ibland tar jag upp dem och l\u00e4ser\u201d, s\u00e4ger hon om tackh\u00e4lsningarna hon f\u00e5tt genom sitt f\u00f6retagande. K\u00e4nslan av att ha skapat n\u00e5got eget som gjort verklig skillnad f\u00f6r andra sl\u00e5r allt hon tidigare gjort i arbetslivet.<\/p>\n\n\n\n<div style=\"height:40px\" aria-hidden=\"true\" class=\"wp-block-spacer\"><\/div>\n\n\n\n<figure class=\"wp-block-image size-full\"><img loading=\"lazy\" decoding=\"async\" width=\"1536\" height=\"2048\" src=\"https:\/\/nyforetagarcentrum.se\/nord\/wp-content\/uploads\/sites\/104\/2026\/04\/Petra-Pihl-1.jpg\" alt=\"\" class=\"wp-image-2707\" srcset=\"https:\/\/nyforetagarcentrum.se\/nord\/wp-content\/uploads\/sites\/104\/2026\/04\/Petra-Pihl-1.jpg 1536w, https:\/\/nyforetagarcentrum.se\/nord\/wp-content\/uploads\/sites\/104\/2026\/04\/Petra-Pihl-1-225x300.jpg 225w, https:\/\/nyforetagarcentrum.se\/nord\/wp-content\/uploads\/sites\/104\/2026\/04\/Petra-Pihl-1-768x1024.jpg 768w, https:\/\/nyforetagarcentrum.se\/nord\/wp-content\/uploads\/sites\/104\/2026\/04\/Petra-Pihl-1-1152x1536.jpg 1152w, https:\/\/nyforetagarcentrum.se\/nord\/wp-content\/uploads\/sites\/104\/2026\/04\/Petra-Pihl-1-810x1080.jpg 810w\" sizes=\"(max-width: 1536px) 100vw, 1536px\" \/><\/figure>\n\n\n\n<div style=\"height:40px\" aria-hidden=\"true\" class=\"wp-block-spacer\"><\/div>\n\n\n<section  class=\"nfc-block-quote\">\n    <div class=\"wrapper contained\">\n        <p class=\"quote h2\">Det roligaste med mitt jobb \u00e4r variationen, utmaningarna, friheten &#8230;Och att kunna v\u00e4lja tider d\u00e5 jag INTE arbetar.<\/p>\n        <div class=\"author\">\n            <div class=\"avatar\">\n                            <\/div>\n            <div class=\"text\">\n                <p class=\"name\">Petra Pihl<\/p>\n                <p class=\"subtitle\">Verksamhetsledare Nyf\u00f6retagarCentrum Nord<\/p>\n            <\/div>\n        <\/div>\n    <\/div>\n<\/section>\n\n\n<div style=\"height:40px\" aria-hidden=\"true\" class=\"wp-block-spacer\"><\/div>\n\n\n\n<p>Resultaten av den d\u00e4r kv\u00e4llen i soffan blev AB Petra Pihl &amp; Co. Och arbetsdagar som fyllts av en m\u00e4ngd varierande arbetsuppgifter s\u00e5som budgetarbete, avtalsskrivning, lednings- och personalfr\u00e5gor, representation och m\u00f6ten, anordnande av kurser med coachande samtal, fastighetssk\u00f6tsel och praktiskt grovarbete.<\/p>\n\n\n\n<p>\u201cIbland k\u00e4nner jag mig som en riktig schweizisk f\u00e4llkniv\u201d, s\u00e4ger hon och syftar p\u00e5 hur hon snabbt v\u00e4xlar mellan rollerna.<\/p>\n\n\n\n<p>Den st\u00f6rsta delen av f\u00f6retaget har l\u00e4nge best\u00e5tt av distanskurser inom personlig utveckling. D\u00e4r har Petra coachat n\u00e4rmare tusen personer runt om i Sverige i samtal om livets mjuka v\u00e4rden, ofta b\u00e5de gripande och f\u00f6rtroendefulla.<\/p>\n\n\n\n<div style=\"height:40px\" aria-hidden=\"true\" class=\"wp-block-spacer\"><\/div>\n\n\n\n<figure class=\"wp-block-image size-large\"><img loading=\"lazy\" decoding=\"async\" width=\"768\" height=\"1024\" src=\"https:\/\/nyforetagarcentrum.se\/nord\/wp-content\/uploads\/sites\/104\/2026\/04\/Petra-Pihl-2-768x1024.webp\" alt=\"\" class=\"wp-image-2715\" srcset=\"https:\/\/nyforetagarcentrum.se\/nord\/wp-content\/uploads\/sites\/104\/2026\/04\/Petra-Pihl-2-768x1024.webp 768w, https:\/\/nyforetagarcentrum.se\/nord\/wp-content\/uploads\/sites\/104\/2026\/04\/Petra-Pihl-2-225x300.webp 225w, https:\/\/nyforetagarcentrum.se\/nord\/wp-content\/uploads\/sites\/104\/2026\/04\/Petra-Pihl-2-1152x1536.webp 1152w, https:\/\/nyforetagarcentrum.se\/nord\/wp-content\/uploads\/sites\/104\/2026\/04\/Petra-Pihl-2-810x1080.webp 810w, https:\/\/nyforetagarcentrum.se\/nord\/wp-content\/uploads\/sites\/104\/2026\/04\/Petra-Pihl-2.webp 1536w\" sizes=\"(max-width: 768px) 100vw, 768px\" \/><\/figure>\n\n\n\n<div style=\"height:40px\" aria-hidden=\"true\" class=\"wp-block-spacer\"><\/div>\n\n\n\n<h2 class=\"wp-block-heading\">Fr\u00e5n coachingsamtal till br\u00e4nn\u00e4sslor<\/h2>\n\n\n\n<p>Petra har arbetat med projektledning, siffror, m\u00e5luppf\u00f6ljning och byggt upp ett mindre fastighetsbolag. D\u00e4r kliver hon ibland ocks\u00e5 in praktiskt, som fastighetssk\u00f6tare.<\/p>\n\n\n\n<p>Petras arbetsdagar har ofta varierat, att ex g\u00e5 fr\u00e5n ett djupt empatiskt samtal p\u00e5 f\u00f6rmiddagen, till att dra p\u00e5 sig st\u00f6vlarna och r\u00f6ja br\u00e4nn\u00e4sslor senare samma dag. Det \u00e4r just blandningen hon trivs med. Den ger variation, konkreta utmaningar och frihet.<\/p>\n\n\n\n<p>F\u00f6r henne handlar frihet inte bara om att kunna styra sina arbetsdagar. Det handlar lika mycket om att kunna best\u00e4mma n\u00e4r hon inte ska jobba.<\/p>\n\n\n\n<p>Men friheten har ocks\u00e5 en baksida. Som egen f\u00f6retagare st\u00e5r man oftast \u00e4ven ensam n\u00e4r det kommer till problem d\u00e4r man som anst\u00e4lld oftast har experter omkring sig som kan hj\u00e4lpa, s\u00e5som vid teknikstrul, personalfr\u00e5gor eller ekonomiska beslut. Man f\u00e5r bli sin egen expert och det kr\u00e4ver m\u00e5nga g\u00e5nger b\u00e5de t\u00e5lamod och kreativitet f\u00f6r att hitta nya v\u00e4gar fram, eftersom man inte g\u00e5tt d\u00e4r sj\u00e4lv f\u00f6rut.<\/p>\n\n\n\n<div style=\"height:40px\" aria-hidden=\"true\" class=\"wp-block-spacer\"><\/div>\n\n\n<section  class=\"nfc-block-quote\">\n    <div class=\"wrapper contained\">\n        <p class=\"quote h2\">&#8221;H\u00e4r finns det ingen IT-support, HR-support eller ekonomichef att fr\u00e5ga. Allt jag beh\u00f6ver g\u00f6ra f\u00e5r jag s\u00e4tta mig in i sj\u00e4lv, med google som b\u00e4sta v\u00e4n.&#8221;<\/p>\n        <div class=\"author\">\n            <div class=\"avatar\">\n                            <\/div>\n            <div class=\"text\">\n                <p class=\"name\">Petra Pihl<\/p>\n                <p class=\"subtitle\">Verksamhetsledare Nyf\u00f6retagarCentrum Nord<\/p>\n            <\/div>\n        <\/div>\n    <\/div>\n<\/section>\n\n\n<div style=\"height:40px\" aria-hidden=\"true\" class=\"wp-block-spacer\"><\/div>\n\n\n\n<figure class=\"wp-block-image size-large\"><img loading=\"lazy\" decoding=\"async\" width=\"768\" height=\"1024\" src=\"https:\/\/nyforetagarcentrum.se\/nord\/wp-content\/uploads\/sites\/104\/2026\/04\/Petra-Pihl-3-768x1024.jpg\" alt=\"\" class=\"wp-image-2709\" srcset=\"https:\/\/nyforetagarcentrum.se\/nord\/wp-content\/uploads\/sites\/104\/2026\/04\/Petra-Pihl-3-768x1024.jpg 768w, https:\/\/nyforetagarcentrum.se\/nord\/wp-content\/uploads\/sites\/104\/2026\/04\/Petra-Pihl-3-225x300.jpg 225w, https:\/\/nyforetagarcentrum.se\/nord\/wp-content\/uploads\/sites\/104\/2026\/04\/Petra-Pihl-3-1152x1536.jpg 1152w, https:\/\/nyforetagarcentrum.se\/nord\/wp-content\/uploads\/sites\/104\/2026\/04\/Petra-Pihl-3-810x1080.jpg 810w, https:\/\/nyforetagarcentrum.se\/nord\/wp-content\/uploads\/sites\/104\/2026\/04\/Petra-Pihl-3.jpg 1536w\" sizes=\"(max-width: 768px) 100vw, 768px\" \/><\/figure>\n\n\n\n<div style=\"height:40px\" aria-hidden=\"true\" class=\"wp-block-spacer\"><\/div>\n\n\n\n<h2 class=\"wp-block-heading\">Konsten att t\u00e4nka nytt och forma f\u00f6retaget efter nya f\u00f6ruts\u00e4ttningar<\/h2>\n\n\n\n<p>Marknaden har f\u00f6r\u00e4ndrats flera g\u00e5nger sedan Petra startade sitt f\u00f6retag. Villkoren ocks\u00e5. Hon har beh\u00f6vt t\u00e4nka om, kombinera p\u00e5 nya s\u00e4tt och l\u00e5ta verksamheten ta olika form \u00f6ver tid.<\/p>\n\n\n\n<p>N\u00e4r hon anst\u00e4llde sin f\u00f6rsta medarbetare blev det tydligt hur mycket som f\u00f6r\u00e4ndrades n\u00e4r hon inte l\u00e4ngre gjorde allt sj\u00e4lv. Resultatet blev b\u00e4ttre, arbetstopparna l\u00e4ttare att hantera och verksamheten mer kostnadseffektiv.<\/p>\n\n\n\n<p>Det gav henne ocks\u00e5 st\u00f6rre frihet. F\u00f6retaget kunde forts\u00e4tta \u00e4ven n\u00e4r hennes egen tid var uppbokad. Under vissa perioder kunde hon ta anst\u00e4llningar vid sidan av, utan att sl\u00e4ppa det hon byggt upp. P\u00e5 s\u00e5 s\u00e4tt skapade hon b\u00e5de stabilitet och utveckling.<\/p>\n\n\n\n<p>I dag har hon med sig den erfarenheten in i rollen som verksamhetsledare f\u00f6r Nyf\u00f6retagarCentrum Nord. D\u00e4r arbetar hon med fr\u00e4mjandet av att det startas fler nya f\u00f6retag i norra Sverige. Hennes egna \u00e5r som f\u00f6retagare g\u00f6r att hon kan m\u00f6ta andra med b\u00e5de praktisk kunskap och f\u00f6rst\u00e5else f\u00f6r vad steget faktiskt inneb\u00e4r.<\/p>\n\n\n\n<p>\u201cEtt stopp p\u00e5 v\u00e4gen \u00e4r aldrig ett totalstopp. Du beh\u00f6ver bara hitta v\u00e4gen runt\u201d, s\u00e4ger hon.<\/p>\n\n\n\n<div style=\"height:40px\" aria-hidden=\"true\" class=\"wp-block-spacer\"><\/div>\n\n\n\n<figure class=\"wp-block-image size-large\"><img loading=\"lazy\" decoding=\"async\" width=\"667\" height=\"1024\" src=\"https:\/\/nyforetagarcentrum.se\/nord\/wp-content\/uploads\/sites\/104\/2026\/04\/\u00a9Damien-Noss-667x1024.jpg\" alt=\"\" class=\"wp-image-2703\" srcset=\"https:\/\/nyforetagarcentrum.se\/nord\/wp-content\/uploads\/sites\/104\/2026\/04\/\u00a9Damien-Noss-667x1024.jpg 667w, https:\/\/nyforetagarcentrum.se\/nord\/wp-content\/uploads\/sites\/104\/2026\/04\/\u00a9Damien-Noss-196x300.jpg 196w, https:\/\/nyforetagarcentrum.se\/nord\/wp-content\/uploads\/sites\/104\/2026\/04\/\u00a9Damien-Noss-768x1178.jpg 768w, https:\/\/nyforetagarcentrum.se\/nord\/wp-content\/uploads\/sites\/104\/2026\/04\/\u00a9Damien-Noss-1001x1536.jpg 1001w, https:\/\/nyforetagarcentrum.se\/nord\/wp-content\/uploads\/sites\/104\/2026\/04\/\u00a9Damien-Noss-704x1080.jpg 704w, https:\/\/nyforetagarcentrum.se\/nord\/wp-content\/uploads\/sites\/104\/2026\/04\/\u00a9Damien-Noss.jpg 1282w\" sizes=\"(max-width: 667px) 100vw, 667px\" \/><figcaption class=\"wp-element-caption\">\u00a9 Fotograf Damien Noss<\/figcaption><\/figure>\n\n\n\n<div style=\"height:40px\" aria-hidden=\"true\" class=\"wp-block-spacer\"><\/div>\n\n\n<section  class=\"nfc-block-quote\">\n    <div class=\"wrapper contained\">\n        <p class=\"quote h2\">Marknaden och villkoren har konstant \u00e4ndrats och jag har hela tiden varit tuvngen att hitta nya sp\u00e5r f\u00f6r att kunna forts\u00e4tta verksamheten. <\/p>\n        <div class=\"author\">\n            <div class=\"avatar\">\n                            <\/div>\n            <div class=\"text\">\n                <p class=\"name\">Petra Pihl<\/p>\n                <p class=\"subtitle\">Verksamhetsledare Nyf\u00f6retagarCentrum Nord<\/p>\n            <\/div>\n        <\/div>\n    <\/div>\n<\/section>\n\n\n<div style=\"height:40px\" aria-hidden=\"true\" class=\"wp-block-spacer\"><\/div>\n\n\n\n<h2 class=\"wp-block-heading\">Vikten av att forts\u00e4tta vara nyfiken<\/h2>\n\n\n\n<p>F\u00f6r Petra handlar framtiden inte bara om att f\u00f6retaget ska v\u00e4xa. Den handlar om att forts\u00e4tta vara nyfiken. P\u00e5 livet, p\u00e5 nya utmaningar och p\u00e5 vad som kan v\u00e4xa fram n\u00e4r man v\u00e5gar t\u00e4nka lite l\u00e4ngre \u00e4n n\u00e4sta uppdrag.<\/p>\n\n\n\n<p>Hon vill forts\u00e4tta investera det kapital som kommer in i f\u00f6retaget och l\u00e5ta avkastningen arbeta vid sidan av henne sj\u00e4lv. Men m\u00e5let \u00e4r inte att springa snabbare. Det \u00e4r att skapa mer frihet och mer utrymme i vardagen.<\/p>\n\n\n\n<p>\u201cDet s\u00e5 kallade livet, vardagspusslet och att f\u00e5 lagom med tid f\u00f6r det\u201d, s\u00e4ger hon.<\/p>\n\n\n\n<p>Mycket av den friheten finns ocks\u00e5 utanf\u00f6r arbetet. N\u00e4r hon \u00e4r ledig \u00e4r hon ofta i fotbollshallar och baskethallar. Hon har varit tr\u00e4nare f\u00f6r flera lag genom \u00e5ren och lagt m\u00e4ngder av kv\u00e4llar och helger p\u00e5 att f\u00f6lja ungdomar som idrottar tillsammans. Minnen som hon kommer se tillbaka p\u00e5 med stor gl\u00e4dje.<\/p>\n\n\n\n<div style=\"height:40px\" aria-hidden=\"true\" class=\"wp-block-spacer\"><\/div>\n\n\n\n<h2 class=\"wp-block-heading\">Petras r\u00e5d till dig som vill starta eget<\/h2>\n\n\n\n<p>Petras b\u00e4sta r\u00e5d till dig som funderar p\u00e5 att starta eget \u00e4r enkelt. Stanna upp f\u00f6rst.<\/p>\n\n\n\n<p>\u201cS\u00e4tt dig i soffan och andas ut, sl\u00e4ppt tanken p\u00e5 vad du borde eller m\u00e5ste i ditt liv, och fr\u00e5ga dig sj\u00e4lv vad du faktiskt vill g\u00f6ra om du verkligen fick \u00f6nska\u201d, s\u00e4ger hon. Det ligger mer kraft i det \u00e4n man kan tro.<\/p>\n\n\n\n<div style=\"height:40px\" aria-hidden=\"true\" class=\"wp-block-spacer\"><\/div>\n\n\n\n<figure class=\"wp-block-image size-large\"><img loading=\"lazy\" decoding=\"async\" width=\"1024\" height=\"768\" src=\"https:\/\/nyforetagarcentrum.se\/nord\/wp-content\/uploads\/sites\/104\/2026\/04\/lunchrast-1024x768.jpg\" alt=\"\" class=\"wp-image-2704\" srcset=\"https:\/\/nyforetagarcentrum.se\/nord\/wp-content\/uploads\/sites\/104\/2026\/04\/lunchrast-1024x768.jpg 1024w, https:\/\/nyforetagarcentrum.se\/nord\/wp-content\/uploads\/sites\/104\/2026\/04\/lunchrast-300x225.jpg 300w, https:\/\/nyforetagarcentrum.se\/nord\/wp-content\/uploads\/sites\/104\/2026\/04\/lunchrast-768x576.jpg 768w, https:\/\/nyforetagarcentrum.se\/nord\/wp-content\/uploads\/sites\/104\/2026\/04\/lunchrast-1536x1152.jpg 1536w, https:\/\/nyforetagarcentrum.se\/nord\/wp-content\/uploads\/sites\/104\/2026\/04\/lunchrast-2048x1536.jpg 2048w, https:\/\/nyforetagarcentrum.se\/nord\/wp-content\/uploads\/sites\/104\/2026\/04\/lunchrast-1440x1080.jpg 1440w\" sizes=\"(max-width: 1024px) 100vw, 1024px\" \/><\/figure>\n\n\n\n<div style=\"height:40px\" aria-hidden=\"true\" class=\"wp-block-spacer\"><\/div>\n","protected":false},"excerpt":{"rendered":"<p>Det&nbsp;\u00e4r&nbsp;kanske&nbsp;l\u00e4tt&nbsp;att&nbsp;tro&nbsp;att&nbsp;frihet&nbsp;som&nbsp;f\u00f6retagare&nbsp;handlar&nbsp;om&nbsp;att&nbsp;kunna&nbsp;jobba&nbsp;n\u00e4r&nbsp;man&nbsp;vill. F\u00f6r&nbsp;Petra&nbsp;Pihl&nbsp;har&nbsp;det&nbsp;n\u00e4stan&nbsp;handlat&nbsp;mer&nbsp;om&nbsp;motsatsen. Att&nbsp;kunna&nbsp;l\u00e5ta&nbsp;bli. M\u00f6t Nyf\u00f6retagarCentrum Nords verksamhetsledare och ta del av hennes b\u00e4sta tips f\u00f6r att skapa ett f\u00f6retag som passar in i ditt liv, inte tv\u00e4rtom. Id\u00e9n till det egna f\u00f6retaget f\u00f6ddes en kv\u00e4ll n\u00e4r Petra hade varit ute med v\u00e4nner. Hon kom hem, satte sig i soffan och k\u00e4nde hur lugnet spred sig. [&hellip;]<\/p>\n","protected":false},"author":96,"featured_media":2712,"comment_status":"open","ping_status":"open","sticky":false,"template":"","format":"standard","meta":{"footnotes":""},"categories":[29,28],"tags":[],"acf":[],"_links":{"self":[{"href":"https:\/\/nyforetagarcentrum.se\/nord\/wp-json\/wp\/v2\/posts\/2699"}],"collection":[{"href":"https:\/\/nyforetagarcentrum.se\/nord\/wp-json\/wp\/v2\/posts"}],"about":[{"href":"https:\/\/nyforetagarcentrum.se\/nord\/wp-json\/wp\/v2\/types\/post"}],"author":[{"embeddable":true,"href":"https:\/\/nyforetagarcentrum.se\/nord\/wp-json\/wp\/v2\/users\/96"}],"replies":[{"embeddable":true,"href":"https:\/\/nyforetagarcentrum.se\/nord\/wp-json\/wp\/v2\/comments?post=2699"}],"version-history":[{"count":15,"href":"https:\/\/nyforetagarcentrum.se\/nord\/wp-json\/wp\/v2\/posts\/2699\/revisions"}],"predecessor-version":[{"id":2743,"href":"https:\/\/nyforetagarcentrum.se\/nord\/wp-json\/wp\/v2\/posts\/2699\/revisions\/2743"}],"wp:featuredmedia":[{"embeddable":true,"href":"https:\/\/nyforetagarcentrum.se\/nord\/wp-json\/wp\/v2\/media\/2712"}],"wp:attachment":[{"href":"https:\/\/nyforetagarcentrum.se\/nord\/wp-json\/wp\/v2\/media?parent=2699"}],"wp:term":[{"taxonomy":"category","embeddable":true,"href":"https:\/\/nyforetagarcentrum.se\/nord\/wp-json\/wp\/v2\/categories?post=2699"},{"taxonomy":"post_tag","embeddable":true,"href":"https:\/\/nyforetagarcentrum.se\/nord\/wp-json\/wp\/v2\/tags?post=2699"}],"curies":[{"name":"wp","href":"https:\/\/api.w.org\/{rel}","templated":true}]}}