{"id":2467,"date":"2026-02-02T09:00:00","date_gmt":"2026-02-02T08:00:00","guid":{"rendered":"https:\/\/nyforetagarcentrum.se\/nord\/?p=2467"},"modified":"2026-01-26T15:45:20","modified_gmt":"2026-01-26T14:45:20","slug":"nyforetagarcentrum-nord-valkomnar-ebk-infra-som-ny-partner-i-boden","status":"publish","type":"post","link":"https:\/\/nyforetagarcentrum.se\/nord\/2026\/02\/02\/nyforetagarcentrum-nord-valkomnar-ebk-infra-som-ny-partner-i-boden\/","title":{"rendered":"Nyf\u00f6retagarCentrum Nord v\u00e4lkomnar EBK Infra som ny partner i Boden"},"content":{"rendered":"\n<p>Partnerskapet inneb\u00e4r att <a href=\"https:\/\/ebkinfra.se\/\" data-type=\"link\" data-id=\"https:\/\/ebkinfra.se\/\">EBK Infra<\/a> \u00e4r med och st\u00f6ttar arbetet med att hj\u00e4lpa fler att starta och driva f\u00f6retag i kommunen.\u00a0<\/p>\n\n\n\n<p>EBK Infra \u00e4r tekniska konsulter inom mark och VA, med kontor i Boden. N\u00e4r de nu g\u00e5r in som partner till Nyf\u00f6retagarCentrum handlar det om att ge tillbaka.<\/p>\n\n\n\n<p>\u201cVi vet av egen erfarenhet hur avg\u00f6rande r\u00e4tt st\u00f6d \u00e4r i b\u00f6rjan av ett f\u00f6retagande. Att ha n\u00e5gon att bolla id\u00e9er med och f\u00e5 hj\u00e4lp att navigera i alla beslut \u00e4r en stor nyckelfaktor f\u00f6r att ta sig fram\u00e5t\u201d, s\u00e4ger Sofi Hansson p\u00e5 EBK Infra.<\/p>\n\n\n\n<p>\u201cDet k\u00e4nns extra kul att v\u00e4lkomna en partner som verkligen f\u00f6rst\u00e5r v\u00e4rdet av det vi g\u00f6r. Att de sj\u00e4lva har den erfarenheten g\u00f6r det extra meningsfullt, s\u00e4ger Petra Pihl, verksamhetsledare p\u00e5 Nyf\u00f6retagarCentrum Nord.<\/p>\n\n\n\n<p>Partnerskapet g\u00e4ller fr\u00e5n januari 2026.<\/p>\n\n\n\n<p><\/p>\n\n\n\n<p><a href=\"https:\/\/ebkinfra.se\/\">L\u00e4s mer om EBK Infra h\u00e4r<\/a><\/p>\n","protected":false},"excerpt":{"rendered":"<p>Partnerskapet inneb\u00e4r att EBK Infra \u00e4r med och st\u00f6ttar arbetet med att hj\u00e4lpa fler att starta och driva f\u00f6retag i kommunen.\u00a0 EBK Infra \u00e4r tekniska konsulter inom mark och VA, med kontor i Boden. N\u00e4r de nu g\u00e5r in som partner till Nyf\u00f6retagarCentrum handlar det om att ge tillbaka. \u201cVi vet av egen erfarenhet hur [&hellip;]<\/p>\n","protected":false},"author":96,"featured_media":2468,"comment_status":"open","ping_status":"open","sticky":false,"template":"","format":"standard","meta":{"footnotes":""},"categories":[26],"tags":[],"acf":[],"_links":{"self":[{"href":"https:\/\/nyforetagarcentrum.se\/nord\/wp-json\/wp\/v2\/posts\/2467"}],"collection":[{"href":"https:\/\/nyforetagarcentrum.se\/nord\/wp-json\/wp\/v2\/posts"}],"about":[{"href":"https:\/\/nyforetagarcentrum.se\/nord\/wp-json\/wp\/v2\/types\/post"}],"author":[{"embeddable":true,"href":"https:\/\/nyforetagarcentrum.se\/nord\/wp-json\/wp\/v2\/users\/96"}],"replies":[{"embeddable":true,"href":"https:\/\/nyforetagarcentrum.se\/nord\/wp-json\/wp\/v2\/comments?post=2467"}],"version-history":[{"count":1,"href":"https:\/\/nyforetagarcentrum.se\/nord\/wp-json\/wp\/v2\/posts\/2467\/revisions"}],"predecessor-version":[{"id":2469,"href":"https:\/\/nyforetagarcentrum.se\/nord\/wp-json\/wp\/v2\/posts\/2467\/revisions\/2469"}],"wp:featuredmedia":[{"embeddable":true,"href":"https:\/\/nyforetagarcentrum.se\/nord\/wp-json\/wp\/v2\/media\/2468"}],"wp:attachment":[{"href":"https:\/\/nyforetagarcentrum.se\/nord\/wp-json\/wp\/v2\/media?parent=2467"}],"wp:term":[{"taxonomy":"category","embeddable":true,"href":"https:\/\/nyforetagarcentrum.se\/nord\/wp-json\/wp\/v2\/categories?post=2467"},{"taxonomy":"post_tag","embeddable":true,"href":"https:\/\/nyforetagarcentrum.se\/nord\/wp-json\/wp\/v2\/tags?post=2467"}],"curies":[{"name":"wp","href":"https:\/\/api.w.org\/{rel}","templated":true}]}}