{"id":2357,"date":"2026-01-16T14:02:02","date_gmt":"2026-01-16T13:02:02","guid":{"rendered":"https:\/\/nyforetagarcentrum.se\/nord\/?p=2357"},"modified":"2026-01-16T14:10:20","modified_gmt":"2026-01-16T13:10:20","slug":"starkt-positiva-siffror-for-nyforetagandet-i-lanet-2025","status":"publish","type":"post","link":"https:\/\/nyforetagarcentrum.se\/nord\/2026\/01\/16\/starkt-positiva-siffror-for-nyforetagandet-i-lanet-2025\/","title":{"rendered":"Starkt positiva siffror f\u00f6r nyf\u00f6retagandet i l\u00e4net 2025!"},"content":{"rendered":"\n<p><strong>\u00d6kad trend:&nbsp; Personer med utl\u00e4ndsk bakgrund startar f\u00f6retag inom bes\u00f6ksn\u00e4ringen<\/strong><\/p>\n\n\n\n<p>Foto \u00a9 <a href=\"https:\/\/nordicperspectives.media\/\" data-type=\"link\" data-id=\"https:\/\/nordicperspectives.media\/\">Damien Noss nordicperspectives.media<\/a><\/p>\n\n\n\n<p>Nyf\u00f6retagarCentrum Nords f\u00f6retagsr\u00e5dgivning till nystartsf\u00f6retag i Norrbotten \u00f6kade stort under 2025 med hela 52%, (fr\u00e5n 429 till 651 individuella r\u00e5dgivningar) och antalet nya f\u00f6retag som startades efter r\u00e5dgivningen \u00f6kade med 12,5% i j\u00e4mf\u00f6relse med f\u00f6reg\u00e5ende \u00e5r (fr\u00e5n 145 till 163 nya f\u00f6retag).&nbsp;<\/p>\n\n\n\n<p>&#8211; \u201d<em>Att nyf\u00f6retagandet \u00f6kar i v\u00e5ra Norrbottenskommuner \u00e4r otroligt positivt med tanke p\u00e5 att vi under st\u00f6rre delen av 2025 befunnit oss i en utdragen l\u00e5gkonjunktur\u201d,&nbsp; <\/em>s\u00e4ger Petra Pihl, verksamhetsledare f\u00f6r Nyf\u00f6retagarCentrum Nord.<em>&nbsp;<\/em><\/p>\n\n\n\n<p>Samtidigt l\u00e5g antal nystartade f\u00f6retag i Sverige som helhet p\u00e5 fortsatt l\u00e5ga niv\u00e5er under 2025, med en slutlig blygsam \u00f6kning om 6 % fr\u00e5n fjol\u00e5rets bottenniv\u00e5er. I Norrbotten \u00f6kade nyf\u00f6retagandet d\u00e4remot som helhet med 11 %, vilket placerar Norrbotten som fj\u00e4rde b\u00e4sta l\u00e4n i landet.<em> <\/em><em><br><\/em><em><br><\/em><em>&#8211; \u201dDet \u00e4r gl\u00e4djande siffror f\u00f6r Norrbotten, vilket \u00e4ven har speglats hos oss p\u00e5 Nyf\u00f6retagarCentrum Nord ute i kommunerna under \u00e5ret.\u201d, s\u00e4ger Petra Pihl.<\/em><em><br><\/em><em><br><\/em>De nystartade r\u00e5dgivningsf\u00f6retagen ber\u00e4knas ha genererat \u00f6ver 12 miljoner kronor i skatteint\u00e4kter till kommunerna under enbart de f\u00f6rsta verksamma m\u00e5naderna 2025 (en \u00f6kning med 1,5 miljoner kr i j\u00e4mf\u00f6relse med f\u00f6reg\u00e5ende \u00e5r). <em><br><\/em><\/p>\n\n\n\n<p><strong>Utl\u00e4ndska personer startar f\u00f6retag inom bes\u00f6ksn\u00e4ringen i Norrbotten<\/strong><strong><br><\/strong><br>\u00d6kningen av nystartsr\u00e5dgivning i l\u00e4net best\u00e5r enligt Nyf\u00f6retagarCentrum Nord delvis i att fler utl\u00e4ndska personer hittat till det kostnadsfria nystartsst\u00f6d som finns att ta del av. Mer \u00e4n var tredje person som tog st\u00f6d f\u00f6r att starta f\u00f6retag under 2025 via Nyf\u00f6retagarCentrum Nord hade utl\u00e4ndsk bakgrund, vilket \u00e4r en \u00f6kning med 14% i j\u00e4mf\u00f6relse med tidigare \u00e5r (fr\u00e5n 265 till 450 r\u00e5dgivningar till utl\u00e4ndska personer).&nbsp;<\/p>\n\n\n\n<p>Det som framf\u00f6rallt sticker ut \u00e4r \u00d6verkalix och Haparanda kommuner d\u00e4r \u00f6ver h\u00e4lften av alla personer som s\u00f6kte st\u00f6d f\u00f6r att starta f\u00f6retag var personer med utl\u00e4ndsk bakgrund som bl.a. just flyttat till (eller planerar att flytta till) dessa kommuner. M\u00e5nga av dessa har som m\u00e5l att starta och vidareutveckla f\u00f6retag inom bes\u00f6ksn\u00e4ringen.<br><br>&#8211; <em>\u201dNystartsf\u00f6retag inom bes\u00f6ksn\u00e4ringen \u00e4r generellt en trend som vi ser i Tornedalskommunerna d\u00e4r uppemot 30% av allt nystartsst\u00f6d som efterfr\u00e5gas handlar om f\u00f6retag inom bes\u00f6ksn\u00e4ringen, i j\u00e4mf\u00f6relse med endast 1% i \u00f6vriga Sverige\u201d, <\/em>&nbsp;s\u00e4ger Petra Pihl.&nbsp;Det handlar framf\u00f6rallt om \u00d6verkalix och \u00d6vertorne\u00e5 kommuner, men \u00e4ven Haparanda och Pajala \u00e4r med och sticker ut.<em> <\/em>Naturupplevelser och stilla landsbygd som f\u00f6r m\u00e5nga norrbottningar \u00e4r n\u00e5got vardagligt och sj\u00e4lvklart, \u00e4r n\u00e5got som utl\u00e4ndska personer m\u00e5nga g\u00e5nger upplever exklusivt och grunden till en aff\u00e4rsid\u00e9, enligt Nyf\u00f6retagarCentrum Nords siffror.<\/p>\n\n\n\n<p>I \u00f6vrigt var trenden f\u00f6r nystartsr\u00e5dgivningen under 2025 framf\u00f6rallt stor inom branscherna Bygg\/ Anl\u00e4ggning, samt H\u00e4lsa\/ Omsorg, som b\u00e5da stod f\u00f6r 9 % av all nystartsr\u00e5dgivning i l\u00e4net via Nyf\u00f6retagarCentrum Nord.<\/p>\n","protected":false},"excerpt":{"rendered":"<p>\u00d6kad trend:&nbsp; Personer med utl\u00e4ndsk bakgrund startar f\u00f6retag inom bes\u00f6ksn\u00e4ringen Foto \u00a9 Damien Noss nordicperspectives.media Nyf\u00f6retagarCentrum Nords f\u00f6retagsr\u00e5dgivning till nystartsf\u00f6retag i Norrbotten \u00f6kade stort under 2025 med hela 52%, (fr\u00e5n 429 till 651 individuella r\u00e5dgivningar) och antalet nya f\u00f6retag som startades efter r\u00e5dgivningen \u00f6kade med 12,5% i j\u00e4mf\u00f6relse med f\u00f6reg\u00e5ende \u00e5r (fr\u00e5n 145 till 163 [&hellip;]<\/p>\n","protected":false},"author":96,"featured_media":2362,"comment_status":"closed","ping_status":"open","sticky":false,"template":"","format":"standard","meta":{"footnotes":""},"categories":[29],"tags":[],"acf":[],"_links":{"self":[{"href":"https:\/\/nyforetagarcentrum.se\/nord\/wp-json\/wp\/v2\/posts\/2357"}],"collection":[{"href":"https:\/\/nyforetagarcentrum.se\/nord\/wp-json\/wp\/v2\/posts"}],"about":[{"href":"https:\/\/nyforetagarcentrum.se\/nord\/wp-json\/wp\/v2\/types\/post"}],"author":[{"embeddable":true,"href":"https:\/\/nyforetagarcentrum.se\/nord\/wp-json\/wp\/v2\/users\/96"}],"replies":[{"embeddable":true,"href":"https:\/\/nyforetagarcentrum.se\/nord\/wp-json\/wp\/v2\/comments?post=2357"}],"version-history":[{"count":3,"href":"https:\/\/nyforetagarcentrum.se\/nord\/wp-json\/wp\/v2\/posts\/2357\/revisions"}],"predecessor-version":[{"id":2363,"href":"https:\/\/nyforetagarcentrum.se\/nord\/wp-json\/wp\/v2\/posts\/2357\/revisions\/2363"}],"wp:featuredmedia":[{"embeddable":true,"href":"https:\/\/nyforetagarcentrum.se\/nord\/wp-json\/wp\/v2\/media\/2362"}],"wp:attachment":[{"href":"https:\/\/nyforetagarcentrum.se\/nord\/wp-json\/wp\/v2\/media?parent=2357"}],"wp:term":[{"taxonomy":"category","embeddable":true,"href":"https:\/\/nyforetagarcentrum.se\/nord\/wp-json\/wp\/v2\/categories?post=2357"},{"taxonomy":"post_tag","embeddable":true,"href":"https:\/\/nyforetagarcentrum.se\/nord\/wp-json\/wp\/v2\/tags?post=2357"}],"curies":[{"name":"wp","href":"https:\/\/api.w.org\/{rel}","templated":true}]}}