{"id":2266,"date":"2025-11-17T14:21:46","date_gmt":"2025-11-17T13:21:46","guid":{"rendered":"https:\/\/nyforetagarcentrum.se\/nord\/?p=2266"},"modified":"2025-11-17T14:36:39","modified_gmt":"2025-11-17T13:36:39","slug":"tomas-bjornfot-ny-radgivare-for-nyforetagarcentrum-nord-i-haparanda","status":"publish","type":"post","link":"https:\/\/nyforetagarcentrum.se\/nord\/2025\/11\/17\/tomas-bjornfot-ny-radgivare-for-nyforetagarcentrum-nord-i-haparanda\/","title":{"rendered":"Tomas Bj\u00f6rnfot ny r\u00e5dgivare f\u00f6r Nyf\u00f6retagarCentrum Nord i Haparanda"},"content":{"rendered":"\n<p>Tomas Bj\u00f6rnfot kommer med gedigen erfarenhet fr\u00e5n n\u00e4ringslivet d\u00e4r han tidigare arbetat b\u00e5de&nbsp;p\u00e5 kommunens n\u00e4ringslivskontor och m\u00e5nga \u00e5r p\u00e5 bank samt driver eget f\u00f6retag inom uthyrning av lokaler och bost\u00e4der i Haparanda.&nbsp;Han blir nu den som ska hj\u00e4lpa nya f\u00f6retagare i Haparanda med r\u00e5dgivning och st\u00f6d som de kan&nbsp;beh\u00f6va i b\u00f6rjan av sin f\u00f6retagsresa med allt ifr\u00e5n att skapa en aff\u00e4rsplan, till vidare utveckling och tillv\u00e4xtstrategier.<\/p>\n\n\n\n<p>Sedan Haparanda kommun \u00e5terinledde samarbetet med Nyf\u00f6retagarCentrum Nord i januari 2025 har antalet nystartsr\u00e5dgivningar mer \u00e4n f\u00f6rdubblats j\u00e4mf\u00f6rt med tidigare \u00e5r. S\u00e4rskilt tydlig \u00e4r trenden inom turistf\u00f6retagande, d\u00e4r Haparanda ligger i topp b\u00e5de j\u00e4mf\u00f6rt med \u00f6vriga Norrbotten och Sverige.<\/p>\n\n\n\n<p>\u2013 Att f\u00e5 vara med och forts\u00e4tta utveckla f\u00f6retagandet i Haparanda k\u00e4nns mycket inspirerande. Jag ser fram emot att m\u00f6ta alla som har id\u00e9er och dr\u00f6mmar om att starta eller utveckla sitt f\u00f6retag, och att kunna bidra med b\u00e5de erfarenhet och r\u00e5d p\u00e5 v\u00e4gen, s\u00e4ger Tomas Bj\u00f6rnfot.<\/p>\n\n\n\n<p>Petra Pihl, verksamhetsledare f\u00f6r Nyf\u00f6retagarCentrum Nord, \u00e4r glad \u00f6ver att kunna forts\u00e4tta erbjuda stark n\u00e4rvaro i Haparanda.<\/p>\n\n\n\n<p>\u2013 Den positiva utvecklingen vi sett i Haparanda visar att det finns ett stort behov av v\u00e5ra tj\u00e4nster. Med Tomas ombord kan vi forts\u00e4tta ge det st\u00f6d som f\u00f6retagare beh\u00f6ver f\u00f6r att lyckas. Hans erfarenhet fr\u00e5n n\u00e4ringslivet och k\u00e4nnedom om regionen g\u00f6r honom till en perfekt r\u00e5dgivare f\u00f6r lokala f\u00f6retagare, s\u00e4ger Petra Pihl.<\/p>\n\n\n\n<p>R\u00e5dgivningen \u00e4r kostnadsfri och konfidentiell f\u00f6r alla som vill starta f\u00f6retag eller har drivit f\u00f6retag i h\u00f6gst tre \u00e5r.&nbsp;<\/p>\n\n\n\n<p><strong>Om Nyf\u00f6retagarCentrum Nord<br><\/strong>Nyf\u00f6retagarCentrum Nord \u00e4r en ideell f\u00f6rening som grundades 2015 f\u00f6r att underl\u00e4tta f\u00f6r nya f\u00f6retagare i Norrbotten. Organisationen erbjuder kostnadsfri r\u00e5dgivning, utbildningar och mentorskap till personer som vill starta eller utveckla f\u00f6retag. Nyf\u00f6retagarCentrum Nord samarbetar med \u00e5tta kommuner i l\u00e4net: Arvidsjaur, Boden, Haparanda, Lule\u00e5, Pajala, Pite\u00e5, \u00d6verkalix och \u00d6vertorne\u00e5.<\/p>\n\n\n\n<p><strong>F\u00f6r mer information, kontakta:<\/strong><\/p>\n\n\n\n<p>Tomas Bj\u00f6rnfot<br>R\u00e5dgivare Haparanda<br>073-088 64 10<br><a href=\"mailto:tomas.bjornfot@nyforetagarcentrum.se\" target=\"_blank\" rel=\"noreferrer noopener\">tomas.bjornfot@nyforetagarcentrum.se<\/a><\/p>\n\n\n\n<p>Petra Pihl<br>Verksamhetsledare, Nyf\u00f6retagarCentrum Nord<br>Telefon: 070-255 23 16<br>E-post:&nbsp;<a href=\"mailto:petra.pihl@nyforetagarcentrum.se\" target=\"_blank\" rel=\"noreferrer noopener\">petra.pihl@nyforetagarcentrum.se<\/a><\/p>\n","protected":false},"excerpt":{"rendered":"<p>Tomas Bj\u00f6rnfot kommer med gedigen erfarenhet fr\u00e5n n\u00e4ringslivet d\u00e4r han tidigare arbetat b\u00e5de&nbsp;p\u00e5 kommunens n\u00e4ringslivskontor och m\u00e5nga \u00e5r p\u00e5 bank samt driver eget f\u00f6retag inom uthyrning av lokaler och bost\u00e4der i Haparanda.&nbsp;Han blir nu den som ska hj\u00e4lpa nya f\u00f6retagare i Haparanda med r\u00e5dgivning och st\u00f6d som de kan&nbsp;beh\u00f6va i b\u00f6rjan av sin f\u00f6retagsresa med [&hellip;]<\/p>\n","protected":false},"author":96,"featured_media":2270,"comment_status":"open","ping_status":"open","sticky":false,"template":"","format":"standard","meta":{"footnotes":""},"categories":[28],"tags":[],"acf":[],"_links":{"self":[{"href":"https:\/\/nyforetagarcentrum.se\/nord\/wp-json\/wp\/v2\/posts\/2266"}],"collection":[{"href":"https:\/\/nyforetagarcentrum.se\/nord\/wp-json\/wp\/v2\/posts"}],"about":[{"href":"https:\/\/nyforetagarcentrum.se\/nord\/wp-json\/wp\/v2\/types\/post"}],"author":[{"embeddable":true,"href":"https:\/\/nyforetagarcentrum.se\/nord\/wp-json\/wp\/v2\/users\/96"}],"replies":[{"embeddable":true,"href":"https:\/\/nyforetagarcentrum.se\/nord\/wp-json\/wp\/v2\/comments?post=2266"}],"version-history":[{"count":1,"href":"https:\/\/nyforetagarcentrum.se\/nord\/wp-json\/wp\/v2\/posts\/2266\/revisions"}],"predecessor-version":[{"id":2269,"href":"https:\/\/nyforetagarcentrum.se\/nord\/wp-json\/wp\/v2\/posts\/2266\/revisions\/2269"}],"wp:featuredmedia":[{"embeddable":true,"href":"https:\/\/nyforetagarcentrum.se\/nord\/wp-json\/wp\/v2\/media\/2270"}],"wp:attachment":[{"href":"https:\/\/nyforetagarcentrum.se\/nord\/wp-json\/wp\/v2\/media?parent=2266"}],"wp:term":[{"taxonomy":"category","embeddable":true,"href":"https:\/\/nyforetagarcentrum.se\/nord\/wp-json\/wp\/v2\/categories?post=2266"},{"taxonomy":"post_tag","embeddable":true,"href":"https:\/\/nyforetagarcentrum.se\/nord\/wp-json\/wp\/v2\/tags?post=2266"}],"curies":[{"name":"wp","href":"https:\/\/api.w.org\/{rel}","templated":true}]}}