{"id":2253,"date":"2025-10-08T13:11:00","date_gmt":"2025-10-08T11:11:00","guid":{"rendered":"https:\/\/nyforetagarcentrum.se\/nord\/?p=2253"},"modified":"2025-11-10T13:12:20","modified_gmt":"2025-11-10T12:12:20","slug":"arets-nyforetag-i-norrbotten-2025","status":"publish","type":"post","link":"https:\/\/nyforetagarcentrum.se\/nord\/2025\/10\/08\/arets-nyforetag-i-norrbotten-2025\/","title":{"rendered":"\u00c5rets nyf\u00f6retag i Norrbotten 2025"},"content":{"rendered":"\n<p><strong>\u00c5rets Nyf\u00f6retag 2025 i Norrbotten, Culpeo People &amp; Culture Partner AB i Lule\u00e5, blev under onsdagen utsedd och prisad vid en ceremoni p\u00e5 residenset i Lule\u00e5 ledd av landsh\u00f6vdingen och Nyf\u00f6retagarCentrum Nord. Ur nomineringen: \u201dSedan starten har de etablerat sig som en stark och p\u00e5litlig akt\u00f6r inom sin bransch och visat att det g\u00e5r att kombinera snabb expansion med god l\u00f6nsamhet.\u201d<\/strong><\/p>\n\n\n\n<p>\u00c5rets Nyf\u00f6retag&nbsp;<a href=\"https:\/\/culpeo.se\/\">Culpeo People &amp; Culture Partner AB<\/a>&nbsp;startades \u00e5r 2022 av grundarna John Bergmark, Martin Edin, Anna Rosendahl och Karin Larsson. Bolaget erbjuder HR-l\u00f6sningar s\u00e5som rekrytering, interminsl\u00f6sningar, employer branding etc.<\/p>\n\n\n\n<p><strong>Nomineringen till \u00c5rets Nyf\u00f6retag l\u00f6d:<\/strong><\/p>\n\n\n\n<p><em>\u201dSedan starten har de etablerat sig som en stark och p\u00e5litlig akt\u00f6r inom sin bransch. Med ett tydligt fokus p\u00e5 kvalit\u00e9t, h\u00e5llbar tillv\u00e4xt och kundanpassade l\u00f6sningar har de visat att det g\u00e5r att kombinera snabb expansion med god l\u00f6nsamhet. De har med sin gemensamma expertis, entrepren\u00f6riella drivkraft och sitt engagemang lyckats skapa ett f\u00f6retag d\u00e4r b\u00e5de kunder och medarbetare st\u00e5r i centrum. F\u00f6retagets utveckling pr\u00e4glas av mod, l\u00e5ngsiktighet och en stark f\u00f6retagskultur, egenskaper som g\u00f6r dem till en mycket v\u00e4rdig vinnare till priset \u00c5rets Nyf\u00f6retag i Norrbotten 2025!\u201d<\/em><\/p>\n\n\n\n<p><br>De nominerade tas fram utifr\u00e5n kandidater som Nyf\u00f6retagarCentrum Nord hj\u00e4lp i sin verksamhet under de senaste \u00e5ren och d\u00e4r f\u00f6retaget inte f\u00e5r vara registrerat f\u00f6r mer \u00e4n maximalt 4 \u00e5r sedan. F\u00f6retaget ska bedriva en l\u00e5ngsiktigt h\u00e5llbar aff\u00e4rsid\u00e9 tillsammans med en lovande oms\u00e4ttning och resultat.<\/p>\n\n\n\n<h3 class=\"wp-block-heading\"><strong>Norrbottens motor<\/strong><\/h3>\n\n\n\n<p><strong>Landsh\u00f6vding Lotta Finstorp<\/strong>&nbsp;delade ut blommor, pris och diplom till vinnarna vid ceremonin p\u00e5 residenset. \u2013 Det \u00e4r gl\u00e4djande att f\u00e5 se alla nya f\u00f6retag som v\u00e4xer fram i Norrbotten, s\u00e4ger Lotta Finstorp. Det \u00e4r h\u00e4r framtiden finns!<\/p>\n\n\n\n<p>Under ceremonin tackades \u00e4ven \u00f6vriga tv\u00e5 nominerade finalister fr\u00e5n l\u00e4net:&nbsp;<strong><a href=\"https:\/\/tandhalsanboden.se\/\">Tandh\u00e4lsan i Boden<\/a><\/strong>&nbsp;(Molar Norr AB) som drivs av Luisa Larsson Montoya, samt&nbsp;<a href=\"https:\/\/brasabbq.se\/\">Brasa BBQ<\/a>&nbsp;i Pite\u00e5 AB som drivs av Nasim Mamoun.<\/p>\n\n\n\n<p>\u2013 Alla tre nominerade finalister har gjort imponerande resor som nystartade f\u00f6retag i Norrbotten, s\u00e4ger Petra Pihl, verksamhetsledare p\u00e5 Nyf\u00f6retagarCentrum Nord. De \u00e4r alla mycket v\u00e4rdiga kandidater och bidrar var och en som b\u00e5de en viktig arbetsgivare i sin kommun, likv\u00e4l med sina tj\u00e4nster till ett mer attraktivt och levande l\u00e4n. F\u00f6retagen \u00e4r Norrbottens motor och d\u00e4rf\u00f6r vill vi hedra och lyfta fram f\u00f6retag som dessa som utm\u00e4rker sig.<\/p>\n\n\n\n<p><strong>Culpeo People &amp; Culture Partner AB blir i och med utm\u00e4rkelsen \u00e4ven nominerad till \u00c5rets Nyf\u00f6retagare nationellt d\u00e4r vinnare utses senare i \u00e5r.<\/strong><\/p>\n\n\n\n<p><\/p>\n\n\n\n<figure class=\"wp-block-image\"><img decoding=\"async\" src=\"https:\/\/i0.wp.com\/media.nyforetagarcentrumnord.se\/2025\/10\/IMG_9340.jpg?resize=1024%2C683&amp;ssl=1\" alt=\"\" class=\"wp-image-13172\" \/><\/figure>\n","protected":false},"excerpt":{"rendered":"<p>\u00c5rets Nyf\u00f6retag 2025 i Norrbotten, Culpeo People &amp; Culture Partner AB i Lule\u00e5, blev under onsdagen utsedd och prisad vid en ceremoni p\u00e5 residenset i Lule\u00e5 ledd av landsh\u00f6vdingen och Nyf\u00f6retagarCentrum Nord. Ur nomineringen: \u201dSedan starten har de etablerat sig som en stark och p\u00e5litlig akt\u00f6r inom sin bransch och visat att det g\u00e5r att [&hellip;]<\/p>\n","protected":false},"author":96,"featured_media":2254,"comment_status":"open","ping_status":"open","sticky":false,"template":"","format":"standard","meta":{"footnotes":""},"categories":[18],"tags":[],"acf":[],"_links":{"self":[{"href":"https:\/\/nyforetagarcentrum.se\/nord\/wp-json\/wp\/v2\/posts\/2253"}],"collection":[{"href":"https:\/\/nyforetagarcentrum.se\/nord\/wp-json\/wp\/v2\/posts"}],"about":[{"href":"https:\/\/nyforetagarcentrum.se\/nord\/wp-json\/wp\/v2\/types\/post"}],"author":[{"embeddable":true,"href":"https:\/\/nyforetagarcentrum.se\/nord\/wp-json\/wp\/v2\/users\/96"}],"replies":[{"embeddable":true,"href":"https:\/\/nyforetagarcentrum.se\/nord\/wp-json\/wp\/v2\/comments?post=2253"}],"version-history":[{"count":1,"href":"https:\/\/nyforetagarcentrum.se\/nord\/wp-json\/wp\/v2\/posts\/2253\/revisions"}],"predecessor-version":[{"id":2255,"href":"https:\/\/nyforetagarcentrum.se\/nord\/wp-json\/wp\/v2\/posts\/2253\/revisions\/2255"}],"wp:featuredmedia":[{"embeddable":true,"href":"https:\/\/nyforetagarcentrum.se\/nord\/wp-json\/wp\/v2\/media\/2254"}],"wp:attachment":[{"href":"https:\/\/nyforetagarcentrum.se\/nord\/wp-json\/wp\/v2\/media?parent=2253"}],"wp:term":[{"taxonomy":"category","embeddable":true,"href":"https:\/\/nyforetagarcentrum.se\/nord\/wp-json\/wp\/v2\/categories?post=2253"},{"taxonomy":"post_tag","embeddable":true,"href":"https:\/\/nyforetagarcentrum.se\/nord\/wp-json\/wp\/v2\/tags?post=2253"}],"curies":[{"name":"wp","href":"https:\/\/api.w.org\/{rel}","templated":true}]}}