{"id":1237,"date":"2024-04-05T11:22:09","date_gmt":"2024-04-05T09:22:09","guid":{"rendered":"https:\/\/nyforetagarcentrum.se\/mellerstaostergotland\/?post_type=story&#038;p=1237"},"modified":"2024-12-04T14:33:57","modified_gmt":"2024-12-04T13:33:57","slug":"deco-padel","status":"publish","type":"story","link":"https:\/\/nyforetagarcentrum.se\/mellerstaostergotland\/success-stories\/deco-padel\/","title":{"rendered":"DECO Padel"},"content":{"rendered":"\n<p><strong>DECO Padel \u00e4r \u00c5tvidaberg f\u00f6rsta padelhall. Vi tar ett snack med en av eldsj\u00e4larna, Daniel Hallingstr\u00f6m och l\u00e5ter honom ber\u00e4tta lite om hur han tillsammans med n\u00e5gra v\u00e4nner startade upp DECO Padel. F\u00f6retaget g\u00e5r bra och har dessutom prisats som \u00e5rets nyf\u00f6retagare i \u00c5tvidaberg. Som vanligt ber vi om n\u00e5gra bra tips till andra som funderar p\u00e5 att starta eget.<\/strong><\/p>\n\n\n\n<p>Daniel driver f\u00f6retaget tillsammans med Christoffer Karlsson, Emil Herge och Oscar Karlsson. Samtliga \u00e4r lokala sportprofiler och inbitna padelspelare som g\u00e4rna spelar tillsammans p\u00e5 n\u00e5gon av de tre banorna. I lokalerna finns \u00e4ven en inbjudande loungedel, konferensrum och omkl\u00e4dningsrum.<\/p>\n\n\n\n<h3 class=\"wp-block-heading\">Hall\u00e5 Daniel, hur har det g\u00e5tt sedan ni \u00f6ppnade?<\/h3>\n\n\n\n<p>\u2013<em>Vi \u00f6ppnade mitt i en pandemi, s\u00e5 det var speciellt. Men totalt sett, \u00f6ver \u00e5ret s\u00e5 \u00e4r vi n\u00f6jda. Hallen har varit v\u00e4ldigt uppskattad med sitt underlag, takh\u00f6jd och trivselk\u00e4nsla. Vi har dessutom startat upp barn- och ungdomsgrupper, turneringar, PT-tr\u00e4ning och seriespel. Vilket har resulterat i en h\u00e4rlig spelgl\u00e4dje, men spelare fr\u00e5n fem \u00e5r \u00e4nda upp till 75. Vilket s\u00e5klart \u00e4r roligt.<\/em><\/p>\n\n\n\n<h3 class=\"wp-block-heading\">Hur k\u00e4ndes det att f\u00e5 pris som \u00e5rets nyf\u00f6retagare i \u00c5tvidaberg?<\/h3>\n\n\n\n<p><em>-Det k\u00e4ndes v\u00e4ldigt hedrande och \u00e4rofullt. Det visar p\u00e5 att vi faktiskt gjort n\u00e5got bra f\u00f6r \u00c5tvidabergsborna. &nbsp;<\/em><\/p>\n\n\n\n<h3 class=\"wp-block-heading\">Vad har ni f\u00e5tt f\u00f6r st\u00f6d fr\u00e5n Nyf\u00f6retagarcentrum?<\/h3>\n\n\n\n<p><em>-Vi har f\u00e5tt support och Nyf\u00f6retagarcentrum har visat b\u00e5de intresse och v\u00e4lvilja f\u00f6r v\u00e5r verksamhet<\/em>. &nbsp;<\/p>\n\n\n\n<h3 class=\"wp-block-heading\">Ber\u00e4tta g\u00e4rna om n\u00e5gra positiva \u00f6verraskningar<\/h3>\n\n\n\n<p><em>-Det mest positiva tycker vi \u00e4r att se alla glada m\u00e4nniskor i hallen. Det \u00e4r positivt och glatt hela tiden. Vi har skapat en h\u00e4rlig milj\u00f6 att vara i. Sedan \u00e4r det ocks\u00e5 kul att se att s\u00e5 m\u00e5nga har fastnat f\u00f6r padel.<\/em><\/p>\n\n\n\n<h3 class=\"wp-block-heading\">Vad har varit de st\u00f6rsta utmaningarna hittills?<\/h3>\n\n\n\n<p><em>-Pandemin var en utmaning i sig. Sedan var det lite av en utmaning att visa upp Padelsporten i \u00c5tvidaberg och p\u00e5 s\u00e5 s\u00e4tt skapa intresse f\u00f6r sporten.<\/em><\/p>\n\n\n\n<h3 class=\"wp-block-heading\">Vad blir n\u00e4sta steg f\u00f6r er?<\/h3>\n\n\n\n<p><em>-N\u00e4sta steg \u00e4r att summera \u00e5ret. Vi ska se \u00f6ver helheten och f\u00e5nga upp vad som fungerat bra och vad vi kan g\u00f6ra b\u00e4ttre.<\/em><\/p>\n\n\n\n<h3 class=\"wp-block-heading\">Hur marknadsf\u00f6r ni er? I vilka kanaler finns er m\u00e5lgrupp<strong>?<\/strong><\/h3>\n\n\n\n<p><em>-Vi riktar in oss p\u00e5 digitala medier, men den b\u00e4sta marknadsf\u00f6ringen \u00e4r v\u00e5ra event och att v\u00e5ra spelare tipsar andra om att vi finns.<\/em><\/p>\n\n\n\n<h3 class=\"wp-block-heading\">Kan du ge tre bra tips till andra som funderar p\u00e5 att starta eget?<\/h3>\n\n\n\n<p><strong>1: S\u00e4tt en genomarbetad budget<\/strong><\/p>\n\n\n\n<p><strong>2: Ta hj\u00e4lp av kunniga m\u00e4nniskor och organisationer\u00a0<\/strong><\/p>\n\n\n\n<p><strong>3: Planera och genomf\u00f6r \u2013 tro p\u00e5 det&nbsp;du g\u00f6r<\/strong><\/p>\n\n\n\n<p>Padelsugen? Bes\u00f6k g\u00e4rna&nbsp;<a href=\"https:\/\/decopadel.se\/\">DECO Padels hemsida<\/a>. Du kan \u00e4ven f\u00f6lja dem p\u00e5 deras&nbsp;<a href=\"https:\/\/www.instagram.com\/decopadel\/\">Instagram<\/a>&nbsp;och p\u00e5&nbsp;<a href=\"https:\/\/www.facebook.com\/DECO-Padel-%C3%85tvidaberg-108682650976057\">Facebook<\/a>.<\/p>\n\n\n\n<p><strong>Fr\u00e5gor: Johan \u00c5hlund<\/strong><\/p>\n\n\n\n<p><strong>Svar: Daniel Hallingstr\u00f6m<\/strong><\/p>\n\n\n\n<p><strong>Bilder: Michael Elofsson<\/strong><\/p>\n","protected":false},"featured_media":1238,"template":"","meta":{"footnotes":""},"story_category":[16],"acf":[],"yoast_head":"<!-- This site is optimized with the Yoast SEO plugin v22.9 - https:\/\/yoast.com\/wordpress\/plugins\/seo\/ -->\n<title>DECO Padel - Mellersta \u00d6sterg\u00f6tland<\/title>\n<meta name=\"robots\" content=\"index, follow, max-snippet:-1, max-image-preview:large, max-video-preview:-1\" \/>\n<link rel=\"canonical\" href=\"https:\/\/nyforetagarcentrum.se\/mellerstaostergotland\/success-stories\/deco-padel\/\" \/>\n<meta property=\"og:locale\" content=\"sv_SE\" \/>\n<meta property=\"og:type\" content=\"article\" \/>\n<meta property=\"og:title\" content=\"DECO Padel - Mellersta \u00d6sterg\u00f6tland\" \/>\n<meta property=\"og:description\" content=\"DECO Padel \u00e4r \u00c5tvidaberg f\u00f6rsta padelhall. Vi tar ett snack med en av eldsj\u00e4larna, Daniel Hallingstr\u00f6m och l\u00e5ter honom ber\u00e4tta lite om hur han tillsammans med n\u00e5gra v\u00e4nner startade upp DECO Padel. F\u00f6retaget g\u00e5r bra och har dessutom prisats som \u00e5rets nyf\u00f6retagare i \u00c5tvidaberg. Som vanligt ber vi om n\u00e5gra bra tips till andra som [&hellip;]\" \/>\n<meta property=\"og:url\" content=\"https:\/\/nyforetagarcentrum.se\/mellerstaostergotland\/success-stories\/deco-padel\/\" \/>\n<meta property=\"og:site_name\" content=\"Mellersta \u00d6sterg\u00f6tland\" \/>\n<meta property=\"article:modified_time\" content=\"2024-12-04T13:33:57+00:00\" \/>\n<meta property=\"og:image\" content=\"https:\/\/nyforetagarcentrum.se\/mellerstaostergotland\/wp-content\/uploads\/sites\/12\/2024\/04\/Decopadel1-1536x1008-1.jpg\" \/>\n\t<meta property=\"og:image:width\" content=\"1536\" \/>\n\t<meta property=\"og:image:height\" content=\"1008\" \/>\n\t<meta property=\"og:image:type\" content=\"image\/jpeg\" \/>\n<meta name=\"twitter:card\" content=\"summary_large_image\" \/>\n<meta name=\"twitter:label1\" content=\"Ber\u00e4knad l\u00e4stid\" \/>\n\t<meta name=\"twitter:data1\" content=\"3 minuter\" \/>\n<script type=\"application\/ld+json\" class=\"yoast-schema-graph\">{\"@context\":\"https:\/\/schema.org\",\"@graph\":[{\"@type\":\"WebPage\",\"@id\":\"https:\/\/nyforetagarcentrum.se\/mellerstaostergotland\/success-stories\/deco-padel\/\",\"url\":\"https:\/\/nyforetagarcentrum.se\/mellerstaostergotland\/success-stories\/deco-padel\/\",\"name\":\"DECO Padel - Mellersta \u00d6sterg\u00f6tland\",\"isPartOf\":{\"@id\":\"https:\/\/nyforetagarcentrum.se\/mellerstaostergotland\/#website\"},\"primaryImageOfPage\":{\"@id\":\"https:\/\/nyforetagarcentrum.se\/mellerstaostergotland\/success-stories\/deco-padel\/#primaryimage\"},\"image\":{\"@id\":\"https:\/\/nyforetagarcentrum.se\/mellerstaostergotland\/success-stories\/deco-padel\/#primaryimage\"},\"thumbnailUrl\":\"https:\/\/nyforetagarcentrum.se\/mellerstaostergotland\/wp-content\/uploads\/sites\/12\/2024\/04\/Decopadel1-1536x1008-1.jpg\",\"datePublished\":\"2024-04-05T09:22:09+00:00\",\"dateModified\":\"2024-12-04T13:33:57+00:00\",\"breadcrumb\":{\"@id\":\"https:\/\/nyforetagarcentrum.se\/mellerstaostergotland\/success-stories\/deco-padel\/#breadcrumb\"},\"inLanguage\":\"sv-SE\",\"potentialAction\":[{\"@type\":\"ReadAction\",\"target\":[\"https:\/\/nyforetagarcentrum.se\/mellerstaostergotland\/success-stories\/deco-padel\/\"]}]},{\"@type\":\"ImageObject\",\"inLanguage\":\"sv-SE\",\"@id\":\"https:\/\/nyforetagarcentrum.se\/mellerstaostergotland\/success-stories\/deco-padel\/#primaryimage\",\"url\":\"https:\/\/nyforetagarcentrum.se\/mellerstaostergotland\/wp-content\/uploads\/sites\/12\/2024\/04\/Decopadel1-1536x1008-1.jpg\",\"contentUrl\":\"https:\/\/nyforetagarcentrum.se\/mellerstaostergotland\/wp-content\/uploads\/sites\/12\/2024\/04\/Decopadel1-1536x1008-1.jpg\",\"width\":1536,\"height\":1008},{\"@type\":\"BreadcrumbList\",\"@id\":\"https:\/\/nyforetagarcentrum.se\/mellerstaostergotland\/success-stories\/deco-padel\/#breadcrumb\",\"itemListElement\":[{\"@type\":\"ListItem\",\"position\":1,\"name\":\"Hem\",\"item\":\"https:\/\/nyforetagarcentrum.se\/mellerstaostergotland\/\"},{\"@type\":\"ListItem\",\"position\":2,\"name\":\"Success stories\",\"item\":\"https:\/\/nyforetagarcentrum.se\/mellerstaostergotland\/success-stories\/\"},{\"@type\":\"ListItem\",\"position\":3,\"name\":\"DECO Padel\"}]},{\"@type\":\"WebSite\",\"@id\":\"https:\/\/nyforetagarcentrum.se\/mellerstaostergotland\/#website\",\"url\":\"https:\/\/nyforetagarcentrum.se\/mellerstaostergotland\/\",\"name\":\"Mellersta \u00d6sterg\u00f6tland\",\"description\":\"Sveriges ledande kraft f\u00f6r fler nya livskraftiga f\u00f6retag\",\"publisher\":{\"@id\":\"https:\/\/nyforetagarcentrum.se\/mellerstaostergotland\/#organization\"},\"potentialAction\":[{\"@type\":\"SearchAction\",\"target\":{\"@type\":\"EntryPoint\",\"urlTemplate\":\"https:\/\/nyforetagarcentrum.se\/mellerstaostergotland\/?s={search_term_string}\"},\"query-input\":\"required name=search_term_string\"}],\"inLanguage\":\"sv-SE\"},{\"@type\":\"Organization\",\"@id\":\"https:\/\/nyforetagarcentrum.se\/mellerstaostergotland\/#organization\",\"name\":\"Mellersta \u00d6sterg\u00f6tland\",\"url\":\"https:\/\/nyforetagarcentrum.se\/mellerstaostergotland\/\",\"logo\":{\"@type\":\"ImageObject\",\"inLanguage\":\"sv-SE\",\"@id\":\"https:\/\/nyforetagarcentrum.se\/mellerstaostergotland\/#\/schema\/logo\/image\/\",\"url\":\"https:\/\/nyforetagarcentrum.se\/mellerstaostergotland\/wp-content\/uploads\/sites\/12\/2026\/04\/mellerstaostergotland_bla.png\",\"contentUrl\":\"https:\/\/nyforetagarcentrum.se\/mellerstaostergotland\/wp-content\/uploads\/sites\/12\/2026\/04\/mellerstaostergotland_bla.png\",\"width\":870,\"height\":355,\"caption\":\"Mellersta \u00d6sterg\u00f6tland\"},\"image\":{\"@id\":\"https:\/\/nyforetagarcentrum.se\/mellerstaostergotland\/#\/schema\/logo\/image\/\"}}]}<\/script>\n<!-- \/ Yoast SEO plugin. -->","yoast_head_json":{"title":"DECO Padel - Mellersta \u00d6sterg\u00f6tland","robots":{"index":"index","follow":"follow","max-snippet":"max-snippet:-1","max-image-preview":"max-image-preview:large","max-video-preview":"max-video-preview:-1"},"canonical":"https:\/\/nyforetagarcentrum.se\/mellerstaostergotland\/success-stories\/deco-padel\/","og_locale":"sv_SE","og_type":"article","og_title":"DECO Padel - Mellersta \u00d6sterg\u00f6tland","og_description":"DECO Padel \u00e4r \u00c5tvidaberg f\u00f6rsta padelhall. Vi tar ett snack med en av eldsj\u00e4larna, Daniel Hallingstr\u00f6m och l\u00e5ter honom ber\u00e4tta lite om hur han tillsammans med n\u00e5gra v\u00e4nner startade upp DECO Padel. F\u00f6retaget g\u00e5r bra och har dessutom prisats som \u00e5rets nyf\u00f6retagare i \u00c5tvidaberg. Som vanligt ber vi om n\u00e5gra bra tips till andra som [&hellip;]","og_url":"https:\/\/nyforetagarcentrum.se\/mellerstaostergotland\/success-stories\/deco-padel\/","og_site_name":"Mellersta \u00d6sterg\u00f6tland","article_modified_time":"2024-12-04T13:33:57+00:00","og_image":[{"width":1536,"height":1008,"url":"https:\/\/nyforetagarcentrum.se\/mellerstaostergotland\/wp-content\/uploads\/sites\/12\/2024\/04\/Decopadel1-1536x1008-1.jpg","type":"image\/jpeg"}],"twitter_card":"summary_large_image","twitter_misc":{"Ber\u00e4knad l\u00e4stid":"3 minuter"},"schema":{"@context":"https:\/\/schema.org","@graph":[{"@type":"WebPage","@id":"https:\/\/nyforetagarcentrum.se\/mellerstaostergotland\/success-stories\/deco-padel\/","url":"https:\/\/nyforetagarcentrum.se\/mellerstaostergotland\/success-stories\/deco-padel\/","name":"DECO Padel - Mellersta \u00d6sterg\u00f6tland","isPartOf":{"@id":"https:\/\/nyforetagarcentrum.se\/mellerstaostergotland\/#website"},"primaryImageOfPage":{"@id":"https:\/\/nyforetagarcentrum.se\/mellerstaostergotland\/success-stories\/deco-padel\/#primaryimage"},"image":{"@id":"https:\/\/nyforetagarcentrum.se\/mellerstaostergotland\/success-stories\/deco-padel\/#primaryimage"},"thumbnailUrl":"https:\/\/nyforetagarcentrum.se\/mellerstaostergotland\/wp-content\/uploads\/sites\/12\/2024\/04\/Decopadel1-1536x1008-1.jpg","datePublished":"2024-04-05T09:22:09+00:00","dateModified":"2024-12-04T13:33:57+00:00","breadcrumb":{"@id":"https:\/\/nyforetagarcentrum.se\/mellerstaostergotland\/success-stories\/deco-padel\/#breadcrumb"},"inLanguage":"sv-SE","potentialAction":[{"@type":"ReadAction","target":["https:\/\/nyforetagarcentrum.se\/mellerstaostergotland\/success-stories\/deco-padel\/"]}]},{"@type":"ImageObject","inLanguage":"sv-SE","@id":"https:\/\/nyforetagarcentrum.se\/mellerstaostergotland\/success-stories\/deco-padel\/#primaryimage","url":"https:\/\/nyforetagarcentrum.se\/mellerstaostergotland\/wp-content\/uploads\/sites\/12\/2024\/04\/Decopadel1-1536x1008-1.jpg","contentUrl":"https:\/\/nyforetagarcentrum.se\/mellerstaostergotland\/wp-content\/uploads\/sites\/12\/2024\/04\/Decopadel1-1536x1008-1.jpg","width":1536,"height":1008},{"@type":"BreadcrumbList","@id":"https:\/\/nyforetagarcentrum.se\/mellerstaostergotland\/success-stories\/deco-padel\/#breadcrumb","itemListElement":[{"@type":"ListItem","position":1,"name":"Hem","item":"https:\/\/nyforetagarcentrum.se\/mellerstaostergotland\/"},{"@type":"ListItem","position":2,"name":"Success stories","item":"https:\/\/nyforetagarcentrum.se\/mellerstaostergotland\/success-stories\/"},{"@type":"ListItem","position":3,"name":"DECO Padel"}]},{"@type":"WebSite","@id":"https:\/\/nyforetagarcentrum.se\/mellerstaostergotland\/#website","url":"https:\/\/nyforetagarcentrum.se\/mellerstaostergotland\/","name":"Mellersta \u00d6sterg\u00f6tland","description":"Sveriges ledande kraft f\u00f6r fler nya livskraftiga f\u00f6retag","publisher":{"@id":"https:\/\/nyforetagarcentrum.se\/mellerstaostergotland\/#organization"},"potentialAction":[{"@type":"SearchAction","target":{"@type":"EntryPoint","urlTemplate":"https:\/\/nyforetagarcentrum.se\/mellerstaostergotland\/?s={search_term_string}"},"query-input":"required name=search_term_string"}],"inLanguage":"sv-SE"},{"@type":"Organization","@id":"https:\/\/nyforetagarcentrum.se\/mellerstaostergotland\/#organization","name":"Mellersta \u00d6sterg\u00f6tland","url":"https:\/\/nyforetagarcentrum.se\/mellerstaostergotland\/","logo":{"@type":"ImageObject","inLanguage":"sv-SE","@id":"https:\/\/nyforetagarcentrum.se\/mellerstaostergotland\/#\/schema\/logo\/image\/","url":"https:\/\/nyforetagarcentrum.se\/mellerstaostergotland\/wp-content\/uploads\/sites\/12\/2026\/04\/mellerstaostergotland_bla.png","contentUrl":"https:\/\/nyforetagarcentrum.se\/mellerstaostergotland\/wp-content\/uploads\/sites\/12\/2026\/04\/mellerstaostergotland_bla.png","width":870,"height":355,"caption":"Mellersta \u00d6sterg\u00f6tland"},"image":{"@id":"https:\/\/nyforetagarcentrum.se\/mellerstaostergotland\/#\/schema\/logo\/image\/"}}]}},"_links":{"self":[{"href":"https:\/\/nyforetagarcentrum.se\/mellerstaostergotland\/wp-json\/wp\/v2\/story\/1237"}],"collection":[{"href":"https:\/\/nyforetagarcentrum.se\/mellerstaostergotland\/wp-json\/wp\/v2\/story"}],"about":[{"href":"https:\/\/nyforetagarcentrum.se\/mellerstaostergotland\/wp-json\/wp\/v2\/types\/story"}],"version-history":[{"count":2,"href":"https:\/\/nyforetagarcentrum.se\/mellerstaostergotland\/wp-json\/wp\/v2\/story\/1237\/revisions"}],"predecessor-version":[{"id":2102,"href":"https:\/\/nyforetagarcentrum.se\/mellerstaostergotland\/wp-json\/wp\/v2\/story\/1237\/revisions\/2102"}],"wp:featuredmedia":[{"embeddable":true,"href":"https:\/\/nyforetagarcentrum.se\/mellerstaostergotland\/wp-json\/wp\/v2\/media\/1238"}],"wp:attachment":[{"href":"https:\/\/nyforetagarcentrum.se\/mellerstaostergotland\/wp-json\/wp\/v2\/media?parent=1237"}],"wp:term":[{"taxonomy":"story_category","embeddable":true,"href":"https:\/\/nyforetagarcentrum.se\/mellerstaostergotland\/wp-json\/wp\/v2\/story_category?post=1237"}],"curies":[{"name":"wp","href":"https:\/\/api.w.org\/{rel}","templated":true}]}}