{"id":1234,"date":"2024-04-05T11:21:27","date_gmt":"2024-04-05T09:21:27","guid":{"rendered":"https:\/\/nyforetagarcentrum.se\/mellerstaostergotland\/?post_type=story&#038;p=1234"},"modified":"2024-12-04T14:34:28","modified_gmt":"2024-12-04T13:34:28","slug":"lasertech-yag","status":"publish","type":"story","link":"https:\/\/nyforetagarcentrum.se\/mellerstaostergotland\/success-stories\/lasertech-yag\/","title":{"rendered":"Lasertech YAG"},"content":{"rendered":"\n<p>D\u00e5 \u00e4r det dags f\u00f6r att uppm\u00e4rksamma ett \u00c5tvidabergsf\u00f6retag, n\u00e4mligen LasertechYAG. Vi l\u00e5ter Kristian Nilsson ber\u00e4tta lite om f\u00f6retaget, om livet som f\u00f6retagare samt ber honom ge n\u00e5gra tips till blivande f\u00f6retagare. Nu k\u00f6r vi!<\/p>\n\n\n\n<h3 class=\"wp-block-heading\">Vad heter ditt f\u00f6retag, n\u00e4r startade ni och vad g\u00f6r ni?<\/h3>\n\n\n\n<p>\u2013 Vi heter Lasertech YAG och jobbar sedan 1996 med laserteknik och finmekanik till f\u00f6retag inom livsmedelsindustrin och medicintekniska f\u00f6retag.<\/p>\n\n\n\n<h3 class=\"wp-block-heading\">Vilka fr\u00e5gor hade du velat f\u00e5 hj\u00e4lp med n\u00e4r du startade f\u00f6retaget?<\/h3>\n\n\n\n<p>\u2013 N\u00e5gon typ av mentor med lite koll p\u00e5 \u00f6vergripande fr\u00e5gor kring f\u00f6retagande hade varit bra. Nu finns ju s\u00e5dan hj\u00e4lp, men 1996 s\u00e5g det annorlunda ut.<\/p>\n\n\n\n<h3 class=\"wp-block-heading\">Ber\u00e4tta lite om f\u00f6rdelarna med att det startas fler f\u00f6retag i \u00c5tvidaberg?<\/h3>\n\n\n\n<p>\u2013 Det \u00e4r j\u00e4ttebra att m\u00e5nga nya f\u00f6retag startas i \u00c5tvidaberg. Vi ser att m\u00e5nga samarbetar och drar nytta av varandra. N\u00e4rheten till varandra skapar en snabbare process i t ex utveckling av ny produkt eller del av produkt. \u00c4ven s\u00e5klart den milj\u00f6m\u00e4ssiga aspekten d\u00e5 resor eller transport minskas.<\/p>\n\n\n\n<h3 class=\"wp-block-heading\">Kan du ge n\u00e5gra tips till den som \u00e4r p\u00e5 v\u00e4g eller precis har startat sitt f\u00f6retag?<\/h3>\n\n\n\n<p>\u2013 Ha is i magen, tro inte att pengar fl\u00f6dar in direkt fr\u00e5n start. Bygg l\u00e5ngsiktigt. Var inte r\u00e4dd att ta hj\u00e4lp av t ex Ny f\u00f6retagarcentrum, Almi etc. Eller familj och v\u00e4nner som kanske driver f\u00f6retag.<\/p>\n\n\n\n<h3 class=\"wp-block-heading\">Vad \u00e4r det som du gillar mest med att driva f\u00f6retag?<\/h3>\n\n\n\n<p>\u2013 Det \u00e4r utmaningen att f\u00e5 l\u00f6sa nya projekt och f\u00e5 styra mycket av uppl\u00e4gget och dagen sj\u00e4lv.<\/p>\n\n\n\n<h3 class=\"wp-block-heading\">Fakta:<\/h3>\n\n\n\n<p>Adress: Bruksgatan 9 i \u00c5tvidaberg<br><br>Bes\u00f6k:&nbsp;<a href=\"https:\/\/www.lasertechyag.se\/\">Lasertech YAG<\/a><br><br>Kontakt:&nbsp;<a href=\"mailto:info@lasertechyag.se\">info@lasertechyag.se<\/a><\/p>\n\n\n\n<p>Text: Johan \u00c5hlund \u2013 Foto: Michael Elowsson<\/p>\n","protected":false},"featured_media":1235,"template":"","meta":{"footnotes":""},"story_category":[16],"acf":[],"yoast_head":"<!-- This site is optimized with the Yoast SEO plugin v22.9 - https:\/\/yoast.com\/wordpress\/plugins\/seo\/ -->\n<title>Lasertech YAG - Mellersta \u00d6sterg\u00f6tland<\/title>\n<meta name=\"robots\" content=\"index, follow, max-snippet:-1, max-image-preview:large, max-video-preview:-1\" \/>\n<link rel=\"canonical\" href=\"https:\/\/nyforetagarcentrum.se\/mellerstaostergotland\/success-stories\/lasertech-yag\/\" \/>\n<meta property=\"og:locale\" content=\"sv_SE\" \/>\n<meta property=\"og:type\" content=\"article\" \/>\n<meta property=\"og:title\" content=\"Lasertech YAG - Mellersta \u00d6sterg\u00f6tland\" \/>\n<meta property=\"og:description\" content=\"D\u00e5 \u00e4r det dags f\u00f6r att uppm\u00e4rksamma ett \u00c5tvidabergsf\u00f6retag, n\u00e4mligen LasertechYAG. Vi l\u00e5ter Kristian Nilsson ber\u00e4tta lite om f\u00f6retaget, om livet som f\u00f6retagare samt ber honom ge n\u00e5gra tips till blivande f\u00f6retagare. Nu k\u00f6r vi! Vad heter ditt f\u00f6retag, n\u00e4r startade ni och vad g\u00f6r ni? \u2013 Vi heter Lasertech YAG och jobbar sedan 1996 [&hellip;]\" \/>\n<meta property=\"og:url\" content=\"https:\/\/nyforetagarcentrum.se\/mellerstaostergotland\/success-stories\/lasertech-yag\/\" \/>\n<meta property=\"og:site_name\" content=\"Mellersta \u00d6sterg\u00f6tland\" \/>\n<meta property=\"article:modified_time\" content=\"2024-12-04T13:34:28+00:00\" \/>\n<meta property=\"og:image\" content=\"https:\/\/nyforetagarcentrum.se\/mellerstaostergotland\/wp-content\/uploads\/sites\/12\/2024\/04\/lasertech_700px.jpg\" \/>\n\t<meta property=\"og:image:width\" content=\"700\" \/>\n\t<meta property=\"og:image:height\" content=\"394\" \/>\n\t<meta property=\"og:image:type\" content=\"image\/jpeg\" \/>\n<meta name=\"twitter:card\" content=\"summary_large_image\" \/>\n<meta name=\"twitter:label1\" content=\"Ber\u00e4knad l\u00e4stid\" \/>\n\t<meta name=\"twitter:data1\" content=\"2 minuter\" \/>\n<script type=\"application\/ld+json\" class=\"yoast-schema-graph\">{\"@context\":\"https:\/\/schema.org\",\"@graph\":[{\"@type\":\"WebPage\",\"@id\":\"https:\/\/nyforetagarcentrum.se\/mellerstaostergotland\/success-stories\/lasertech-yag\/\",\"url\":\"https:\/\/nyforetagarcentrum.se\/mellerstaostergotland\/success-stories\/lasertech-yag\/\",\"name\":\"Lasertech YAG - Mellersta \u00d6sterg\u00f6tland\",\"isPartOf\":{\"@id\":\"https:\/\/nyforetagarcentrum.se\/mellerstaostergotland\/#website\"},\"primaryImageOfPage\":{\"@id\":\"https:\/\/nyforetagarcentrum.se\/mellerstaostergotland\/success-stories\/lasertech-yag\/#primaryimage\"},\"image\":{\"@id\":\"https:\/\/nyforetagarcentrum.se\/mellerstaostergotland\/success-stories\/lasertech-yag\/#primaryimage\"},\"thumbnailUrl\":\"https:\/\/nyforetagarcentrum.se\/mellerstaostergotland\/wp-content\/uploads\/sites\/12\/2024\/04\/lasertech_700px.jpg\",\"datePublished\":\"2024-04-05T09:21:27+00:00\",\"dateModified\":\"2024-12-04T13:34:28+00:00\",\"breadcrumb\":{\"@id\":\"https:\/\/nyforetagarcentrum.se\/mellerstaostergotland\/success-stories\/lasertech-yag\/#breadcrumb\"},\"inLanguage\":\"sv-SE\",\"potentialAction\":[{\"@type\":\"ReadAction\",\"target\":[\"https:\/\/nyforetagarcentrum.se\/mellerstaostergotland\/success-stories\/lasertech-yag\/\"]}]},{\"@type\":\"ImageObject\",\"inLanguage\":\"sv-SE\",\"@id\":\"https:\/\/nyforetagarcentrum.se\/mellerstaostergotland\/success-stories\/lasertech-yag\/#primaryimage\",\"url\":\"https:\/\/nyforetagarcentrum.se\/mellerstaostergotland\/wp-content\/uploads\/sites\/12\/2024\/04\/lasertech_700px.jpg\",\"contentUrl\":\"https:\/\/nyforetagarcentrum.se\/mellerstaostergotland\/wp-content\/uploads\/sites\/12\/2024\/04\/lasertech_700px.jpg\",\"width\":700,\"height\":394},{\"@type\":\"BreadcrumbList\",\"@id\":\"https:\/\/nyforetagarcentrum.se\/mellerstaostergotland\/success-stories\/lasertech-yag\/#breadcrumb\",\"itemListElement\":[{\"@type\":\"ListItem\",\"position\":1,\"name\":\"Hem\",\"item\":\"https:\/\/nyforetagarcentrum.se\/mellerstaostergotland\/\"},{\"@type\":\"ListItem\",\"position\":2,\"name\":\"Success stories\",\"item\":\"https:\/\/nyforetagarcentrum.se\/mellerstaostergotland\/success-stories\/\"},{\"@type\":\"ListItem\",\"position\":3,\"name\":\"Lasertech YAG\"}]},{\"@type\":\"WebSite\",\"@id\":\"https:\/\/nyforetagarcentrum.se\/mellerstaostergotland\/#website\",\"url\":\"https:\/\/nyforetagarcentrum.se\/mellerstaostergotland\/\",\"name\":\"Mellersta \u00d6sterg\u00f6tland\",\"description\":\"Sveriges ledande kraft f\u00f6r fler nya livskraftiga f\u00f6retag\",\"publisher\":{\"@id\":\"https:\/\/nyforetagarcentrum.se\/mellerstaostergotland\/#organization\"},\"potentialAction\":[{\"@type\":\"SearchAction\",\"target\":{\"@type\":\"EntryPoint\",\"urlTemplate\":\"https:\/\/nyforetagarcentrum.se\/mellerstaostergotland\/?s={search_term_string}\"},\"query-input\":\"required name=search_term_string\"}],\"inLanguage\":\"sv-SE\"},{\"@type\":\"Organization\",\"@id\":\"https:\/\/nyforetagarcentrum.se\/mellerstaostergotland\/#organization\",\"name\":\"Mellersta \u00d6sterg\u00f6tland\",\"url\":\"https:\/\/nyforetagarcentrum.se\/mellerstaostergotland\/\",\"logo\":{\"@type\":\"ImageObject\",\"inLanguage\":\"sv-SE\",\"@id\":\"https:\/\/nyforetagarcentrum.se\/mellerstaostergotland\/#\/schema\/logo\/image\/\",\"url\":\"https:\/\/nyforetagarcentrum.se\/mellerstaostergotland\/wp-content\/uploads\/sites\/12\/2026\/04\/mellerstaostergotland_bla.png\",\"contentUrl\":\"https:\/\/nyforetagarcentrum.se\/mellerstaostergotland\/wp-content\/uploads\/sites\/12\/2026\/04\/mellerstaostergotland_bla.png\",\"width\":870,\"height\":355,\"caption\":\"Mellersta \u00d6sterg\u00f6tland\"},\"image\":{\"@id\":\"https:\/\/nyforetagarcentrum.se\/mellerstaostergotland\/#\/schema\/logo\/image\/\"}}]}<\/script>\n<!-- \/ Yoast SEO plugin. -->","yoast_head_json":{"title":"Lasertech YAG - Mellersta \u00d6sterg\u00f6tland","robots":{"index":"index","follow":"follow","max-snippet":"max-snippet:-1","max-image-preview":"max-image-preview:large","max-video-preview":"max-video-preview:-1"},"canonical":"https:\/\/nyforetagarcentrum.se\/mellerstaostergotland\/success-stories\/lasertech-yag\/","og_locale":"sv_SE","og_type":"article","og_title":"Lasertech YAG - Mellersta \u00d6sterg\u00f6tland","og_description":"D\u00e5 \u00e4r det dags f\u00f6r att uppm\u00e4rksamma ett \u00c5tvidabergsf\u00f6retag, n\u00e4mligen LasertechYAG. Vi l\u00e5ter Kristian Nilsson ber\u00e4tta lite om f\u00f6retaget, om livet som f\u00f6retagare samt ber honom ge n\u00e5gra tips till blivande f\u00f6retagare. Nu k\u00f6r vi! Vad heter ditt f\u00f6retag, n\u00e4r startade ni och vad g\u00f6r ni? \u2013 Vi heter Lasertech YAG och jobbar sedan 1996 [&hellip;]","og_url":"https:\/\/nyforetagarcentrum.se\/mellerstaostergotland\/success-stories\/lasertech-yag\/","og_site_name":"Mellersta \u00d6sterg\u00f6tland","article_modified_time":"2024-12-04T13:34:28+00:00","og_image":[{"width":700,"height":394,"url":"https:\/\/nyforetagarcentrum.se\/mellerstaostergotland\/wp-content\/uploads\/sites\/12\/2024\/04\/lasertech_700px.jpg","type":"image\/jpeg"}],"twitter_card":"summary_large_image","twitter_misc":{"Ber\u00e4knad l\u00e4stid":"2 minuter"},"schema":{"@context":"https:\/\/schema.org","@graph":[{"@type":"WebPage","@id":"https:\/\/nyforetagarcentrum.se\/mellerstaostergotland\/success-stories\/lasertech-yag\/","url":"https:\/\/nyforetagarcentrum.se\/mellerstaostergotland\/success-stories\/lasertech-yag\/","name":"Lasertech YAG - Mellersta \u00d6sterg\u00f6tland","isPartOf":{"@id":"https:\/\/nyforetagarcentrum.se\/mellerstaostergotland\/#website"},"primaryImageOfPage":{"@id":"https:\/\/nyforetagarcentrum.se\/mellerstaostergotland\/success-stories\/lasertech-yag\/#primaryimage"},"image":{"@id":"https:\/\/nyforetagarcentrum.se\/mellerstaostergotland\/success-stories\/lasertech-yag\/#primaryimage"},"thumbnailUrl":"https:\/\/nyforetagarcentrum.se\/mellerstaostergotland\/wp-content\/uploads\/sites\/12\/2024\/04\/lasertech_700px.jpg","datePublished":"2024-04-05T09:21:27+00:00","dateModified":"2024-12-04T13:34:28+00:00","breadcrumb":{"@id":"https:\/\/nyforetagarcentrum.se\/mellerstaostergotland\/success-stories\/lasertech-yag\/#breadcrumb"},"inLanguage":"sv-SE","potentialAction":[{"@type":"ReadAction","target":["https:\/\/nyforetagarcentrum.se\/mellerstaostergotland\/success-stories\/lasertech-yag\/"]}]},{"@type":"ImageObject","inLanguage":"sv-SE","@id":"https:\/\/nyforetagarcentrum.se\/mellerstaostergotland\/success-stories\/lasertech-yag\/#primaryimage","url":"https:\/\/nyforetagarcentrum.se\/mellerstaostergotland\/wp-content\/uploads\/sites\/12\/2024\/04\/lasertech_700px.jpg","contentUrl":"https:\/\/nyforetagarcentrum.se\/mellerstaostergotland\/wp-content\/uploads\/sites\/12\/2024\/04\/lasertech_700px.jpg","width":700,"height":394},{"@type":"BreadcrumbList","@id":"https:\/\/nyforetagarcentrum.se\/mellerstaostergotland\/success-stories\/lasertech-yag\/#breadcrumb","itemListElement":[{"@type":"ListItem","position":1,"name":"Hem","item":"https:\/\/nyforetagarcentrum.se\/mellerstaostergotland\/"},{"@type":"ListItem","position":2,"name":"Success stories","item":"https:\/\/nyforetagarcentrum.se\/mellerstaostergotland\/success-stories\/"},{"@type":"ListItem","position":3,"name":"Lasertech YAG"}]},{"@type":"WebSite","@id":"https:\/\/nyforetagarcentrum.se\/mellerstaostergotland\/#website","url":"https:\/\/nyforetagarcentrum.se\/mellerstaostergotland\/","name":"Mellersta \u00d6sterg\u00f6tland","description":"Sveriges ledande kraft f\u00f6r fler nya livskraftiga f\u00f6retag","publisher":{"@id":"https:\/\/nyforetagarcentrum.se\/mellerstaostergotland\/#organization"},"potentialAction":[{"@type":"SearchAction","target":{"@type":"EntryPoint","urlTemplate":"https:\/\/nyforetagarcentrum.se\/mellerstaostergotland\/?s={search_term_string}"},"query-input":"required name=search_term_string"}],"inLanguage":"sv-SE"},{"@type":"Organization","@id":"https:\/\/nyforetagarcentrum.se\/mellerstaostergotland\/#organization","name":"Mellersta \u00d6sterg\u00f6tland","url":"https:\/\/nyforetagarcentrum.se\/mellerstaostergotland\/","logo":{"@type":"ImageObject","inLanguage":"sv-SE","@id":"https:\/\/nyforetagarcentrum.se\/mellerstaostergotland\/#\/schema\/logo\/image\/","url":"https:\/\/nyforetagarcentrum.se\/mellerstaostergotland\/wp-content\/uploads\/sites\/12\/2026\/04\/mellerstaostergotland_bla.png","contentUrl":"https:\/\/nyforetagarcentrum.se\/mellerstaostergotland\/wp-content\/uploads\/sites\/12\/2026\/04\/mellerstaostergotland_bla.png","width":870,"height":355,"caption":"Mellersta \u00d6sterg\u00f6tland"},"image":{"@id":"https:\/\/nyforetagarcentrum.se\/mellerstaostergotland\/#\/schema\/logo\/image\/"}}]}},"_links":{"self":[{"href":"https:\/\/nyforetagarcentrum.se\/mellerstaostergotland\/wp-json\/wp\/v2\/story\/1234"}],"collection":[{"href":"https:\/\/nyforetagarcentrum.se\/mellerstaostergotland\/wp-json\/wp\/v2\/story"}],"about":[{"href":"https:\/\/nyforetagarcentrum.se\/mellerstaostergotland\/wp-json\/wp\/v2\/types\/story"}],"version-history":[{"count":2,"href":"https:\/\/nyforetagarcentrum.se\/mellerstaostergotland\/wp-json\/wp\/v2\/story\/1234\/revisions"}],"predecessor-version":[{"id":2930,"href":"https:\/\/nyforetagarcentrum.se\/mellerstaostergotland\/wp-json\/wp\/v2\/story\/1234\/revisions\/2930"}],"wp:featuredmedia":[{"embeddable":true,"href":"https:\/\/nyforetagarcentrum.se\/mellerstaostergotland\/wp-json\/wp\/v2\/media\/1235"}],"wp:attachment":[{"href":"https:\/\/nyforetagarcentrum.se\/mellerstaostergotland\/wp-json\/wp\/v2\/media?parent=1234"}],"wp:term":[{"taxonomy":"story_category","embeddable":true,"href":"https:\/\/nyforetagarcentrum.se\/mellerstaostergotland\/wp-json\/wp\/v2\/story_category?post=1234"}],"curies":[{"name":"wp","href":"https:\/\/api.w.org\/{rel}","templated":true}]}}