{"id":1123,"date":"2024-05-31T10:43:32","date_gmt":"2024-05-31T08:43:32","guid":{"rendered":"https:\/\/nyforetagarcentrum.se\/mellerstaostergotland\/?post_type=story&#038;p=1123"},"modified":"2024-08-28T16:28:20","modified_gmt":"2024-08-28T14:28:20","slug":"joakim-valde-att-starta-eget-som-fotograf","status":"publish","type":"story","link":"https:\/\/nyforetagarcentrum.se\/mellerstaostergotland\/success-stories\/joakim-valde-att-starta-eget-som-fotograf\/","title":{"rendered":"Joakim Ax valde att starta eget som fotograf"},"content":{"rendered":"\n<p><strong>\u00c5tvidaberg myllrar av b\u00e5de sm\u00e5 och stora f\u00f6retag, och som m\u00e5nga lite mindre orter tenderar f\u00f6retagarna d\u00e4r att samarbeta och hj\u00e4lpa varandra. Flera av \u00c5tvidabergs f\u00f6retag, men \u00e4ven f\u00f6retag runt om i l\u00e4net har den senaste tiden varit i behov av film och foto, och det \u00e4r d\u00e5 som Joakim Ax kommer in i bilden.<\/strong><\/p>\n\n\n\n<p>Joakim driver f\u00f6retaget I Make Movies Now, d\u00e4r han fotar, filmar och skapar bild och video till b\u00e5de privatpersoner och f\u00f6retag.<\/p>\n\n\n\n<h3 class=\"wp-block-heading\">Joakim ville starta eget som fotograf och jobbar med r\u00f6rlig bild, dr\u00f6narfoto och klassiskt foto<\/h3>\n\n\n\n<p>Kunderna beh\u00f6ver ofta hj\u00e4lp med att visualisera sina f\u00f6retagspresentationer i videoformat. De vill ofta v\u00e4ldigt g\u00e4rna ha dr\u00f6narfilmer, fina personalbilder eller video- och bilder till sina digitala kanaler.<\/p>\n\n\n\n<p>H\u00e4r kommer Joakims estetiska och kreativa \u00e5dra bra tillhands. Detta d\u00e5 kunderna mer \u00e4n g\u00e4rna ber\u00e4ttar om sina visioner, f\u00f6r att sedan l\u00e5ta Joakim visualisera detta \u00e5t dem.<\/p>\n\n\n\n<figure class=\"wp-block-image size-large\"><img loading=\"lazy\" decoding=\"async\" width=\"1024\" height=\"576\" src=\"https:\/\/nyforetagarcentrum.se\/mellerstaostergotland\/wp-content\/uploads\/sites\/12\/2024\/04\/joakim-ax-lite-mindre-copy-min-1024x576.png\" alt=\"\" class=\"wp-image-1124\" srcset=\"https:\/\/nyforetagarcentrum.se\/mellerstaostergotland\/wp-content\/uploads\/sites\/12\/2024\/04\/joakim-ax-lite-mindre-copy-min-1024x576.png 1024w, https:\/\/nyforetagarcentrum.se\/mellerstaostergotland\/wp-content\/uploads\/sites\/12\/2024\/04\/joakim-ax-lite-mindre-copy-min-300x169.png 300w, https:\/\/nyforetagarcentrum.se\/mellerstaostergotland\/wp-content\/uploads\/sites\/12\/2024\/04\/joakim-ax-lite-mindre-copy-min-768x432.png 768w, https:\/\/nyforetagarcentrum.se\/mellerstaostergotland\/wp-content\/uploads\/sites\/12\/2024\/04\/joakim-ax-lite-mindre-copy-min.png 1500w\" sizes=\"(max-width: 1024px) 100vw, 1024px\" \/><\/figure>\n\n\n\n<p>F\u00f6rutom att jobba med foto- och video har han \u00e4ven satsat p\u00e5, och utbildat sig till 3D-visualiserare med fokus p\u00e5 inredning och arkitektur.<\/p>\n\n\n\n<p>Hur som helst, Joakim \u00e4r en av m\u00e5nga nyf\u00f6retagare som vi varit med och hj\u00e4lpt under uppstarten.<\/p>\n\n\n\n<p>Liksom m\u00e5nga av v\u00e5ra andra nyf\u00f6retagare har han sin l\u00e4xa ordentligt och jobbat h\u00e5rt under hela processen. Han har g\u00e5tt p\u00e5 r\u00e5dgivning, deltagit i flera seminarier och event, gjort sin aff\u00e4rsplan och dessutom g\u00e5tt v\u00e5r popul\u00e4ra starta eget-utbildning. Dessa steg skapar en trygghet och en v\u00e4ldigt bra grund att st\u00e5 p\u00e5, och bidrar till s\u00e5v\u00e4l mod, sj\u00e4lvf\u00f6rtroende och ett h\u00e5llbart f\u00f6retagande \u00f6ver tid.<\/p>\n\n\n\n<h3 class=\"wp-block-heading\">Hall\u00e5 Joakim, vad \u00e4r det du g\u00f6r i ditt f\u00f6retag?<\/h3>\n\n\n\n<p><em>-Jag \u00e4r foto, film och dr\u00f6narfotograf och erbjuder professionell video och foto till en m\u00e4ngd kunder. B\u00e5de f\u00f6retag och privatpersoner, och jag trivs verkligen i rollen som f\u00f6retagare.<\/em><\/p>\n\n\n\n<h3 class=\"wp-block-heading\"><strong>Vad \u00e4r det b\u00e4sta med att jobba som egen\u00adf\u00f6\u00adre\u00adta\u00adga\u00adre?<\/strong><\/h3>\n\n\n\n<p><em>-Det b\u00e4sta med att jobba som egenf\u00f6retagare \u00e4r att f\u00e5 full kontroll och konsekvens f\u00f6r hur du anv\u00e4nder din tid.<\/em><\/p>\n\n\n\n<h3 class=\"wp-block-heading\">Var f\u00e5r du din inspiration fr\u00e5n?<\/h3>\n\n\n\n<p>\u2013<em>Som m\u00e5nga andra finner jag min inspiration p\u00e5 kreativa plattformar som: Youtube och Instagram. Med en efterstr\u00e4van att sj\u00e4lv kunna producera film eller fota n\u00e5got; som i sin tur inspirerar n\u00e4sta person.<\/em><\/p>\n\n\n\n<h3 class=\"wp-block-heading\"><strong>Vilka pro\u00adgram\u00adva\u00adror jobbar du i?<\/strong><\/h3>\n\n\n\n<p><em>-N\u00e4r jag jobbar med filmvideos s\u00e5 arbetar jag i&nbsp;<a href=\"https:\/\/www.blackmagicdesign.com\/products\/davinciresolve\">Da Vinci Resolve<\/a>. N\u00e4r jag jobbar med foton s\u00e5 arbetar jag i Adobe Photoshop.<\/em><\/p>\n\n\n\n<h3 class=\"wp-block-heading\"><strong>Vad \u00e4r n\u00e4sta steg f\u00f6r I Make Movies Now?<\/strong><\/h3>\n\n\n\n<p><em>-N\u00e4sta steg \u00e4r att n\u00e5 ut utanf\u00f6r \u00d6sterg\u00f6tlands gr\u00e4nser. Jag vill kunna bidra till en st\u00f6rre kundskara och p\u00e5 s\u00e5 s\u00e4tt utveckla mitt kundn\u00e4tverk.<\/em><\/p>\n\n\n\n<h3 class=\"wp-block-heading\">Vad beh\u00f6vde du hj\u00e4lp med under uppstarten?<\/h3>\n\n\n\n<p><em>-Jag beh\u00f6vde hj\u00e4lp med hur jag skulle g\u00e5 till v\u00e4ga f\u00f6r att utveckla mig och mitt f\u00f6retag. Vilket var n\u00e4sta logiska steg att ta. Starta eget-utbildningen var f\u00f6r mig den mest givande. Jag fick chansen att prata med andra egenf\u00f6retagare som alla hade olika erfarenheter, platser och yrken.<\/em><\/p>\n\n\n\n<p><em>Jag fick dessutom v\u00e4gledning i hur man l\u00e4gger upp en aff\u00e4rsplan och budget. Faktum \u00e4r att innan kursen var allting bara tankar och id\u00e9er. Men n\u00e4r man v\u00e4l s\u00e4tter det p\u00e5 papper och r\u00e4knar ut hur man ska bygga sin framtida karri\u00e4r \u00e4r det steg ett till att faktiskt bli verklighet<\/em>.<\/p>\n\n\n\n<p><a href=\"https:\/\/nyforetagarcentrum.se\/mellerstaostergotland\/success-stories\/\">H\u00e4r kan du l\u00e4sa mer om andra som med v\u00e5r hj\u00e4lp tagit steget till eget<\/a><\/p>\n\n\n\n<p><strong>Text: Johan \u00c5hlund \u2013 Foto: Joakim Ax<\/strong><\/p>\n","protected":false},"featured_media":1124,"template":"","meta":{"footnotes":""},"story_category":[16],"acf":[],"yoast_head":"<!-- This site is optimized with the Yoast SEO plugin v22.9 - https:\/\/yoast.com\/wordpress\/plugins\/seo\/ -->\n<title>Joakim Ax valde att starta eget som fotograf - Mellersta \u00d6sterg\u00f6tland<\/title>\n<meta name=\"description\" content=\"Joakim Ax driver I Make Movies Now, och fotar och filmar till privatpersoner och f\u00f6retag. H\u00e4r ber\u00e4ttar han f\u00f6r Johan \u00c5hlund om sitt f\u00f6retag.\" \/>\n<meta name=\"robots\" content=\"index, follow, max-snippet:-1, max-image-preview:large, max-video-preview:-1\" \/>\n<link rel=\"canonical\" href=\"https:\/\/nyforetagarcentrum.se\/mellerstaostergotland\/success-stories\/joakim-valde-att-starta-eget-som-fotograf\/\" \/>\n<meta property=\"og:locale\" content=\"sv_SE\" \/>\n<meta property=\"og:type\" content=\"article\" \/>\n<meta property=\"og:title\" content=\"Joakim Ax valde att starta eget som fotograf - Mellersta \u00d6sterg\u00f6tland\" \/>\n<meta property=\"og:description\" content=\"Joakim Ax driver I Make Movies Now, och fotar och filmar till privatpersoner och f\u00f6retag. H\u00e4r ber\u00e4ttar han f\u00f6r Johan \u00c5hlund om sitt f\u00f6retag.\" \/>\n<meta property=\"og:url\" content=\"https:\/\/nyforetagarcentrum.se\/mellerstaostergotland\/success-stories\/joakim-valde-att-starta-eget-som-fotograf\/\" \/>\n<meta property=\"og:site_name\" content=\"Mellersta \u00d6sterg\u00f6tland\" \/>\n<meta property=\"article:modified_time\" content=\"2024-08-28T14:28:20+00:00\" \/>\n<meta property=\"og:image\" content=\"https:\/\/nyforetagarcentrum.se\/mellerstaostergotland\/wp-content\/uploads\/sites\/12\/2024\/04\/joakim-ax-lite-mindre-copy-min.png\" \/>\n\t<meta property=\"og:image:width\" content=\"1500\" \/>\n\t<meta property=\"og:image:height\" content=\"844\" \/>\n\t<meta property=\"og:image:type\" content=\"image\/png\" \/>\n<meta name=\"twitter:card\" content=\"summary_large_image\" \/>\n<meta name=\"twitter:label1\" content=\"Ber\u00e4knad l\u00e4stid\" \/>\n\t<meta name=\"twitter:data1\" content=\"4 minuter\" \/>\n<script type=\"application\/ld+json\" class=\"yoast-schema-graph\">{\"@context\":\"https:\/\/schema.org\",\"@graph\":[{\"@type\":\"WebPage\",\"@id\":\"https:\/\/nyforetagarcentrum.se\/mellerstaostergotland\/success-stories\/joakim-valde-att-starta-eget-som-fotograf\/\",\"url\":\"https:\/\/nyforetagarcentrum.se\/mellerstaostergotland\/success-stories\/joakim-valde-att-starta-eget-som-fotograf\/\",\"name\":\"Joakim Ax valde att starta eget som fotograf - Mellersta \u00d6sterg\u00f6tland\",\"isPartOf\":{\"@id\":\"https:\/\/nyforetagarcentrum.se\/mellerstaostergotland\/#website\"},\"primaryImageOfPage\":{\"@id\":\"https:\/\/nyforetagarcentrum.se\/mellerstaostergotland\/success-stories\/joakim-valde-att-starta-eget-som-fotograf\/#primaryimage\"},\"image\":{\"@id\":\"https:\/\/nyforetagarcentrum.se\/mellerstaostergotland\/success-stories\/joakim-valde-att-starta-eget-som-fotograf\/#primaryimage\"},\"thumbnailUrl\":\"https:\/\/nyforetagarcentrum.se\/mellerstaostergotland\/wp-content\/uploads\/sites\/12\/2024\/04\/joakim-ax-lite-mindre-copy-min.png\",\"datePublished\":\"2024-05-31T08:43:32+00:00\",\"dateModified\":\"2024-08-28T14:28:20+00:00\",\"description\":\"Joakim Ax driver I Make Movies Now, och fotar och filmar till privatpersoner och f\u00f6retag. H\u00e4r ber\u00e4ttar han f\u00f6r Johan \u00c5hlund om sitt f\u00f6retag.\",\"breadcrumb\":{\"@id\":\"https:\/\/nyforetagarcentrum.se\/mellerstaostergotland\/success-stories\/joakim-valde-att-starta-eget-som-fotograf\/#breadcrumb\"},\"inLanguage\":\"sv-SE\",\"potentialAction\":[{\"@type\":\"ReadAction\",\"target\":[\"https:\/\/nyforetagarcentrum.se\/mellerstaostergotland\/success-stories\/joakim-valde-att-starta-eget-som-fotograf\/\"]}]},{\"@type\":\"ImageObject\",\"inLanguage\":\"sv-SE\",\"@id\":\"https:\/\/nyforetagarcentrum.se\/mellerstaostergotland\/success-stories\/joakim-valde-att-starta-eget-som-fotograf\/#primaryimage\",\"url\":\"https:\/\/nyforetagarcentrum.se\/mellerstaostergotland\/wp-content\/uploads\/sites\/12\/2024\/04\/joakim-ax-lite-mindre-copy-min.png\",\"contentUrl\":\"https:\/\/nyforetagarcentrum.se\/mellerstaostergotland\/wp-content\/uploads\/sites\/12\/2024\/04\/joakim-ax-lite-mindre-copy-min.png\",\"width\":1500,\"height\":844},{\"@type\":\"BreadcrumbList\",\"@id\":\"https:\/\/nyforetagarcentrum.se\/mellerstaostergotland\/success-stories\/joakim-valde-att-starta-eget-som-fotograf\/#breadcrumb\",\"itemListElement\":[{\"@type\":\"ListItem\",\"position\":1,\"name\":\"Hem\",\"item\":\"https:\/\/nyforetagarcentrum.se\/mellerstaostergotland\/\"},{\"@type\":\"ListItem\",\"position\":2,\"name\":\"Success stories\",\"item\":\"https:\/\/nyforetagarcentrum.se\/mellerstaostergotland\/success-stories\/\"},{\"@type\":\"ListItem\",\"position\":3,\"name\":\"Joakim Ax valde att starta eget som fotograf\"}]},{\"@type\":\"WebSite\",\"@id\":\"https:\/\/nyforetagarcentrum.se\/mellerstaostergotland\/#website\",\"url\":\"https:\/\/nyforetagarcentrum.se\/mellerstaostergotland\/\",\"name\":\"Mellersta \u00d6sterg\u00f6tland\",\"description\":\"Sveriges ledande kraft f\u00f6r fler nya livskraftiga f\u00f6retag\",\"publisher\":{\"@id\":\"https:\/\/nyforetagarcentrum.se\/mellerstaostergotland\/#organization\"},\"potentialAction\":[{\"@type\":\"SearchAction\",\"target\":{\"@type\":\"EntryPoint\",\"urlTemplate\":\"https:\/\/nyforetagarcentrum.se\/mellerstaostergotland\/?s={search_term_string}\"},\"query-input\":\"required name=search_term_string\"}],\"inLanguage\":\"sv-SE\"},{\"@type\":\"Organization\",\"@id\":\"https:\/\/nyforetagarcentrum.se\/mellerstaostergotland\/#organization\",\"name\":\"Mellersta \u00d6sterg\u00f6tland\",\"url\":\"https:\/\/nyforetagarcentrum.se\/mellerstaostergotland\/\",\"logo\":{\"@type\":\"ImageObject\",\"inLanguage\":\"sv-SE\",\"@id\":\"https:\/\/nyforetagarcentrum.se\/mellerstaostergotland\/#\/schema\/logo\/image\/\",\"url\":\"https:\/\/nyforetagarcentrum.se\/mellerstaostergotland\/wp-content\/uploads\/sites\/12\/2026\/04\/mellerstaostergotland_bla.png\",\"contentUrl\":\"https:\/\/nyforetagarcentrum.se\/mellerstaostergotland\/wp-content\/uploads\/sites\/12\/2026\/04\/mellerstaostergotland_bla.png\",\"width\":870,\"height\":355,\"caption\":\"Mellersta \u00d6sterg\u00f6tland\"},\"image\":{\"@id\":\"https:\/\/nyforetagarcentrum.se\/mellerstaostergotland\/#\/schema\/logo\/image\/\"}}]}<\/script>\n<!-- \/ Yoast SEO plugin. -->","yoast_head_json":{"title":"Joakim Ax valde att starta eget som fotograf - Mellersta \u00d6sterg\u00f6tland","description":"Joakim Ax driver I Make Movies Now, och fotar och filmar till privatpersoner och f\u00f6retag. H\u00e4r ber\u00e4ttar han f\u00f6r Johan \u00c5hlund om sitt f\u00f6retag.","robots":{"index":"index","follow":"follow","max-snippet":"max-snippet:-1","max-image-preview":"max-image-preview:large","max-video-preview":"max-video-preview:-1"},"canonical":"https:\/\/nyforetagarcentrum.se\/mellerstaostergotland\/success-stories\/joakim-valde-att-starta-eget-som-fotograf\/","og_locale":"sv_SE","og_type":"article","og_title":"Joakim Ax valde att starta eget som fotograf - Mellersta \u00d6sterg\u00f6tland","og_description":"Joakim Ax driver I Make Movies Now, och fotar och filmar till privatpersoner och f\u00f6retag. H\u00e4r ber\u00e4ttar han f\u00f6r Johan \u00c5hlund om sitt f\u00f6retag.","og_url":"https:\/\/nyforetagarcentrum.se\/mellerstaostergotland\/success-stories\/joakim-valde-att-starta-eget-som-fotograf\/","og_site_name":"Mellersta \u00d6sterg\u00f6tland","article_modified_time":"2024-08-28T14:28:20+00:00","og_image":[{"width":1500,"height":844,"url":"https:\/\/nyforetagarcentrum.se\/mellerstaostergotland\/wp-content\/uploads\/sites\/12\/2024\/04\/joakim-ax-lite-mindre-copy-min.png","type":"image\/png"}],"twitter_card":"summary_large_image","twitter_misc":{"Ber\u00e4knad l\u00e4stid":"4 minuter"},"schema":{"@context":"https:\/\/schema.org","@graph":[{"@type":"WebPage","@id":"https:\/\/nyforetagarcentrum.se\/mellerstaostergotland\/success-stories\/joakim-valde-att-starta-eget-som-fotograf\/","url":"https:\/\/nyforetagarcentrum.se\/mellerstaostergotland\/success-stories\/joakim-valde-att-starta-eget-som-fotograf\/","name":"Joakim Ax valde att starta eget som fotograf - Mellersta \u00d6sterg\u00f6tland","isPartOf":{"@id":"https:\/\/nyforetagarcentrum.se\/mellerstaostergotland\/#website"},"primaryImageOfPage":{"@id":"https:\/\/nyforetagarcentrum.se\/mellerstaostergotland\/success-stories\/joakim-valde-att-starta-eget-som-fotograf\/#primaryimage"},"image":{"@id":"https:\/\/nyforetagarcentrum.se\/mellerstaostergotland\/success-stories\/joakim-valde-att-starta-eget-som-fotograf\/#primaryimage"},"thumbnailUrl":"https:\/\/nyforetagarcentrum.se\/mellerstaostergotland\/wp-content\/uploads\/sites\/12\/2024\/04\/joakim-ax-lite-mindre-copy-min.png","datePublished":"2024-05-31T08:43:32+00:00","dateModified":"2024-08-28T14:28:20+00:00","description":"Joakim Ax driver I Make Movies Now, och fotar och filmar till privatpersoner och f\u00f6retag. H\u00e4r ber\u00e4ttar han f\u00f6r Johan \u00c5hlund om sitt f\u00f6retag.","breadcrumb":{"@id":"https:\/\/nyforetagarcentrum.se\/mellerstaostergotland\/success-stories\/joakim-valde-att-starta-eget-som-fotograf\/#breadcrumb"},"inLanguage":"sv-SE","potentialAction":[{"@type":"ReadAction","target":["https:\/\/nyforetagarcentrum.se\/mellerstaostergotland\/success-stories\/joakim-valde-att-starta-eget-som-fotograf\/"]}]},{"@type":"ImageObject","inLanguage":"sv-SE","@id":"https:\/\/nyforetagarcentrum.se\/mellerstaostergotland\/success-stories\/joakim-valde-att-starta-eget-som-fotograf\/#primaryimage","url":"https:\/\/nyforetagarcentrum.se\/mellerstaostergotland\/wp-content\/uploads\/sites\/12\/2024\/04\/joakim-ax-lite-mindre-copy-min.png","contentUrl":"https:\/\/nyforetagarcentrum.se\/mellerstaostergotland\/wp-content\/uploads\/sites\/12\/2024\/04\/joakim-ax-lite-mindre-copy-min.png","width":1500,"height":844},{"@type":"BreadcrumbList","@id":"https:\/\/nyforetagarcentrum.se\/mellerstaostergotland\/success-stories\/joakim-valde-att-starta-eget-som-fotograf\/#breadcrumb","itemListElement":[{"@type":"ListItem","position":1,"name":"Hem","item":"https:\/\/nyforetagarcentrum.se\/mellerstaostergotland\/"},{"@type":"ListItem","position":2,"name":"Success stories","item":"https:\/\/nyforetagarcentrum.se\/mellerstaostergotland\/success-stories\/"},{"@type":"ListItem","position":3,"name":"Joakim Ax valde att starta eget som fotograf"}]},{"@type":"WebSite","@id":"https:\/\/nyforetagarcentrum.se\/mellerstaostergotland\/#website","url":"https:\/\/nyforetagarcentrum.se\/mellerstaostergotland\/","name":"Mellersta \u00d6sterg\u00f6tland","description":"Sveriges ledande kraft f\u00f6r fler nya livskraftiga f\u00f6retag","publisher":{"@id":"https:\/\/nyforetagarcentrum.se\/mellerstaostergotland\/#organization"},"potentialAction":[{"@type":"SearchAction","target":{"@type":"EntryPoint","urlTemplate":"https:\/\/nyforetagarcentrum.se\/mellerstaostergotland\/?s={search_term_string}"},"query-input":"required name=search_term_string"}],"inLanguage":"sv-SE"},{"@type":"Organization","@id":"https:\/\/nyforetagarcentrum.se\/mellerstaostergotland\/#organization","name":"Mellersta \u00d6sterg\u00f6tland","url":"https:\/\/nyforetagarcentrum.se\/mellerstaostergotland\/","logo":{"@type":"ImageObject","inLanguage":"sv-SE","@id":"https:\/\/nyforetagarcentrum.se\/mellerstaostergotland\/#\/schema\/logo\/image\/","url":"https:\/\/nyforetagarcentrum.se\/mellerstaostergotland\/wp-content\/uploads\/sites\/12\/2026\/04\/mellerstaostergotland_bla.png","contentUrl":"https:\/\/nyforetagarcentrum.se\/mellerstaostergotland\/wp-content\/uploads\/sites\/12\/2026\/04\/mellerstaostergotland_bla.png","width":870,"height":355,"caption":"Mellersta \u00d6sterg\u00f6tland"},"image":{"@id":"https:\/\/nyforetagarcentrum.se\/mellerstaostergotland\/#\/schema\/logo\/image\/"}}]}},"_links":{"self":[{"href":"https:\/\/nyforetagarcentrum.se\/mellerstaostergotland\/wp-json\/wp\/v2\/story\/1123"}],"collection":[{"href":"https:\/\/nyforetagarcentrum.se\/mellerstaostergotland\/wp-json\/wp\/v2\/story"}],"about":[{"href":"https:\/\/nyforetagarcentrum.se\/mellerstaostergotland\/wp-json\/wp\/v2\/types\/story"}],"version-history":[{"count":4,"href":"https:\/\/nyforetagarcentrum.se\/mellerstaostergotland\/wp-json\/wp\/v2\/story\/1123\/revisions"}],"predecessor-version":[{"id":2461,"href":"https:\/\/nyforetagarcentrum.se\/mellerstaostergotland\/wp-json\/wp\/v2\/story\/1123\/revisions\/2461"}],"wp:featuredmedia":[{"embeddable":true,"href":"https:\/\/nyforetagarcentrum.se\/mellerstaostergotland\/wp-json\/wp\/v2\/media\/1124"}],"wp:attachment":[{"href":"https:\/\/nyforetagarcentrum.se\/mellerstaostergotland\/wp-json\/wp\/v2\/media?parent=1123"}],"wp:term":[{"taxonomy":"story_category","embeddable":true,"href":"https:\/\/nyforetagarcentrum.se\/mellerstaostergotland\/wp-json\/wp\/v2\/story_category?post=1123"}],"curies":[{"name":"wp","href":"https:\/\/api.w.org\/{rel}","templated":true}]}}