{"id":6968,"date":"2026-09-02T09:46:10","date_gmt":"2026-09-02T07:46:10","guid":{"rendered":"https:\/\/nyforetagarcentrum.se\/mellerstaostergotland\/?p=6968"},"modified":"2026-09-02T10:00:33","modified_gmt":"2026-09-02T08:00:33","slug":"fullsatt-forelasning-med-fluid-igar","status":"publish","type":"post","link":"https:\/\/nyforetagarcentrum.se\/mellerstaostergotland\/2026\/09\/02\/fullsatt-forelasning-med-fluid-igar\/","title":{"rendered":"Fullsatt f\u00f6rel\u00e4sning med Fluid ig\u00e5r!"},"content":{"rendered":"\n<p>G\u00e5rdagens f\u00f6rel\u00e4sning p\u00e5 temat <em>&#8221;Attrahera r\u00e4tt kunder \u2013 med tydlighet i ditt erbjudande&#8221;<\/em> lockade fullt hus. Kv\u00e4llens g\u00e4stf\u00f6rel\u00e4sare, Andreas Hult fr\u00e5n <a href=\"https:\/\/fluid.se\/\">Fluid Reklambyr\u00e5<\/a>, delade med sig av konkreta metoder f\u00f6r hur f\u00f6retagare kan n\u00e5 fram till r\u00e4tt m\u00e5lgrupp och bygga ett erbjudande som upplevs relevant, tydligt och attraktivt.<\/p>\n\n\n\n<p>Under kv\u00e4llen fick deltagarna arbeta med hur strategisk kommunikation och en djupare f\u00f6rst\u00e5else f\u00f6r m\u00e5lgruppen st\u00e4rker varum\u00e4rket i praktiken. F\u00f6rel\u00e4sningen f\u00f6ljdes av engagerade diskussioner d\u00e4r m\u00e5nga deltagare dr\u00f6jde sig kvar l\u00e4nge f\u00f6r att bolla id\u00e9er och utbyta erfarenheter.<\/p>\n\n\n\n<p>Stort tack till Andreas och till alla mentorer och adepter som bidrog till den fina energin under kv\u00e4llen!<\/p>\n\n\n\n<figure class=\"wp-block-image size-large\"><img loading=\"lazy\" decoding=\"async\" width=\"1024\" height=\"709\" src=\"https:\/\/nyforetagarcentrum.se\/mellerstaostergotland\/wp-content\/uploads\/sites\/12\/2026\/09\/260901-7-bra-1024x709.jpg\" alt=\"\" class=\"wp-image-6970\" srcset=\"https:\/\/nyforetagarcentrum.se\/mellerstaostergotland\/wp-content\/uploads\/sites\/12\/2026\/09\/260901-7-bra-1024x709.jpg 1024w, https:\/\/nyforetagarcentrum.se\/mellerstaostergotland\/wp-content\/uploads\/sites\/12\/2026\/09\/260901-7-bra-300x208.jpg 300w, https:\/\/nyforetagarcentrum.se\/mellerstaostergotland\/wp-content\/uploads\/sites\/12\/2026\/09\/260901-7-bra-768x532.jpg 768w, https:\/\/nyforetagarcentrum.se\/mellerstaostergotland\/wp-content\/uploads\/sites\/12\/2026\/09\/260901-7-bra.jpg 1418w\" sizes=\"(max-width: 1024px) 100vw, 1024px\" \/><\/figure>\n\n\n\n<figure class=\"wp-block-image size-large\"><img loading=\"lazy\" decoding=\"async\" width=\"1024\" height=\"582\" src=\"https:\/\/nyforetagarcentrum.se\/mellerstaostergotland\/wp-content\/uploads\/sites\/12\/2026\/09\/260901-3-bra-1024x582.jpg\" alt=\"\" class=\"wp-image-6971\" srcset=\"https:\/\/nyforetagarcentrum.se\/mellerstaostergotland\/wp-content\/uploads\/sites\/12\/2026\/09\/260901-3-bra-1024x582.jpg 1024w, https:\/\/nyforetagarcentrum.se\/mellerstaostergotland\/wp-content\/uploads\/sites\/12\/2026\/09\/260901-3-bra-300x170.jpg 300w, https:\/\/nyforetagarcentrum.se\/mellerstaostergotland\/wp-content\/uploads\/sites\/12\/2026\/09\/260901-3-bra-768x436.jpg 768w, https:\/\/nyforetagarcentrum.se\/mellerstaostergotland\/wp-content\/uploads\/sites\/12\/2026\/09\/260901-3-bra.jpg 1287w\" sizes=\"(max-width: 1024px) 100vw, 1024px\" \/><\/figure>\n\n\n\n<figure class=\"wp-block-image size-large\"><img loading=\"lazy\" decoding=\"async\" width=\"1024\" height=\"564\" src=\"https:\/\/nyforetagarcentrum.se\/mellerstaostergotland\/wp-content\/uploads\/sites\/12\/2026\/09\/260901-4-bra-1024x564.jpg\" alt=\"\" class=\"wp-image-6972\" srcset=\"https:\/\/nyforetagarcentrum.se\/mellerstaostergotland\/wp-content\/uploads\/sites\/12\/2026\/09\/260901-4-bra-1024x564.jpg 1024w, https:\/\/nyforetagarcentrum.se\/mellerstaostergotland\/wp-content\/uploads\/sites\/12\/2026\/09\/260901-4-bra-300x165.jpg 300w, https:\/\/nyforetagarcentrum.se\/mellerstaostergotland\/wp-content\/uploads\/sites\/12\/2026\/09\/260901-4-bra-768x423.jpg 768w, https:\/\/nyforetagarcentrum.se\/mellerstaostergotland\/wp-content\/uploads\/sites\/12\/2026\/09\/260901-4-bra.jpg 1436w\" sizes=\"(max-width: 1024px) 100vw, 1024px\" \/><\/figure>\n\n\n\n<figure class=\"wp-block-image size-large\"><img loading=\"lazy\" decoding=\"async\" width=\"1024\" height=\"577\" src=\"https:\/\/nyforetagarcentrum.se\/mellerstaostergotland\/wp-content\/uploads\/sites\/12\/2026\/09\/20260901_185053-1024x577.jpg\" alt=\"\" class=\"wp-image-6975\" srcset=\"https:\/\/nyforetagarcentrum.se\/mellerstaostergotland\/wp-content\/uploads\/sites\/12\/2026\/09\/20260901_185053-1024x577.jpg 1024w, https:\/\/nyforetagarcentrum.se\/mellerstaostergotland\/wp-content\/uploads\/sites\/12\/2026\/09\/20260901_185053-300x169.jpg 300w, https:\/\/nyforetagarcentrum.se\/mellerstaostergotland\/wp-content\/uploads\/sites\/12\/2026\/09\/20260901_185053-768x432.jpg 768w, https:\/\/nyforetagarcentrum.se\/mellerstaostergotland\/wp-content\/uploads\/sites\/12\/2026\/09\/20260901_185053-1536x865.jpg 1536w, https:\/\/nyforetagarcentrum.se\/mellerstaostergotland\/wp-content\/uploads\/sites\/12\/2026\/09\/20260901_185053-2048x1153.jpg 2048w, https:\/\/nyforetagarcentrum.se\/mellerstaostergotland\/wp-content\/uploads\/sites\/12\/2026\/09\/20260901_185053-1918x1080.jpg 1918w\" sizes=\"(max-width: 1024px) 100vw, 1024px\" \/><\/figure>\n\n\n\n<figure class=\"wp-block-image size-large\"><img loading=\"lazy\" decoding=\"async\" width=\"1024\" height=\"577\" src=\"https:\/\/nyforetagarcentrum.se\/mellerstaostergotland\/wp-content\/uploads\/sites\/12\/2026\/09\/20260901_185058-1024x577.jpg\" alt=\"\" class=\"wp-image-6976\" srcset=\"https:\/\/nyforetagarcentrum.se\/mellerstaostergotland\/wp-content\/uploads\/sites\/12\/2026\/09\/20260901_185058-1024x577.jpg 1024w, https:\/\/nyforetagarcentrum.se\/mellerstaostergotland\/wp-content\/uploads\/sites\/12\/2026\/09\/20260901_185058-300x169.jpg 300w, https:\/\/nyforetagarcentrum.se\/mellerstaostergotland\/wp-content\/uploads\/sites\/12\/2026\/09\/20260901_185058-768x432.jpg 768w, https:\/\/nyforetagarcentrum.se\/mellerstaostergotland\/wp-content\/uploads\/sites\/12\/2026\/09\/20260901_185058-1536x865.jpg 1536w, https:\/\/nyforetagarcentrum.se\/mellerstaostergotland\/wp-content\/uploads\/sites\/12\/2026\/09\/20260901_185058-2048x1153.jpg 2048w, https:\/\/nyforetagarcentrum.se\/mellerstaostergotland\/wp-content\/uploads\/sites\/12\/2026\/09\/20260901_185058-1918x1080.jpg 1918w\" sizes=\"(max-width: 1024px) 100vw, 1024px\" \/><\/figure>\n","protected":false},"excerpt":{"rendered":"<p>G\u00e5rdagens f\u00f6rel\u00e4sning p\u00e5 temat &#8221;Attrahera r\u00e4tt kunder \u2013 med tydlighet i ditt erbjudande&#8221; lockade fullt hus. Kv\u00e4llens g\u00e4stf\u00f6rel\u00e4sare, Andreas Hult fr\u00e5n Fluid Reklambyr\u00e5, delade med sig av konkreta metoder f\u00f6r hur f\u00f6retagare kan n\u00e5 fram till r\u00e4tt m\u00e5lgrupp och bygga ett erbjudande som upplevs relevant, tydligt och attraktivt. Under kv\u00e4llen fick deltagarna arbeta med hur [&hellip;]<\/p>\n","protected":false},"author":65,"featured_media":6969,"comment_status":"open","ping_status":"open","sticky":false,"template":"","format":"standard","meta":{"footnotes":""},"categories":[11,20],"tags":[],"acf":[],"yoast_head":"<!-- This site is optimized with the Yoast SEO plugin v22.9 - https:\/\/yoast.com\/wordpress\/plugins\/seo\/ -->\n<title>Fullsatt f\u00f6rel\u00e4sning med Fluid ig\u00e5r! - Mellersta \u00d6sterg\u00f6tland<\/title>\n<meta name=\"robots\" content=\"index, follow, max-snippet:-1, max-image-preview:large, max-video-preview:-1\" \/>\n<link rel=\"canonical\" href=\"https:\/\/nyforetagarcentrum.se\/mellerstaostergotland\/2026\/09\/02\/fullsatt-forelasning-med-fluid-igar\/\" \/>\n<meta property=\"og:locale\" content=\"sv_SE\" \/>\n<meta property=\"og:type\" content=\"article\" \/>\n<meta property=\"og:title\" content=\"Fullsatt f\u00f6rel\u00e4sning med Fluid ig\u00e5r! - Mellersta \u00d6sterg\u00f6tland\" \/>\n<meta property=\"og:description\" content=\"G\u00e5rdagens f\u00f6rel\u00e4sning p\u00e5 temat &#8221;Attrahera r\u00e4tt kunder \u2013 med tydlighet i ditt erbjudande&#8221; lockade fullt hus. Kv\u00e4llens g\u00e4stf\u00f6rel\u00e4sare, Andreas Hult fr\u00e5n Fluid Reklambyr\u00e5, delade med sig av konkreta metoder f\u00f6r hur f\u00f6retagare kan n\u00e5 fram till r\u00e4tt m\u00e5lgrupp och bygga ett erbjudande som upplevs relevant, tydligt och attraktivt. Under kv\u00e4llen fick deltagarna arbeta med hur [&hellip;]\" \/>\n<meta property=\"og:url\" content=\"https:\/\/nyforetagarcentrum.se\/mellerstaostergotland\/2026\/09\/02\/fullsatt-forelasning-med-fluid-igar\/\" \/>\n<meta property=\"og:site_name\" content=\"Mellersta \u00d6sterg\u00f6tland\" \/>\n<meta property=\"article:published_time\" content=\"2026-09-02T07:46:10+00:00\" \/>\n<meta property=\"article:modified_time\" content=\"2026-09-02T08:00:33+00:00\" \/>\n<meta property=\"og:image\" content=\"https:\/\/nyforetagarcentrum.se\/mellerstaostergotland\/wp-content\/uploads\/sites\/12\/2026\/09\/260901-12-bra.jpg\" \/>\n\t<meta property=\"og:image:width\" content=\"1073\" \/>\n\t<meta property=\"og:image:height\" content=\"1251\" \/>\n\t<meta property=\"og:image:type\" content=\"image\/jpeg\" \/>\n<meta name=\"author\" content=\"mellerstaostergotland\" \/>\n<meta name=\"twitter:card\" content=\"summary_large_image\" \/>\n<meta name=\"twitter:label1\" content=\"Skriven av\" \/>\n\t<meta name=\"twitter:data1\" content=\"mellerstaostergotland\" \/>\n\t<meta name=\"twitter:label2\" content=\"Ber\u00e4knad l\u00e4stid\" \/>\n\t<meta name=\"twitter:data2\" content=\"2 minuter\" \/>\n<script type=\"application\/ld+json\" class=\"yoast-schema-graph\">{\"@context\":\"https:\/\/schema.org\",\"@graph\":[{\"@type\":\"Article\",\"@id\":\"https:\/\/nyforetagarcentrum.se\/mellerstaostergotland\/2026\/09\/02\/fullsatt-forelasning-med-fluid-igar\/#article\",\"isPartOf\":{\"@id\":\"https:\/\/nyforetagarcentrum.se\/mellerstaostergotland\/2026\/09\/02\/fullsatt-forelasning-med-fluid-igar\/\"},\"author\":{\"name\":\"mellerstaostergotland\",\"@id\":\"https:\/\/nyforetagarcentrum.se\/mellerstaostergotland\/#\/schema\/person\/df60f650d4cfd861af39663ad6a57e8c\"},\"headline\":\"Fullsatt f\u00f6rel\u00e4sning med Fluid ig\u00e5r!\",\"datePublished\":\"2026-09-02T07:46:10+00:00\",\"dateModified\":\"2026-09-02T08:00:33+00:00\",\"mainEntityOfPage\":{\"@id\":\"https:\/\/nyforetagarcentrum.se\/mellerstaostergotland\/2026\/09\/02\/fullsatt-forelasning-med-fluid-igar\/\"},\"wordCount\":141,\"commentCount\":0,\"publisher\":{\"@id\":\"https:\/\/nyforetagarcentrum.se\/mellerstaostergotland\/#organization\"},\"image\":{\"@id\":\"https:\/\/nyforetagarcentrum.se\/mellerstaostergotland\/2026\/09\/02\/fullsatt-forelasning-med-fluid-igar\/#primaryimage\"},\"thumbnailUrl\":\"https:\/\/nyforetagarcentrum.se\/mellerstaostergotland\/wp-content\/uploads\/sites\/12\/2026\/09\/260901-12-bra.jpg\",\"articleSection\":[\"Mentor\",\"Nyhet\"],\"inLanguage\":\"sv-SE\",\"potentialAction\":[{\"@type\":\"CommentAction\",\"name\":\"Comment\",\"target\":[\"https:\/\/nyforetagarcentrum.se\/mellerstaostergotland\/2026\/09\/02\/fullsatt-forelasning-med-fluid-igar\/#respond\"]}]},{\"@type\":\"WebPage\",\"@id\":\"https:\/\/nyforetagarcentrum.se\/mellerstaostergotland\/2026\/09\/02\/fullsatt-forelasning-med-fluid-igar\/\",\"url\":\"https:\/\/nyforetagarcentrum.se\/mellerstaostergotland\/2026\/09\/02\/fullsatt-forelasning-med-fluid-igar\/\",\"name\":\"Fullsatt f\u00f6rel\u00e4sning med Fluid ig\u00e5r! - Mellersta \u00d6sterg\u00f6tland\",\"isPartOf\":{\"@id\":\"https:\/\/nyforetagarcentrum.se\/mellerstaostergotland\/#website\"},\"primaryImageOfPage\":{\"@id\":\"https:\/\/nyforetagarcentrum.se\/mellerstaostergotland\/2026\/09\/02\/fullsatt-forelasning-med-fluid-igar\/#primaryimage\"},\"image\":{\"@id\":\"https:\/\/nyforetagarcentrum.se\/mellerstaostergotland\/2026\/09\/02\/fullsatt-forelasning-med-fluid-igar\/#primaryimage\"},\"thumbnailUrl\":\"https:\/\/nyforetagarcentrum.se\/mellerstaostergotland\/wp-content\/uploads\/sites\/12\/2026\/09\/260901-12-bra.jpg\",\"datePublished\":\"2026-09-02T07:46:10+00:00\",\"dateModified\":\"2026-09-02T08:00:33+00:00\",\"breadcrumb\":{\"@id\":\"https:\/\/nyforetagarcentrum.se\/mellerstaostergotland\/2026\/09\/02\/fullsatt-forelasning-med-fluid-igar\/#breadcrumb\"},\"inLanguage\":\"sv-SE\",\"potentialAction\":[{\"@type\":\"ReadAction\",\"target\":[\"https:\/\/nyforetagarcentrum.se\/mellerstaostergotland\/2026\/09\/02\/fullsatt-forelasning-med-fluid-igar\/\"]}]},{\"@type\":\"ImageObject\",\"inLanguage\":\"sv-SE\",\"@id\":\"https:\/\/nyforetagarcentrum.se\/mellerstaostergotland\/2026\/09\/02\/fullsatt-forelasning-med-fluid-igar\/#primaryimage\",\"url\":\"https:\/\/nyforetagarcentrum.se\/mellerstaostergotland\/wp-content\/uploads\/sites\/12\/2026\/09\/260901-12-bra.jpg\",\"contentUrl\":\"https:\/\/nyforetagarcentrum.se\/mellerstaostergotland\/wp-content\/uploads\/sites\/12\/2026\/09\/260901-12-bra.jpg\",\"width\":1073,\"height\":1251},{\"@type\":\"BreadcrumbList\",\"@id\":\"https:\/\/nyforetagarcentrum.se\/mellerstaostergotland\/2026\/09\/02\/fullsatt-forelasning-med-fluid-igar\/#breadcrumb\",\"itemListElement\":[{\"@type\":\"ListItem\",\"position\":1,\"name\":\"Hem\",\"item\":\"https:\/\/nyforetagarcentrum.se\/mellerstaostergotland\/\"},{\"@type\":\"ListItem\",\"position\":2,\"name\":\"Fullsatt f\u00f6rel\u00e4sning med Fluid ig\u00e5r!\"}]},{\"@type\":\"WebSite\",\"@id\":\"https:\/\/nyforetagarcentrum.se\/mellerstaostergotland\/#website\",\"url\":\"https:\/\/nyforetagarcentrum.se\/mellerstaostergotland\/\",\"name\":\"Mellersta \u00d6sterg\u00f6tland\",\"description\":\"Sveriges ledande kraft f\u00f6r fler nya livskraftiga f\u00f6retag\",\"publisher\":{\"@id\":\"https:\/\/nyforetagarcentrum.se\/mellerstaostergotland\/#organization\"},\"potentialAction\":[{\"@type\":\"SearchAction\",\"target\":{\"@type\":\"EntryPoint\",\"urlTemplate\":\"https:\/\/nyforetagarcentrum.se\/mellerstaostergotland\/?s={search_term_string}\"},\"query-input\":\"required name=search_term_string\"}],\"inLanguage\":\"sv-SE\"},{\"@type\":\"Organization\",\"@id\":\"https:\/\/nyforetagarcentrum.se\/mellerstaostergotland\/#organization\",\"name\":\"Mellersta \u00d6sterg\u00f6tland\",\"url\":\"https:\/\/nyforetagarcentrum.se\/mellerstaostergotland\/\",\"logo\":{\"@type\":\"ImageObject\",\"inLanguage\":\"sv-SE\",\"@id\":\"https:\/\/nyforetagarcentrum.se\/mellerstaostergotland\/#\/schema\/logo\/image\/\",\"url\":\"https:\/\/nyforetagarcentrum.se\/mellerstaostergotland\/wp-content\/uploads\/sites\/12\/2026\/04\/mellerstaostergotland_bla.png\",\"contentUrl\":\"https:\/\/nyforetagarcentrum.se\/mellerstaostergotland\/wp-content\/uploads\/sites\/12\/2026\/04\/mellerstaostergotland_bla.png\",\"width\":870,\"height\":355,\"caption\":\"Mellersta \u00d6sterg\u00f6tland\"},\"image\":{\"@id\":\"https:\/\/nyforetagarcentrum.se\/mellerstaostergotland\/#\/schema\/logo\/image\/\"}},{\"@type\":\"Person\",\"@id\":\"https:\/\/nyforetagarcentrum.se\/mellerstaostergotland\/#\/schema\/person\/df60f650d4cfd861af39663ad6a57e8c\",\"name\":\"mellerstaostergotland\",\"image\":{\"@type\":\"ImageObject\",\"inLanguage\":\"sv-SE\",\"@id\":\"https:\/\/nyforetagarcentrum.se\/mellerstaostergotland\/#\/schema\/person\/image\/\",\"url\":\"https:\/\/secure.gravatar.com\/avatar\/4307c1410fb6bf935926d2a3793208ab?s=96&d=mm&r=g\",\"contentUrl\":\"https:\/\/secure.gravatar.com\/avatar\/4307c1410fb6bf935926d2a3793208ab?s=96&d=mm&r=g\",\"caption\":\"mellerstaostergotland\"},\"url\":\"https:\/\/nyforetagarcentrum.se\/mellerstaostergotland\/author\/mellerstaostergotland\/\"}]}<\/script>\n<!-- \/ Yoast SEO plugin. -->","yoast_head_json":{"title":"Fullsatt f\u00f6rel\u00e4sning med Fluid ig\u00e5r! - Mellersta \u00d6sterg\u00f6tland","robots":{"index":"index","follow":"follow","max-snippet":"max-snippet:-1","max-image-preview":"max-image-preview:large","max-video-preview":"max-video-preview:-1"},"canonical":"https:\/\/nyforetagarcentrum.se\/mellerstaostergotland\/2026\/09\/02\/fullsatt-forelasning-med-fluid-igar\/","og_locale":"sv_SE","og_type":"article","og_title":"Fullsatt f\u00f6rel\u00e4sning med Fluid ig\u00e5r! - Mellersta \u00d6sterg\u00f6tland","og_description":"G\u00e5rdagens f\u00f6rel\u00e4sning p\u00e5 temat &#8221;Attrahera r\u00e4tt kunder \u2013 med tydlighet i ditt erbjudande&#8221; lockade fullt hus. Kv\u00e4llens g\u00e4stf\u00f6rel\u00e4sare, Andreas Hult fr\u00e5n Fluid Reklambyr\u00e5, delade med sig av konkreta metoder f\u00f6r hur f\u00f6retagare kan n\u00e5 fram till r\u00e4tt m\u00e5lgrupp och bygga ett erbjudande som upplevs relevant, tydligt och attraktivt. Under kv\u00e4llen fick deltagarna arbeta med hur [&hellip;]","og_url":"https:\/\/nyforetagarcentrum.se\/mellerstaostergotland\/2026\/09\/02\/fullsatt-forelasning-med-fluid-igar\/","og_site_name":"Mellersta \u00d6sterg\u00f6tland","article_published_time":"2026-09-02T07:46:10+00:00","article_modified_time":"2026-09-02T08:00:33+00:00","og_image":[{"width":1073,"height":1251,"url":"https:\/\/nyforetagarcentrum.se\/mellerstaostergotland\/wp-content\/uploads\/sites\/12\/2026\/09\/260901-12-bra.jpg","type":"image\/jpeg"}],"author":"mellerstaostergotland","twitter_card":"summary_large_image","twitter_misc":{"Skriven av":"mellerstaostergotland","Ber\u00e4knad l\u00e4stid":"2 minuter"},"schema":{"@context":"https:\/\/schema.org","@graph":[{"@type":"Article","@id":"https:\/\/nyforetagarcentrum.se\/mellerstaostergotland\/2026\/09\/02\/fullsatt-forelasning-med-fluid-igar\/#article","isPartOf":{"@id":"https:\/\/nyforetagarcentrum.se\/mellerstaostergotland\/2026\/09\/02\/fullsatt-forelasning-med-fluid-igar\/"},"author":{"name":"mellerstaostergotland","@id":"https:\/\/nyforetagarcentrum.se\/mellerstaostergotland\/#\/schema\/person\/df60f650d4cfd861af39663ad6a57e8c"},"headline":"Fullsatt f\u00f6rel\u00e4sning med Fluid ig\u00e5r!","datePublished":"2026-09-02T07:46:10+00:00","dateModified":"2026-09-02T08:00:33+00:00","mainEntityOfPage":{"@id":"https:\/\/nyforetagarcentrum.se\/mellerstaostergotland\/2026\/09\/02\/fullsatt-forelasning-med-fluid-igar\/"},"wordCount":141,"commentCount":0,"publisher":{"@id":"https:\/\/nyforetagarcentrum.se\/mellerstaostergotland\/#organization"},"image":{"@id":"https:\/\/nyforetagarcentrum.se\/mellerstaostergotland\/2026\/09\/02\/fullsatt-forelasning-med-fluid-igar\/#primaryimage"},"thumbnailUrl":"https:\/\/nyforetagarcentrum.se\/mellerstaostergotland\/wp-content\/uploads\/sites\/12\/2026\/09\/260901-12-bra.jpg","articleSection":["Mentor","Nyhet"],"inLanguage":"sv-SE","potentialAction":[{"@type":"CommentAction","name":"Comment","target":["https:\/\/nyforetagarcentrum.se\/mellerstaostergotland\/2026\/09\/02\/fullsatt-forelasning-med-fluid-igar\/#respond"]}]},{"@type":"WebPage","@id":"https:\/\/nyforetagarcentrum.se\/mellerstaostergotland\/2026\/09\/02\/fullsatt-forelasning-med-fluid-igar\/","url":"https:\/\/nyforetagarcentrum.se\/mellerstaostergotland\/2026\/09\/02\/fullsatt-forelasning-med-fluid-igar\/","name":"Fullsatt f\u00f6rel\u00e4sning med Fluid ig\u00e5r! - Mellersta \u00d6sterg\u00f6tland","isPartOf":{"@id":"https:\/\/nyforetagarcentrum.se\/mellerstaostergotland\/#website"},"primaryImageOfPage":{"@id":"https:\/\/nyforetagarcentrum.se\/mellerstaostergotland\/2026\/09\/02\/fullsatt-forelasning-med-fluid-igar\/#primaryimage"},"image":{"@id":"https:\/\/nyforetagarcentrum.se\/mellerstaostergotland\/2026\/09\/02\/fullsatt-forelasning-med-fluid-igar\/#primaryimage"},"thumbnailUrl":"https:\/\/nyforetagarcentrum.se\/mellerstaostergotland\/wp-content\/uploads\/sites\/12\/2026\/09\/260901-12-bra.jpg","datePublished":"2026-09-02T07:46:10+00:00","dateModified":"2026-09-02T08:00:33+00:00","breadcrumb":{"@id":"https:\/\/nyforetagarcentrum.se\/mellerstaostergotland\/2026\/09\/02\/fullsatt-forelasning-med-fluid-igar\/#breadcrumb"},"inLanguage":"sv-SE","potentialAction":[{"@type":"ReadAction","target":["https:\/\/nyforetagarcentrum.se\/mellerstaostergotland\/2026\/09\/02\/fullsatt-forelasning-med-fluid-igar\/"]}]},{"@type":"ImageObject","inLanguage":"sv-SE","@id":"https:\/\/nyforetagarcentrum.se\/mellerstaostergotland\/2026\/09\/02\/fullsatt-forelasning-med-fluid-igar\/#primaryimage","url":"https:\/\/nyforetagarcentrum.se\/mellerstaostergotland\/wp-content\/uploads\/sites\/12\/2026\/09\/260901-12-bra.jpg","contentUrl":"https:\/\/nyforetagarcentrum.se\/mellerstaostergotland\/wp-content\/uploads\/sites\/12\/2026\/09\/260901-12-bra.jpg","width":1073,"height":1251},{"@type":"BreadcrumbList","@id":"https:\/\/nyforetagarcentrum.se\/mellerstaostergotland\/2026\/09\/02\/fullsatt-forelasning-med-fluid-igar\/#breadcrumb","itemListElement":[{"@type":"ListItem","position":1,"name":"Hem","item":"https:\/\/nyforetagarcentrum.se\/mellerstaostergotland\/"},{"@type":"ListItem","position":2,"name":"Fullsatt f\u00f6rel\u00e4sning med Fluid ig\u00e5r!"}]},{"@type":"WebSite","@id":"https:\/\/nyforetagarcentrum.se\/mellerstaostergotland\/#website","url":"https:\/\/nyforetagarcentrum.se\/mellerstaostergotland\/","name":"Mellersta \u00d6sterg\u00f6tland","description":"Sveriges ledande kraft f\u00f6r fler nya livskraftiga f\u00f6retag","publisher":{"@id":"https:\/\/nyforetagarcentrum.se\/mellerstaostergotland\/#organization"},"potentialAction":[{"@type":"SearchAction","target":{"@type":"EntryPoint","urlTemplate":"https:\/\/nyforetagarcentrum.se\/mellerstaostergotland\/?s={search_term_string}"},"query-input":"required name=search_term_string"}],"inLanguage":"sv-SE"},{"@type":"Organization","@id":"https:\/\/nyforetagarcentrum.se\/mellerstaostergotland\/#organization","name":"Mellersta \u00d6sterg\u00f6tland","url":"https:\/\/nyforetagarcentrum.se\/mellerstaostergotland\/","logo":{"@type":"ImageObject","inLanguage":"sv-SE","@id":"https:\/\/nyforetagarcentrum.se\/mellerstaostergotland\/#\/schema\/logo\/image\/","url":"https:\/\/nyforetagarcentrum.se\/mellerstaostergotland\/wp-content\/uploads\/sites\/12\/2026\/04\/mellerstaostergotland_bla.png","contentUrl":"https:\/\/nyforetagarcentrum.se\/mellerstaostergotland\/wp-content\/uploads\/sites\/12\/2026\/04\/mellerstaostergotland_bla.png","width":870,"height":355,"caption":"Mellersta \u00d6sterg\u00f6tland"},"image":{"@id":"https:\/\/nyforetagarcentrum.se\/mellerstaostergotland\/#\/schema\/logo\/image\/"}},{"@type":"Person","@id":"https:\/\/nyforetagarcentrum.se\/mellerstaostergotland\/#\/schema\/person\/df60f650d4cfd861af39663ad6a57e8c","name":"mellerstaostergotland","image":{"@type":"ImageObject","inLanguage":"sv-SE","@id":"https:\/\/nyforetagarcentrum.se\/mellerstaostergotland\/#\/schema\/person\/image\/","url":"https:\/\/secure.gravatar.com\/avatar\/4307c1410fb6bf935926d2a3793208ab?s=96&d=mm&r=g","contentUrl":"https:\/\/secure.gravatar.com\/avatar\/4307c1410fb6bf935926d2a3793208ab?s=96&d=mm&r=g","caption":"mellerstaostergotland"},"url":"https:\/\/nyforetagarcentrum.se\/mellerstaostergotland\/author\/mellerstaostergotland\/"}]}},"_links":{"self":[{"href":"https:\/\/nyforetagarcentrum.se\/mellerstaostergotland\/wp-json\/wp\/v2\/posts\/6968"}],"collection":[{"href":"https:\/\/nyforetagarcentrum.se\/mellerstaostergotland\/wp-json\/wp\/v2\/posts"}],"about":[{"href":"https:\/\/nyforetagarcentrum.se\/mellerstaostergotland\/wp-json\/wp\/v2\/types\/post"}],"author":[{"embeddable":true,"href":"https:\/\/nyforetagarcentrum.se\/mellerstaostergotland\/wp-json\/wp\/v2\/users\/65"}],"replies":[{"embeddable":true,"href":"https:\/\/nyforetagarcentrum.se\/mellerstaostergotland\/wp-json\/wp\/v2\/comments?post=6968"}],"version-history":[{"count":3,"href":"https:\/\/nyforetagarcentrum.se\/mellerstaostergotland\/wp-json\/wp\/v2\/posts\/6968\/revisions"}],"predecessor-version":[{"id":6977,"href":"https:\/\/nyforetagarcentrum.se\/mellerstaostergotland\/wp-json\/wp\/v2\/posts\/6968\/revisions\/6977"}],"wp:featuredmedia":[{"embeddable":true,"href":"https:\/\/nyforetagarcentrum.se\/mellerstaostergotland\/wp-json\/wp\/v2\/media\/6969"}],"wp:attachment":[{"href":"https:\/\/nyforetagarcentrum.se\/mellerstaostergotland\/wp-json\/wp\/v2\/media?parent=6968"}],"wp:term":[{"taxonomy":"category","embeddable":true,"href":"https:\/\/nyforetagarcentrum.se\/mellerstaostergotland\/wp-json\/wp\/v2\/categories?post=6968"},{"taxonomy":"post_tag","embeddable":true,"href":"https:\/\/nyforetagarcentrum.se\/mellerstaostergotland\/wp-json\/wp\/v2\/tags?post=6968"}],"curies":[{"name":"wp","href":"https:\/\/api.w.org\/{rel}","templated":true}]}}