{"id":6945,"date":"2026-08-28T09:32:53","date_gmt":"2026-08-28T07:32:53","guid":{"rendered":"https:\/\/nyforetagarcentrum.se\/mellerstaostergotland\/?p=6945"},"modified":"2026-08-28T09:32:54","modified_gmt":"2026-08-28T07:32:54","slug":"vardefulla-natverk-och-bra-dialog-pa-businessbar","status":"publish","type":"post","link":"https:\/\/nyforetagarcentrum.se\/mellerstaostergotland\/2026\/08\/28\/vardefulla-natverk-och-bra-dialog-pa-businessbar\/","title":{"rendered":"V\u00e4rdefulla n\u00e4tverk och bra dialog p\u00e5 BusinessBar"},"content":{"rendered":"\n<p>Under g\u00e5rdagens BusinessBar fick vi m\u00f6jlighet att presentera v\u00e5r verksamhet och m\u00f6ta b\u00e5de nya och etablerade entrepren\u00f6rer. Med str\u00e5lande v\u00e4der och god uppslutning blev det ett utm\u00e4rkt tillf\u00e4lle att st\u00e4rka samverkan med kollegor i det f\u00f6retagsfr\u00e4mjande ekosystemet, d\u00e4ribland F\u00f6retagarna, N\u00e4ringsliv och tillv\u00e4xt samt Ung F\u00f6retagsamhet med flera. <\/p>\n\n\n\n<p>Hos oss p\u00e5 Nyf\u00f6retagarCentrum Mellersta \u00d6sterg\u00f6tland v\u00e4ntar en h\u00e4ndelserik h\u00f6st f\u00f6r dig som funderar p\u00e5 att starta eget eller redan \u00e4r ig\u00e5ng med ditt f\u00f6retag. V\u00e5r kalender \u00e4r fylld med kostnadsfria f\u00f6rel\u00e4sningar, n\u00e4tverkstr\u00e4ffar och utbildningar som ger dig och ditt f\u00f6retag r\u00e4tt verktyg f\u00f6r att v\u00e4xa.<\/p>\n\n\n\n<p>Bes\u00f6k v\u00e5r <a href=\"https:\/\/nyforetagarcentrum.se\/mellerstaostergotland\/event-seminarier-2\/\">evenemangssida<\/a> f\u00f6r att se hela h\u00f6stens program och s\u00e4kra din plats. Vi ser fram emot att tr\u00e4ffa dig, b\u00e5de digitalt och p\u00e5 plats!<\/p>\n\n\n\n<p>Vill du veta hur andra har tagit steget? L\u00e4s g\u00e4rna v\u00e5ra <a href=\"https:\/\/nyforetagarcentrum.se\/mellerstaostergotland\/success-stories\/\">Success Stories<\/a> och inspireras av entrepren\u00f6rer som startat sin resa tillsammans med v\u00e5r kostnadsfria r\u00e5dgivning.<\/p>\n\n\n\n<figure class=\"wp-block-image size-large\"><img loading=\"lazy\" decoding=\"async\" width=\"1024\" height=\"576\" src=\"https:\/\/nyforetagarcentrum.se\/mellerstaostergotland\/wp-content\/uploads\/sites\/12\/2026\/08\/1000109238-1024x576.jpg\" alt=\"\" class=\"wp-image-6947\" srcset=\"https:\/\/nyforetagarcentrum.se\/mellerstaostergotland\/wp-content\/uploads\/sites\/12\/2026\/08\/1000109238-1024x576.jpg 1024w, https:\/\/nyforetagarcentrum.se\/mellerstaostergotland\/wp-content\/uploads\/sites\/12\/2026\/08\/1000109238-300x169.jpg 300w, https:\/\/nyforetagarcentrum.se\/mellerstaostergotland\/wp-content\/uploads\/sites\/12\/2026\/08\/1000109238-768x432.jpg 768w, https:\/\/nyforetagarcentrum.se\/mellerstaostergotland\/wp-content\/uploads\/sites\/12\/2026\/08\/1000109238-1536x865.jpg 1536w, https:\/\/nyforetagarcentrum.se\/mellerstaostergotland\/wp-content\/uploads\/sites\/12\/2026\/08\/1000109238-2048x1153.jpg 2048w, https:\/\/nyforetagarcentrum.se\/mellerstaostergotland\/wp-content\/uploads\/sites\/12\/2026\/08\/1000109238-1920x1080.jpg 1920w\" sizes=\"(max-width: 1024px) 100vw, 1024px\" \/><\/figure>\n\n\n\n<p>Full fart p\u00e5 Hotell Ekoxens uteveranda&#8230; <\/p>\n\n\n\n<p><\/p>\n","protected":false},"excerpt":{"rendered":"<p>Under g\u00e5rdagens BusinessBar fick vi m\u00f6jlighet att presentera v\u00e5r verksamhet och m\u00f6ta b\u00e5de nya och etablerade entrepren\u00f6rer. Med str\u00e5lande v\u00e4der och god uppslutning blev det ett utm\u00e4rkt tillf\u00e4lle att st\u00e4rka samverkan med kollegor i det f\u00f6retagsfr\u00e4mjande ekosystemet, d\u00e4ribland F\u00f6retagarna, N\u00e4ringsliv och tillv\u00e4xt samt Ung F\u00f6retagsamhet med flera. Hos oss p\u00e5 Nyf\u00f6retagarCentrum Mellersta \u00d6sterg\u00f6tland v\u00e4ntar en [&hellip;]<\/p>\n","protected":false},"author":65,"featured_media":6949,"comment_status":"open","ping_status":"open","sticky":false,"template":"","format":"standard","meta":{"footnotes":""},"categories":[20],"tags":[],"acf":[],"yoast_head":"<!-- This site is optimized with the Yoast SEO plugin v22.9 - https:\/\/yoast.com\/wordpress\/plugins\/seo\/ -->\n<title>V\u00e4rdefulla n\u00e4tverk och bra dialog p\u00e5 BusinessBar - Mellersta \u00d6sterg\u00f6tland<\/title>\n<meta name=\"robots\" content=\"index, follow, max-snippet:-1, max-image-preview:large, max-video-preview:-1\" \/>\n<link rel=\"canonical\" href=\"https:\/\/nyforetagarcentrum.se\/mellerstaostergotland\/2026\/08\/28\/vardefulla-natverk-och-bra-dialog-pa-businessbar\/\" \/>\n<meta property=\"og:locale\" content=\"sv_SE\" \/>\n<meta property=\"og:type\" content=\"article\" \/>\n<meta property=\"og:title\" content=\"V\u00e4rdefulla n\u00e4tverk och bra dialog p\u00e5 BusinessBar - Mellersta \u00d6sterg\u00f6tland\" \/>\n<meta property=\"og:description\" content=\"Under g\u00e5rdagens BusinessBar fick vi m\u00f6jlighet att presentera v\u00e5r verksamhet och m\u00f6ta b\u00e5de nya och etablerade entrepren\u00f6rer. Med str\u00e5lande v\u00e4der och god uppslutning blev det ett utm\u00e4rkt tillf\u00e4lle att st\u00e4rka samverkan med kollegor i det f\u00f6retagsfr\u00e4mjande ekosystemet, d\u00e4ribland F\u00f6retagarna, N\u00e4ringsliv och tillv\u00e4xt samt Ung F\u00f6retagsamhet med flera. Hos oss p\u00e5 Nyf\u00f6retagarCentrum Mellersta \u00d6sterg\u00f6tland v\u00e4ntar en [&hellip;]\" \/>\n<meta property=\"og:url\" content=\"https:\/\/nyforetagarcentrum.se\/mellerstaostergotland\/2026\/08\/28\/vardefulla-natverk-och-bra-dialog-pa-businessbar\/\" \/>\n<meta property=\"og:site_name\" content=\"Mellersta \u00d6sterg\u00f6tland\" \/>\n<meta property=\"article:published_time\" content=\"2026-08-28T07:32:53+00:00\" \/>\n<meta property=\"article:modified_time\" content=\"2026-08-28T07:32:54+00:00\" \/>\n<meta property=\"og:image\" content=\"https:\/\/nyforetagarcentrum.se\/mellerstaostergotland\/wp-content\/uploads\/sites\/12\/2026\/08\/Code_Generated_Image.jpg\" \/>\n\t<meta property=\"og:image:width\" content=\"881\" \/>\n\t<meta property=\"og:image:height\" content=\"846\" \/>\n\t<meta property=\"og:image:type\" content=\"image\/jpeg\" \/>\n<meta name=\"author\" content=\"mellerstaostergotland\" \/>\n<meta name=\"twitter:card\" content=\"summary_large_image\" \/>\n<meta name=\"twitter:label1\" content=\"Skriven av\" \/>\n\t<meta name=\"twitter:data1\" content=\"mellerstaostergotland\" \/>\n\t<meta name=\"twitter:label2\" content=\"Ber\u00e4knad l\u00e4stid\" \/>\n\t<meta name=\"twitter:data2\" content=\"2 minuter\" \/>\n<script type=\"application\/ld+json\" class=\"yoast-schema-graph\">{\"@context\":\"https:\/\/schema.org\",\"@graph\":[{\"@type\":\"Article\",\"@id\":\"https:\/\/nyforetagarcentrum.se\/mellerstaostergotland\/2026\/08\/28\/vardefulla-natverk-och-bra-dialog-pa-businessbar\/#article\",\"isPartOf\":{\"@id\":\"https:\/\/nyforetagarcentrum.se\/mellerstaostergotland\/2026\/08\/28\/vardefulla-natverk-och-bra-dialog-pa-businessbar\/\"},\"author\":{\"name\":\"mellerstaostergotland\",\"@id\":\"https:\/\/nyforetagarcentrum.se\/mellerstaostergotland\/#\/schema\/person\/df60f650d4cfd861af39663ad6a57e8c\"},\"headline\":\"V\u00e4rdefulla n\u00e4tverk och bra dialog p\u00e5 BusinessBar\",\"datePublished\":\"2026-08-28T07:32:53+00:00\",\"dateModified\":\"2026-08-28T07:32:54+00:00\",\"mainEntityOfPage\":{\"@id\":\"https:\/\/nyforetagarcentrum.se\/mellerstaostergotland\/2026\/08\/28\/vardefulla-natverk-och-bra-dialog-pa-businessbar\/\"},\"wordCount\":207,\"commentCount\":0,\"publisher\":{\"@id\":\"https:\/\/nyforetagarcentrum.se\/mellerstaostergotland\/#organization\"},\"image\":{\"@id\":\"https:\/\/nyforetagarcentrum.se\/mellerstaostergotland\/2026\/08\/28\/vardefulla-natverk-och-bra-dialog-pa-businessbar\/#primaryimage\"},\"thumbnailUrl\":\"https:\/\/nyforetagarcentrum.se\/mellerstaostergotland\/wp-content\/uploads\/sites\/12\/2026\/08\/Code_Generated_Image.jpg\",\"articleSection\":[\"Nyhet\"],\"inLanguage\":\"sv-SE\",\"potentialAction\":[{\"@type\":\"CommentAction\",\"name\":\"Comment\",\"target\":[\"https:\/\/nyforetagarcentrum.se\/mellerstaostergotland\/2026\/08\/28\/vardefulla-natverk-och-bra-dialog-pa-businessbar\/#respond\"]}]},{\"@type\":\"WebPage\",\"@id\":\"https:\/\/nyforetagarcentrum.se\/mellerstaostergotland\/2026\/08\/28\/vardefulla-natverk-och-bra-dialog-pa-businessbar\/\",\"url\":\"https:\/\/nyforetagarcentrum.se\/mellerstaostergotland\/2026\/08\/28\/vardefulla-natverk-och-bra-dialog-pa-businessbar\/\",\"name\":\"V\u00e4rdefulla n\u00e4tverk och bra dialog p\u00e5 BusinessBar - Mellersta \u00d6sterg\u00f6tland\",\"isPartOf\":{\"@id\":\"https:\/\/nyforetagarcentrum.se\/mellerstaostergotland\/#website\"},\"primaryImageOfPage\":{\"@id\":\"https:\/\/nyforetagarcentrum.se\/mellerstaostergotland\/2026\/08\/28\/vardefulla-natverk-och-bra-dialog-pa-businessbar\/#primaryimage\"},\"image\":{\"@id\":\"https:\/\/nyforetagarcentrum.se\/mellerstaostergotland\/2026\/08\/28\/vardefulla-natverk-och-bra-dialog-pa-businessbar\/#primaryimage\"},\"thumbnailUrl\":\"https:\/\/nyforetagarcentrum.se\/mellerstaostergotland\/wp-content\/uploads\/sites\/12\/2026\/08\/Code_Generated_Image.jpg\",\"datePublished\":\"2026-08-28T07:32:53+00:00\",\"dateModified\":\"2026-08-28T07:32:54+00:00\",\"breadcrumb\":{\"@id\":\"https:\/\/nyforetagarcentrum.se\/mellerstaostergotland\/2026\/08\/28\/vardefulla-natverk-och-bra-dialog-pa-businessbar\/#breadcrumb\"},\"inLanguage\":\"sv-SE\",\"potentialAction\":[{\"@type\":\"ReadAction\",\"target\":[\"https:\/\/nyforetagarcentrum.se\/mellerstaostergotland\/2026\/08\/28\/vardefulla-natverk-och-bra-dialog-pa-businessbar\/\"]}]},{\"@type\":\"ImageObject\",\"inLanguage\":\"sv-SE\",\"@id\":\"https:\/\/nyforetagarcentrum.se\/mellerstaostergotland\/2026\/08\/28\/vardefulla-natverk-och-bra-dialog-pa-businessbar\/#primaryimage\",\"url\":\"https:\/\/nyforetagarcentrum.se\/mellerstaostergotland\/wp-content\/uploads\/sites\/12\/2026\/08\/Code_Generated_Image.jpg\",\"contentUrl\":\"https:\/\/nyforetagarcentrum.se\/mellerstaostergotland\/wp-content\/uploads\/sites\/12\/2026\/08\/Code_Generated_Image.jpg\",\"width\":881,\"height\":846},{\"@type\":\"BreadcrumbList\",\"@id\":\"https:\/\/nyforetagarcentrum.se\/mellerstaostergotland\/2026\/08\/28\/vardefulla-natverk-och-bra-dialog-pa-businessbar\/#breadcrumb\",\"itemListElement\":[{\"@type\":\"ListItem\",\"position\":1,\"name\":\"Hem\",\"item\":\"https:\/\/nyforetagarcentrum.se\/mellerstaostergotland\/\"},{\"@type\":\"ListItem\",\"position\":2,\"name\":\"V\u00e4rdefulla n\u00e4tverk och bra dialog p\u00e5 BusinessBar\"}]},{\"@type\":\"WebSite\",\"@id\":\"https:\/\/nyforetagarcentrum.se\/mellerstaostergotland\/#website\",\"url\":\"https:\/\/nyforetagarcentrum.se\/mellerstaostergotland\/\",\"name\":\"Mellersta \u00d6sterg\u00f6tland\",\"description\":\"Sveriges ledande kraft f\u00f6r fler nya livskraftiga f\u00f6retag\",\"publisher\":{\"@id\":\"https:\/\/nyforetagarcentrum.se\/mellerstaostergotland\/#organization\"},\"potentialAction\":[{\"@type\":\"SearchAction\",\"target\":{\"@type\":\"EntryPoint\",\"urlTemplate\":\"https:\/\/nyforetagarcentrum.se\/mellerstaostergotland\/?s={search_term_string}\"},\"query-input\":\"required name=search_term_string\"}],\"inLanguage\":\"sv-SE\"},{\"@type\":\"Organization\",\"@id\":\"https:\/\/nyforetagarcentrum.se\/mellerstaostergotland\/#organization\",\"name\":\"Mellersta \u00d6sterg\u00f6tland\",\"url\":\"https:\/\/nyforetagarcentrum.se\/mellerstaostergotland\/\",\"logo\":{\"@type\":\"ImageObject\",\"inLanguage\":\"sv-SE\",\"@id\":\"https:\/\/nyforetagarcentrum.se\/mellerstaostergotland\/#\/schema\/logo\/image\/\",\"url\":\"https:\/\/nyforetagarcentrum.se\/mellerstaostergotland\/wp-content\/uploads\/sites\/12\/2026\/04\/mellerstaostergotland_bla.png\",\"contentUrl\":\"https:\/\/nyforetagarcentrum.se\/mellerstaostergotland\/wp-content\/uploads\/sites\/12\/2026\/04\/mellerstaostergotland_bla.png\",\"width\":870,\"height\":355,\"caption\":\"Mellersta \u00d6sterg\u00f6tland\"},\"image\":{\"@id\":\"https:\/\/nyforetagarcentrum.se\/mellerstaostergotland\/#\/schema\/logo\/image\/\"}},{\"@type\":\"Person\",\"@id\":\"https:\/\/nyforetagarcentrum.se\/mellerstaostergotland\/#\/schema\/person\/df60f650d4cfd861af39663ad6a57e8c\",\"name\":\"mellerstaostergotland\",\"image\":{\"@type\":\"ImageObject\",\"inLanguage\":\"sv-SE\",\"@id\":\"https:\/\/nyforetagarcentrum.se\/mellerstaostergotland\/#\/schema\/person\/image\/\",\"url\":\"https:\/\/secure.gravatar.com\/avatar\/4307c1410fb6bf935926d2a3793208ab?s=96&d=mm&r=g\",\"contentUrl\":\"https:\/\/secure.gravatar.com\/avatar\/4307c1410fb6bf935926d2a3793208ab?s=96&d=mm&r=g\",\"caption\":\"mellerstaostergotland\"},\"url\":\"https:\/\/nyforetagarcentrum.se\/mellerstaostergotland\/author\/mellerstaostergotland\/\"}]}<\/script>\n<!-- \/ Yoast SEO plugin. -->","yoast_head_json":{"title":"V\u00e4rdefulla n\u00e4tverk och bra dialog p\u00e5 BusinessBar - Mellersta \u00d6sterg\u00f6tland","robots":{"index":"index","follow":"follow","max-snippet":"max-snippet:-1","max-image-preview":"max-image-preview:large","max-video-preview":"max-video-preview:-1"},"canonical":"https:\/\/nyforetagarcentrum.se\/mellerstaostergotland\/2026\/08\/28\/vardefulla-natverk-och-bra-dialog-pa-businessbar\/","og_locale":"sv_SE","og_type":"article","og_title":"V\u00e4rdefulla n\u00e4tverk och bra dialog p\u00e5 BusinessBar - Mellersta \u00d6sterg\u00f6tland","og_description":"Under g\u00e5rdagens BusinessBar fick vi m\u00f6jlighet att presentera v\u00e5r verksamhet och m\u00f6ta b\u00e5de nya och etablerade entrepren\u00f6rer. Med str\u00e5lande v\u00e4der och god uppslutning blev det ett utm\u00e4rkt tillf\u00e4lle att st\u00e4rka samverkan med kollegor i det f\u00f6retagsfr\u00e4mjande ekosystemet, d\u00e4ribland F\u00f6retagarna, N\u00e4ringsliv och tillv\u00e4xt samt Ung F\u00f6retagsamhet med flera. Hos oss p\u00e5 Nyf\u00f6retagarCentrum Mellersta \u00d6sterg\u00f6tland v\u00e4ntar en [&hellip;]","og_url":"https:\/\/nyforetagarcentrum.se\/mellerstaostergotland\/2026\/08\/28\/vardefulla-natverk-och-bra-dialog-pa-businessbar\/","og_site_name":"Mellersta \u00d6sterg\u00f6tland","article_published_time":"2026-08-28T07:32:53+00:00","article_modified_time":"2026-08-28T07:32:54+00:00","og_image":[{"width":881,"height":846,"url":"https:\/\/nyforetagarcentrum.se\/mellerstaostergotland\/wp-content\/uploads\/sites\/12\/2026\/08\/Code_Generated_Image.jpg","type":"image\/jpeg"}],"author":"mellerstaostergotland","twitter_card":"summary_large_image","twitter_misc":{"Skriven av":"mellerstaostergotland","Ber\u00e4knad l\u00e4stid":"2 minuter"},"schema":{"@context":"https:\/\/schema.org","@graph":[{"@type":"Article","@id":"https:\/\/nyforetagarcentrum.se\/mellerstaostergotland\/2026\/08\/28\/vardefulla-natverk-och-bra-dialog-pa-businessbar\/#article","isPartOf":{"@id":"https:\/\/nyforetagarcentrum.se\/mellerstaostergotland\/2026\/08\/28\/vardefulla-natverk-och-bra-dialog-pa-businessbar\/"},"author":{"name":"mellerstaostergotland","@id":"https:\/\/nyforetagarcentrum.se\/mellerstaostergotland\/#\/schema\/person\/df60f650d4cfd861af39663ad6a57e8c"},"headline":"V\u00e4rdefulla n\u00e4tverk och bra dialog p\u00e5 BusinessBar","datePublished":"2026-08-28T07:32:53+00:00","dateModified":"2026-08-28T07:32:54+00:00","mainEntityOfPage":{"@id":"https:\/\/nyforetagarcentrum.se\/mellerstaostergotland\/2026\/08\/28\/vardefulla-natverk-och-bra-dialog-pa-businessbar\/"},"wordCount":207,"commentCount":0,"publisher":{"@id":"https:\/\/nyforetagarcentrum.se\/mellerstaostergotland\/#organization"},"image":{"@id":"https:\/\/nyforetagarcentrum.se\/mellerstaostergotland\/2026\/08\/28\/vardefulla-natverk-och-bra-dialog-pa-businessbar\/#primaryimage"},"thumbnailUrl":"https:\/\/nyforetagarcentrum.se\/mellerstaostergotland\/wp-content\/uploads\/sites\/12\/2026\/08\/Code_Generated_Image.jpg","articleSection":["Nyhet"],"inLanguage":"sv-SE","potentialAction":[{"@type":"CommentAction","name":"Comment","target":["https:\/\/nyforetagarcentrum.se\/mellerstaostergotland\/2026\/08\/28\/vardefulla-natverk-och-bra-dialog-pa-businessbar\/#respond"]}]},{"@type":"WebPage","@id":"https:\/\/nyforetagarcentrum.se\/mellerstaostergotland\/2026\/08\/28\/vardefulla-natverk-och-bra-dialog-pa-businessbar\/","url":"https:\/\/nyforetagarcentrum.se\/mellerstaostergotland\/2026\/08\/28\/vardefulla-natverk-och-bra-dialog-pa-businessbar\/","name":"V\u00e4rdefulla n\u00e4tverk och bra dialog p\u00e5 BusinessBar - Mellersta \u00d6sterg\u00f6tland","isPartOf":{"@id":"https:\/\/nyforetagarcentrum.se\/mellerstaostergotland\/#website"},"primaryImageOfPage":{"@id":"https:\/\/nyforetagarcentrum.se\/mellerstaostergotland\/2026\/08\/28\/vardefulla-natverk-och-bra-dialog-pa-businessbar\/#primaryimage"},"image":{"@id":"https:\/\/nyforetagarcentrum.se\/mellerstaostergotland\/2026\/08\/28\/vardefulla-natverk-och-bra-dialog-pa-businessbar\/#primaryimage"},"thumbnailUrl":"https:\/\/nyforetagarcentrum.se\/mellerstaostergotland\/wp-content\/uploads\/sites\/12\/2026\/08\/Code_Generated_Image.jpg","datePublished":"2026-08-28T07:32:53+00:00","dateModified":"2026-08-28T07:32:54+00:00","breadcrumb":{"@id":"https:\/\/nyforetagarcentrum.se\/mellerstaostergotland\/2026\/08\/28\/vardefulla-natverk-och-bra-dialog-pa-businessbar\/#breadcrumb"},"inLanguage":"sv-SE","potentialAction":[{"@type":"ReadAction","target":["https:\/\/nyforetagarcentrum.se\/mellerstaostergotland\/2026\/08\/28\/vardefulla-natverk-och-bra-dialog-pa-businessbar\/"]}]},{"@type":"ImageObject","inLanguage":"sv-SE","@id":"https:\/\/nyforetagarcentrum.se\/mellerstaostergotland\/2026\/08\/28\/vardefulla-natverk-och-bra-dialog-pa-businessbar\/#primaryimage","url":"https:\/\/nyforetagarcentrum.se\/mellerstaostergotland\/wp-content\/uploads\/sites\/12\/2026\/08\/Code_Generated_Image.jpg","contentUrl":"https:\/\/nyforetagarcentrum.se\/mellerstaostergotland\/wp-content\/uploads\/sites\/12\/2026\/08\/Code_Generated_Image.jpg","width":881,"height":846},{"@type":"BreadcrumbList","@id":"https:\/\/nyforetagarcentrum.se\/mellerstaostergotland\/2026\/08\/28\/vardefulla-natverk-och-bra-dialog-pa-businessbar\/#breadcrumb","itemListElement":[{"@type":"ListItem","position":1,"name":"Hem","item":"https:\/\/nyforetagarcentrum.se\/mellerstaostergotland\/"},{"@type":"ListItem","position":2,"name":"V\u00e4rdefulla n\u00e4tverk och bra dialog p\u00e5 BusinessBar"}]},{"@type":"WebSite","@id":"https:\/\/nyforetagarcentrum.se\/mellerstaostergotland\/#website","url":"https:\/\/nyforetagarcentrum.se\/mellerstaostergotland\/","name":"Mellersta \u00d6sterg\u00f6tland","description":"Sveriges ledande kraft f\u00f6r fler nya livskraftiga f\u00f6retag","publisher":{"@id":"https:\/\/nyforetagarcentrum.se\/mellerstaostergotland\/#organization"},"potentialAction":[{"@type":"SearchAction","target":{"@type":"EntryPoint","urlTemplate":"https:\/\/nyforetagarcentrum.se\/mellerstaostergotland\/?s={search_term_string}"},"query-input":"required name=search_term_string"}],"inLanguage":"sv-SE"},{"@type":"Organization","@id":"https:\/\/nyforetagarcentrum.se\/mellerstaostergotland\/#organization","name":"Mellersta \u00d6sterg\u00f6tland","url":"https:\/\/nyforetagarcentrum.se\/mellerstaostergotland\/","logo":{"@type":"ImageObject","inLanguage":"sv-SE","@id":"https:\/\/nyforetagarcentrum.se\/mellerstaostergotland\/#\/schema\/logo\/image\/","url":"https:\/\/nyforetagarcentrum.se\/mellerstaostergotland\/wp-content\/uploads\/sites\/12\/2026\/04\/mellerstaostergotland_bla.png","contentUrl":"https:\/\/nyforetagarcentrum.se\/mellerstaostergotland\/wp-content\/uploads\/sites\/12\/2026\/04\/mellerstaostergotland_bla.png","width":870,"height":355,"caption":"Mellersta \u00d6sterg\u00f6tland"},"image":{"@id":"https:\/\/nyforetagarcentrum.se\/mellerstaostergotland\/#\/schema\/logo\/image\/"}},{"@type":"Person","@id":"https:\/\/nyforetagarcentrum.se\/mellerstaostergotland\/#\/schema\/person\/df60f650d4cfd861af39663ad6a57e8c","name":"mellerstaostergotland","image":{"@type":"ImageObject","inLanguage":"sv-SE","@id":"https:\/\/nyforetagarcentrum.se\/mellerstaostergotland\/#\/schema\/person\/image\/","url":"https:\/\/secure.gravatar.com\/avatar\/4307c1410fb6bf935926d2a3793208ab?s=96&d=mm&r=g","contentUrl":"https:\/\/secure.gravatar.com\/avatar\/4307c1410fb6bf935926d2a3793208ab?s=96&d=mm&r=g","caption":"mellerstaostergotland"},"url":"https:\/\/nyforetagarcentrum.se\/mellerstaostergotland\/author\/mellerstaostergotland\/"}]}},"_links":{"self":[{"href":"https:\/\/nyforetagarcentrum.se\/mellerstaostergotland\/wp-json\/wp\/v2\/posts\/6945"}],"collection":[{"href":"https:\/\/nyforetagarcentrum.se\/mellerstaostergotland\/wp-json\/wp\/v2\/posts"}],"about":[{"href":"https:\/\/nyforetagarcentrum.se\/mellerstaostergotland\/wp-json\/wp\/v2\/types\/post"}],"author":[{"embeddable":true,"href":"https:\/\/nyforetagarcentrum.se\/mellerstaostergotland\/wp-json\/wp\/v2\/users\/65"}],"replies":[{"embeddable":true,"href":"https:\/\/nyforetagarcentrum.se\/mellerstaostergotland\/wp-json\/wp\/v2\/comments?post=6945"}],"version-history":[{"count":7,"href":"https:\/\/nyforetagarcentrum.se\/mellerstaostergotland\/wp-json\/wp\/v2\/posts\/6945\/revisions"}],"predecessor-version":[{"id":6956,"href":"https:\/\/nyforetagarcentrum.se\/mellerstaostergotland\/wp-json\/wp\/v2\/posts\/6945\/revisions\/6956"}],"wp:featuredmedia":[{"embeddable":true,"href":"https:\/\/nyforetagarcentrum.se\/mellerstaostergotland\/wp-json\/wp\/v2\/media\/6949"}],"wp:attachment":[{"href":"https:\/\/nyforetagarcentrum.se\/mellerstaostergotland\/wp-json\/wp\/v2\/media?parent=6945"}],"wp:term":[{"taxonomy":"category","embeddable":true,"href":"https:\/\/nyforetagarcentrum.se\/mellerstaostergotland\/wp-json\/wp\/v2\/categories?post=6945"},{"taxonomy":"post_tag","embeddable":true,"href":"https:\/\/nyforetagarcentrum.se\/mellerstaostergotland\/wp-json\/wp\/v2\/tags?post=6945"}],"curies":[{"name":"wp","href":"https:\/\/api.w.org\/{rel}","templated":true}]}}