{"id":6158,"date":"2026-04-29T15:38:23","date_gmt":"2026-04-29T13:38:23","guid":{"rendered":"https:\/\/nyforetagarcentrum.se\/mellerstaostergotland\/?p=6158"},"modified":"2026-04-29T15:38:24","modified_gmt":"2026-04-29T13:38:24","slug":"stort-tack-alla-som-deltog-pa-vart-arsmote","status":"publish","type":"post","link":"https:\/\/nyforetagarcentrum.se\/mellerstaostergotland\/2026\/04\/29\/stort-tack-alla-som-deltog-pa-vart-arsmote\/","title":{"rendered":"Stort tack alla som deltog p\u00e5 v\u00e5rt \u00e5rsm\u00f6te"},"content":{"rendered":"\n<p>Stort tack till alla som deltog p\u00e5 Nyf\u00f6retagarCentrum Mellersta \u00d6sterg\u00f6tlands \u00e5rsm\u00f6te ig\u00e5r d\u00e4r Rabi Khalaf inledde med att ber\u00e4tta om projekt Startup Time. Vi summerar ett \u00e5r fyllt av sp\u00e4nnande h\u00e4ndelser och fram\u00e5tanda. Det \u00e4r med stolthet vi ser hur v\u00e5r verksamhet g\u00f6r en verklig och positiv skillnad f\u00f6r f\u00f6retagandet i v\u00e5rt omr\u00e5de.<\/p>\n\n\n\n<p>Vi vill rikta ett varmt tack till Roshan Malalatunga, Sophia Hanser och Malin Ljung f\u00f6r deras fantastiska engagemang och m\u00e5ng\u00e5riga arbete i styrelsen. Malin kunde tyv\u00e4rr inte n\u00e4rvara ig\u00e5r, men vi ser fram emot att f\u00e5 \u00f6verraska henne ordentligt lite senare! Stort tack \u00e4ven till Astrid Brissman f\u00f6r ett bra arbete i valberedningen.<img loading=\"lazy\" decoding=\"async\" height=\"16\" width=\"16\" alt=\"\ud83d\udc90\" src=\"https:\/\/static.xx.fbcdn.net\/images\/emoji.php\/v9\/te3\/1\/16\/1f490.png\"><\/p>\n\n\n\n<p>Samtidigt \u00e4r vi mycket glada \u00f6ver att f\u00e5 v\u00e4lkomna ny f\u00f6rst\u00e4rkning:<\/p>\n\n\n\n<p><img loading=\"lazy\" decoding=\"async\" height=\"16\" width=\"16\" alt=\"\ud83d\udd39\" src=\"https:\/\/static.xx.fbcdn.net\/images\/emoji.php\/v9\/tf3\/1\/16\/1f539.png\"> Jesper Low, David Otterborg och Jonas Hemlin tar plats i styrelsen.<\/p>\n\n\n\n<p><img loading=\"lazy\" decoding=\"async\" height=\"16\" width=\"16\" alt=\"\ud83d\udd39\" src=\"https:\/\/static.xx.fbcdn.net\/images\/emoji.php\/v9\/tf3\/1\/16\/1f539.png\"> Jessica Ste\u00e9n kliver in i valberedningen.<\/p>\n\n\n\n<p>Vi ser fram emot att forts\u00e4tta utveckla det lokala n\u00e4ringslivet tillsammans med er!<\/p>\n\n\n\n<p>Ha en fortsatt fin vecka s\u00e5 ses vi snart igen! <img loading=\"lazy\" decoding=\"async\" height=\"16\" width=\"16\" alt=\"\ud83d\udc4b\" src=\"https:\/\/static.xx.fbcdn.net\/images\/emoji.php\/v9\/tfa\/1\/16\/1f44b.png\"><\/p>\n\n\n\n<p>Kul att ses! Hel\u00e9ne Njord-Westerling, Sandra Bj\u00f6rklund, Jan Andersson, Rabi Khalaf, Pernilla H\u00f6rwing, Eva Torell, Gunilla Rundqvist och Jonas Helmin mfl<\/p>\n","protected":false},"excerpt":{"rendered":"<p>Stort tack till alla som deltog p\u00e5 Nyf\u00f6retagarCentrum Mellersta \u00d6sterg\u00f6tlands \u00e5rsm\u00f6te ig\u00e5r d\u00e4r Rabi Khalaf inledde med att ber\u00e4tta om projekt Startup Time. Vi summerar ett \u00e5r fyllt av sp\u00e4nnande h\u00e4ndelser och fram\u00e5tanda. Det \u00e4r med stolthet vi ser hur v\u00e5r verksamhet g\u00f6r en verklig och positiv skillnad f\u00f6r f\u00f6retagandet i v\u00e5rt omr\u00e5de. Vi vill [&hellip;]<\/p>\n","protected":false},"author":65,"featured_media":6160,"comment_status":"open","ping_status":"open","sticky":false,"template":"","format":"standard","meta":{"footnotes":""},"categories":[20],"tags":[],"acf":[],"yoast_head":"<!-- This site is optimized with the Yoast SEO plugin v22.9 - https:\/\/yoast.com\/wordpress\/plugins\/seo\/ -->\n<title>Stort tack alla som deltog p\u00e5 v\u00e5rt \u00e5rsm\u00f6te - Mellersta \u00d6sterg\u00f6tland<\/title>\n<meta name=\"robots\" content=\"index, follow, max-snippet:-1, max-image-preview:large, max-video-preview:-1\" \/>\n<link rel=\"canonical\" href=\"https:\/\/nyforetagarcentrum.se\/mellerstaostergotland\/2026\/04\/29\/stort-tack-alla-som-deltog-pa-vart-arsmote\/\" \/>\n<meta property=\"og:locale\" content=\"sv_SE\" \/>\n<meta property=\"og:type\" content=\"article\" \/>\n<meta property=\"og:title\" content=\"Stort tack alla som deltog p\u00e5 v\u00e5rt \u00e5rsm\u00f6te - Mellersta \u00d6sterg\u00f6tland\" \/>\n<meta property=\"og:description\" content=\"Stort tack till alla som deltog p\u00e5 Nyf\u00f6retagarCentrum Mellersta \u00d6sterg\u00f6tlands \u00e5rsm\u00f6te ig\u00e5r d\u00e4r Rabi Khalaf inledde med att ber\u00e4tta om projekt Startup Time. Vi summerar ett \u00e5r fyllt av sp\u00e4nnande h\u00e4ndelser och fram\u00e5tanda. Det \u00e4r med stolthet vi ser hur v\u00e5r verksamhet g\u00f6r en verklig och positiv skillnad f\u00f6r f\u00f6retagandet i v\u00e5rt omr\u00e5de. Vi vill [&hellip;]\" \/>\n<meta property=\"og:url\" content=\"https:\/\/nyforetagarcentrum.se\/mellerstaostergotland\/2026\/04\/29\/stort-tack-alla-som-deltog-pa-vart-arsmote\/\" \/>\n<meta property=\"og:site_name\" content=\"Mellersta \u00d6sterg\u00f6tland\" \/>\n<meta property=\"article:published_time\" content=\"2026-04-29T13:38:23+00:00\" \/>\n<meta property=\"article:modified_time\" content=\"2026-04-29T13:38:24+00:00\" \/>\n<meta property=\"og:image\" content=\"https:\/\/nyforetagarcentrum.se\/mellerstaostergotland\/wp-content\/uploads\/sites\/12\/2026\/04\/qweqweqweqwe.jpg\" \/>\n\t<meta property=\"og:image:width\" content=\"1440\" \/>\n\t<meta property=\"og:image:height\" content=\"1440\" \/>\n\t<meta property=\"og:image:type\" content=\"image\/jpeg\" \/>\n<meta name=\"author\" content=\"mellerstaostergotland\" \/>\n<meta name=\"twitter:card\" content=\"summary_large_image\" \/>\n<meta name=\"twitter:label1\" content=\"Skriven av\" \/>\n\t<meta name=\"twitter:data1\" content=\"mellerstaostergotland\" \/>\n\t<meta name=\"twitter:label2\" content=\"Ber\u00e4knad l\u00e4stid\" \/>\n\t<meta name=\"twitter:data2\" content=\"2 minuter\" \/>\n<script type=\"application\/ld+json\" class=\"yoast-schema-graph\">{\"@context\":\"https:\/\/schema.org\",\"@graph\":[{\"@type\":\"Article\",\"@id\":\"https:\/\/nyforetagarcentrum.se\/mellerstaostergotland\/2026\/04\/29\/stort-tack-alla-som-deltog-pa-vart-arsmote\/#article\",\"isPartOf\":{\"@id\":\"https:\/\/nyforetagarcentrum.se\/mellerstaostergotland\/2026\/04\/29\/stort-tack-alla-som-deltog-pa-vart-arsmote\/\"},\"author\":{\"name\":\"mellerstaostergotland\",\"@id\":\"https:\/\/nyforetagarcentrum.se\/mellerstaostergotland\/#\/schema\/person\/df60f650d4cfd861af39663ad6a57e8c\"},\"headline\":\"Stort tack alla som deltog p\u00e5 v\u00e5rt \u00e5rsm\u00f6te\",\"datePublished\":\"2026-04-29T13:38:23+00:00\",\"dateModified\":\"2026-04-29T13:38:24+00:00\",\"mainEntityOfPage\":{\"@id\":\"https:\/\/nyforetagarcentrum.se\/mellerstaostergotland\/2026\/04\/29\/stort-tack-alla-som-deltog-pa-vart-arsmote\/\"},\"wordCount\":219,\"commentCount\":0,\"publisher\":{\"@id\":\"https:\/\/nyforetagarcentrum.se\/mellerstaostergotland\/#organization\"},\"image\":{\"@id\":\"https:\/\/nyforetagarcentrum.se\/mellerstaostergotland\/2026\/04\/29\/stort-tack-alla-som-deltog-pa-vart-arsmote\/#primaryimage\"},\"thumbnailUrl\":\"https:\/\/nyforetagarcentrum.se\/mellerstaostergotland\/wp-content\/uploads\/sites\/12\/2026\/04\/qweqweqweqwe.jpg\",\"articleSection\":[\"Nyhet\"],\"inLanguage\":\"sv-SE\",\"potentialAction\":[{\"@type\":\"CommentAction\",\"name\":\"Comment\",\"target\":[\"https:\/\/nyforetagarcentrum.se\/mellerstaostergotland\/2026\/04\/29\/stort-tack-alla-som-deltog-pa-vart-arsmote\/#respond\"]}]},{\"@type\":\"WebPage\",\"@id\":\"https:\/\/nyforetagarcentrum.se\/mellerstaostergotland\/2026\/04\/29\/stort-tack-alla-som-deltog-pa-vart-arsmote\/\",\"url\":\"https:\/\/nyforetagarcentrum.se\/mellerstaostergotland\/2026\/04\/29\/stort-tack-alla-som-deltog-pa-vart-arsmote\/\",\"name\":\"Stort tack alla som deltog p\u00e5 v\u00e5rt \u00e5rsm\u00f6te - Mellersta \u00d6sterg\u00f6tland\",\"isPartOf\":{\"@id\":\"https:\/\/nyforetagarcentrum.se\/mellerstaostergotland\/#website\"},\"primaryImageOfPage\":{\"@id\":\"https:\/\/nyforetagarcentrum.se\/mellerstaostergotland\/2026\/04\/29\/stort-tack-alla-som-deltog-pa-vart-arsmote\/#primaryimage\"},\"image\":{\"@id\":\"https:\/\/nyforetagarcentrum.se\/mellerstaostergotland\/2026\/04\/29\/stort-tack-alla-som-deltog-pa-vart-arsmote\/#primaryimage\"},\"thumbnailUrl\":\"https:\/\/nyforetagarcentrum.se\/mellerstaostergotland\/wp-content\/uploads\/sites\/12\/2026\/04\/qweqweqweqwe.jpg\",\"datePublished\":\"2026-04-29T13:38:23+00:00\",\"dateModified\":\"2026-04-29T13:38:24+00:00\",\"breadcrumb\":{\"@id\":\"https:\/\/nyforetagarcentrum.se\/mellerstaostergotland\/2026\/04\/29\/stort-tack-alla-som-deltog-pa-vart-arsmote\/#breadcrumb\"},\"inLanguage\":\"sv-SE\",\"potentialAction\":[{\"@type\":\"ReadAction\",\"target\":[\"https:\/\/nyforetagarcentrum.se\/mellerstaostergotland\/2026\/04\/29\/stort-tack-alla-som-deltog-pa-vart-arsmote\/\"]}]},{\"@type\":\"ImageObject\",\"inLanguage\":\"sv-SE\",\"@id\":\"https:\/\/nyforetagarcentrum.se\/mellerstaostergotland\/2026\/04\/29\/stort-tack-alla-som-deltog-pa-vart-arsmote\/#primaryimage\",\"url\":\"https:\/\/nyforetagarcentrum.se\/mellerstaostergotland\/wp-content\/uploads\/sites\/12\/2026\/04\/qweqweqweqwe.jpg\",\"contentUrl\":\"https:\/\/nyforetagarcentrum.se\/mellerstaostergotland\/wp-content\/uploads\/sites\/12\/2026\/04\/qweqweqweqwe.jpg\",\"width\":1440,\"height\":1440},{\"@type\":\"BreadcrumbList\",\"@id\":\"https:\/\/nyforetagarcentrum.se\/mellerstaostergotland\/2026\/04\/29\/stort-tack-alla-som-deltog-pa-vart-arsmote\/#breadcrumb\",\"itemListElement\":[{\"@type\":\"ListItem\",\"position\":1,\"name\":\"Hem\",\"item\":\"https:\/\/nyforetagarcentrum.se\/mellerstaostergotland\/\"},{\"@type\":\"ListItem\",\"position\":2,\"name\":\"Stort tack alla som deltog p\u00e5 v\u00e5rt \u00e5rsm\u00f6te\"}]},{\"@type\":\"WebSite\",\"@id\":\"https:\/\/nyforetagarcentrum.se\/mellerstaostergotland\/#website\",\"url\":\"https:\/\/nyforetagarcentrum.se\/mellerstaostergotland\/\",\"name\":\"Mellersta \u00d6sterg\u00f6tland\",\"description\":\"Sveriges ledande kraft f\u00f6r fler nya livskraftiga f\u00f6retag\",\"publisher\":{\"@id\":\"https:\/\/nyforetagarcentrum.se\/mellerstaostergotland\/#organization\"},\"potentialAction\":[{\"@type\":\"SearchAction\",\"target\":{\"@type\":\"EntryPoint\",\"urlTemplate\":\"https:\/\/nyforetagarcentrum.se\/mellerstaostergotland\/?s={search_term_string}\"},\"query-input\":\"required name=search_term_string\"}],\"inLanguage\":\"sv-SE\"},{\"@type\":\"Organization\",\"@id\":\"https:\/\/nyforetagarcentrum.se\/mellerstaostergotland\/#organization\",\"name\":\"Mellersta \u00d6sterg\u00f6tland\",\"url\":\"https:\/\/nyforetagarcentrum.se\/mellerstaostergotland\/\",\"logo\":{\"@type\":\"ImageObject\",\"inLanguage\":\"sv-SE\",\"@id\":\"https:\/\/nyforetagarcentrum.se\/mellerstaostergotland\/#\/schema\/logo\/image\/\",\"url\":\"https:\/\/nyforetagarcentrum.se\/mellerstaostergotland\/wp-content\/uploads\/sites\/12\/2026\/04\/mellerstaostergotland_bla.png\",\"contentUrl\":\"https:\/\/nyforetagarcentrum.se\/mellerstaostergotland\/wp-content\/uploads\/sites\/12\/2026\/04\/mellerstaostergotland_bla.png\",\"width\":870,\"height\":355,\"caption\":\"Mellersta \u00d6sterg\u00f6tland\"},\"image\":{\"@id\":\"https:\/\/nyforetagarcentrum.se\/mellerstaostergotland\/#\/schema\/logo\/image\/\"}},{\"@type\":\"Person\",\"@id\":\"https:\/\/nyforetagarcentrum.se\/mellerstaostergotland\/#\/schema\/person\/df60f650d4cfd861af39663ad6a57e8c\",\"name\":\"mellerstaostergotland\",\"image\":{\"@type\":\"ImageObject\",\"inLanguage\":\"sv-SE\",\"@id\":\"https:\/\/nyforetagarcentrum.se\/mellerstaostergotland\/#\/schema\/person\/image\/\",\"url\":\"https:\/\/secure.gravatar.com\/avatar\/4307c1410fb6bf935926d2a3793208ab?s=96&d=mm&r=g\",\"contentUrl\":\"https:\/\/secure.gravatar.com\/avatar\/4307c1410fb6bf935926d2a3793208ab?s=96&d=mm&r=g\",\"caption\":\"mellerstaostergotland\"},\"url\":\"https:\/\/nyforetagarcentrum.se\/mellerstaostergotland\/author\/mellerstaostergotland\/\"}]}<\/script>\n<!-- \/ Yoast SEO plugin. -->","yoast_head_json":{"title":"Stort tack alla som deltog p\u00e5 v\u00e5rt \u00e5rsm\u00f6te - Mellersta \u00d6sterg\u00f6tland","robots":{"index":"index","follow":"follow","max-snippet":"max-snippet:-1","max-image-preview":"max-image-preview:large","max-video-preview":"max-video-preview:-1"},"canonical":"https:\/\/nyforetagarcentrum.se\/mellerstaostergotland\/2026\/04\/29\/stort-tack-alla-som-deltog-pa-vart-arsmote\/","og_locale":"sv_SE","og_type":"article","og_title":"Stort tack alla som deltog p\u00e5 v\u00e5rt \u00e5rsm\u00f6te - Mellersta \u00d6sterg\u00f6tland","og_description":"Stort tack till alla som deltog p\u00e5 Nyf\u00f6retagarCentrum Mellersta \u00d6sterg\u00f6tlands \u00e5rsm\u00f6te ig\u00e5r d\u00e4r Rabi Khalaf inledde med att ber\u00e4tta om projekt Startup Time. Vi summerar ett \u00e5r fyllt av sp\u00e4nnande h\u00e4ndelser och fram\u00e5tanda. Det \u00e4r med stolthet vi ser hur v\u00e5r verksamhet g\u00f6r en verklig och positiv skillnad f\u00f6r f\u00f6retagandet i v\u00e5rt omr\u00e5de. Vi vill [&hellip;]","og_url":"https:\/\/nyforetagarcentrum.se\/mellerstaostergotland\/2026\/04\/29\/stort-tack-alla-som-deltog-pa-vart-arsmote\/","og_site_name":"Mellersta \u00d6sterg\u00f6tland","article_published_time":"2026-04-29T13:38:23+00:00","article_modified_time":"2026-04-29T13:38:24+00:00","og_image":[{"width":1440,"height":1440,"url":"https:\/\/nyforetagarcentrum.se\/mellerstaostergotland\/wp-content\/uploads\/sites\/12\/2026\/04\/qweqweqweqwe.jpg","type":"image\/jpeg"}],"author":"mellerstaostergotland","twitter_card":"summary_large_image","twitter_misc":{"Skriven av":"mellerstaostergotland","Ber\u00e4knad l\u00e4stid":"2 minuter"},"schema":{"@context":"https:\/\/schema.org","@graph":[{"@type":"Article","@id":"https:\/\/nyforetagarcentrum.se\/mellerstaostergotland\/2026\/04\/29\/stort-tack-alla-som-deltog-pa-vart-arsmote\/#article","isPartOf":{"@id":"https:\/\/nyforetagarcentrum.se\/mellerstaostergotland\/2026\/04\/29\/stort-tack-alla-som-deltog-pa-vart-arsmote\/"},"author":{"name":"mellerstaostergotland","@id":"https:\/\/nyforetagarcentrum.se\/mellerstaostergotland\/#\/schema\/person\/df60f650d4cfd861af39663ad6a57e8c"},"headline":"Stort tack alla som deltog p\u00e5 v\u00e5rt \u00e5rsm\u00f6te","datePublished":"2026-04-29T13:38:23+00:00","dateModified":"2026-04-29T13:38:24+00:00","mainEntityOfPage":{"@id":"https:\/\/nyforetagarcentrum.se\/mellerstaostergotland\/2026\/04\/29\/stort-tack-alla-som-deltog-pa-vart-arsmote\/"},"wordCount":219,"commentCount":0,"publisher":{"@id":"https:\/\/nyforetagarcentrum.se\/mellerstaostergotland\/#organization"},"image":{"@id":"https:\/\/nyforetagarcentrum.se\/mellerstaostergotland\/2026\/04\/29\/stort-tack-alla-som-deltog-pa-vart-arsmote\/#primaryimage"},"thumbnailUrl":"https:\/\/nyforetagarcentrum.se\/mellerstaostergotland\/wp-content\/uploads\/sites\/12\/2026\/04\/qweqweqweqwe.jpg","articleSection":["Nyhet"],"inLanguage":"sv-SE","potentialAction":[{"@type":"CommentAction","name":"Comment","target":["https:\/\/nyforetagarcentrum.se\/mellerstaostergotland\/2026\/04\/29\/stort-tack-alla-som-deltog-pa-vart-arsmote\/#respond"]}]},{"@type":"WebPage","@id":"https:\/\/nyforetagarcentrum.se\/mellerstaostergotland\/2026\/04\/29\/stort-tack-alla-som-deltog-pa-vart-arsmote\/","url":"https:\/\/nyforetagarcentrum.se\/mellerstaostergotland\/2026\/04\/29\/stort-tack-alla-som-deltog-pa-vart-arsmote\/","name":"Stort tack alla som deltog p\u00e5 v\u00e5rt \u00e5rsm\u00f6te - Mellersta \u00d6sterg\u00f6tland","isPartOf":{"@id":"https:\/\/nyforetagarcentrum.se\/mellerstaostergotland\/#website"},"primaryImageOfPage":{"@id":"https:\/\/nyforetagarcentrum.se\/mellerstaostergotland\/2026\/04\/29\/stort-tack-alla-som-deltog-pa-vart-arsmote\/#primaryimage"},"image":{"@id":"https:\/\/nyforetagarcentrum.se\/mellerstaostergotland\/2026\/04\/29\/stort-tack-alla-som-deltog-pa-vart-arsmote\/#primaryimage"},"thumbnailUrl":"https:\/\/nyforetagarcentrum.se\/mellerstaostergotland\/wp-content\/uploads\/sites\/12\/2026\/04\/qweqweqweqwe.jpg","datePublished":"2026-04-29T13:38:23+00:00","dateModified":"2026-04-29T13:38:24+00:00","breadcrumb":{"@id":"https:\/\/nyforetagarcentrum.se\/mellerstaostergotland\/2026\/04\/29\/stort-tack-alla-som-deltog-pa-vart-arsmote\/#breadcrumb"},"inLanguage":"sv-SE","potentialAction":[{"@type":"ReadAction","target":["https:\/\/nyforetagarcentrum.se\/mellerstaostergotland\/2026\/04\/29\/stort-tack-alla-som-deltog-pa-vart-arsmote\/"]}]},{"@type":"ImageObject","inLanguage":"sv-SE","@id":"https:\/\/nyforetagarcentrum.se\/mellerstaostergotland\/2026\/04\/29\/stort-tack-alla-som-deltog-pa-vart-arsmote\/#primaryimage","url":"https:\/\/nyforetagarcentrum.se\/mellerstaostergotland\/wp-content\/uploads\/sites\/12\/2026\/04\/qweqweqweqwe.jpg","contentUrl":"https:\/\/nyforetagarcentrum.se\/mellerstaostergotland\/wp-content\/uploads\/sites\/12\/2026\/04\/qweqweqweqwe.jpg","width":1440,"height":1440},{"@type":"BreadcrumbList","@id":"https:\/\/nyforetagarcentrum.se\/mellerstaostergotland\/2026\/04\/29\/stort-tack-alla-som-deltog-pa-vart-arsmote\/#breadcrumb","itemListElement":[{"@type":"ListItem","position":1,"name":"Hem","item":"https:\/\/nyforetagarcentrum.se\/mellerstaostergotland\/"},{"@type":"ListItem","position":2,"name":"Stort tack alla som deltog p\u00e5 v\u00e5rt \u00e5rsm\u00f6te"}]},{"@type":"WebSite","@id":"https:\/\/nyforetagarcentrum.se\/mellerstaostergotland\/#website","url":"https:\/\/nyforetagarcentrum.se\/mellerstaostergotland\/","name":"Mellersta \u00d6sterg\u00f6tland","description":"Sveriges ledande kraft f\u00f6r fler nya livskraftiga f\u00f6retag","publisher":{"@id":"https:\/\/nyforetagarcentrum.se\/mellerstaostergotland\/#organization"},"potentialAction":[{"@type":"SearchAction","target":{"@type":"EntryPoint","urlTemplate":"https:\/\/nyforetagarcentrum.se\/mellerstaostergotland\/?s={search_term_string}"},"query-input":"required name=search_term_string"}],"inLanguage":"sv-SE"},{"@type":"Organization","@id":"https:\/\/nyforetagarcentrum.se\/mellerstaostergotland\/#organization","name":"Mellersta \u00d6sterg\u00f6tland","url":"https:\/\/nyforetagarcentrum.se\/mellerstaostergotland\/","logo":{"@type":"ImageObject","inLanguage":"sv-SE","@id":"https:\/\/nyforetagarcentrum.se\/mellerstaostergotland\/#\/schema\/logo\/image\/","url":"https:\/\/nyforetagarcentrum.se\/mellerstaostergotland\/wp-content\/uploads\/sites\/12\/2026\/04\/mellerstaostergotland_bla.png","contentUrl":"https:\/\/nyforetagarcentrum.se\/mellerstaostergotland\/wp-content\/uploads\/sites\/12\/2026\/04\/mellerstaostergotland_bla.png","width":870,"height":355,"caption":"Mellersta \u00d6sterg\u00f6tland"},"image":{"@id":"https:\/\/nyforetagarcentrum.se\/mellerstaostergotland\/#\/schema\/logo\/image\/"}},{"@type":"Person","@id":"https:\/\/nyforetagarcentrum.se\/mellerstaostergotland\/#\/schema\/person\/df60f650d4cfd861af39663ad6a57e8c","name":"mellerstaostergotland","image":{"@type":"ImageObject","inLanguage":"sv-SE","@id":"https:\/\/nyforetagarcentrum.se\/mellerstaostergotland\/#\/schema\/person\/image\/","url":"https:\/\/secure.gravatar.com\/avatar\/4307c1410fb6bf935926d2a3793208ab?s=96&d=mm&r=g","contentUrl":"https:\/\/secure.gravatar.com\/avatar\/4307c1410fb6bf935926d2a3793208ab?s=96&d=mm&r=g","caption":"mellerstaostergotland"},"url":"https:\/\/nyforetagarcentrum.se\/mellerstaostergotland\/author\/mellerstaostergotland\/"}]}},"_links":{"self":[{"href":"https:\/\/nyforetagarcentrum.se\/mellerstaostergotland\/wp-json\/wp\/v2\/posts\/6158"}],"collection":[{"href":"https:\/\/nyforetagarcentrum.se\/mellerstaostergotland\/wp-json\/wp\/v2\/posts"}],"about":[{"href":"https:\/\/nyforetagarcentrum.se\/mellerstaostergotland\/wp-json\/wp\/v2\/types\/post"}],"author":[{"embeddable":true,"href":"https:\/\/nyforetagarcentrum.se\/mellerstaostergotland\/wp-json\/wp\/v2\/users\/65"}],"replies":[{"embeddable":true,"href":"https:\/\/nyforetagarcentrum.se\/mellerstaostergotland\/wp-json\/wp\/v2\/comments?post=6158"}],"version-history":[{"count":1,"href":"https:\/\/nyforetagarcentrum.se\/mellerstaostergotland\/wp-json\/wp\/v2\/posts\/6158\/revisions"}],"predecessor-version":[{"id":6159,"href":"https:\/\/nyforetagarcentrum.se\/mellerstaostergotland\/wp-json\/wp\/v2\/posts\/6158\/revisions\/6159"}],"wp:featuredmedia":[{"embeddable":true,"href":"https:\/\/nyforetagarcentrum.se\/mellerstaostergotland\/wp-json\/wp\/v2\/media\/6160"}],"wp:attachment":[{"href":"https:\/\/nyforetagarcentrum.se\/mellerstaostergotland\/wp-json\/wp\/v2\/media?parent=6158"}],"wp:term":[{"taxonomy":"category","embeddable":true,"href":"https:\/\/nyforetagarcentrum.se\/mellerstaostergotland\/wp-json\/wp\/v2\/categories?post=6158"},{"taxonomy":"post_tag","embeddable":true,"href":"https:\/\/nyforetagarcentrum.se\/mellerstaostergotland\/wp-json\/wp\/v2\/tags?post=6158"}],"curies":[{"name":"wp","href":"https:\/\/api.w.org\/{rel}","templated":true}]}}