{"id":6152,"date":"2026-04-29T15:32:53","date_gmt":"2026-04-29T13:32:53","guid":{"rendered":"https:\/\/nyforetagarcentrum.se\/mellerstaostergotland\/?p=6152"},"modified":"2026-04-29T15:32:54","modified_gmt":"2026-04-29T13:32:54","slug":"corren-uppmarksammar-beatrice-pa-lillangens-tradgard","status":"publish","type":"post","link":"https:\/\/nyforetagarcentrum.se\/mellerstaostergotland\/2026\/04\/29\/corren-uppmarksammar-beatrice-pa-lillangens-tradgard\/","title":{"rendered":"Corren uppm\u00e4rksammar Beatrice p\u00e5 Lill\u00e4ngens Tr\u00e4dg\u00e5rd"},"content":{"rendered":"\n<p>Vad kul att Beatrice Ljung som vi ber\u00e4ttat om tidigare f\u00e5r mer utrymme i Corren. Den h\u00e4r g\u00e5ngen om hur hon valde att byta bana och utbilda sig till tr\u00e4dg\u00e5rdsm\u00e4stare efter en utmattning.<\/p>\n\n\n\n<p>Artikeln ligger inte bakom betalv\u00e4gg och kan l\u00e4sas (just nu i alla fall) i sin helhet <a href=\"https:\/\/www.corren.se\/nyheter\/atvidaberg\/artikel\/beatrice-ljung-arets-nyforetagare-i-atvidaberg\/jp2wzm6r\">p\u00e5 den h\u00e4r l\u00e4nken<\/a>. <\/p>\n\n\n\n<p>Foto: Elina Mattsson, Corren<\/p>\n","protected":false},"excerpt":{"rendered":"<p>Vad kul att Beatrice Ljung som vi ber\u00e4ttat om tidigare f\u00e5r mer utrymme i Corren. Den h\u00e4r g\u00e5ngen om hur hon valde att byta bana och utbilda sig till tr\u00e4dg\u00e5rdsm\u00e4stare efter en utmattning. Artikeln ligger inte bakom betalv\u00e4gg och kan l\u00e4sas (just nu i alla fall) i sin helhet p\u00e5 den h\u00e4r l\u00e4nken. Foto: Elina [&hellip;]<\/p>\n","protected":false},"author":65,"featured_media":6153,"comment_status":"open","ping_status":"open","sticky":false,"template":"","format":"standard","meta":{"footnotes":""},"categories":[20],"tags":[],"acf":[],"yoast_head":"<!-- This site is optimized with the Yoast SEO plugin v22.9 - https:\/\/yoast.com\/wordpress\/plugins\/seo\/ -->\n<title>Corren uppm\u00e4rksammar Beatrice p\u00e5 Lill\u00e4ngens Tr\u00e4dg\u00e5rd - Mellersta \u00d6sterg\u00f6tland<\/title>\n<meta name=\"robots\" content=\"index, follow, max-snippet:-1, max-image-preview:large, max-video-preview:-1\" \/>\n<link rel=\"canonical\" href=\"https:\/\/nyforetagarcentrum.se\/mellerstaostergotland\/2026\/04\/29\/corren-uppmarksammar-beatrice-pa-lillangens-tradgard\/\" \/>\n<meta property=\"og:locale\" content=\"sv_SE\" \/>\n<meta property=\"og:type\" content=\"article\" \/>\n<meta property=\"og:title\" content=\"Corren uppm\u00e4rksammar Beatrice p\u00e5 Lill\u00e4ngens Tr\u00e4dg\u00e5rd - Mellersta \u00d6sterg\u00f6tland\" \/>\n<meta property=\"og:description\" content=\"Vad kul att Beatrice Ljung som vi ber\u00e4ttat om tidigare f\u00e5r mer utrymme i Corren. Den h\u00e4r g\u00e5ngen om hur hon valde att byta bana och utbilda sig till tr\u00e4dg\u00e5rdsm\u00e4stare efter en utmattning. Artikeln ligger inte bakom betalv\u00e4gg och kan l\u00e4sas (just nu i alla fall) i sin helhet p\u00e5 den h\u00e4r l\u00e4nken. Foto: Elina [&hellip;]\" \/>\n<meta property=\"og:url\" content=\"https:\/\/nyforetagarcentrum.se\/mellerstaostergotland\/2026\/04\/29\/corren-uppmarksammar-beatrice-pa-lillangens-tradgard\/\" \/>\n<meta property=\"og:site_name\" content=\"Mellersta \u00d6sterg\u00f6tland\" \/>\n<meta property=\"article:published_time\" content=\"2026-04-29T13:32:53+00:00\" \/>\n<meta property=\"article:modified_time\" content=\"2026-04-29T13:32:54+00:00\" \/>\n<meta property=\"og:image\" content=\"https:\/\/nyforetagarcentrum.se\/mellerstaostergotland\/wp-content\/uploads\/sites\/12\/2026\/04\/beatrice-ljung-foto-elina-mattsson-corren.png\" \/>\n\t<meta property=\"og:image:width\" content=\"560\" \/>\n\t<meta property=\"og:image:height\" content=\"630\" \/>\n\t<meta property=\"og:image:type\" content=\"image\/png\" \/>\n<meta name=\"author\" content=\"mellerstaostergotland\" \/>\n<meta name=\"twitter:card\" content=\"summary_large_image\" \/>\n<meta name=\"twitter:label1\" content=\"Skriven av\" \/>\n\t<meta name=\"twitter:data1\" content=\"mellerstaostergotland\" \/>\n\t<meta name=\"twitter:label2\" content=\"Ber\u00e4knad l\u00e4stid\" \/>\n\t<meta name=\"twitter:data2\" content=\"1 minut\" \/>\n<script type=\"application\/ld+json\" class=\"yoast-schema-graph\">{\"@context\":\"https:\/\/schema.org\",\"@graph\":[{\"@type\":\"Article\",\"@id\":\"https:\/\/nyforetagarcentrum.se\/mellerstaostergotland\/2026\/04\/29\/corren-uppmarksammar-beatrice-pa-lillangens-tradgard\/#article\",\"isPartOf\":{\"@id\":\"https:\/\/nyforetagarcentrum.se\/mellerstaostergotland\/2026\/04\/29\/corren-uppmarksammar-beatrice-pa-lillangens-tradgard\/\"},\"author\":{\"name\":\"mellerstaostergotland\",\"@id\":\"https:\/\/nyforetagarcentrum.se\/mellerstaostergotland\/#\/schema\/person\/df60f650d4cfd861af39663ad6a57e8c\"},\"headline\":\"Corren uppm\u00e4rksammar Beatrice p\u00e5 Lill\u00e4ngens Tr\u00e4dg\u00e5rd\",\"datePublished\":\"2026-04-29T13:32:53+00:00\",\"dateModified\":\"2026-04-29T13:32:54+00:00\",\"mainEntityOfPage\":{\"@id\":\"https:\/\/nyforetagarcentrum.se\/mellerstaostergotland\/2026\/04\/29\/corren-uppmarksammar-beatrice-pa-lillangens-tradgard\/\"},\"wordCount\":78,\"commentCount\":0,\"publisher\":{\"@id\":\"https:\/\/nyforetagarcentrum.se\/mellerstaostergotland\/#organization\"},\"image\":{\"@id\":\"https:\/\/nyforetagarcentrum.se\/mellerstaostergotland\/2026\/04\/29\/corren-uppmarksammar-beatrice-pa-lillangens-tradgard\/#primaryimage\"},\"thumbnailUrl\":\"https:\/\/nyforetagarcentrum.se\/mellerstaostergotland\/wp-content\/uploads\/sites\/12\/2026\/04\/beatrice-ljung-foto-elina-mattsson-corren.png\",\"articleSection\":[\"Nyhet\"],\"inLanguage\":\"sv-SE\",\"potentialAction\":[{\"@type\":\"CommentAction\",\"name\":\"Comment\",\"target\":[\"https:\/\/nyforetagarcentrum.se\/mellerstaostergotland\/2026\/04\/29\/corren-uppmarksammar-beatrice-pa-lillangens-tradgard\/#respond\"]}]},{\"@type\":\"WebPage\",\"@id\":\"https:\/\/nyforetagarcentrum.se\/mellerstaostergotland\/2026\/04\/29\/corren-uppmarksammar-beatrice-pa-lillangens-tradgard\/\",\"url\":\"https:\/\/nyforetagarcentrum.se\/mellerstaostergotland\/2026\/04\/29\/corren-uppmarksammar-beatrice-pa-lillangens-tradgard\/\",\"name\":\"Corren uppm\u00e4rksammar Beatrice p\u00e5 Lill\u00e4ngens Tr\u00e4dg\u00e5rd - Mellersta \u00d6sterg\u00f6tland\",\"isPartOf\":{\"@id\":\"https:\/\/nyforetagarcentrum.se\/mellerstaostergotland\/#website\"},\"primaryImageOfPage\":{\"@id\":\"https:\/\/nyforetagarcentrum.se\/mellerstaostergotland\/2026\/04\/29\/corren-uppmarksammar-beatrice-pa-lillangens-tradgard\/#primaryimage\"},\"image\":{\"@id\":\"https:\/\/nyforetagarcentrum.se\/mellerstaostergotland\/2026\/04\/29\/corren-uppmarksammar-beatrice-pa-lillangens-tradgard\/#primaryimage\"},\"thumbnailUrl\":\"https:\/\/nyforetagarcentrum.se\/mellerstaostergotland\/wp-content\/uploads\/sites\/12\/2026\/04\/beatrice-ljung-foto-elina-mattsson-corren.png\",\"datePublished\":\"2026-04-29T13:32:53+00:00\",\"dateModified\":\"2026-04-29T13:32:54+00:00\",\"breadcrumb\":{\"@id\":\"https:\/\/nyforetagarcentrum.se\/mellerstaostergotland\/2026\/04\/29\/corren-uppmarksammar-beatrice-pa-lillangens-tradgard\/#breadcrumb\"},\"inLanguage\":\"sv-SE\",\"potentialAction\":[{\"@type\":\"ReadAction\",\"target\":[\"https:\/\/nyforetagarcentrum.se\/mellerstaostergotland\/2026\/04\/29\/corren-uppmarksammar-beatrice-pa-lillangens-tradgard\/\"]}]},{\"@type\":\"ImageObject\",\"inLanguage\":\"sv-SE\",\"@id\":\"https:\/\/nyforetagarcentrum.se\/mellerstaostergotland\/2026\/04\/29\/corren-uppmarksammar-beatrice-pa-lillangens-tradgard\/#primaryimage\",\"url\":\"https:\/\/nyforetagarcentrum.se\/mellerstaostergotland\/wp-content\/uploads\/sites\/12\/2026\/04\/beatrice-ljung-foto-elina-mattsson-corren.png\",\"contentUrl\":\"https:\/\/nyforetagarcentrum.se\/mellerstaostergotland\/wp-content\/uploads\/sites\/12\/2026\/04\/beatrice-ljung-foto-elina-mattsson-corren.png\",\"width\":560,\"height\":630,\"caption\":\"lill\u00e4ngens tr\u00e4dg\u00e5rd\"},{\"@type\":\"BreadcrumbList\",\"@id\":\"https:\/\/nyforetagarcentrum.se\/mellerstaostergotland\/2026\/04\/29\/corren-uppmarksammar-beatrice-pa-lillangens-tradgard\/#breadcrumb\",\"itemListElement\":[{\"@type\":\"ListItem\",\"position\":1,\"name\":\"Hem\",\"item\":\"https:\/\/nyforetagarcentrum.se\/mellerstaostergotland\/\"},{\"@type\":\"ListItem\",\"position\":2,\"name\":\"Corren uppm\u00e4rksammar Beatrice p\u00e5 Lill\u00e4ngens Tr\u00e4dg\u00e5rd\"}]},{\"@type\":\"WebSite\",\"@id\":\"https:\/\/nyforetagarcentrum.se\/mellerstaostergotland\/#website\",\"url\":\"https:\/\/nyforetagarcentrum.se\/mellerstaostergotland\/\",\"name\":\"Mellersta \u00d6sterg\u00f6tland\",\"description\":\"Sveriges ledande kraft f\u00f6r fler nya livskraftiga f\u00f6retag\",\"publisher\":{\"@id\":\"https:\/\/nyforetagarcentrum.se\/mellerstaostergotland\/#organization\"},\"potentialAction\":[{\"@type\":\"SearchAction\",\"target\":{\"@type\":\"EntryPoint\",\"urlTemplate\":\"https:\/\/nyforetagarcentrum.se\/mellerstaostergotland\/?s={search_term_string}\"},\"query-input\":\"required name=search_term_string\"}],\"inLanguage\":\"sv-SE\"},{\"@type\":\"Organization\",\"@id\":\"https:\/\/nyforetagarcentrum.se\/mellerstaostergotland\/#organization\",\"name\":\"Mellersta \u00d6sterg\u00f6tland\",\"url\":\"https:\/\/nyforetagarcentrum.se\/mellerstaostergotland\/\",\"logo\":{\"@type\":\"ImageObject\",\"inLanguage\":\"sv-SE\",\"@id\":\"https:\/\/nyforetagarcentrum.se\/mellerstaostergotland\/#\/schema\/logo\/image\/\",\"url\":\"https:\/\/nyforetagarcentrum.se\/mellerstaostergotland\/wp-content\/uploads\/sites\/12\/2026\/04\/mellerstaostergotland_bla.png\",\"contentUrl\":\"https:\/\/nyforetagarcentrum.se\/mellerstaostergotland\/wp-content\/uploads\/sites\/12\/2026\/04\/mellerstaostergotland_bla.png\",\"width\":870,\"height\":355,\"caption\":\"Mellersta \u00d6sterg\u00f6tland\"},\"image\":{\"@id\":\"https:\/\/nyforetagarcentrum.se\/mellerstaostergotland\/#\/schema\/logo\/image\/\"}},{\"@type\":\"Person\",\"@id\":\"https:\/\/nyforetagarcentrum.se\/mellerstaostergotland\/#\/schema\/person\/df60f650d4cfd861af39663ad6a57e8c\",\"name\":\"mellerstaostergotland\",\"image\":{\"@type\":\"ImageObject\",\"inLanguage\":\"sv-SE\",\"@id\":\"https:\/\/nyforetagarcentrum.se\/mellerstaostergotland\/#\/schema\/person\/image\/\",\"url\":\"https:\/\/secure.gravatar.com\/avatar\/4307c1410fb6bf935926d2a3793208ab?s=96&d=mm&r=g\",\"contentUrl\":\"https:\/\/secure.gravatar.com\/avatar\/4307c1410fb6bf935926d2a3793208ab?s=96&d=mm&r=g\",\"caption\":\"mellerstaostergotland\"},\"url\":\"https:\/\/nyforetagarcentrum.se\/mellerstaostergotland\/author\/mellerstaostergotland\/\"}]}<\/script>\n<!-- \/ Yoast SEO plugin. -->","yoast_head_json":{"title":"Corren uppm\u00e4rksammar Beatrice p\u00e5 Lill\u00e4ngens Tr\u00e4dg\u00e5rd - Mellersta \u00d6sterg\u00f6tland","robots":{"index":"index","follow":"follow","max-snippet":"max-snippet:-1","max-image-preview":"max-image-preview:large","max-video-preview":"max-video-preview:-1"},"canonical":"https:\/\/nyforetagarcentrum.se\/mellerstaostergotland\/2026\/04\/29\/corren-uppmarksammar-beatrice-pa-lillangens-tradgard\/","og_locale":"sv_SE","og_type":"article","og_title":"Corren uppm\u00e4rksammar Beatrice p\u00e5 Lill\u00e4ngens Tr\u00e4dg\u00e5rd - Mellersta \u00d6sterg\u00f6tland","og_description":"Vad kul att Beatrice Ljung som vi ber\u00e4ttat om tidigare f\u00e5r mer utrymme i Corren. Den h\u00e4r g\u00e5ngen om hur hon valde att byta bana och utbilda sig till tr\u00e4dg\u00e5rdsm\u00e4stare efter en utmattning. Artikeln ligger inte bakom betalv\u00e4gg och kan l\u00e4sas (just nu i alla fall) i sin helhet p\u00e5 den h\u00e4r l\u00e4nken. Foto: Elina [&hellip;]","og_url":"https:\/\/nyforetagarcentrum.se\/mellerstaostergotland\/2026\/04\/29\/corren-uppmarksammar-beatrice-pa-lillangens-tradgard\/","og_site_name":"Mellersta \u00d6sterg\u00f6tland","article_published_time":"2026-04-29T13:32:53+00:00","article_modified_time":"2026-04-29T13:32:54+00:00","og_image":[{"width":560,"height":630,"url":"https:\/\/nyforetagarcentrum.se\/mellerstaostergotland\/wp-content\/uploads\/sites\/12\/2026\/04\/beatrice-ljung-foto-elina-mattsson-corren.png","type":"image\/png"}],"author":"mellerstaostergotland","twitter_card":"summary_large_image","twitter_misc":{"Skriven av":"mellerstaostergotland","Ber\u00e4knad l\u00e4stid":"1 minut"},"schema":{"@context":"https:\/\/schema.org","@graph":[{"@type":"Article","@id":"https:\/\/nyforetagarcentrum.se\/mellerstaostergotland\/2026\/04\/29\/corren-uppmarksammar-beatrice-pa-lillangens-tradgard\/#article","isPartOf":{"@id":"https:\/\/nyforetagarcentrum.se\/mellerstaostergotland\/2026\/04\/29\/corren-uppmarksammar-beatrice-pa-lillangens-tradgard\/"},"author":{"name":"mellerstaostergotland","@id":"https:\/\/nyforetagarcentrum.se\/mellerstaostergotland\/#\/schema\/person\/df60f650d4cfd861af39663ad6a57e8c"},"headline":"Corren uppm\u00e4rksammar Beatrice p\u00e5 Lill\u00e4ngens Tr\u00e4dg\u00e5rd","datePublished":"2026-04-29T13:32:53+00:00","dateModified":"2026-04-29T13:32:54+00:00","mainEntityOfPage":{"@id":"https:\/\/nyforetagarcentrum.se\/mellerstaostergotland\/2026\/04\/29\/corren-uppmarksammar-beatrice-pa-lillangens-tradgard\/"},"wordCount":78,"commentCount":0,"publisher":{"@id":"https:\/\/nyforetagarcentrum.se\/mellerstaostergotland\/#organization"},"image":{"@id":"https:\/\/nyforetagarcentrum.se\/mellerstaostergotland\/2026\/04\/29\/corren-uppmarksammar-beatrice-pa-lillangens-tradgard\/#primaryimage"},"thumbnailUrl":"https:\/\/nyforetagarcentrum.se\/mellerstaostergotland\/wp-content\/uploads\/sites\/12\/2026\/04\/beatrice-ljung-foto-elina-mattsson-corren.png","articleSection":["Nyhet"],"inLanguage":"sv-SE","potentialAction":[{"@type":"CommentAction","name":"Comment","target":["https:\/\/nyforetagarcentrum.se\/mellerstaostergotland\/2026\/04\/29\/corren-uppmarksammar-beatrice-pa-lillangens-tradgard\/#respond"]}]},{"@type":"WebPage","@id":"https:\/\/nyforetagarcentrum.se\/mellerstaostergotland\/2026\/04\/29\/corren-uppmarksammar-beatrice-pa-lillangens-tradgard\/","url":"https:\/\/nyforetagarcentrum.se\/mellerstaostergotland\/2026\/04\/29\/corren-uppmarksammar-beatrice-pa-lillangens-tradgard\/","name":"Corren uppm\u00e4rksammar Beatrice p\u00e5 Lill\u00e4ngens Tr\u00e4dg\u00e5rd - Mellersta \u00d6sterg\u00f6tland","isPartOf":{"@id":"https:\/\/nyforetagarcentrum.se\/mellerstaostergotland\/#website"},"primaryImageOfPage":{"@id":"https:\/\/nyforetagarcentrum.se\/mellerstaostergotland\/2026\/04\/29\/corren-uppmarksammar-beatrice-pa-lillangens-tradgard\/#primaryimage"},"image":{"@id":"https:\/\/nyforetagarcentrum.se\/mellerstaostergotland\/2026\/04\/29\/corren-uppmarksammar-beatrice-pa-lillangens-tradgard\/#primaryimage"},"thumbnailUrl":"https:\/\/nyforetagarcentrum.se\/mellerstaostergotland\/wp-content\/uploads\/sites\/12\/2026\/04\/beatrice-ljung-foto-elina-mattsson-corren.png","datePublished":"2026-04-29T13:32:53+00:00","dateModified":"2026-04-29T13:32:54+00:00","breadcrumb":{"@id":"https:\/\/nyforetagarcentrum.se\/mellerstaostergotland\/2026\/04\/29\/corren-uppmarksammar-beatrice-pa-lillangens-tradgard\/#breadcrumb"},"inLanguage":"sv-SE","potentialAction":[{"@type":"ReadAction","target":["https:\/\/nyforetagarcentrum.se\/mellerstaostergotland\/2026\/04\/29\/corren-uppmarksammar-beatrice-pa-lillangens-tradgard\/"]}]},{"@type":"ImageObject","inLanguage":"sv-SE","@id":"https:\/\/nyforetagarcentrum.se\/mellerstaostergotland\/2026\/04\/29\/corren-uppmarksammar-beatrice-pa-lillangens-tradgard\/#primaryimage","url":"https:\/\/nyforetagarcentrum.se\/mellerstaostergotland\/wp-content\/uploads\/sites\/12\/2026\/04\/beatrice-ljung-foto-elina-mattsson-corren.png","contentUrl":"https:\/\/nyforetagarcentrum.se\/mellerstaostergotland\/wp-content\/uploads\/sites\/12\/2026\/04\/beatrice-ljung-foto-elina-mattsson-corren.png","width":560,"height":630,"caption":"lill\u00e4ngens tr\u00e4dg\u00e5rd"},{"@type":"BreadcrumbList","@id":"https:\/\/nyforetagarcentrum.se\/mellerstaostergotland\/2026\/04\/29\/corren-uppmarksammar-beatrice-pa-lillangens-tradgard\/#breadcrumb","itemListElement":[{"@type":"ListItem","position":1,"name":"Hem","item":"https:\/\/nyforetagarcentrum.se\/mellerstaostergotland\/"},{"@type":"ListItem","position":2,"name":"Corren uppm\u00e4rksammar Beatrice p\u00e5 Lill\u00e4ngens Tr\u00e4dg\u00e5rd"}]},{"@type":"WebSite","@id":"https:\/\/nyforetagarcentrum.se\/mellerstaostergotland\/#website","url":"https:\/\/nyforetagarcentrum.se\/mellerstaostergotland\/","name":"Mellersta \u00d6sterg\u00f6tland","description":"Sveriges ledande kraft f\u00f6r fler nya livskraftiga f\u00f6retag","publisher":{"@id":"https:\/\/nyforetagarcentrum.se\/mellerstaostergotland\/#organization"},"potentialAction":[{"@type":"SearchAction","target":{"@type":"EntryPoint","urlTemplate":"https:\/\/nyforetagarcentrum.se\/mellerstaostergotland\/?s={search_term_string}"},"query-input":"required name=search_term_string"}],"inLanguage":"sv-SE"},{"@type":"Organization","@id":"https:\/\/nyforetagarcentrum.se\/mellerstaostergotland\/#organization","name":"Mellersta \u00d6sterg\u00f6tland","url":"https:\/\/nyforetagarcentrum.se\/mellerstaostergotland\/","logo":{"@type":"ImageObject","inLanguage":"sv-SE","@id":"https:\/\/nyforetagarcentrum.se\/mellerstaostergotland\/#\/schema\/logo\/image\/","url":"https:\/\/nyforetagarcentrum.se\/mellerstaostergotland\/wp-content\/uploads\/sites\/12\/2026\/04\/mellerstaostergotland_bla.png","contentUrl":"https:\/\/nyforetagarcentrum.se\/mellerstaostergotland\/wp-content\/uploads\/sites\/12\/2026\/04\/mellerstaostergotland_bla.png","width":870,"height":355,"caption":"Mellersta \u00d6sterg\u00f6tland"},"image":{"@id":"https:\/\/nyforetagarcentrum.se\/mellerstaostergotland\/#\/schema\/logo\/image\/"}},{"@type":"Person","@id":"https:\/\/nyforetagarcentrum.se\/mellerstaostergotland\/#\/schema\/person\/df60f650d4cfd861af39663ad6a57e8c","name":"mellerstaostergotland","image":{"@type":"ImageObject","inLanguage":"sv-SE","@id":"https:\/\/nyforetagarcentrum.se\/mellerstaostergotland\/#\/schema\/person\/image\/","url":"https:\/\/secure.gravatar.com\/avatar\/4307c1410fb6bf935926d2a3793208ab?s=96&d=mm&r=g","contentUrl":"https:\/\/secure.gravatar.com\/avatar\/4307c1410fb6bf935926d2a3793208ab?s=96&d=mm&r=g","caption":"mellerstaostergotland"},"url":"https:\/\/nyforetagarcentrum.se\/mellerstaostergotland\/author\/mellerstaostergotland\/"}]}},"_links":{"self":[{"href":"https:\/\/nyforetagarcentrum.se\/mellerstaostergotland\/wp-json\/wp\/v2\/posts\/6152"}],"collection":[{"href":"https:\/\/nyforetagarcentrum.se\/mellerstaostergotland\/wp-json\/wp\/v2\/posts"}],"about":[{"href":"https:\/\/nyforetagarcentrum.se\/mellerstaostergotland\/wp-json\/wp\/v2\/types\/post"}],"author":[{"embeddable":true,"href":"https:\/\/nyforetagarcentrum.se\/mellerstaostergotland\/wp-json\/wp\/v2\/users\/65"}],"replies":[{"embeddable":true,"href":"https:\/\/nyforetagarcentrum.se\/mellerstaostergotland\/wp-json\/wp\/v2\/comments?post=6152"}],"version-history":[{"count":1,"href":"https:\/\/nyforetagarcentrum.se\/mellerstaostergotland\/wp-json\/wp\/v2\/posts\/6152\/revisions"}],"predecessor-version":[{"id":6154,"href":"https:\/\/nyforetagarcentrum.se\/mellerstaostergotland\/wp-json\/wp\/v2\/posts\/6152\/revisions\/6154"}],"wp:featuredmedia":[{"embeddable":true,"href":"https:\/\/nyforetagarcentrum.se\/mellerstaostergotland\/wp-json\/wp\/v2\/media\/6153"}],"wp:attachment":[{"href":"https:\/\/nyforetagarcentrum.se\/mellerstaostergotland\/wp-json\/wp\/v2\/media?parent=6152"}],"wp:term":[{"taxonomy":"category","embeddable":true,"href":"https:\/\/nyforetagarcentrum.se\/mellerstaostergotland\/wp-json\/wp\/v2\/categories?post=6152"},{"taxonomy":"post_tag","embeddable":true,"href":"https:\/\/nyforetagarcentrum.se\/mellerstaostergotland\/wp-json\/wp\/v2\/tags?post=6152"}],"curies":[{"name":"wp","href":"https:\/\/api.w.org\/{rel}","templated":true}]}}