{"id":6081,"date":"2026-04-25T11:17:59","date_gmt":"2026-04-25T09:17:59","guid":{"rendered":"https:\/\/nyforetagarcentrum.se\/mellerstaostergotland\/?p=6081"},"modified":"2026-04-25T11:18:00","modified_gmt":"2026-04-25T09:18:00","slug":"valkommen-till-adept-och-mentortraff-med-forelasning-workshop-11-maj","status":"publish","type":"post","link":"https:\/\/nyforetagarcentrum.se\/mellerstaostergotland\/2026\/04\/25\/valkommen-till-adept-och-mentortraff-med-forelasning-workshop-11-maj\/","title":{"rendered":"V\u00e4lkommen till adept- och mentortr\u00e4ff med f\u00f6rel\u00e4sning\/workshop 11 maj!"},"content":{"rendered":"\n<p>Vi bjuder in till en inspirerande n\u00e4tverkstr\u00e4ff p\u00e5 Dospace Alfa.\u00a0Vi bjuder p\u00e5 l\u00e4tt tilltugg och goda m\u00f6jligheter att utbyta erfarenheter med andra adepter och mentorer.\u00a0<\/p>\n\n\n\n<p>Vi f\u00e5r ocks\u00e5 ta del av Linda Gerhardsson som leder en interaktiv workshop och f\u00f6rel\u00e4sning om hur du praktiskt st\u00e4rker b\u00e5de ditt personliga och ditt f\u00f6retags varum\u00e4rke i vardagen p\u00e5 ett genomt\u00e4nkt och h\u00e5llbart s\u00e4tt.<\/p>\n\n\n\n<p><strong>Du f\u00e5r l\u00e4ra dig mer om<\/strong><\/p>\n\n\n\n<ul>\n<li><strong>Vardagens m\u00f6ten:<\/strong>\u00a0Hur mejl, telefonsamtal och sociala medier bygger din kunds bild av f\u00f6retaget.<\/li>\n\n\n\n<li><strong>Sm\u00e5 val, stor effekt:<\/strong>\u00a0Hur \u00e5terkommande detaljer p\u00e5verkar hur ni uppfattas \u00f6ver tid.<\/li>\n\n\n\n<li><strong>Effektiv kommunikation:<\/strong>\u00a0Konkreta tips p\u00e5 hur du blir tydligare utan att det tar mer tid.<\/li>\n<\/ul>\n\n\n\n<p>Tr\u00e4ffen syftar till att ge dig som f\u00f6retagare eller mentorverktyg f\u00f6r att n\u00e5 ut mer medvetet och professionellt i alla led.<\/p>\n\n\n\n<p>\ud83d\udcc5 M\u00e5ndag 11 maj kl 16.00-18.00<br>\ud83d\udccdDospace Alfa, Industrigatan 5 i Link\u00f6ping<br>\ud83d\udc49 <strong><a href=\"https:\/\/jobsdata-nyforetagarcentrum.se\/ExternBooking\/Index?OfficeId=3c27aa7e-4396-e811-80d7-0050568571f4&amp;typeList=1678\">Anm\u00e4l dig p\u00e5 f\u00f6ljande l\u00e4nk<\/a><\/strong><\/p>\n\n\n\n<p><\/p>\n","protected":false},"excerpt":{"rendered":"<p>Vi bjuder in till en inspirerande n\u00e4tverkstr\u00e4ff p\u00e5 Dospace Alfa.\u00a0Vi bjuder p\u00e5 l\u00e4tt tilltugg och goda m\u00f6jligheter att utbyta erfarenheter med andra adepter och mentorer.\u00a0 Vi f\u00e5r ocks\u00e5 ta del av Linda Gerhardsson som leder en interaktiv workshop och f\u00f6rel\u00e4sning om hur du praktiskt st\u00e4rker b\u00e5de ditt personliga och ditt f\u00f6retags varum\u00e4rke i vardagen p\u00e5 [&hellip;]<\/p>\n","protected":false},"author":65,"featured_media":6082,"comment_status":"open","ping_status":"open","sticky":false,"template":"","format":"standard","meta":{"footnotes":""},"categories":[11,20],"tags":[],"acf":[],"yoast_head":"<!-- This site is optimized with the Yoast SEO plugin v22.9 - https:\/\/yoast.com\/wordpress\/plugins\/seo\/ -->\n<title>V\u00e4lkommen till adept- och mentortr\u00e4ff med f\u00f6rel\u00e4sning\/workshop 11 maj! - Mellersta \u00d6sterg\u00f6tland<\/title>\n<meta name=\"description\" content=\"V\u00e4lkommen p\u00e5 en inspirerande n\u00e4tverkstr\u00e4ff p\u00e5 Dospace Alfa med l\u00e4tt tilltugg och chans att utbyta erfarenheter med andra adepter och mentorer\" \/>\n<meta name=\"robots\" content=\"index, follow, max-snippet:-1, max-image-preview:large, max-video-preview:-1\" \/>\n<link rel=\"canonical\" href=\"https:\/\/nyforetagarcentrum.se\/mellerstaostergotland\/2026\/04\/25\/valkommen-till-adept-och-mentortraff-med-forelasning-workshop-11-maj\/\" \/>\n<meta property=\"og:locale\" content=\"sv_SE\" \/>\n<meta property=\"og:type\" content=\"article\" \/>\n<meta property=\"og:title\" content=\"V\u00e4lkommen till adept- och mentortr\u00e4ff med f\u00f6rel\u00e4sning\/workshop 11 maj! - Mellersta \u00d6sterg\u00f6tland\" \/>\n<meta property=\"og:description\" content=\"V\u00e4lkommen p\u00e5 en inspirerande n\u00e4tverkstr\u00e4ff p\u00e5 Dospace Alfa med l\u00e4tt tilltugg och chans att utbyta erfarenheter med andra adepter och mentorer\" \/>\n<meta property=\"og:url\" content=\"https:\/\/nyforetagarcentrum.se\/mellerstaostergotland\/2026\/04\/25\/valkommen-till-adept-och-mentortraff-med-forelasning-workshop-11-maj\/\" \/>\n<meta property=\"og:site_name\" content=\"Mellersta \u00d6sterg\u00f6tland\" \/>\n<meta property=\"article:published_time\" content=\"2026-04-25T09:17:59+00:00\" \/>\n<meta property=\"article:modified_time\" content=\"2026-04-25T09:18:00+00:00\" \/>\n<meta property=\"og:image\" content=\"https:\/\/nyforetagarcentrum.se\/mellerstaostergotland\/wp-content\/uploads\/sites\/12\/2026\/04\/lindasittandeskrivbord_huvudbildwebb.jpg\" \/>\n\t<meta property=\"og:image:width\" content=\"2560\" \/>\n\t<meta property=\"og:image:height\" content=\"1707\" \/>\n\t<meta property=\"og:image:type\" content=\"image\/jpeg\" \/>\n<meta name=\"author\" content=\"mellerstaostergotland\" \/>\n<meta name=\"twitter:card\" content=\"summary_large_image\" \/>\n<meta name=\"twitter:label1\" content=\"Skriven av\" \/>\n\t<meta name=\"twitter:data1\" content=\"mellerstaostergotland\" \/>\n\t<meta name=\"twitter:label2\" content=\"Ber\u00e4knad l\u00e4stid\" \/>\n\t<meta name=\"twitter:data2\" content=\"1 minut\" \/>\n<script type=\"application\/ld+json\" class=\"yoast-schema-graph\">{\"@context\":\"https:\/\/schema.org\",\"@graph\":[{\"@type\":\"Article\",\"@id\":\"https:\/\/nyforetagarcentrum.se\/mellerstaostergotland\/2026\/04\/25\/valkommen-till-adept-och-mentortraff-med-forelasning-workshop-11-maj\/#article\",\"isPartOf\":{\"@id\":\"https:\/\/nyforetagarcentrum.se\/mellerstaostergotland\/2026\/04\/25\/valkommen-till-adept-och-mentortraff-med-forelasning-workshop-11-maj\/\"},\"author\":{\"name\":\"mellerstaostergotland\",\"@id\":\"https:\/\/nyforetagarcentrum.se\/mellerstaostergotland\/#\/schema\/person\/df60f650d4cfd861af39663ad6a57e8c\"},\"headline\":\"V\u00e4lkommen till adept- och mentortr\u00e4ff med f\u00f6rel\u00e4sning\/workshop 11 maj!\",\"datePublished\":\"2026-04-25T09:17:59+00:00\",\"dateModified\":\"2026-04-25T09:18:00+00:00\",\"mainEntityOfPage\":{\"@id\":\"https:\/\/nyforetagarcentrum.se\/mellerstaostergotland\/2026\/04\/25\/valkommen-till-adept-och-mentortraff-med-forelasning-workshop-11-maj\/\"},\"wordCount\":184,\"commentCount\":0,\"publisher\":{\"@id\":\"https:\/\/nyforetagarcentrum.se\/mellerstaostergotland\/#organization\"},\"image\":{\"@id\":\"https:\/\/nyforetagarcentrum.se\/mellerstaostergotland\/2026\/04\/25\/valkommen-till-adept-och-mentortraff-med-forelasning-workshop-11-maj\/#primaryimage\"},\"thumbnailUrl\":\"https:\/\/nyforetagarcentrum.se\/mellerstaostergotland\/wp-content\/uploads\/sites\/12\/2026\/04\/lindasittandeskrivbord_huvudbildwebb.jpg\",\"articleSection\":[\"Mentor\",\"Nyhet\"],\"inLanguage\":\"sv-SE\",\"potentialAction\":[{\"@type\":\"CommentAction\",\"name\":\"Comment\",\"target\":[\"https:\/\/nyforetagarcentrum.se\/mellerstaostergotland\/2026\/04\/25\/valkommen-till-adept-och-mentortraff-med-forelasning-workshop-11-maj\/#respond\"]}]},{\"@type\":\"WebPage\",\"@id\":\"https:\/\/nyforetagarcentrum.se\/mellerstaostergotland\/2026\/04\/25\/valkommen-till-adept-och-mentortraff-med-forelasning-workshop-11-maj\/\",\"url\":\"https:\/\/nyforetagarcentrum.se\/mellerstaostergotland\/2026\/04\/25\/valkommen-till-adept-och-mentortraff-med-forelasning-workshop-11-maj\/\",\"name\":\"V\u00e4lkommen till adept- och mentortr\u00e4ff med f\u00f6rel\u00e4sning\/workshop 11 maj! - Mellersta \u00d6sterg\u00f6tland\",\"isPartOf\":{\"@id\":\"https:\/\/nyforetagarcentrum.se\/mellerstaostergotland\/#website\"},\"primaryImageOfPage\":{\"@id\":\"https:\/\/nyforetagarcentrum.se\/mellerstaostergotland\/2026\/04\/25\/valkommen-till-adept-och-mentortraff-med-forelasning-workshop-11-maj\/#primaryimage\"},\"image\":{\"@id\":\"https:\/\/nyforetagarcentrum.se\/mellerstaostergotland\/2026\/04\/25\/valkommen-till-adept-och-mentortraff-med-forelasning-workshop-11-maj\/#primaryimage\"},\"thumbnailUrl\":\"https:\/\/nyforetagarcentrum.se\/mellerstaostergotland\/wp-content\/uploads\/sites\/12\/2026\/04\/lindasittandeskrivbord_huvudbildwebb.jpg\",\"datePublished\":\"2026-04-25T09:17:59+00:00\",\"dateModified\":\"2026-04-25T09:18:00+00:00\",\"description\":\"V\u00e4lkommen p\u00e5 en inspirerande n\u00e4tverkstr\u00e4ff p\u00e5 Dospace Alfa med l\u00e4tt tilltugg och chans att utbyta erfarenheter med andra adepter och mentorer\",\"breadcrumb\":{\"@id\":\"https:\/\/nyforetagarcentrum.se\/mellerstaostergotland\/2026\/04\/25\/valkommen-till-adept-och-mentortraff-med-forelasning-workshop-11-maj\/#breadcrumb\"},\"inLanguage\":\"sv-SE\",\"potentialAction\":[{\"@type\":\"ReadAction\",\"target\":[\"https:\/\/nyforetagarcentrum.se\/mellerstaostergotland\/2026\/04\/25\/valkommen-till-adept-och-mentortraff-med-forelasning-workshop-11-maj\/\"]}]},{\"@type\":\"ImageObject\",\"inLanguage\":\"sv-SE\",\"@id\":\"https:\/\/nyforetagarcentrum.se\/mellerstaostergotland\/2026\/04\/25\/valkommen-till-adept-och-mentortraff-med-forelasning-workshop-11-maj\/#primaryimage\",\"url\":\"https:\/\/nyforetagarcentrum.se\/mellerstaostergotland\/wp-content\/uploads\/sites\/12\/2026\/04\/lindasittandeskrivbord_huvudbildwebb.jpg\",\"contentUrl\":\"https:\/\/nyforetagarcentrum.se\/mellerstaostergotland\/wp-content\/uploads\/sites\/12\/2026\/04\/lindasittandeskrivbord_huvudbildwebb.jpg\",\"width\":2560,\"height\":1707},{\"@type\":\"BreadcrumbList\",\"@id\":\"https:\/\/nyforetagarcentrum.se\/mellerstaostergotland\/2026\/04\/25\/valkommen-till-adept-och-mentortraff-med-forelasning-workshop-11-maj\/#breadcrumb\",\"itemListElement\":[{\"@type\":\"ListItem\",\"position\":1,\"name\":\"Hem\",\"item\":\"https:\/\/nyforetagarcentrum.se\/mellerstaostergotland\/\"},{\"@type\":\"ListItem\",\"position\":2,\"name\":\"V\u00e4lkommen till adept- och mentortr\u00e4ff med f\u00f6rel\u00e4sning\/workshop 11 maj!\"}]},{\"@type\":\"WebSite\",\"@id\":\"https:\/\/nyforetagarcentrum.se\/mellerstaostergotland\/#website\",\"url\":\"https:\/\/nyforetagarcentrum.se\/mellerstaostergotland\/\",\"name\":\"Mellersta \u00d6sterg\u00f6tland\",\"description\":\"Sveriges ledande kraft f\u00f6r fler nya livskraftiga f\u00f6retag\",\"publisher\":{\"@id\":\"https:\/\/nyforetagarcentrum.se\/mellerstaostergotland\/#organization\"},\"potentialAction\":[{\"@type\":\"SearchAction\",\"target\":{\"@type\":\"EntryPoint\",\"urlTemplate\":\"https:\/\/nyforetagarcentrum.se\/mellerstaostergotland\/?s={search_term_string}\"},\"query-input\":\"required name=search_term_string\"}],\"inLanguage\":\"sv-SE\"},{\"@type\":\"Organization\",\"@id\":\"https:\/\/nyforetagarcentrum.se\/mellerstaostergotland\/#organization\",\"name\":\"Mellersta \u00d6sterg\u00f6tland\",\"url\":\"https:\/\/nyforetagarcentrum.se\/mellerstaostergotland\/\",\"logo\":{\"@type\":\"ImageObject\",\"inLanguage\":\"sv-SE\",\"@id\":\"https:\/\/nyforetagarcentrum.se\/mellerstaostergotland\/#\/schema\/logo\/image\/\",\"url\":\"https:\/\/nyforetagarcentrum.se\/mellerstaostergotland\/wp-content\/uploads\/sites\/12\/2026\/04\/mellerstaostergotland_bla.png\",\"contentUrl\":\"https:\/\/nyforetagarcentrum.se\/mellerstaostergotland\/wp-content\/uploads\/sites\/12\/2026\/04\/mellerstaostergotland_bla.png\",\"width\":870,\"height\":355,\"caption\":\"Mellersta \u00d6sterg\u00f6tland\"},\"image\":{\"@id\":\"https:\/\/nyforetagarcentrum.se\/mellerstaostergotland\/#\/schema\/logo\/image\/\"}},{\"@type\":\"Person\",\"@id\":\"https:\/\/nyforetagarcentrum.se\/mellerstaostergotland\/#\/schema\/person\/df60f650d4cfd861af39663ad6a57e8c\",\"name\":\"mellerstaostergotland\",\"image\":{\"@type\":\"ImageObject\",\"inLanguage\":\"sv-SE\",\"@id\":\"https:\/\/nyforetagarcentrum.se\/mellerstaostergotland\/#\/schema\/person\/image\/\",\"url\":\"https:\/\/secure.gravatar.com\/avatar\/4307c1410fb6bf935926d2a3793208ab?s=96&d=mm&r=g\",\"contentUrl\":\"https:\/\/secure.gravatar.com\/avatar\/4307c1410fb6bf935926d2a3793208ab?s=96&d=mm&r=g\",\"caption\":\"mellerstaostergotland\"},\"url\":\"https:\/\/nyforetagarcentrum.se\/mellerstaostergotland\/author\/mellerstaostergotland\/\"}]}<\/script>\n<!-- \/ Yoast SEO plugin. -->","yoast_head_json":{"title":"V\u00e4lkommen till adept- och mentortr\u00e4ff med f\u00f6rel\u00e4sning\/workshop 11 maj! - Mellersta \u00d6sterg\u00f6tland","description":"V\u00e4lkommen p\u00e5 en inspirerande n\u00e4tverkstr\u00e4ff p\u00e5 Dospace Alfa med l\u00e4tt tilltugg och chans att utbyta erfarenheter med andra adepter och mentorer","robots":{"index":"index","follow":"follow","max-snippet":"max-snippet:-1","max-image-preview":"max-image-preview:large","max-video-preview":"max-video-preview:-1"},"canonical":"https:\/\/nyforetagarcentrum.se\/mellerstaostergotland\/2026\/04\/25\/valkommen-till-adept-och-mentortraff-med-forelasning-workshop-11-maj\/","og_locale":"sv_SE","og_type":"article","og_title":"V\u00e4lkommen till adept- och mentortr\u00e4ff med f\u00f6rel\u00e4sning\/workshop 11 maj! - Mellersta \u00d6sterg\u00f6tland","og_description":"V\u00e4lkommen p\u00e5 en inspirerande n\u00e4tverkstr\u00e4ff p\u00e5 Dospace Alfa med l\u00e4tt tilltugg och chans att utbyta erfarenheter med andra adepter och mentorer","og_url":"https:\/\/nyforetagarcentrum.se\/mellerstaostergotland\/2026\/04\/25\/valkommen-till-adept-och-mentortraff-med-forelasning-workshop-11-maj\/","og_site_name":"Mellersta \u00d6sterg\u00f6tland","article_published_time":"2026-04-25T09:17:59+00:00","article_modified_time":"2026-04-25T09:18:00+00:00","og_image":[{"width":2560,"height":1707,"url":"https:\/\/nyforetagarcentrum.se\/mellerstaostergotland\/wp-content\/uploads\/sites\/12\/2026\/04\/lindasittandeskrivbord_huvudbildwebb.jpg","type":"image\/jpeg"}],"author":"mellerstaostergotland","twitter_card":"summary_large_image","twitter_misc":{"Skriven av":"mellerstaostergotland","Ber\u00e4knad l\u00e4stid":"1 minut"},"schema":{"@context":"https:\/\/schema.org","@graph":[{"@type":"Article","@id":"https:\/\/nyforetagarcentrum.se\/mellerstaostergotland\/2026\/04\/25\/valkommen-till-adept-och-mentortraff-med-forelasning-workshop-11-maj\/#article","isPartOf":{"@id":"https:\/\/nyforetagarcentrum.se\/mellerstaostergotland\/2026\/04\/25\/valkommen-till-adept-och-mentortraff-med-forelasning-workshop-11-maj\/"},"author":{"name":"mellerstaostergotland","@id":"https:\/\/nyforetagarcentrum.se\/mellerstaostergotland\/#\/schema\/person\/df60f650d4cfd861af39663ad6a57e8c"},"headline":"V\u00e4lkommen till adept- och mentortr\u00e4ff med f\u00f6rel\u00e4sning\/workshop 11 maj!","datePublished":"2026-04-25T09:17:59+00:00","dateModified":"2026-04-25T09:18:00+00:00","mainEntityOfPage":{"@id":"https:\/\/nyforetagarcentrum.se\/mellerstaostergotland\/2026\/04\/25\/valkommen-till-adept-och-mentortraff-med-forelasning-workshop-11-maj\/"},"wordCount":184,"commentCount":0,"publisher":{"@id":"https:\/\/nyforetagarcentrum.se\/mellerstaostergotland\/#organization"},"image":{"@id":"https:\/\/nyforetagarcentrum.se\/mellerstaostergotland\/2026\/04\/25\/valkommen-till-adept-och-mentortraff-med-forelasning-workshop-11-maj\/#primaryimage"},"thumbnailUrl":"https:\/\/nyforetagarcentrum.se\/mellerstaostergotland\/wp-content\/uploads\/sites\/12\/2026\/04\/lindasittandeskrivbord_huvudbildwebb.jpg","articleSection":["Mentor","Nyhet"],"inLanguage":"sv-SE","potentialAction":[{"@type":"CommentAction","name":"Comment","target":["https:\/\/nyforetagarcentrum.se\/mellerstaostergotland\/2026\/04\/25\/valkommen-till-adept-och-mentortraff-med-forelasning-workshop-11-maj\/#respond"]}]},{"@type":"WebPage","@id":"https:\/\/nyforetagarcentrum.se\/mellerstaostergotland\/2026\/04\/25\/valkommen-till-adept-och-mentortraff-med-forelasning-workshop-11-maj\/","url":"https:\/\/nyforetagarcentrum.se\/mellerstaostergotland\/2026\/04\/25\/valkommen-till-adept-och-mentortraff-med-forelasning-workshop-11-maj\/","name":"V\u00e4lkommen till adept- och mentortr\u00e4ff med f\u00f6rel\u00e4sning\/workshop 11 maj! - Mellersta \u00d6sterg\u00f6tland","isPartOf":{"@id":"https:\/\/nyforetagarcentrum.se\/mellerstaostergotland\/#website"},"primaryImageOfPage":{"@id":"https:\/\/nyforetagarcentrum.se\/mellerstaostergotland\/2026\/04\/25\/valkommen-till-adept-och-mentortraff-med-forelasning-workshop-11-maj\/#primaryimage"},"image":{"@id":"https:\/\/nyforetagarcentrum.se\/mellerstaostergotland\/2026\/04\/25\/valkommen-till-adept-och-mentortraff-med-forelasning-workshop-11-maj\/#primaryimage"},"thumbnailUrl":"https:\/\/nyforetagarcentrum.se\/mellerstaostergotland\/wp-content\/uploads\/sites\/12\/2026\/04\/lindasittandeskrivbord_huvudbildwebb.jpg","datePublished":"2026-04-25T09:17:59+00:00","dateModified":"2026-04-25T09:18:00+00:00","description":"V\u00e4lkommen p\u00e5 en inspirerande n\u00e4tverkstr\u00e4ff p\u00e5 Dospace Alfa med l\u00e4tt tilltugg och chans att utbyta erfarenheter med andra adepter och mentorer","breadcrumb":{"@id":"https:\/\/nyforetagarcentrum.se\/mellerstaostergotland\/2026\/04\/25\/valkommen-till-adept-och-mentortraff-med-forelasning-workshop-11-maj\/#breadcrumb"},"inLanguage":"sv-SE","potentialAction":[{"@type":"ReadAction","target":["https:\/\/nyforetagarcentrum.se\/mellerstaostergotland\/2026\/04\/25\/valkommen-till-adept-och-mentortraff-med-forelasning-workshop-11-maj\/"]}]},{"@type":"ImageObject","inLanguage":"sv-SE","@id":"https:\/\/nyforetagarcentrum.se\/mellerstaostergotland\/2026\/04\/25\/valkommen-till-adept-och-mentortraff-med-forelasning-workshop-11-maj\/#primaryimage","url":"https:\/\/nyforetagarcentrum.se\/mellerstaostergotland\/wp-content\/uploads\/sites\/12\/2026\/04\/lindasittandeskrivbord_huvudbildwebb.jpg","contentUrl":"https:\/\/nyforetagarcentrum.se\/mellerstaostergotland\/wp-content\/uploads\/sites\/12\/2026\/04\/lindasittandeskrivbord_huvudbildwebb.jpg","width":2560,"height":1707},{"@type":"BreadcrumbList","@id":"https:\/\/nyforetagarcentrum.se\/mellerstaostergotland\/2026\/04\/25\/valkommen-till-adept-och-mentortraff-med-forelasning-workshop-11-maj\/#breadcrumb","itemListElement":[{"@type":"ListItem","position":1,"name":"Hem","item":"https:\/\/nyforetagarcentrum.se\/mellerstaostergotland\/"},{"@type":"ListItem","position":2,"name":"V\u00e4lkommen till adept- och mentortr\u00e4ff med f\u00f6rel\u00e4sning\/workshop 11 maj!"}]},{"@type":"WebSite","@id":"https:\/\/nyforetagarcentrum.se\/mellerstaostergotland\/#website","url":"https:\/\/nyforetagarcentrum.se\/mellerstaostergotland\/","name":"Mellersta \u00d6sterg\u00f6tland","description":"Sveriges ledande kraft f\u00f6r fler nya livskraftiga f\u00f6retag","publisher":{"@id":"https:\/\/nyforetagarcentrum.se\/mellerstaostergotland\/#organization"},"potentialAction":[{"@type":"SearchAction","target":{"@type":"EntryPoint","urlTemplate":"https:\/\/nyforetagarcentrum.se\/mellerstaostergotland\/?s={search_term_string}"},"query-input":"required name=search_term_string"}],"inLanguage":"sv-SE"},{"@type":"Organization","@id":"https:\/\/nyforetagarcentrum.se\/mellerstaostergotland\/#organization","name":"Mellersta \u00d6sterg\u00f6tland","url":"https:\/\/nyforetagarcentrum.se\/mellerstaostergotland\/","logo":{"@type":"ImageObject","inLanguage":"sv-SE","@id":"https:\/\/nyforetagarcentrum.se\/mellerstaostergotland\/#\/schema\/logo\/image\/","url":"https:\/\/nyforetagarcentrum.se\/mellerstaostergotland\/wp-content\/uploads\/sites\/12\/2026\/04\/mellerstaostergotland_bla.png","contentUrl":"https:\/\/nyforetagarcentrum.se\/mellerstaostergotland\/wp-content\/uploads\/sites\/12\/2026\/04\/mellerstaostergotland_bla.png","width":870,"height":355,"caption":"Mellersta \u00d6sterg\u00f6tland"},"image":{"@id":"https:\/\/nyforetagarcentrum.se\/mellerstaostergotland\/#\/schema\/logo\/image\/"}},{"@type":"Person","@id":"https:\/\/nyforetagarcentrum.se\/mellerstaostergotland\/#\/schema\/person\/df60f650d4cfd861af39663ad6a57e8c","name":"mellerstaostergotland","image":{"@type":"ImageObject","inLanguage":"sv-SE","@id":"https:\/\/nyforetagarcentrum.se\/mellerstaostergotland\/#\/schema\/person\/image\/","url":"https:\/\/secure.gravatar.com\/avatar\/4307c1410fb6bf935926d2a3793208ab?s=96&d=mm&r=g","contentUrl":"https:\/\/secure.gravatar.com\/avatar\/4307c1410fb6bf935926d2a3793208ab?s=96&d=mm&r=g","caption":"mellerstaostergotland"},"url":"https:\/\/nyforetagarcentrum.se\/mellerstaostergotland\/author\/mellerstaostergotland\/"}]}},"_links":{"self":[{"href":"https:\/\/nyforetagarcentrum.se\/mellerstaostergotland\/wp-json\/wp\/v2\/posts\/6081"}],"collection":[{"href":"https:\/\/nyforetagarcentrum.se\/mellerstaostergotland\/wp-json\/wp\/v2\/posts"}],"about":[{"href":"https:\/\/nyforetagarcentrum.se\/mellerstaostergotland\/wp-json\/wp\/v2\/types\/post"}],"author":[{"embeddable":true,"href":"https:\/\/nyforetagarcentrum.se\/mellerstaostergotland\/wp-json\/wp\/v2\/users\/65"}],"replies":[{"embeddable":true,"href":"https:\/\/nyforetagarcentrum.se\/mellerstaostergotland\/wp-json\/wp\/v2\/comments?post=6081"}],"version-history":[{"count":5,"href":"https:\/\/nyforetagarcentrum.se\/mellerstaostergotland\/wp-json\/wp\/v2\/posts\/6081\/revisions"}],"predecessor-version":[{"id":6087,"href":"https:\/\/nyforetagarcentrum.se\/mellerstaostergotland\/wp-json\/wp\/v2\/posts\/6081\/revisions\/6087"}],"wp:featuredmedia":[{"embeddable":true,"href":"https:\/\/nyforetagarcentrum.se\/mellerstaostergotland\/wp-json\/wp\/v2\/media\/6082"}],"wp:attachment":[{"href":"https:\/\/nyforetagarcentrum.se\/mellerstaostergotland\/wp-json\/wp\/v2\/media?parent=6081"}],"wp:term":[{"taxonomy":"category","embeddable":true,"href":"https:\/\/nyforetagarcentrum.se\/mellerstaostergotland\/wp-json\/wp\/v2\/categories?post=6081"},{"taxonomy":"post_tag","embeddable":true,"href":"https:\/\/nyforetagarcentrum.se\/mellerstaostergotland\/wp-json\/wp\/v2\/tags?post=6081"}],"curies":[{"name":"wp","href":"https:\/\/api.w.org\/{rel}","templated":true}]}}