{"id":5913,"date":"2026-03-23T08:11:00","date_gmt":"2026-03-23T07:11:00","guid":{"rendered":"https:\/\/nyforetagarcentrum.se\/mellerstaostergotland\/?p=5913"},"modified":"2026-03-19T14:12:58","modified_gmt":"2026-03-19T13:12:58","slug":"joakims-foretag-uppmarksammas-av-nt","status":"publish","type":"post","link":"https:\/\/nyforetagarcentrum.se\/mellerstaostergotland\/2026\/03\/23\/joakims-foretag-uppmarksammas-av-nt\/","title":{"rendered":"Joakims f\u00f6retag uppm\u00e4rksammas av NT"},"content":{"rendered":"\n<p>Biluthyrningsf\u00f6retaget Rent-a-wreck \u00e4r tillbaka i Norrk\u00f6ping. Bakom satsningen st\u00e5r franchisetagaren Joakim Karl\u00e9n, som med st\u00f6d fr\u00e5n oss p\u00e5 Nyf\u00f6retagarCentrum har f\u00f6rberett sin comeback f\u00f6r att f\u00f6rena prisv\u00e4rdhet med milj\u00f6nytta.<\/p>\n\n\n\n<p>&#8211; Jag siktar p\u00e5 att ha minst 30 bilar tillg\u00e4ngliga p\u00e5 sikt&#8221;, s\u00e4ger franchisetagaren Joakim Karl\u00e9n<\/p>\n\n\n\n<p>P\u00e5 den gamla bensinmacken vid Vattengr\u00e4nd bl\u00e5ser nu nya entrepren\u00f6rsvindar. Joakim Karl\u00e9n, med en bakgrund inom b\u00e5de bussbranschen och flyget, tar nu steget som ensamf\u00f6retagare. Valet f\u00f6ll p\u00e5 Rent-a-Wreck \u2013 ett koncept som bygger p\u00e5 att hyra ut v\u00e4lsk\u00f6tta, begagnade bilar ist\u00e4llet f\u00f6r fabriksnya.<\/p>\n\n\n\n<p>\u2013 Saker och ting har f\u00f6r\u00e4ndrats n\u00e4r det g\u00e4ller \u00e4gandet av bil och det har definitivt inte blivit billigare. Vi vill erbjuda m\u00f6jligheten \u00e4ven till de som kanske inte \u00e4r s\u00e5 kapitalstarka, s\u00e4ger franchisetagaren Joakim Karl\u00e9n.<\/p>\n\n\n\n<p>Satsningen startar med en vagnpark p\u00e5 15 bilar, men m\u00e5let \u00e4r redan satt till det dubbla. Som nyf\u00f6retagare sk\u00f6ter Joakim det mesta sj\u00e4lv till en b\u00f6rjan, men hoppas kunna anst\u00e4lla personal i takt med att verksamheten v\u00e4xer.<\/p>\n\n\n\n<p>Vi p\u00e5 Nyf\u00f6retagarCentrum \u00e4r stolta \u00f6ver att ha f\u00e5tt vara en del av Joakims resa och ser fram emot att f\u00f6lja verksamhetens utveckling p\u00e5 Vattengr\u00e4nd!<\/p>\n\n\n\n<p><a href=\"https:\/\/www.nt.se\/nyheter\/norrkoping\/artikel\/rent-a-wreck-ater-i-norrkoping-efter-8-ar\/r51dde3j\">L\u00e4s hela texten h\u00e4r<\/a><\/p>\n\n\n\n<p>Foto: Mikael Pihlblad<\/p>\n","protected":false},"excerpt":{"rendered":"<p>Biluthyrningsf\u00f6retaget Rent-a-wreck \u00e4r tillbaka i Norrk\u00f6ping. Bakom satsningen st\u00e5r franchisetagaren Joakim Karl\u00e9n, som med st\u00f6d fr\u00e5n oss p\u00e5 Nyf\u00f6retagarCentrum har f\u00f6rberett sin comeback f\u00f6r att f\u00f6rena prisv\u00e4rdhet med milj\u00f6nytta. &#8211; Jag siktar p\u00e5 att ha minst 30 bilar tillg\u00e4ngliga p\u00e5 sikt&#8221;, s\u00e4ger franchisetagaren Joakim Karl\u00e9n P\u00e5 den gamla bensinmacken vid Vattengr\u00e4nd bl\u00e5ser nu nya entrepren\u00f6rsvindar. [&hellip;]<\/p>\n","protected":false},"author":65,"featured_media":5914,"comment_status":"open","ping_status":"open","sticky":false,"template":"","format":"standard","meta":{"footnotes":""},"categories":[20],"tags":[],"acf":[],"yoast_head":"<!-- This site is optimized with the Yoast SEO plugin v22.9 - https:\/\/yoast.com\/wordpress\/plugins\/seo\/ -->\n<title>Joakims f\u00f6retag uppm\u00e4rksammas av NT - Mellersta \u00d6sterg\u00f6tland<\/title>\n<meta name=\"description\" content=\"Rent-a-wreck \u00e4r tillbaka i Norrk\u00f6pin med Joakim Karl\u00e9n, som med st\u00f6d fr\u00e5n oss f\u00f6renar prisv\u00e4rdhet med milj\u00f6nytta.\" \/>\n<meta name=\"robots\" content=\"index, follow, max-snippet:-1, max-image-preview:large, max-video-preview:-1\" \/>\n<link rel=\"canonical\" href=\"https:\/\/nyforetagarcentrum.se\/mellerstaostergotland\/2026\/03\/23\/joakims-foretag-uppmarksammas-av-nt\/\" \/>\n<meta property=\"og:locale\" content=\"sv_SE\" \/>\n<meta property=\"og:type\" content=\"article\" \/>\n<meta property=\"og:title\" content=\"Joakims f\u00f6retag uppm\u00e4rksammas av NT - Mellersta \u00d6sterg\u00f6tland\" \/>\n<meta property=\"og:description\" content=\"Rent-a-wreck \u00e4r tillbaka i Norrk\u00f6pin med Joakim Karl\u00e9n, som med st\u00f6d fr\u00e5n oss f\u00f6renar prisv\u00e4rdhet med milj\u00f6nytta.\" \/>\n<meta property=\"og:url\" content=\"https:\/\/nyforetagarcentrum.se\/mellerstaostergotland\/2026\/03\/23\/joakims-foretag-uppmarksammas-av-nt\/\" \/>\n<meta property=\"og:site_name\" content=\"Mellersta \u00d6sterg\u00f6tland\" \/>\n<meta property=\"article:published_time\" content=\"2026-03-23T07:11:00+00:00\" \/>\n<meta property=\"article:modified_time\" content=\"2026-03-19T13:12:58+00:00\" \/>\n<meta property=\"og:image\" content=\"https:\/\/nyforetagarcentrum.se\/mellerstaostergotland\/wp-content\/uploads\/sites\/12\/2026\/03\/rent-a-wreck1.png\" \/>\n\t<meta property=\"og:image:width\" content=\"913\" \/>\n\t<meta property=\"og:image:height\" content=\"993\" \/>\n\t<meta property=\"og:image:type\" content=\"image\/png\" \/>\n<meta name=\"author\" content=\"mellerstaostergotland\" \/>\n<meta name=\"twitter:card\" content=\"summary_large_image\" \/>\n<meta name=\"twitter:label1\" content=\"Skriven av\" \/>\n\t<meta name=\"twitter:data1\" content=\"mellerstaostergotland\" \/>\n\t<meta name=\"twitter:label2\" content=\"Ber\u00e4knad l\u00e4stid\" \/>\n\t<meta name=\"twitter:data2\" content=\"2 minuter\" \/>\n<script type=\"application\/ld+json\" class=\"yoast-schema-graph\">{\"@context\":\"https:\/\/schema.org\",\"@graph\":[{\"@type\":\"Article\",\"@id\":\"https:\/\/nyforetagarcentrum.se\/mellerstaostergotland\/2026\/03\/23\/joakims-foretag-uppmarksammas-av-nt\/#article\",\"isPartOf\":{\"@id\":\"https:\/\/nyforetagarcentrum.se\/mellerstaostergotland\/2026\/03\/23\/joakims-foretag-uppmarksammas-av-nt\/\"},\"author\":{\"name\":\"mellerstaostergotland\",\"@id\":\"https:\/\/nyforetagarcentrum.se\/mellerstaostergotland\/#\/schema\/person\/df60f650d4cfd861af39663ad6a57e8c\"},\"headline\":\"Joakims f\u00f6retag uppm\u00e4rksammas av NT\",\"datePublished\":\"2026-03-23T07:11:00+00:00\",\"dateModified\":\"2026-03-19T13:12:58+00:00\",\"mainEntityOfPage\":{\"@id\":\"https:\/\/nyforetagarcentrum.se\/mellerstaostergotland\/2026\/03\/23\/joakims-foretag-uppmarksammas-av-nt\/\"},\"wordCount\":243,\"commentCount\":0,\"publisher\":{\"@id\":\"https:\/\/nyforetagarcentrum.se\/mellerstaostergotland\/#organization\"},\"image\":{\"@id\":\"https:\/\/nyforetagarcentrum.se\/mellerstaostergotland\/2026\/03\/23\/joakims-foretag-uppmarksammas-av-nt\/#primaryimage\"},\"thumbnailUrl\":\"https:\/\/nyforetagarcentrum.se\/mellerstaostergotland\/wp-content\/uploads\/sites\/12\/2026\/03\/rent-a-wreck1.png\",\"articleSection\":[\"Nyhet\"],\"inLanguage\":\"sv-SE\",\"potentialAction\":[{\"@type\":\"CommentAction\",\"name\":\"Comment\",\"target\":[\"https:\/\/nyforetagarcentrum.se\/mellerstaostergotland\/2026\/03\/23\/joakims-foretag-uppmarksammas-av-nt\/#respond\"]}]},{\"@type\":\"WebPage\",\"@id\":\"https:\/\/nyforetagarcentrum.se\/mellerstaostergotland\/2026\/03\/23\/joakims-foretag-uppmarksammas-av-nt\/\",\"url\":\"https:\/\/nyforetagarcentrum.se\/mellerstaostergotland\/2026\/03\/23\/joakims-foretag-uppmarksammas-av-nt\/\",\"name\":\"Joakims f\u00f6retag uppm\u00e4rksammas av NT - Mellersta \u00d6sterg\u00f6tland\",\"isPartOf\":{\"@id\":\"https:\/\/nyforetagarcentrum.se\/mellerstaostergotland\/#website\"},\"primaryImageOfPage\":{\"@id\":\"https:\/\/nyforetagarcentrum.se\/mellerstaostergotland\/2026\/03\/23\/joakims-foretag-uppmarksammas-av-nt\/#primaryimage\"},\"image\":{\"@id\":\"https:\/\/nyforetagarcentrum.se\/mellerstaostergotland\/2026\/03\/23\/joakims-foretag-uppmarksammas-av-nt\/#primaryimage\"},\"thumbnailUrl\":\"https:\/\/nyforetagarcentrum.se\/mellerstaostergotland\/wp-content\/uploads\/sites\/12\/2026\/03\/rent-a-wreck1.png\",\"datePublished\":\"2026-03-23T07:11:00+00:00\",\"dateModified\":\"2026-03-19T13:12:58+00:00\",\"description\":\"Rent-a-wreck \u00e4r tillbaka i Norrk\u00f6pin med Joakim Karl\u00e9n, som med st\u00f6d fr\u00e5n oss f\u00f6renar prisv\u00e4rdhet med milj\u00f6nytta.\",\"breadcrumb\":{\"@id\":\"https:\/\/nyforetagarcentrum.se\/mellerstaostergotland\/2026\/03\/23\/joakims-foretag-uppmarksammas-av-nt\/#breadcrumb\"},\"inLanguage\":\"sv-SE\",\"potentialAction\":[{\"@type\":\"ReadAction\",\"target\":[\"https:\/\/nyforetagarcentrum.se\/mellerstaostergotland\/2026\/03\/23\/joakims-foretag-uppmarksammas-av-nt\/\"]}]},{\"@type\":\"ImageObject\",\"inLanguage\":\"sv-SE\",\"@id\":\"https:\/\/nyforetagarcentrum.se\/mellerstaostergotland\/2026\/03\/23\/joakims-foretag-uppmarksammas-av-nt\/#primaryimage\",\"url\":\"https:\/\/nyforetagarcentrum.se\/mellerstaostergotland\/wp-content\/uploads\/sites\/12\/2026\/03\/rent-a-wreck1.png\",\"contentUrl\":\"https:\/\/nyforetagarcentrum.se\/mellerstaostergotland\/wp-content\/uploads\/sites\/12\/2026\/03\/rent-a-wreck1.png\",\"width\":913,\"height\":993,\"caption\":\"rent a wreck\"},{\"@type\":\"BreadcrumbList\",\"@id\":\"https:\/\/nyforetagarcentrum.se\/mellerstaostergotland\/2026\/03\/23\/joakims-foretag-uppmarksammas-av-nt\/#breadcrumb\",\"itemListElement\":[{\"@type\":\"ListItem\",\"position\":1,\"name\":\"Hem\",\"item\":\"https:\/\/nyforetagarcentrum.se\/mellerstaostergotland\/\"},{\"@type\":\"ListItem\",\"position\":2,\"name\":\"Joakims f\u00f6retag uppm\u00e4rksammas av NT\"}]},{\"@type\":\"WebSite\",\"@id\":\"https:\/\/nyforetagarcentrum.se\/mellerstaostergotland\/#website\",\"url\":\"https:\/\/nyforetagarcentrum.se\/mellerstaostergotland\/\",\"name\":\"Mellersta \u00d6sterg\u00f6tland\",\"description\":\"Sveriges ledande kraft f\u00f6r fler nya livskraftiga f\u00f6retag\",\"publisher\":{\"@id\":\"https:\/\/nyforetagarcentrum.se\/mellerstaostergotland\/#organization\"},\"potentialAction\":[{\"@type\":\"SearchAction\",\"target\":{\"@type\":\"EntryPoint\",\"urlTemplate\":\"https:\/\/nyforetagarcentrum.se\/mellerstaostergotland\/?s={search_term_string}\"},\"query-input\":\"required name=search_term_string\"}],\"inLanguage\":\"sv-SE\"},{\"@type\":\"Organization\",\"@id\":\"https:\/\/nyforetagarcentrum.se\/mellerstaostergotland\/#organization\",\"name\":\"Mellersta \u00d6sterg\u00f6tland\",\"url\":\"https:\/\/nyforetagarcentrum.se\/mellerstaostergotland\/\",\"logo\":{\"@type\":\"ImageObject\",\"inLanguage\":\"sv-SE\",\"@id\":\"https:\/\/nyforetagarcentrum.se\/mellerstaostergotland\/#\/schema\/logo\/image\/\",\"url\":\"https:\/\/nyforetagarcentrum.se\/mellerstaostergotland\/wp-content\/uploads\/sites\/12\/2026\/04\/mellerstaostergotland_bla.png\",\"contentUrl\":\"https:\/\/nyforetagarcentrum.se\/mellerstaostergotland\/wp-content\/uploads\/sites\/12\/2026\/04\/mellerstaostergotland_bla.png\",\"width\":870,\"height\":355,\"caption\":\"Mellersta \u00d6sterg\u00f6tland\"},\"image\":{\"@id\":\"https:\/\/nyforetagarcentrum.se\/mellerstaostergotland\/#\/schema\/logo\/image\/\"}},{\"@type\":\"Person\",\"@id\":\"https:\/\/nyforetagarcentrum.se\/mellerstaostergotland\/#\/schema\/person\/df60f650d4cfd861af39663ad6a57e8c\",\"name\":\"mellerstaostergotland\",\"image\":{\"@type\":\"ImageObject\",\"inLanguage\":\"sv-SE\",\"@id\":\"https:\/\/nyforetagarcentrum.se\/mellerstaostergotland\/#\/schema\/person\/image\/\",\"url\":\"https:\/\/secure.gravatar.com\/avatar\/4307c1410fb6bf935926d2a3793208ab?s=96&d=mm&r=g\",\"contentUrl\":\"https:\/\/secure.gravatar.com\/avatar\/4307c1410fb6bf935926d2a3793208ab?s=96&d=mm&r=g\",\"caption\":\"mellerstaostergotland\"},\"url\":\"https:\/\/nyforetagarcentrum.se\/mellerstaostergotland\/author\/mellerstaostergotland\/\"}]}<\/script>\n<!-- \/ Yoast SEO plugin. -->","yoast_head_json":{"title":"Joakims f\u00f6retag uppm\u00e4rksammas av NT - Mellersta \u00d6sterg\u00f6tland","description":"Rent-a-wreck \u00e4r tillbaka i Norrk\u00f6pin med Joakim Karl\u00e9n, som med st\u00f6d fr\u00e5n oss f\u00f6renar prisv\u00e4rdhet med milj\u00f6nytta.","robots":{"index":"index","follow":"follow","max-snippet":"max-snippet:-1","max-image-preview":"max-image-preview:large","max-video-preview":"max-video-preview:-1"},"canonical":"https:\/\/nyforetagarcentrum.se\/mellerstaostergotland\/2026\/03\/23\/joakims-foretag-uppmarksammas-av-nt\/","og_locale":"sv_SE","og_type":"article","og_title":"Joakims f\u00f6retag uppm\u00e4rksammas av NT - Mellersta \u00d6sterg\u00f6tland","og_description":"Rent-a-wreck \u00e4r tillbaka i Norrk\u00f6pin med Joakim Karl\u00e9n, som med st\u00f6d fr\u00e5n oss f\u00f6renar prisv\u00e4rdhet med milj\u00f6nytta.","og_url":"https:\/\/nyforetagarcentrum.se\/mellerstaostergotland\/2026\/03\/23\/joakims-foretag-uppmarksammas-av-nt\/","og_site_name":"Mellersta \u00d6sterg\u00f6tland","article_published_time":"2026-03-23T07:11:00+00:00","article_modified_time":"2026-03-19T13:12:58+00:00","og_image":[{"width":913,"height":993,"url":"https:\/\/nyforetagarcentrum.se\/mellerstaostergotland\/wp-content\/uploads\/sites\/12\/2026\/03\/rent-a-wreck1.png","type":"image\/png"}],"author":"mellerstaostergotland","twitter_card":"summary_large_image","twitter_misc":{"Skriven av":"mellerstaostergotland","Ber\u00e4knad l\u00e4stid":"2 minuter"},"schema":{"@context":"https:\/\/schema.org","@graph":[{"@type":"Article","@id":"https:\/\/nyforetagarcentrum.se\/mellerstaostergotland\/2026\/03\/23\/joakims-foretag-uppmarksammas-av-nt\/#article","isPartOf":{"@id":"https:\/\/nyforetagarcentrum.se\/mellerstaostergotland\/2026\/03\/23\/joakims-foretag-uppmarksammas-av-nt\/"},"author":{"name":"mellerstaostergotland","@id":"https:\/\/nyforetagarcentrum.se\/mellerstaostergotland\/#\/schema\/person\/df60f650d4cfd861af39663ad6a57e8c"},"headline":"Joakims f\u00f6retag uppm\u00e4rksammas av NT","datePublished":"2026-03-23T07:11:00+00:00","dateModified":"2026-03-19T13:12:58+00:00","mainEntityOfPage":{"@id":"https:\/\/nyforetagarcentrum.se\/mellerstaostergotland\/2026\/03\/23\/joakims-foretag-uppmarksammas-av-nt\/"},"wordCount":243,"commentCount":0,"publisher":{"@id":"https:\/\/nyforetagarcentrum.se\/mellerstaostergotland\/#organization"},"image":{"@id":"https:\/\/nyforetagarcentrum.se\/mellerstaostergotland\/2026\/03\/23\/joakims-foretag-uppmarksammas-av-nt\/#primaryimage"},"thumbnailUrl":"https:\/\/nyforetagarcentrum.se\/mellerstaostergotland\/wp-content\/uploads\/sites\/12\/2026\/03\/rent-a-wreck1.png","articleSection":["Nyhet"],"inLanguage":"sv-SE","potentialAction":[{"@type":"CommentAction","name":"Comment","target":["https:\/\/nyforetagarcentrum.se\/mellerstaostergotland\/2026\/03\/23\/joakims-foretag-uppmarksammas-av-nt\/#respond"]}]},{"@type":"WebPage","@id":"https:\/\/nyforetagarcentrum.se\/mellerstaostergotland\/2026\/03\/23\/joakims-foretag-uppmarksammas-av-nt\/","url":"https:\/\/nyforetagarcentrum.se\/mellerstaostergotland\/2026\/03\/23\/joakims-foretag-uppmarksammas-av-nt\/","name":"Joakims f\u00f6retag uppm\u00e4rksammas av NT - Mellersta \u00d6sterg\u00f6tland","isPartOf":{"@id":"https:\/\/nyforetagarcentrum.se\/mellerstaostergotland\/#website"},"primaryImageOfPage":{"@id":"https:\/\/nyforetagarcentrum.se\/mellerstaostergotland\/2026\/03\/23\/joakims-foretag-uppmarksammas-av-nt\/#primaryimage"},"image":{"@id":"https:\/\/nyforetagarcentrum.se\/mellerstaostergotland\/2026\/03\/23\/joakims-foretag-uppmarksammas-av-nt\/#primaryimage"},"thumbnailUrl":"https:\/\/nyforetagarcentrum.se\/mellerstaostergotland\/wp-content\/uploads\/sites\/12\/2026\/03\/rent-a-wreck1.png","datePublished":"2026-03-23T07:11:00+00:00","dateModified":"2026-03-19T13:12:58+00:00","description":"Rent-a-wreck \u00e4r tillbaka i Norrk\u00f6pin med Joakim Karl\u00e9n, som med st\u00f6d fr\u00e5n oss f\u00f6renar prisv\u00e4rdhet med milj\u00f6nytta.","breadcrumb":{"@id":"https:\/\/nyforetagarcentrum.se\/mellerstaostergotland\/2026\/03\/23\/joakims-foretag-uppmarksammas-av-nt\/#breadcrumb"},"inLanguage":"sv-SE","potentialAction":[{"@type":"ReadAction","target":["https:\/\/nyforetagarcentrum.se\/mellerstaostergotland\/2026\/03\/23\/joakims-foretag-uppmarksammas-av-nt\/"]}]},{"@type":"ImageObject","inLanguage":"sv-SE","@id":"https:\/\/nyforetagarcentrum.se\/mellerstaostergotland\/2026\/03\/23\/joakims-foretag-uppmarksammas-av-nt\/#primaryimage","url":"https:\/\/nyforetagarcentrum.se\/mellerstaostergotland\/wp-content\/uploads\/sites\/12\/2026\/03\/rent-a-wreck1.png","contentUrl":"https:\/\/nyforetagarcentrum.se\/mellerstaostergotland\/wp-content\/uploads\/sites\/12\/2026\/03\/rent-a-wreck1.png","width":913,"height":993,"caption":"rent a wreck"},{"@type":"BreadcrumbList","@id":"https:\/\/nyforetagarcentrum.se\/mellerstaostergotland\/2026\/03\/23\/joakims-foretag-uppmarksammas-av-nt\/#breadcrumb","itemListElement":[{"@type":"ListItem","position":1,"name":"Hem","item":"https:\/\/nyforetagarcentrum.se\/mellerstaostergotland\/"},{"@type":"ListItem","position":2,"name":"Joakims f\u00f6retag uppm\u00e4rksammas av NT"}]},{"@type":"WebSite","@id":"https:\/\/nyforetagarcentrum.se\/mellerstaostergotland\/#website","url":"https:\/\/nyforetagarcentrum.se\/mellerstaostergotland\/","name":"Mellersta \u00d6sterg\u00f6tland","description":"Sveriges ledande kraft f\u00f6r fler nya livskraftiga f\u00f6retag","publisher":{"@id":"https:\/\/nyforetagarcentrum.se\/mellerstaostergotland\/#organization"},"potentialAction":[{"@type":"SearchAction","target":{"@type":"EntryPoint","urlTemplate":"https:\/\/nyforetagarcentrum.se\/mellerstaostergotland\/?s={search_term_string}"},"query-input":"required name=search_term_string"}],"inLanguage":"sv-SE"},{"@type":"Organization","@id":"https:\/\/nyforetagarcentrum.se\/mellerstaostergotland\/#organization","name":"Mellersta \u00d6sterg\u00f6tland","url":"https:\/\/nyforetagarcentrum.se\/mellerstaostergotland\/","logo":{"@type":"ImageObject","inLanguage":"sv-SE","@id":"https:\/\/nyforetagarcentrum.se\/mellerstaostergotland\/#\/schema\/logo\/image\/","url":"https:\/\/nyforetagarcentrum.se\/mellerstaostergotland\/wp-content\/uploads\/sites\/12\/2026\/04\/mellerstaostergotland_bla.png","contentUrl":"https:\/\/nyforetagarcentrum.se\/mellerstaostergotland\/wp-content\/uploads\/sites\/12\/2026\/04\/mellerstaostergotland_bla.png","width":870,"height":355,"caption":"Mellersta \u00d6sterg\u00f6tland"},"image":{"@id":"https:\/\/nyforetagarcentrum.se\/mellerstaostergotland\/#\/schema\/logo\/image\/"}},{"@type":"Person","@id":"https:\/\/nyforetagarcentrum.se\/mellerstaostergotland\/#\/schema\/person\/df60f650d4cfd861af39663ad6a57e8c","name":"mellerstaostergotland","image":{"@type":"ImageObject","inLanguage":"sv-SE","@id":"https:\/\/nyforetagarcentrum.se\/mellerstaostergotland\/#\/schema\/person\/image\/","url":"https:\/\/secure.gravatar.com\/avatar\/4307c1410fb6bf935926d2a3793208ab?s=96&d=mm&r=g","contentUrl":"https:\/\/secure.gravatar.com\/avatar\/4307c1410fb6bf935926d2a3793208ab?s=96&d=mm&r=g","caption":"mellerstaostergotland"},"url":"https:\/\/nyforetagarcentrum.se\/mellerstaostergotland\/author\/mellerstaostergotland\/"}]}},"_links":{"self":[{"href":"https:\/\/nyforetagarcentrum.se\/mellerstaostergotland\/wp-json\/wp\/v2\/posts\/5913"}],"collection":[{"href":"https:\/\/nyforetagarcentrum.se\/mellerstaostergotland\/wp-json\/wp\/v2\/posts"}],"about":[{"href":"https:\/\/nyforetagarcentrum.se\/mellerstaostergotland\/wp-json\/wp\/v2\/types\/post"}],"author":[{"embeddable":true,"href":"https:\/\/nyforetagarcentrum.se\/mellerstaostergotland\/wp-json\/wp\/v2\/users\/65"}],"replies":[{"embeddable":true,"href":"https:\/\/nyforetagarcentrum.se\/mellerstaostergotland\/wp-json\/wp\/v2\/comments?post=5913"}],"version-history":[{"count":1,"href":"https:\/\/nyforetagarcentrum.se\/mellerstaostergotland\/wp-json\/wp\/v2\/posts\/5913\/revisions"}],"predecessor-version":[{"id":5915,"href":"https:\/\/nyforetagarcentrum.se\/mellerstaostergotland\/wp-json\/wp\/v2\/posts\/5913\/revisions\/5915"}],"wp:featuredmedia":[{"embeddable":true,"href":"https:\/\/nyforetagarcentrum.se\/mellerstaostergotland\/wp-json\/wp\/v2\/media\/5914"}],"wp:attachment":[{"href":"https:\/\/nyforetagarcentrum.se\/mellerstaostergotland\/wp-json\/wp\/v2\/media?parent=5913"}],"wp:term":[{"taxonomy":"category","embeddable":true,"href":"https:\/\/nyforetagarcentrum.se\/mellerstaostergotland\/wp-json\/wp\/v2\/categories?post=5913"},{"taxonomy":"post_tag","embeddable":true,"href":"https:\/\/nyforetagarcentrum.se\/mellerstaostergotland\/wp-json\/wp\/v2\/tags?post=5913"}],"curies":[{"name":"wp","href":"https:\/\/api.w.org\/{rel}","templated":true}]}}