{"id":5755,"date":"2026-02-18T15:00:15","date_gmt":"2026-02-18T14:00:15","guid":{"rendered":"https:\/\/nyforetagarcentrum.se\/mellerstaostergotland\/?p=5755"},"modified":"2026-03-06T14:02:55","modified_gmt":"2026-03-06T13:02:55","slug":"varldspremiar-av-alexandra-westerbergs-better-days-talkshow-pa-ydre-kulturcentrum","status":"publish","type":"post","link":"https:\/\/nyforetagarcentrum.se\/mellerstaostergotland\/2026\/02\/18\/varldspremiar-av-alexandra-westerbergs-better-days-talkshow-pa-ydre-kulturcentrum\/","title":{"rendered":"V\u00e4rldspremi\u00e4r av Alexandra Westerbergs Better Days Talkshow p\u00e5 Ydre Kulturcentrum"},"content":{"rendered":"\n<figure class=\"wp-block-image size-large\"><img loading=\"lazy\" decoding=\"async\" width=\"724\" height=\"1024\" src=\"https:\/\/nyforetagarcentrum.se\/mellerstaostergotland\/wp-content\/uploads\/sites\/12\/2026\/02\/better-day-med-alexandra-1-724x1024.jpg\" alt=\"\" class=\"wp-image-5757\" srcset=\"https:\/\/nyforetagarcentrum.se\/mellerstaostergotland\/wp-content\/uploads\/sites\/12\/2026\/02\/better-day-med-alexandra-1-724x1024.jpg 724w, https:\/\/nyforetagarcentrum.se\/mellerstaostergotland\/wp-content\/uploads\/sites\/12\/2026\/02\/better-day-med-alexandra-1-212x300.jpg 212w, https:\/\/nyforetagarcentrum.se\/mellerstaostergotland\/wp-content\/uploads\/sites\/12\/2026\/02\/better-day-med-alexandra-1-768x1086.jpg 768w, https:\/\/nyforetagarcentrum.se\/mellerstaostergotland\/wp-content\/uploads\/sites\/12\/2026\/02\/better-day-med-alexandra-1-1086x1536.jpg 1086w, https:\/\/nyforetagarcentrum.se\/mellerstaostergotland\/wp-content\/uploads\/sites\/12\/2026\/02\/better-day-med-alexandra-1-764x1080.jpg 764w, https:\/\/nyforetagarcentrum.se\/mellerstaostergotland\/wp-content\/uploads\/sites\/12\/2026\/02\/better-day-med-alexandra-1.jpg 1448w\" sizes=\"(max-width: 724px) 100vw, 724px\" \/><\/figure>\n\n\n\n<p>Vad kul att Alexandra Westerberg som vi v\u00e4l k\u00e4nner till och som deltagit p\u00e5 m\u00e5nga av v\u00e5ra f\u00f6rel\u00e4sningar har v\u00e4rldspremi\u00e4r av sin egen Better Days Talkshow p\u00e5 Ydre Kulturcentrum den 13 mars! En talkshow f\u00f6r dig som l\u00e4ngtar efter samtal som ber\u00f6r p\u00e5 djupet, nya perspektiv och hopp om framtiden. G\u00e4star g\u00f6r f\u00f6rfattaren och journalisten Callum Bloodworth och indiebandet Sundet fr\u00e5n Ydre st\u00e5r f\u00f6r musiken. Konceptet \u00e4r en nystartad lokal satsning i Ydre kommun.\u00a0<a href=\"https:\/\/www.betterdaystalkshow.se\/\">H\u00e4r finns mer information och biljetter<\/a>.<\/p>\n\n\n\n<p>L\u00e4s mer p\u00e5 <a href=\"http:\/\/www.betterdaystalkshow.se\">BetterDaysTalkshow.se<\/a> samt f\u00f6lj Alexandra p\u00e5 <a href=\"https:\/\/www.instagram.com\/betterdaystalkshow\/\">Instagram<\/a> samt p\u00e5 <a href=\"https:\/\/www.facebook.com\/betterdaystalkshow\">Facebook<\/a>.<\/p>\n\n\n\n<p><\/p>\n\n\n\n<p><\/p>\n","protected":false},"excerpt":{"rendered":"<p>Vad kul att Alexandra Westerberg som vi v\u00e4l k\u00e4nner till och som deltagit p\u00e5 m\u00e5nga av v\u00e5ra f\u00f6rel\u00e4sningar har v\u00e4rldspremi\u00e4r av sin egen Better Days Talkshow p\u00e5 Ydre Kulturcentrum den 13 mars! En talkshow f\u00f6r dig som l\u00e4ngtar efter samtal som ber\u00f6r p\u00e5 djupet, nya perspektiv och hopp om framtiden. G\u00e4star g\u00f6r f\u00f6rfattaren och journalisten [&hellip;]<\/p>\n","protected":false},"author":65,"featured_media":5758,"comment_status":"open","ping_status":"open","sticky":false,"template":"","format":"standard","meta":{"footnotes":""},"categories":[20],"tags":[],"acf":[],"yoast_head":"<!-- This site is optimized with the Yoast SEO plugin v22.9 - https:\/\/yoast.com\/wordpress\/plugins\/seo\/ -->\n<title>V\u00e4rldspremi\u00e4r av Alexandra Westerbergs Better Days Talkshow p\u00e5 Ydre Kulturcentrum - Mellersta \u00d6sterg\u00f6tland<\/title>\n<meta name=\"robots\" content=\"index, follow, max-snippet:-1, max-image-preview:large, max-video-preview:-1\" \/>\n<link rel=\"canonical\" href=\"https:\/\/nyforetagarcentrum.se\/mellerstaostergotland\/2026\/02\/18\/varldspremiar-av-alexandra-westerbergs-better-days-talkshow-pa-ydre-kulturcentrum\/\" \/>\n<meta property=\"og:locale\" content=\"sv_SE\" \/>\n<meta property=\"og:type\" content=\"article\" \/>\n<meta property=\"og:title\" content=\"V\u00e4rldspremi\u00e4r av Alexandra Westerbergs Better Days Talkshow p\u00e5 Ydre Kulturcentrum - Mellersta \u00d6sterg\u00f6tland\" \/>\n<meta property=\"og:description\" content=\"Vad kul att Alexandra Westerberg som vi v\u00e4l k\u00e4nner till och som deltagit p\u00e5 m\u00e5nga av v\u00e5ra f\u00f6rel\u00e4sningar har v\u00e4rldspremi\u00e4r av sin egen Better Days Talkshow p\u00e5 Ydre Kulturcentrum den 13 mars! En talkshow f\u00f6r dig som l\u00e4ngtar efter samtal som ber\u00f6r p\u00e5 djupet, nya perspektiv och hopp om framtiden. G\u00e4star g\u00f6r f\u00f6rfattaren och journalisten [&hellip;]\" \/>\n<meta property=\"og:url\" content=\"https:\/\/nyforetagarcentrum.se\/mellerstaostergotland\/2026\/02\/18\/varldspremiar-av-alexandra-westerbergs-better-days-talkshow-pa-ydre-kulturcentrum\/\" \/>\n<meta property=\"og:site_name\" content=\"Mellersta \u00d6sterg\u00f6tland\" \/>\n<meta property=\"article:published_time\" content=\"2026-02-18T14:00:15+00:00\" \/>\n<meta property=\"article:modified_time\" content=\"2026-03-06T13:02:55+00:00\" \/>\n<meta property=\"og:image\" content=\"https:\/\/nyforetagarcentrum.se\/mellerstaostergotland\/wp-content\/uploads\/sites\/12\/2026\/02\/better-day-alexandra.png\" \/>\n\t<meta property=\"og:image:width\" content=\"799\" \/>\n\t<meta property=\"og:image:height\" content=\"447\" \/>\n\t<meta property=\"og:image:type\" content=\"image\/png\" \/>\n<meta name=\"author\" content=\"mellerstaostergotland\" \/>\n<meta name=\"twitter:card\" content=\"summary_large_image\" \/>\n<meta name=\"twitter:label1\" content=\"Skriven av\" \/>\n\t<meta name=\"twitter:data1\" content=\"mellerstaostergotland\" \/>\n\t<meta name=\"twitter:label2\" content=\"Ber\u00e4knad l\u00e4stid\" \/>\n\t<meta name=\"twitter:data2\" content=\"1 minut\" \/>\n<script type=\"application\/ld+json\" class=\"yoast-schema-graph\">{\"@context\":\"https:\/\/schema.org\",\"@graph\":[{\"@type\":\"Article\",\"@id\":\"https:\/\/nyforetagarcentrum.se\/mellerstaostergotland\/2026\/02\/18\/varldspremiar-av-alexandra-westerbergs-better-days-talkshow-pa-ydre-kulturcentrum\/#article\",\"isPartOf\":{\"@id\":\"https:\/\/nyforetagarcentrum.se\/mellerstaostergotland\/2026\/02\/18\/varldspremiar-av-alexandra-westerbergs-better-days-talkshow-pa-ydre-kulturcentrum\/\"},\"author\":{\"name\":\"mellerstaostergotland\",\"@id\":\"https:\/\/nyforetagarcentrum.se\/mellerstaostergotland\/#\/schema\/person\/df60f650d4cfd861af39663ad6a57e8c\"},\"headline\":\"V\u00e4rldspremi\u00e4r av Alexandra Westerbergs Better Days Talkshow p\u00e5 Ydre Kulturcentrum\",\"datePublished\":\"2026-02-18T14:00:15+00:00\",\"dateModified\":\"2026-03-06T13:02:55+00:00\",\"mainEntityOfPage\":{\"@id\":\"https:\/\/nyforetagarcentrum.se\/mellerstaostergotland\/2026\/02\/18\/varldspremiar-av-alexandra-westerbergs-better-days-talkshow-pa-ydre-kulturcentrum\/\"},\"wordCount\":124,\"commentCount\":0,\"publisher\":{\"@id\":\"https:\/\/nyforetagarcentrum.se\/mellerstaostergotland\/#organization\"},\"image\":{\"@id\":\"https:\/\/nyforetagarcentrum.se\/mellerstaostergotland\/2026\/02\/18\/varldspremiar-av-alexandra-westerbergs-better-days-talkshow-pa-ydre-kulturcentrum\/#primaryimage\"},\"thumbnailUrl\":\"https:\/\/nyforetagarcentrum.se\/mellerstaostergotland\/wp-content\/uploads\/sites\/12\/2026\/02\/better-day-alexandra.png\",\"articleSection\":[\"Nyhet\"],\"inLanguage\":\"sv-SE\",\"potentialAction\":[{\"@type\":\"CommentAction\",\"name\":\"Comment\",\"target\":[\"https:\/\/nyforetagarcentrum.se\/mellerstaostergotland\/2026\/02\/18\/varldspremiar-av-alexandra-westerbergs-better-days-talkshow-pa-ydre-kulturcentrum\/#respond\"]}]},{\"@type\":\"WebPage\",\"@id\":\"https:\/\/nyforetagarcentrum.se\/mellerstaostergotland\/2026\/02\/18\/varldspremiar-av-alexandra-westerbergs-better-days-talkshow-pa-ydre-kulturcentrum\/\",\"url\":\"https:\/\/nyforetagarcentrum.se\/mellerstaostergotland\/2026\/02\/18\/varldspremiar-av-alexandra-westerbergs-better-days-talkshow-pa-ydre-kulturcentrum\/\",\"name\":\"V\u00e4rldspremi\u00e4r av Alexandra Westerbergs Better Days Talkshow p\u00e5 Ydre Kulturcentrum - Mellersta \u00d6sterg\u00f6tland\",\"isPartOf\":{\"@id\":\"https:\/\/nyforetagarcentrum.se\/mellerstaostergotland\/#website\"},\"primaryImageOfPage\":{\"@id\":\"https:\/\/nyforetagarcentrum.se\/mellerstaostergotland\/2026\/02\/18\/varldspremiar-av-alexandra-westerbergs-better-days-talkshow-pa-ydre-kulturcentrum\/#primaryimage\"},\"image\":{\"@id\":\"https:\/\/nyforetagarcentrum.se\/mellerstaostergotland\/2026\/02\/18\/varldspremiar-av-alexandra-westerbergs-better-days-talkshow-pa-ydre-kulturcentrum\/#primaryimage\"},\"thumbnailUrl\":\"https:\/\/nyforetagarcentrum.se\/mellerstaostergotland\/wp-content\/uploads\/sites\/12\/2026\/02\/better-day-alexandra.png\",\"datePublished\":\"2026-02-18T14:00:15+00:00\",\"dateModified\":\"2026-03-06T13:02:55+00:00\",\"breadcrumb\":{\"@id\":\"https:\/\/nyforetagarcentrum.se\/mellerstaostergotland\/2026\/02\/18\/varldspremiar-av-alexandra-westerbergs-better-days-talkshow-pa-ydre-kulturcentrum\/#breadcrumb\"},\"inLanguage\":\"sv-SE\",\"potentialAction\":[{\"@type\":\"ReadAction\",\"target\":[\"https:\/\/nyforetagarcentrum.se\/mellerstaostergotland\/2026\/02\/18\/varldspremiar-av-alexandra-westerbergs-better-days-talkshow-pa-ydre-kulturcentrum\/\"]}]},{\"@type\":\"ImageObject\",\"inLanguage\":\"sv-SE\",\"@id\":\"https:\/\/nyforetagarcentrum.se\/mellerstaostergotland\/2026\/02\/18\/varldspremiar-av-alexandra-westerbergs-better-days-talkshow-pa-ydre-kulturcentrum\/#primaryimage\",\"url\":\"https:\/\/nyforetagarcentrum.se\/mellerstaostergotland\/wp-content\/uploads\/sites\/12\/2026\/02\/better-day-alexandra.png\",\"contentUrl\":\"https:\/\/nyforetagarcentrum.se\/mellerstaostergotland\/wp-content\/uploads\/sites\/12\/2026\/02\/better-day-alexandra.png\",\"width\":799,\"height\":447},{\"@type\":\"BreadcrumbList\",\"@id\":\"https:\/\/nyforetagarcentrum.se\/mellerstaostergotland\/2026\/02\/18\/varldspremiar-av-alexandra-westerbergs-better-days-talkshow-pa-ydre-kulturcentrum\/#breadcrumb\",\"itemListElement\":[{\"@type\":\"ListItem\",\"position\":1,\"name\":\"Hem\",\"item\":\"https:\/\/nyforetagarcentrum.se\/mellerstaostergotland\/\"},{\"@type\":\"ListItem\",\"position\":2,\"name\":\"V\u00e4rldspremi\u00e4r av Alexandra Westerbergs Better Days Talkshow p\u00e5 Ydre Kulturcentrum\"}]},{\"@type\":\"WebSite\",\"@id\":\"https:\/\/nyforetagarcentrum.se\/mellerstaostergotland\/#website\",\"url\":\"https:\/\/nyforetagarcentrum.se\/mellerstaostergotland\/\",\"name\":\"Mellersta \u00d6sterg\u00f6tland\",\"description\":\"Sveriges ledande kraft f\u00f6r fler nya livskraftiga f\u00f6retag\",\"publisher\":{\"@id\":\"https:\/\/nyforetagarcentrum.se\/mellerstaostergotland\/#organization\"},\"potentialAction\":[{\"@type\":\"SearchAction\",\"target\":{\"@type\":\"EntryPoint\",\"urlTemplate\":\"https:\/\/nyforetagarcentrum.se\/mellerstaostergotland\/?s={search_term_string}\"},\"query-input\":\"required name=search_term_string\"}],\"inLanguage\":\"sv-SE\"},{\"@type\":\"Organization\",\"@id\":\"https:\/\/nyforetagarcentrum.se\/mellerstaostergotland\/#organization\",\"name\":\"Mellersta \u00d6sterg\u00f6tland\",\"url\":\"https:\/\/nyforetagarcentrum.se\/mellerstaostergotland\/\",\"logo\":{\"@type\":\"ImageObject\",\"inLanguage\":\"sv-SE\",\"@id\":\"https:\/\/nyforetagarcentrum.se\/mellerstaostergotland\/#\/schema\/logo\/image\/\",\"url\":\"https:\/\/nyforetagarcentrum.se\/mellerstaostergotland\/wp-content\/uploads\/sites\/12\/2026\/04\/mellerstaostergotland_bla.png\",\"contentUrl\":\"https:\/\/nyforetagarcentrum.se\/mellerstaostergotland\/wp-content\/uploads\/sites\/12\/2026\/04\/mellerstaostergotland_bla.png\",\"width\":870,\"height\":355,\"caption\":\"Mellersta \u00d6sterg\u00f6tland\"},\"image\":{\"@id\":\"https:\/\/nyforetagarcentrum.se\/mellerstaostergotland\/#\/schema\/logo\/image\/\"}},{\"@type\":\"Person\",\"@id\":\"https:\/\/nyforetagarcentrum.se\/mellerstaostergotland\/#\/schema\/person\/df60f650d4cfd861af39663ad6a57e8c\",\"name\":\"mellerstaostergotland\",\"image\":{\"@type\":\"ImageObject\",\"inLanguage\":\"sv-SE\",\"@id\":\"https:\/\/nyforetagarcentrum.se\/mellerstaostergotland\/#\/schema\/person\/image\/\",\"url\":\"https:\/\/secure.gravatar.com\/avatar\/4307c1410fb6bf935926d2a3793208ab?s=96&d=mm&r=g\",\"contentUrl\":\"https:\/\/secure.gravatar.com\/avatar\/4307c1410fb6bf935926d2a3793208ab?s=96&d=mm&r=g\",\"caption\":\"mellerstaostergotland\"},\"url\":\"https:\/\/nyforetagarcentrum.se\/mellerstaostergotland\/author\/mellerstaostergotland\/\"}]}<\/script>\n<!-- \/ Yoast SEO plugin. -->","yoast_head_json":{"title":"V\u00e4rldspremi\u00e4r av Alexandra Westerbergs Better Days Talkshow p\u00e5 Ydre Kulturcentrum - Mellersta \u00d6sterg\u00f6tland","robots":{"index":"index","follow":"follow","max-snippet":"max-snippet:-1","max-image-preview":"max-image-preview:large","max-video-preview":"max-video-preview:-1"},"canonical":"https:\/\/nyforetagarcentrum.se\/mellerstaostergotland\/2026\/02\/18\/varldspremiar-av-alexandra-westerbergs-better-days-talkshow-pa-ydre-kulturcentrum\/","og_locale":"sv_SE","og_type":"article","og_title":"V\u00e4rldspremi\u00e4r av Alexandra Westerbergs Better Days Talkshow p\u00e5 Ydre Kulturcentrum - Mellersta \u00d6sterg\u00f6tland","og_description":"Vad kul att Alexandra Westerberg som vi v\u00e4l k\u00e4nner till och som deltagit p\u00e5 m\u00e5nga av v\u00e5ra f\u00f6rel\u00e4sningar har v\u00e4rldspremi\u00e4r av sin egen Better Days Talkshow p\u00e5 Ydre Kulturcentrum den 13 mars! En talkshow f\u00f6r dig som l\u00e4ngtar efter samtal som ber\u00f6r p\u00e5 djupet, nya perspektiv och hopp om framtiden. G\u00e4star g\u00f6r f\u00f6rfattaren och journalisten [&hellip;]","og_url":"https:\/\/nyforetagarcentrum.se\/mellerstaostergotland\/2026\/02\/18\/varldspremiar-av-alexandra-westerbergs-better-days-talkshow-pa-ydre-kulturcentrum\/","og_site_name":"Mellersta \u00d6sterg\u00f6tland","article_published_time":"2026-02-18T14:00:15+00:00","article_modified_time":"2026-03-06T13:02:55+00:00","og_image":[{"width":799,"height":447,"url":"https:\/\/nyforetagarcentrum.se\/mellerstaostergotland\/wp-content\/uploads\/sites\/12\/2026\/02\/better-day-alexandra.png","type":"image\/png"}],"author":"mellerstaostergotland","twitter_card":"summary_large_image","twitter_misc":{"Skriven av":"mellerstaostergotland","Ber\u00e4knad l\u00e4stid":"1 minut"},"schema":{"@context":"https:\/\/schema.org","@graph":[{"@type":"Article","@id":"https:\/\/nyforetagarcentrum.se\/mellerstaostergotland\/2026\/02\/18\/varldspremiar-av-alexandra-westerbergs-better-days-talkshow-pa-ydre-kulturcentrum\/#article","isPartOf":{"@id":"https:\/\/nyforetagarcentrum.se\/mellerstaostergotland\/2026\/02\/18\/varldspremiar-av-alexandra-westerbergs-better-days-talkshow-pa-ydre-kulturcentrum\/"},"author":{"name":"mellerstaostergotland","@id":"https:\/\/nyforetagarcentrum.se\/mellerstaostergotland\/#\/schema\/person\/df60f650d4cfd861af39663ad6a57e8c"},"headline":"V\u00e4rldspremi\u00e4r av Alexandra Westerbergs Better Days Talkshow p\u00e5 Ydre Kulturcentrum","datePublished":"2026-02-18T14:00:15+00:00","dateModified":"2026-03-06T13:02:55+00:00","mainEntityOfPage":{"@id":"https:\/\/nyforetagarcentrum.se\/mellerstaostergotland\/2026\/02\/18\/varldspremiar-av-alexandra-westerbergs-better-days-talkshow-pa-ydre-kulturcentrum\/"},"wordCount":124,"commentCount":0,"publisher":{"@id":"https:\/\/nyforetagarcentrum.se\/mellerstaostergotland\/#organization"},"image":{"@id":"https:\/\/nyforetagarcentrum.se\/mellerstaostergotland\/2026\/02\/18\/varldspremiar-av-alexandra-westerbergs-better-days-talkshow-pa-ydre-kulturcentrum\/#primaryimage"},"thumbnailUrl":"https:\/\/nyforetagarcentrum.se\/mellerstaostergotland\/wp-content\/uploads\/sites\/12\/2026\/02\/better-day-alexandra.png","articleSection":["Nyhet"],"inLanguage":"sv-SE","potentialAction":[{"@type":"CommentAction","name":"Comment","target":["https:\/\/nyforetagarcentrum.se\/mellerstaostergotland\/2026\/02\/18\/varldspremiar-av-alexandra-westerbergs-better-days-talkshow-pa-ydre-kulturcentrum\/#respond"]}]},{"@type":"WebPage","@id":"https:\/\/nyforetagarcentrum.se\/mellerstaostergotland\/2026\/02\/18\/varldspremiar-av-alexandra-westerbergs-better-days-talkshow-pa-ydre-kulturcentrum\/","url":"https:\/\/nyforetagarcentrum.se\/mellerstaostergotland\/2026\/02\/18\/varldspremiar-av-alexandra-westerbergs-better-days-talkshow-pa-ydre-kulturcentrum\/","name":"V\u00e4rldspremi\u00e4r av Alexandra Westerbergs Better Days Talkshow p\u00e5 Ydre Kulturcentrum - Mellersta \u00d6sterg\u00f6tland","isPartOf":{"@id":"https:\/\/nyforetagarcentrum.se\/mellerstaostergotland\/#website"},"primaryImageOfPage":{"@id":"https:\/\/nyforetagarcentrum.se\/mellerstaostergotland\/2026\/02\/18\/varldspremiar-av-alexandra-westerbergs-better-days-talkshow-pa-ydre-kulturcentrum\/#primaryimage"},"image":{"@id":"https:\/\/nyforetagarcentrum.se\/mellerstaostergotland\/2026\/02\/18\/varldspremiar-av-alexandra-westerbergs-better-days-talkshow-pa-ydre-kulturcentrum\/#primaryimage"},"thumbnailUrl":"https:\/\/nyforetagarcentrum.se\/mellerstaostergotland\/wp-content\/uploads\/sites\/12\/2026\/02\/better-day-alexandra.png","datePublished":"2026-02-18T14:00:15+00:00","dateModified":"2026-03-06T13:02:55+00:00","breadcrumb":{"@id":"https:\/\/nyforetagarcentrum.se\/mellerstaostergotland\/2026\/02\/18\/varldspremiar-av-alexandra-westerbergs-better-days-talkshow-pa-ydre-kulturcentrum\/#breadcrumb"},"inLanguage":"sv-SE","potentialAction":[{"@type":"ReadAction","target":["https:\/\/nyforetagarcentrum.se\/mellerstaostergotland\/2026\/02\/18\/varldspremiar-av-alexandra-westerbergs-better-days-talkshow-pa-ydre-kulturcentrum\/"]}]},{"@type":"ImageObject","inLanguage":"sv-SE","@id":"https:\/\/nyforetagarcentrum.se\/mellerstaostergotland\/2026\/02\/18\/varldspremiar-av-alexandra-westerbergs-better-days-talkshow-pa-ydre-kulturcentrum\/#primaryimage","url":"https:\/\/nyforetagarcentrum.se\/mellerstaostergotland\/wp-content\/uploads\/sites\/12\/2026\/02\/better-day-alexandra.png","contentUrl":"https:\/\/nyforetagarcentrum.se\/mellerstaostergotland\/wp-content\/uploads\/sites\/12\/2026\/02\/better-day-alexandra.png","width":799,"height":447},{"@type":"BreadcrumbList","@id":"https:\/\/nyforetagarcentrum.se\/mellerstaostergotland\/2026\/02\/18\/varldspremiar-av-alexandra-westerbergs-better-days-talkshow-pa-ydre-kulturcentrum\/#breadcrumb","itemListElement":[{"@type":"ListItem","position":1,"name":"Hem","item":"https:\/\/nyforetagarcentrum.se\/mellerstaostergotland\/"},{"@type":"ListItem","position":2,"name":"V\u00e4rldspremi\u00e4r av Alexandra Westerbergs Better Days Talkshow p\u00e5 Ydre Kulturcentrum"}]},{"@type":"WebSite","@id":"https:\/\/nyforetagarcentrum.se\/mellerstaostergotland\/#website","url":"https:\/\/nyforetagarcentrum.se\/mellerstaostergotland\/","name":"Mellersta \u00d6sterg\u00f6tland","description":"Sveriges ledande kraft f\u00f6r fler nya livskraftiga f\u00f6retag","publisher":{"@id":"https:\/\/nyforetagarcentrum.se\/mellerstaostergotland\/#organization"},"potentialAction":[{"@type":"SearchAction","target":{"@type":"EntryPoint","urlTemplate":"https:\/\/nyforetagarcentrum.se\/mellerstaostergotland\/?s={search_term_string}"},"query-input":"required name=search_term_string"}],"inLanguage":"sv-SE"},{"@type":"Organization","@id":"https:\/\/nyforetagarcentrum.se\/mellerstaostergotland\/#organization","name":"Mellersta \u00d6sterg\u00f6tland","url":"https:\/\/nyforetagarcentrum.se\/mellerstaostergotland\/","logo":{"@type":"ImageObject","inLanguage":"sv-SE","@id":"https:\/\/nyforetagarcentrum.se\/mellerstaostergotland\/#\/schema\/logo\/image\/","url":"https:\/\/nyforetagarcentrum.se\/mellerstaostergotland\/wp-content\/uploads\/sites\/12\/2026\/04\/mellerstaostergotland_bla.png","contentUrl":"https:\/\/nyforetagarcentrum.se\/mellerstaostergotland\/wp-content\/uploads\/sites\/12\/2026\/04\/mellerstaostergotland_bla.png","width":870,"height":355,"caption":"Mellersta \u00d6sterg\u00f6tland"},"image":{"@id":"https:\/\/nyforetagarcentrum.se\/mellerstaostergotland\/#\/schema\/logo\/image\/"}},{"@type":"Person","@id":"https:\/\/nyforetagarcentrum.se\/mellerstaostergotland\/#\/schema\/person\/df60f650d4cfd861af39663ad6a57e8c","name":"mellerstaostergotland","image":{"@type":"ImageObject","inLanguage":"sv-SE","@id":"https:\/\/nyforetagarcentrum.se\/mellerstaostergotland\/#\/schema\/person\/image\/","url":"https:\/\/secure.gravatar.com\/avatar\/4307c1410fb6bf935926d2a3793208ab?s=96&d=mm&r=g","contentUrl":"https:\/\/secure.gravatar.com\/avatar\/4307c1410fb6bf935926d2a3793208ab?s=96&d=mm&r=g","caption":"mellerstaostergotland"},"url":"https:\/\/nyforetagarcentrum.se\/mellerstaostergotland\/author\/mellerstaostergotland\/"}]}},"_links":{"self":[{"href":"https:\/\/nyforetagarcentrum.se\/mellerstaostergotland\/wp-json\/wp\/v2\/posts\/5755"}],"collection":[{"href":"https:\/\/nyforetagarcentrum.se\/mellerstaostergotland\/wp-json\/wp\/v2\/posts"}],"about":[{"href":"https:\/\/nyforetagarcentrum.se\/mellerstaostergotland\/wp-json\/wp\/v2\/types\/post"}],"author":[{"embeddable":true,"href":"https:\/\/nyforetagarcentrum.se\/mellerstaostergotland\/wp-json\/wp\/v2\/users\/65"}],"replies":[{"embeddable":true,"href":"https:\/\/nyforetagarcentrum.se\/mellerstaostergotland\/wp-json\/wp\/v2\/comments?post=5755"}],"version-history":[{"count":4,"href":"https:\/\/nyforetagarcentrum.se\/mellerstaostergotland\/wp-json\/wp\/v2\/posts\/5755\/revisions"}],"predecessor-version":[{"id":5805,"href":"https:\/\/nyforetagarcentrum.se\/mellerstaostergotland\/wp-json\/wp\/v2\/posts\/5755\/revisions\/5805"}],"wp:featuredmedia":[{"embeddable":true,"href":"https:\/\/nyforetagarcentrum.se\/mellerstaostergotland\/wp-json\/wp\/v2\/media\/5758"}],"wp:attachment":[{"href":"https:\/\/nyforetagarcentrum.se\/mellerstaostergotland\/wp-json\/wp\/v2\/media?parent=5755"}],"wp:term":[{"taxonomy":"category","embeddable":true,"href":"https:\/\/nyforetagarcentrum.se\/mellerstaostergotland\/wp-json\/wp\/v2\/categories?post=5755"},{"taxonomy":"post_tag","embeddable":true,"href":"https:\/\/nyforetagarcentrum.se\/mellerstaostergotland\/wp-json\/wp\/v2\/tags?post=5755"}],"curies":[{"name":"wp","href":"https:\/\/api.w.org\/{rel}","templated":true}]}}