{"id":5730,"date":"2026-02-11T15:04:10","date_gmt":"2026-02-11T14:04:10","guid":{"rendered":"https:\/\/nyforetagarcentrum.se\/mellerstaostergotland\/?p=5730"},"modified":"2026-02-11T15:04:11","modified_gmt":"2026-02-11T14:04:11","slug":"tureborg-butik-atelje-fran-ide-till-foretag","status":"publish","type":"post","link":"https:\/\/nyforetagarcentrum.se\/mellerstaostergotland\/2026\/02\/11\/tureborg-butik-atelje-fran-ide-till-foretag\/","title":{"rendered":"Tureborg Butik &amp; Atelj\u00e9 \u2013 Fr\u00e5n id\u00e9 till f\u00f6retag"},"content":{"rendered":"\n<p><strong>Sofi Ek \u00e4r entrepren\u00f6ren som f\u00f6renat konstn\u00e4rligt uttryck med aff\u00e4rsm\u00e4ssigt driv. Idag driver hon Tureborg Butik &amp; Atelj\u00e9 i centrala Norrk\u00f6ping. Butiken \u00e4r en kreativ m\u00f6tesplats d\u00e4r f\u00e4rg, konst, inredning och skapande m\u00f6ts under samma tak.<\/strong><\/p>\n\n\n\n<p><a href=\"https:\/\/nyforetagarcentrum.se\/mellerstaostergotland\/success-stories\/tureborg-fran-ide-till-foretag-och-en-kreativ-motesplats-i-norrkoping\/\">H\u00e4r hittar du v\u00e5r Success Story om Tureborg Butik &amp; Atelj\u00e9! <\/a><\/p>\n\n\n\n<p>Id\u00e9n till Tureborg Butik &amp; Atelj\u00e9 v\u00e4xte fram i takt med att hon b\u00f6rjade skapa m\u00f6belkonst. Intresset f\u00f6r att m\u00e5la m\u00f6bler tog fart, och genom arbetet med f\u00e4rg och tekniker \u00f6ppnades d\u00f6rren till ett st\u00f6rre sammanhang. I f\u00f6rl\u00e4ngningen ledde det till att hon fick \u00e4ran att bli \u00e5terf\u00f6rs\u00e4ljare f\u00f6r Annie Sloan. Ett internationellt v\u00e4lk\u00e4nt varum\u00e4rke inom dekorativt m\u00e5leri.<\/p>\n\n\n\n<p>I butiken m\u00f6ts kunderna idag av ett noga utvalt sortiment med fokus p\u00e5 dekorf\u00e4rger, inredning och handm\u00e5lade m\u00f6bler, men ocks\u00e5 av konsten som l\u00f6per som en r\u00f6d tr\u00e5d genom lokalen. Workshops, kurser och kreativa tr\u00e4ffar \u00e4r en central del av verksamheten och bidrar till att platsen blivit en levande m\u00f6tespunkt f\u00f6r skapande.<\/p>\n\n\n\n<p>L\u00e4s g\u00e4rna mer p\u00e5&nbsp;<a href=\"https:\/\/www.tureborg.se\/\">Tureborgs hemsida<\/a>. Den finns ocks\u00e5 p\u00e5&nbsp;<a href=\"https:\/\/www.instagram.com\/tureborg_butik_atelje\/\">Instagram<\/a>, samt p\u00e5&nbsp;<a href=\"https:\/\/www.facebook.com\/profile.php?id=100085068114723\">Facebook<\/a>. V\u00e4l v\u00e4rda ett bes\u00f6k. #SupportYourLocal<\/p>\n\n\n\n<p>Vill du precis som Sofi ha lite hj\u00e4lp fr\u00e5n oss? D\u00e5 ska du&nbsp;<a href=\"https:\/\/nyforetagarcentrum.se\/mellerstaostergotland\/radgivning\/\">boka en r\u00e5dgivning hos oss<\/a>. Sen ses vi och smider planer tillsammans.<\/p>\n","protected":false},"excerpt":{"rendered":"<p>Sofi Ek \u00e4r entrepren\u00f6ren som f\u00f6renat konstn\u00e4rligt uttryck med aff\u00e4rsm\u00e4ssigt driv. Idag driver hon Tureborg Butik &amp; Atelj\u00e9 i centrala Norrk\u00f6ping. Butiken \u00e4r en kreativ m\u00f6tesplats d\u00e4r f\u00e4rg, konst, inredning och skapande m\u00f6ts under samma tak. H\u00e4r hittar du v\u00e5r Success Story om Tureborg Butik &amp; Atelj\u00e9! Id\u00e9n till Tureborg Butik &amp; Atelj\u00e9 v\u00e4xte fram [&hellip;]<\/p>\n","protected":false},"author":65,"featured_media":5731,"comment_status":"open","ping_status":"open","sticky":false,"template":"","format":"standard","meta":{"footnotes":""},"categories":[20],"tags":[],"acf":[],"yoast_head":"<!-- This site is optimized with the Yoast SEO plugin v22.9 - https:\/\/yoast.com\/wordpress\/plugins\/seo\/ -->\n<title>Tureborg Butik &amp; Atelj\u00e9 \u2013 Fr\u00e5n id\u00e9 till f\u00f6retag - Mellersta \u00d6sterg\u00f6tland<\/title>\n<meta name=\"description\" content=\"Tureborg Butik &amp; Atelj\u00e9 \u2013 L\u00e4s v\u00e5r intervju med Sofi Ek som driver en kreativ m\u00f6tesplats d\u00e4r f\u00e4rg, konst, inredning och skapande m\u00f6ts!\" \/>\n<meta name=\"robots\" content=\"index, follow, max-snippet:-1, max-image-preview:large, max-video-preview:-1\" \/>\n<link rel=\"canonical\" href=\"https:\/\/nyforetagarcentrum.se\/mellerstaostergotland\/2026\/02\/11\/tureborg-butik-atelje-fran-ide-till-foretag\/\" \/>\n<meta property=\"og:locale\" content=\"sv_SE\" \/>\n<meta property=\"og:type\" content=\"article\" \/>\n<meta property=\"og:title\" content=\"Tureborg Butik &amp; Atelj\u00e9 \u2013 Fr\u00e5n id\u00e9 till f\u00f6retag - Mellersta \u00d6sterg\u00f6tland\" \/>\n<meta property=\"og:description\" content=\"Tureborg Butik &amp; Atelj\u00e9 \u2013 L\u00e4s v\u00e5r intervju med Sofi Ek som driver en kreativ m\u00f6tesplats d\u00e4r f\u00e4rg, konst, inredning och skapande m\u00f6ts!\" \/>\n<meta property=\"og:url\" content=\"https:\/\/nyforetagarcentrum.se\/mellerstaostergotland\/2026\/02\/11\/tureborg-butik-atelje-fran-ide-till-foretag\/\" \/>\n<meta property=\"og:site_name\" content=\"Mellersta \u00d6sterg\u00f6tland\" \/>\n<meta property=\"article:published_time\" content=\"2026-02-11T14:04:10+00:00\" \/>\n<meta property=\"article:modified_time\" content=\"2026-02-11T14:04:11+00:00\" \/>\n<meta property=\"og:image\" content=\"https:\/\/nyforetagarcentrum.se\/mellerstaostergotland\/wp-content\/uploads\/sites\/12\/2026\/02\/20251126_161235.jpg\" \/>\n\t<meta property=\"og:image:width\" content=\"2330\" \/>\n\t<meta property=\"og:image:height\" content=\"2223\" \/>\n\t<meta property=\"og:image:type\" content=\"image\/jpeg\" \/>\n<meta name=\"author\" content=\"mellerstaostergotland\" \/>\n<meta name=\"twitter:card\" content=\"summary_large_image\" \/>\n<meta name=\"twitter:label1\" content=\"Skriven av\" \/>\n\t<meta name=\"twitter:data1\" content=\"mellerstaostergotland\" \/>\n\t<meta name=\"twitter:label2\" content=\"Ber\u00e4knad l\u00e4stid\" \/>\n\t<meta name=\"twitter:data2\" content=\"2 minuter\" \/>\n<script type=\"application\/ld+json\" class=\"yoast-schema-graph\">{\"@context\":\"https:\/\/schema.org\",\"@graph\":[{\"@type\":\"Article\",\"@id\":\"https:\/\/nyforetagarcentrum.se\/mellerstaostergotland\/2026\/02\/11\/tureborg-butik-atelje-fran-ide-till-foretag\/#article\",\"isPartOf\":{\"@id\":\"https:\/\/nyforetagarcentrum.se\/mellerstaostergotland\/2026\/02\/11\/tureborg-butik-atelje-fran-ide-till-foretag\/\"},\"author\":{\"name\":\"mellerstaostergotland\",\"@id\":\"https:\/\/nyforetagarcentrum.se\/mellerstaostergotland\/#\/schema\/person\/df60f650d4cfd861af39663ad6a57e8c\"},\"headline\":\"Tureborg Butik &amp; Atelj\u00e9 \u2013 Fr\u00e5n id\u00e9 till f\u00f6retag\",\"datePublished\":\"2026-02-11T14:04:10+00:00\",\"dateModified\":\"2026-02-11T14:04:11+00:00\",\"mainEntityOfPage\":{\"@id\":\"https:\/\/nyforetagarcentrum.se\/mellerstaostergotland\/2026\/02\/11\/tureborg-butik-atelje-fran-ide-till-foretag\/\"},\"wordCount\":264,\"commentCount\":0,\"publisher\":{\"@id\":\"https:\/\/nyforetagarcentrum.se\/mellerstaostergotland\/#organization\"},\"image\":{\"@id\":\"https:\/\/nyforetagarcentrum.se\/mellerstaostergotland\/2026\/02\/11\/tureborg-butik-atelje-fran-ide-till-foretag\/#primaryimage\"},\"thumbnailUrl\":\"https:\/\/nyforetagarcentrum.se\/mellerstaostergotland\/wp-content\/uploads\/sites\/12\/2026\/02\/20251126_161235.jpg\",\"articleSection\":[\"Nyhet\"],\"inLanguage\":\"sv-SE\",\"potentialAction\":[{\"@type\":\"CommentAction\",\"name\":\"Comment\",\"target\":[\"https:\/\/nyforetagarcentrum.se\/mellerstaostergotland\/2026\/02\/11\/tureborg-butik-atelje-fran-ide-till-foretag\/#respond\"]}]},{\"@type\":\"WebPage\",\"@id\":\"https:\/\/nyforetagarcentrum.se\/mellerstaostergotland\/2026\/02\/11\/tureborg-butik-atelje-fran-ide-till-foretag\/\",\"url\":\"https:\/\/nyforetagarcentrum.se\/mellerstaostergotland\/2026\/02\/11\/tureborg-butik-atelje-fran-ide-till-foretag\/\",\"name\":\"Tureborg Butik &amp; Atelj\u00e9 \u2013 Fr\u00e5n id\u00e9 till f\u00f6retag - Mellersta \u00d6sterg\u00f6tland\",\"isPartOf\":{\"@id\":\"https:\/\/nyforetagarcentrum.se\/mellerstaostergotland\/#website\"},\"primaryImageOfPage\":{\"@id\":\"https:\/\/nyforetagarcentrum.se\/mellerstaostergotland\/2026\/02\/11\/tureborg-butik-atelje-fran-ide-till-foretag\/#primaryimage\"},\"image\":{\"@id\":\"https:\/\/nyforetagarcentrum.se\/mellerstaostergotland\/2026\/02\/11\/tureborg-butik-atelje-fran-ide-till-foretag\/#primaryimage\"},\"thumbnailUrl\":\"https:\/\/nyforetagarcentrum.se\/mellerstaostergotland\/wp-content\/uploads\/sites\/12\/2026\/02\/20251126_161235.jpg\",\"datePublished\":\"2026-02-11T14:04:10+00:00\",\"dateModified\":\"2026-02-11T14:04:11+00:00\",\"description\":\"Tureborg Butik & Atelj\u00e9 \u2013 L\u00e4s v\u00e5r intervju med Sofi Ek som driver en kreativ m\u00f6tesplats d\u00e4r f\u00e4rg, konst, inredning och skapande m\u00f6ts!\",\"breadcrumb\":{\"@id\":\"https:\/\/nyforetagarcentrum.se\/mellerstaostergotland\/2026\/02\/11\/tureborg-butik-atelje-fran-ide-till-foretag\/#breadcrumb\"},\"inLanguage\":\"sv-SE\",\"potentialAction\":[{\"@type\":\"ReadAction\",\"target\":[\"https:\/\/nyforetagarcentrum.se\/mellerstaostergotland\/2026\/02\/11\/tureborg-butik-atelje-fran-ide-till-foretag\/\"]}]},{\"@type\":\"ImageObject\",\"inLanguage\":\"sv-SE\",\"@id\":\"https:\/\/nyforetagarcentrum.se\/mellerstaostergotland\/2026\/02\/11\/tureborg-butik-atelje-fran-ide-till-foretag\/#primaryimage\",\"url\":\"https:\/\/nyforetagarcentrum.se\/mellerstaostergotland\/wp-content\/uploads\/sites\/12\/2026\/02\/20251126_161235.jpg\",\"contentUrl\":\"https:\/\/nyforetagarcentrum.se\/mellerstaostergotland\/wp-content\/uploads\/sites\/12\/2026\/02\/20251126_161235.jpg\",\"width\":2330,\"height\":2223,\"caption\":\"Lilla Tureborg\"},{\"@type\":\"BreadcrumbList\",\"@id\":\"https:\/\/nyforetagarcentrum.se\/mellerstaostergotland\/2026\/02\/11\/tureborg-butik-atelje-fran-ide-till-foretag\/#breadcrumb\",\"itemListElement\":[{\"@type\":\"ListItem\",\"position\":1,\"name\":\"Hem\",\"item\":\"https:\/\/nyforetagarcentrum.se\/mellerstaostergotland\/\"},{\"@type\":\"ListItem\",\"position\":2,\"name\":\"Tureborg Butik &amp; Atelj\u00e9 \u2013 Fr\u00e5n id\u00e9 till f\u00f6retag\"}]},{\"@type\":\"WebSite\",\"@id\":\"https:\/\/nyforetagarcentrum.se\/mellerstaostergotland\/#website\",\"url\":\"https:\/\/nyforetagarcentrum.se\/mellerstaostergotland\/\",\"name\":\"Mellersta \u00d6sterg\u00f6tland\",\"description\":\"Sveriges ledande kraft f\u00f6r fler nya livskraftiga f\u00f6retag\",\"publisher\":{\"@id\":\"https:\/\/nyforetagarcentrum.se\/mellerstaostergotland\/#organization\"},\"potentialAction\":[{\"@type\":\"SearchAction\",\"target\":{\"@type\":\"EntryPoint\",\"urlTemplate\":\"https:\/\/nyforetagarcentrum.se\/mellerstaostergotland\/?s={search_term_string}\"},\"query-input\":\"required name=search_term_string\"}],\"inLanguage\":\"sv-SE\"},{\"@type\":\"Organization\",\"@id\":\"https:\/\/nyforetagarcentrum.se\/mellerstaostergotland\/#organization\",\"name\":\"Mellersta \u00d6sterg\u00f6tland\",\"url\":\"https:\/\/nyforetagarcentrum.se\/mellerstaostergotland\/\",\"logo\":{\"@type\":\"ImageObject\",\"inLanguage\":\"sv-SE\",\"@id\":\"https:\/\/nyforetagarcentrum.se\/mellerstaostergotland\/#\/schema\/logo\/image\/\",\"url\":\"https:\/\/nyforetagarcentrum.se\/mellerstaostergotland\/wp-content\/uploads\/sites\/12\/2026\/04\/mellerstaostergotland_bla.png\",\"contentUrl\":\"https:\/\/nyforetagarcentrum.se\/mellerstaostergotland\/wp-content\/uploads\/sites\/12\/2026\/04\/mellerstaostergotland_bla.png\",\"width\":870,\"height\":355,\"caption\":\"Mellersta \u00d6sterg\u00f6tland\"},\"image\":{\"@id\":\"https:\/\/nyforetagarcentrum.se\/mellerstaostergotland\/#\/schema\/logo\/image\/\"}},{\"@type\":\"Person\",\"@id\":\"https:\/\/nyforetagarcentrum.se\/mellerstaostergotland\/#\/schema\/person\/df60f650d4cfd861af39663ad6a57e8c\",\"name\":\"mellerstaostergotland\",\"image\":{\"@type\":\"ImageObject\",\"inLanguage\":\"sv-SE\",\"@id\":\"https:\/\/nyforetagarcentrum.se\/mellerstaostergotland\/#\/schema\/person\/image\/\",\"url\":\"https:\/\/secure.gravatar.com\/avatar\/4307c1410fb6bf935926d2a3793208ab?s=96&d=mm&r=g\",\"contentUrl\":\"https:\/\/secure.gravatar.com\/avatar\/4307c1410fb6bf935926d2a3793208ab?s=96&d=mm&r=g\",\"caption\":\"mellerstaostergotland\"},\"url\":\"https:\/\/nyforetagarcentrum.se\/mellerstaostergotland\/author\/mellerstaostergotland\/\"}]}<\/script>\n<!-- \/ Yoast SEO plugin. -->","yoast_head_json":{"title":"Tureborg Butik &amp; Atelj\u00e9 \u2013 Fr\u00e5n id\u00e9 till f\u00f6retag - Mellersta \u00d6sterg\u00f6tland","description":"Tureborg Butik & Atelj\u00e9 \u2013 L\u00e4s v\u00e5r intervju med Sofi Ek som driver en kreativ m\u00f6tesplats d\u00e4r f\u00e4rg, konst, inredning och skapande m\u00f6ts!","robots":{"index":"index","follow":"follow","max-snippet":"max-snippet:-1","max-image-preview":"max-image-preview:large","max-video-preview":"max-video-preview:-1"},"canonical":"https:\/\/nyforetagarcentrum.se\/mellerstaostergotland\/2026\/02\/11\/tureborg-butik-atelje-fran-ide-till-foretag\/","og_locale":"sv_SE","og_type":"article","og_title":"Tureborg Butik &amp; Atelj\u00e9 \u2013 Fr\u00e5n id\u00e9 till f\u00f6retag - Mellersta \u00d6sterg\u00f6tland","og_description":"Tureborg Butik & Atelj\u00e9 \u2013 L\u00e4s v\u00e5r intervju med Sofi Ek som driver en kreativ m\u00f6tesplats d\u00e4r f\u00e4rg, konst, inredning och skapande m\u00f6ts!","og_url":"https:\/\/nyforetagarcentrum.se\/mellerstaostergotland\/2026\/02\/11\/tureborg-butik-atelje-fran-ide-till-foretag\/","og_site_name":"Mellersta \u00d6sterg\u00f6tland","article_published_time":"2026-02-11T14:04:10+00:00","article_modified_time":"2026-02-11T14:04:11+00:00","og_image":[{"width":2330,"height":2223,"url":"https:\/\/nyforetagarcentrum.se\/mellerstaostergotland\/wp-content\/uploads\/sites\/12\/2026\/02\/20251126_161235.jpg","type":"image\/jpeg"}],"author":"mellerstaostergotland","twitter_card":"summary_large_image","twitter_misc":{"Skriven av":"mellerstaostergotland","Ber\u00e4knad l\u00e4stid":"2 minuter"},"schema":{"@context":"https:\/\/schema.org","@graph":[{"@type":"Article","@id":"https:\/\/nyforetagarcentrum.se\/mellerstaostergotland\/2026\/02\/11\/tureborg-butik-atelje-fran-ide-till-foretag\/#article","isPartOf":{"@id":"https:\/\/nyforetagarcentrum.se\/mellerstaostergotland\/2026\/02\/11\/tureborg-butik-atelje-fran-ide-till-foretag\/"},"author":{"name":"mellerstaostergotland","@id":"https:\/\/nyforetagarcentrum.se\/mellerstaostergotland\/#\/schema\/person\/df60f650d4cfd861af39663ad6a57e8c"},"headline":"Tureborg Butik &amp; Atelj\u00e9 \u2013 Fr\u00e5n id\u00e9 till f\u00f6retag","datePublished":"2026-02-11T14:04:10+00:00","dateModified":"2026-02-11T14:04:11+00:00","mainEntityOfPage":{"@id":"https:\/\/nyforetagarcentrum.se\/mellerstaostergotland\/2026\/02\/11\/tureborg-butik-atelje-fran-ide-till-foretag\/"},"wordCount":264,"commentCount":0,"publisher":{"@id":"https:\/\/nyforetagarcentrum.se\/mellerstaostergotland\/#organization"},"image":{"@id":"https:\/\/nyforetagarcentrum.se\/mellerstaostergotland\/2026\/02\/11\/tureborg-butik-atelje-fran-ide-till-foretag\/#primaryimage"},"thumbnailUrl":"https:\/\/nyforetagarcentrum.se\/mellerstaostergotland\/wp-content\/uploads\/sites\/12\/2026\/02\/20251126_161235.jpg","articleSection":["Nyhet"],"inLanguage":"sv-SE","potentialAction":[{"@type":"CommentAction","name":"Comment","target":["https:\/\/nyforetagarcentrum.se\/mellerstaostergotland\/2026\/02\/11\/tureborg-butik-atelje-fran-ide-till-foretag\/#respond"]}]},{"@type":"WebPage","@id":"https:\/\/nyforetagarcentrum.se\/mellerstaostergotland\/2026\/02\/11\/tureborg-butik-atelje-fran-ide-till-foretag\/","url":"https:\/\/nyforetagarcentrum.se\/mellerstaostergotland\/2026\/02\/11\/tureborg-butik-atelje-fran-ide-till-foretag\/","name":"Tureborg Butik &amp; Atelj\u00e9 \u2013 Fr\u00e5n id\u00e9 till f\u00f6retag - Mellersta \u00d6sterg\u00f6tland","isPartOf":{"@id":"https:\/\/nyforetagarcentrum.se\/mellerstaostergotland\/#website"},"primaryImageOfPage":{"@id":"https:\/\/nyforetagarcentrum.se\/mellerstaostergotland\/2026\/02\/11\/tureborg-butik-atelje-fran-ide-till-foretag\/#primaryimage"},"image":{"@id":"https:\/\/nyforetagarcentrum.se\/mellerstaostergotland\/2026\/02\/11\/tureborg-butik-atelje-fran-ide-till-foretag\/#primaryimage"},"thumbnailUrl":"https:\/\/nyforetagarcentrum.se\/mellerstaostergotland\/wp-content\/uploads\/sites\/12\/2026\/02\/20251126_161235.jpg","datePublished":"2026-02-11T14:04:10+00:00","dateModified":"2026-02-11T14:04:11+00:00","description":"Tureborg Butik & Atelj\u00e9 \u2013 L\u00e4s v\u00e5r intervju med Sofi Ek som driver en kreativ m\u00f6tesplats d\u00e4r f\u00e4rg, konst, inredning och skapande m\u00f6ts!","breadcrumb":{"@id":"https:\/\/nyforetagarcentrum.se\/mellerstaostergotland\/2026\/02\/11\/tureborg-butik-atelje-fran-ide-till-foretag\/#breadcrumb"},"inLanguage":"sv-SE","potentialAction":[{"@type":"ReadAction","target":["https:\/\/nyforetagarcentrum.se\/mellerstaostergotland\/2026\/02\/11\/tureborg-butik-atelje-fran-ide-till-foretag\/"]}]},{"@type":"ImageObject","inLanguage":"sv-SE","@id":"https:\/\/nyforetagarcentrum.se\/mellerstaostergotland\/2026\/02\/11\/tureborg-butik-atelje-fran-ide-till-foretag\/#primaryimage","url":"https:\/\/nyforetagarcentrum.se\/mellerstaostergotland\/wp-content\/uploads\/sites\/12\/2026\/02\/20251126_161235.jpg","contentUrl":"https:\/\/nyforetagarcentrum.se\/mellerstaostergotland\/wp-content\/uploads\/sites\/12\/2026\/02\/20251126_161235.jpg","width":2330,"height":2223,"caption":"Lilla Tureborg"},{"@type":"BreadcrumbList","@id":"https:\/\/nyforetagarcentrum.se\/mellerstaostergotland\/2026\/02\/11\/tureborg-butik-atelje-fran-ide-till-foretag\/#breadcrumb","itemListElement":[{"@type":"ListItem","position":1,"name":"Hem","item":"https:\/\/nyforetagarcentrum.se\/mellerstaostergotland\/"},{"@type":"ListItem","position":2,"name":"Tureborg Butik &amp; Atelj\u00e9 \u2013 Fr\u00e5n id\u00e9 till f\u00f6retag"}]},{"@type":"WebSite","@id":"https:\/\/nyforetagarcentrum.se\/mellerstaostergotland\/#website","url":"https:\/\/nyforetagarcentrum.se\/mellerstaostergotland\/","name":"Mellersta \u00d6sterg\u00f6tland","description":"Sveriges ledande kraft f\u00f6r fler nya livskraftiga f\u00f6retag","publisher":{"@id":"https:\/\/nyforetagarcentrum.se\/mellerstaostergotland\/#organization"},"potentialAction":[{"@type":"SearchAction","target":{"@type":"EntryPoint","urlTemplate":"https:\/\/nyforetagarcentrum.se\/mellerstaostergotland\/?s={search_term_string}"},"query-input":"required name=search_term_string"}],"inLanguage":"sv-SE"},{"@type":"Organization","@id":"https:\/\/nyforetagarcentrum.se\/mellerstaostergotland\/#organization","name":"Mellersta \u00d6sterg\u00f6tland","url":"https:\/\/nyforetagarcentrum.se\/mellerstaostergotland\/","logo":{"@type":"ImageObject","inLanguage":"sv-SE","@id":"https:\/\/nyforetagarcentrum.se\/mellerstaostergotland\/#\/schema\/logo\/image\/","url":"https:\/\/nyforetagarcentrum.se\/mellerstaostergotland\/wp-content\/uploads\/sites\/12\/2026\/04\/mellerstaostergotland_bla.png","contentUrl":"https:\/\/nyforetagarcentrum.se\/mellerstaostergotland\/wp-content\/uploads\/sites\/12\/2026\/04\/mellerstaostergotland_bla.png","width":870,"height":355,"caption":"Mellersta \u00d6sterg\u00f6tland"},"image":{"@id":"https:\/\/nyforetagarcentrum.se\/mellerstaostergotland\/#\/schema\/logo\/image\/"}},{"@type":"Person","@id":"https:\/\/nyforetagarcentrum.se\/mellerstaostergotland\/#\/schema\/person\/df60f650d4cfd861af39663ad6a57e8c","name":"mellerstaostergotland","image":{"@type":"ImageObject","inLanguage":"sv-SE","@id":"https:\/\/nyforetagarcentrum.se\/mellerstaostergotland\/#\/schema\/person\/image\/","url":"https:\/\/secure.gravatar.com\/avatar\/4307c1410fb6bf935926d2a3793208ab?s=96&d=mm&r=g","contentUrl":"https:\/\/secure.gravatar.com\/avatar\/4307c1410fb6bf935926d2a3793208ab?s=96&d=mm&r=g","caption":"mellerstaostergotland"},"url":"https:\/\/nyforetagarcentrum.se\/mellerstaostergotland\/author\/mellerstaostergotland\/"}]}},"_links":{"self":[{"href":"https:\/\/nyforetagarcentrum.se\/mellerstaostergotland\/wp-json\/wp\/v2\/posts\/5730"}],"collection":[{"href":"https:\/\/nyforetagarcentrum.se\/mellerstaostergotland\/wp-json\/wp\/v2\/posts"}],"about":[{"href":"https:\/\/nyforetagarcentrum.se\/mellerstaostergotland\/wp-json\/wp\/v2\/types\/post"}],"author":[{"embeddable":true,"href":"https:\/\/nyforetagarcentrum.se\/mellerstaostergotland\/wp-json\/wp\/v2\/users\/65"}],"replies":[{"embeddable":true,"href":"https:\/\/nyforetagarcentrum.se\/mellerstaostergotland\/wp-json\/wp\/v2\/comments?post=5730"}],"version-history":[{"count":2,"href":"https:\/\/nyforetagarcentrum.se\/mellerstaostergotland\/wp-json\/wp\/v2\/posts\/5730\/revisions"}],"predecessor-version":[{"id":5733,"href":"https:\/\/nyforetagarcentrum.se\/mellerstaostergotland\/wp-json\/wp\/v2\/posts\/5730\/revisions\/5733"}],"wp:featuredmedia":[{"embeddable":true,"href":"https:\/\/nyforetagarcentrum.se\/mellerstaostergotland\/wp-json\/wp\/v2\/media\/5731"}],"wp:attachment":[{"href":"https:\/\/nyforetagarcentrum.se\/mellerstaostergotland\/wp-json\/wp\/v2\/media?parent=5730"}],"wp:term":[{"taxonomy":"category","embeddable":true,"href":"https:\/\/nyforetagarcentrum.se\/mellerstaostergotland\/wp-json\/wp\/v2\/categories?post=5730"},{"taxonomy":"post_tag","embeddable":true,"href":"https:\/\/nyforetagarcentrum.se\/mellerstaostergotland\/wp-json\/wp\/v2\/tags?post=5730"}],"curies":[{"name":"wp","href":"https:\/\/api.w.org\/{rel}","templated":true}]}}