{"id":1826,"date":"2024-06-11T10:41:28","date_gmt":"2024-06-11T08:41:28","guid":{"rendered":"https:\/\/nyforetagarcentrum.se\/mellerstaostergotland\/?p=1826"},"modified":"2024-11-06T11:30:54","modified_gmt":"2024-11-06T10:30:54","slug":"nytt-samarbete-med-sankt-kors-och-ostergotlands-stadsmission","status":"publish","type":"post","link":"https:\/\/nyforetagarcentrum.se\/mellerstaostergotland\/2024\/06\/11\/nytt-samarbete-med-sankt-kors-och-ostergotlands-stadsmission\/","title":{"rendered":"Nytt samarbete med Sankt Kors och \u00d6sterg\u00f6tlands Stadsmission"},"content":{"rendered":"\n<p><a href=\"https:\/\/news.cision.com\/se\/sankt-kors\/r\/nytt-samarbete-ska-skapa-sysselsattning-for-utsatta,c3997357\"><strong>H\u00e4r kan du l\u00e4sa ett pressmeddelande om Startup Time och v\u00e5rt samarbete med Sankt Kors och \u00d6sterg\u00f6tlands Stadsmission.<\/strong><\/a><\/p>\n\n\n\n<figure class=\"wp-block-image size-full\"><img loading=\"lazy\" decoding=\"async\" width=\"800\" height=\"533\" src=\"https:\/\/nyforetagarcentrum.se\/mellerstaostergotland\/wp-content\/uploads\/sites\/12\/2024\/06\/8575d17a1a22f0b2_800x800ar.jpg\" alt=\"\" class=\"wp-image-1828\" style=\"aspect-ratio:1;object-fit:cover\" srcset=\"https:\/\/nyforetagarcentrum.se\/mellerstaostergotland\/wp-content\/uploads\/sites\/12\/2024\/06\/8575d17a1a22f0b2_800x800ar.jpg 800w, https:\/\/nyforetagarcentrum.se\/mellerstaostergotland\/wp-content\/uploads\/sites\/12\/2024\/06\/8575d17a1a22f0b2_800x800ar-300x200.jpg 300w, https:\/\/nyforetagarcentrum.se\/mellerstaostergotland\/wp-content\/uploads\/sites\/12\/2024\/06\/8575d17a1a22f0b2_800x800ar-768x512.jpg 768w\" sizes=\"(max-width: 800px) 100vw, 800px\" \/><\/figure>\n\n\n\n<p><em>Enligt en avsiktsf\u00f6rklaring som presenteras idag ska <a href=\"https:\/\/sanktkors.se\/\">Sankt Kors<\/a>, <a href=\"https:\/\/www.stadsmissionenost.se\/\">\u00d6sterg\u00f6tlands Stadsmission<\/a> och Nyf\u00f6retagarcentrum Mellersta \u00d6sterg\u00f6tland samverka f\u00f6r att med hj\u00e4lp av mentorskap och integrerade utbildningsinsatser m\u00f6jligg\u00f6ra f\u00f6r unga personer i utsatta omr\u00e5den i kommunen att utforska nya karri\u00e4rv\u00e4gar.\u00a0F\u00f6lj l\u00e4nken ovan f\u00f6r att ta del av hela pressmeddelandet.\u00a0<\/em><\/p>\n\n\n\n<p><em>Foto: Stadsmissionens Ledarskapsakademi, fotograf Asser Medleji<\/em><\/p>\n","protected":false},"excerpt":{"rendered":"<p>H\u00e4r kan du l\u00e4sa ett pressmeddelande om Startup Time och v\u00e5rt samarbete med Sankt Kors och \u00d6sterg\u00f6tlands Stadsmission. Enligt en avsiktsf\u00f6rklaring som presenteras idag ska Sankt Kors, \u00d6sterg\u00f6tlands Stadsmission och Nyf\u00f6retagarcentrum Mellersta \u00d6sterg\u00f6tland samverka f\u00f6r att med hj\u00e4lp av mentorskap och integrerade utbildningsinsatser m\u00f6jligg\u00f6ra f\u00f6r unga personer i utsatta omr\u00e5den i kommunen att utforska nya [&hellip;]<\/p>\n","protected":false},"author":65,"featured_media":1828,"comment_status":"open","ping_status":"open","sticky":false,"template":"","format":"standard","meta":{"footnotes":""},"categories":[19],"tags":[],"acf":[],"yoast_head":"<!-- This site is optimized with the Yoast SEO plugin v22.9 - https:\/\/yoast.com\/wordpress\/plugins\/seo\/ -->\n<title>Nytt samarbete med Sankt Kors och \u00d6sterg\u00f6tlands Stadsmission - Mellersta \u00d6sterg\u00f6tland<\/title>\n<meta name=\"description\" content=\"Sankt Kors, \u00d6sterg\u00f6tlands Stadsmission och Nyf\u00f6retagarcentrum samverkar f\u00f6r att unga i utsatta omr\u00e5den ska kunna utforska nya karri\u00e4rv\u00e4gar\" \/>\n<meta name=\"robots\" content=\"index, follow, max-snippet:-1, max-image-preview:large, max-video-preview:-1\" \/>\n<link rel=\"canonical\" href=\"https:\/\/nyforetagarcentrum.se\/mellerstaostergotland\/2024\/06\/11\/nytt-samarbete-med-sankt-kors-och-ostergotlands-stadsmission\/\" \/>\n<meta property=\"og:locale\" content=\"sv_SE\" \/>\n<meta property=\"og:type\" content=\"article\" \/>\n<meta property=\"og:title\" content=\"Nytt samarbete med Sankt Kors och \u00d6sterg\u00f6tlands Stadsmission - Mellersta \u00d6sterg\u00f6tland\" \/>\n<meta property=\"og:description\" content=\"Sankt Kors, \u00d6sterg\u00f6tlands Stadsmission och Nyf\u00f6retagarcentrum samverkar f\u00f6r att unga i utsatta omr\u00e5den ska kunna utforska nya karri\u00e4rv\u00e4gar\" \/>\n<meta property=\"og:url\" content=\"https:\/\/nyforetagarcentrum.se\/mellerstaostergotland\/2024\/06\/11\/nytt-samarbete-med-sankt-kors-och-ostergotlands-stadsmission\/\" \/>\n<meta property=\"og:site_name\" content=\"Mellersta \u00d6sterg\u00f6tland\" \/>\n<meta property=\"article:published_time\" content=\"2024-06-11T08:41:28+00:00\" \/>\n<meta property=\"article:modified_time\" content=\"2024-11-06T10:30:54+00:00\" \/>\n<meta property=\"og:image\" content=\"https:\/\/nyforetagarcentrum.se\/mellerstaostergotland\/wp-content\/uploads\/sites\/12\/2024\/06\/8575d17a1a22f0b2_800x800ar.jpg\" \/>\n\t<meta property=\"og:image:width\" content=\"800\" \/>\n\t<meta property=\"og:image:height\" content=\"533\" \/>\n\t<meta property=\"og:image:type\" content=\"image\/jpeg\" \/>\n<meta name=\"author\" content=\"mellerstaostergotland\" \/>\n<meta name=\"twitter:card\" content=\"summary_large_image\" \/>\n<meta name=\"twitter:label1\" content=\"Skriven av\" \/>\n\t<meta name=\"twitter:data1\" content=\"mellerstaostergotland\" \/>\n\t<meta name=\"twitter:label2\" content=\"Ber\u00e4knad l\u00e4stid\" \/>\n\t<meta name=\"twitter:data2\" content=\"1 minut\" \/>\n<script type=\"application\/ld+json\" class=\"yoast-schema-graph\">{\"@context\":\"https:\/\/schema.org\",\"@graph\":[{\"@type\":\"Article\",\"@id\":\"https:\/\/nyforetagarcentrum.se\/mellerstaostergotland\/2024\/06\/11\/nytt-samarbete-med-sankt-kors-och-ostergotlands-stadsmission\/#article\",\"isPartOf\":{\"@id\":\"https:\/\/nyforetagarcentrum.se\/mellerstaostergotland\/2024\/06\/11\/nytt-samarbete-med-sankt-kors-och-ostergotlands-stadsmission\/\"},\"author\":{\"name\":\"mellerstaostergotland\",\"@id\":\"https:\/\/nyforetagarcentrum.se\/mellerstaostergotland\/#\/schema\/person\/df60f650d4cfd861af39663ad6a57e8c\"},\"headline\":\"Nytt samarbete med Sankt Kors och \u00d6sterg\u00f6tlands Stadsmission\",\"datePublished\":\"2024-06-11T08:41:28+00:00\",\"dateModified\":\"2024-11-06T10:30:54+00:00\",\"mainEntityOfPage\":{\"@id\":\"https:\/\/nyforetagarcentrum.se\/mellerstaostergotland\/2024\/06\/11\/nytt-samarbete-med-sankt-kors-och-ostergotlands-stadsmission\/\"},\"wordCount\":100,\"commentCount\":0,\"publisher\":{\"@id\":\"https:\/\/nyforetagarcentrum.se\/mellerstaostergotland\/#organization\"},\"image\":{\"@id\":\"https:\/\/nyforetagarcentrum.se\/mellerstaostergotland\/2024\/06\/11\/nytt-samarbete-med-sankt-kors-och-ostergotlands-stadsmission\/#primaryimage\"},\"thumbnailUrl\":\"https:\/\/nyforetagarcentrum.se\/mellerstaostergotland\/wp-content\/uploads\/sites\/12\/2024\/06\/8575d17a1a22f0b2_800x800ar.jpg\",\"articleSection\":[\"StartUp Time\"],\"inLanguage\":\"sv-SE\",\"potentialAction\":[{\"@type\":\"CommentAction\",\"name\":\"Comment\",\"target\":[\"https:\/\/nyforetagarcentrum.se\/mellerstaostergotland\/2024\/06\/11\/nytt-samarbete-med-sankt-kors-och-ostergotlands-stadsmission\/#respond\"]}]},{\"@type\":\"WebPage\",\"@id\":\"https:\/\/nyforetagarcentrum.se\/mellerstaostergotland\/2024\/06\/11\/nytt-samarbete-med-sankt-kors-och-ostergotlands-stadsmission\/\",\"url\":\"https:\/\/nyforetagarcentrum.se\/mellerstaostergotland\/2024\/06\/11\/nytt-samarbete-med-sankt-kors-och-ostergotlands-stadsmission\/\",\"name\":\"Nytt samarbete med Sankt Kors och \u00d6sterg\u00f6tlands Stadsmission - Mellersta \u00d6sterg\u00f6tland\",\"isPartOf\":{\"@id\":\"https:\/\/nyforetagarcentrum.se\/mellerstaostergotland\/#website\"},\"primaryImageOfPage\":{\"@id\":\"https:\/\/nyforetagarcentrum.se\/mellerstaostergotland\/2024\/06\/11\/nytt-samarbete-med-sankt-kors-och-ostergotlands-stadsmission\/#primaryimage\"},\"image\":{\"@id\":\"https:\/\/nyforetagarcentrum.se\/mellerstaostergotland\/2024\/06\/11\/nytt-samarbete-med-sankt-kors-och-ostergotlands-stadsmission\/#primaryimage\"},\"thumbnailUrl\":\"https:\/\/nyforetagarcentrum.se\/mellerstaostergotland\/wp-content\/uploads\/sites\/12\/2024\/06\/8575d17a1a22f0b2_800x800ar.jpg\",\"datePublished\":\"2024-06-11T08:41:28+00:00\",\"dateModified\":\"2024-11-06T10:30:54+00:00\",\"description\":\"Sankt Kors, \u00d6sterg\u00f6tlands Stadsmission och Nyf\u00f6retagarcentrum samverkar f\u00f6r att unga i utsatta omr\u00e5den ska kunna utforska nya karri\u00e4rv\u00e4gar\",\"breadcrumb\":{\"@id\":\"https:\/\/nyforetagarcentrum.se\/mellerstaostergotland\/2024\/06\/11\/nytt-samarbete-med-sankt-kors-och-ostergotlands-stadsmission\/#breadcrumb\"},\"inLanguage\":\"sv-SE\",\"potentialAction\":[{\"@type\":\"ReadAction\",\"target\":[\"https:\/\/nyforetagarcentrum.se\/mellerstaostergotland\/2024\/06\/11\/nytt-samarbete-med-sankt-kors-och-ostergotlands-stadsmission\/\"]}]},{\"@type\":\"ImageObject\",\"inLanguage\":\"sv-SE\",\"@id\":\"https:\/\/nyforetagarcentrum.se\/mellerstaostergotland\/2024\/06\/11\/nytt-samarbete-med-sankt-kors-och-ostergotlands-stadsmission\/#primaryimage\",\"url\":\"https:\/\/nyforetagarcentrum.se\/mellerstaostergotland\/wp-content\/uploads\/sites\/12\/2024\/06\/8575d17a1a22f0b2_800x800ar.jpg\",\"contentUrl\":\"https:\/\/nyforetagarcentrum.se\/mellerstaostergotland\/wp-content\/uploads\/sites\/12\/2024\/06\/8575d17a1a22f0b2_800x800ar.jpg\",\"width\":800,\"height\":533,\"caption\":\"Startup Time\"},{\"@type\":\"BreadcrumbList\",\"@id\":\"https:\/\/nyforetagarcentrum.se\/mellerstaostergotland\/2024\/06\/11\/nytt-samarbete-med-sankt-kors-och-ostergotlands-stadsmission\/#breadcrumb\",\"itemListElement\":[{\"@type\":\"ListItem\",\"position\":1,\"name\":\"Hem\",\"item\":\"https:\/\/nyforetagarcentrum.se\/mellerstaostergotland\/\"},{\"@type\":\"ListItem\",\"position\":2,\"name\":\"Nytt samarbete med Sankt Kors och \u00d6sterg\u00f6tlands Stadsmission\"}]},{\"@type\":\"WebSite\",\"@id\":\"https:\/\/nyforetagarcentrum.se\/mellerstaostergotland\/#website\",\"url\":\"https:\/\/nyforetagarcentrum.se\/mellerstaostergotland\/\",\"name\":\"Mellersta \u00d6sterg\u00f6tland\",\"description\":\"Sveriges ledande kraft f\u00f6r fler nya livskraftiga f\u00f6retag\",\"publisher\":{\"@id\":\"https:\/\/nyforetagarcentrum.se\/mellerstaostergotland\/#organization\"},\"potentialAction\":[{\"@type\":\"SearchAction\",\"target\":{\"@type\":\"EntryPoint\",\"urlTemplate\":\"https:\/\/nyforetagarcentrum.se\/mellerstaostergotland\/?s={search_term_string}\"},\"query-input\":\"required name=search_term_string\"}],\"inLanguage\":\"sv-SE\"},{\"@type\":\"Organization\",\"@id\":\"https:\/\/nyforetagarcentrum.se\/mellerstaostergotland\/#organization\",\"name\":\"Mellersta \u00d6sterg\u00f6tland\",\"url\":\"https:\/\/nyforetagarcentrum.se\/mellerstaostergotland\/\",\"logo\":{\"@type\":\"ImageObject\",\"inLanguage\":\"sv-SE\",\"@id\":\"https:\/\/nyforetagarcentrum.se\/mellerstaostergotland\/#\/schema\/logo\/image\/\",\"url\":\"https:\/\/nyforetagarcentrum.se\/mellerstaostergotland\/wp-content\/uploads\/sites\/12\/2026\/04\/mellerstaostergotland_bla.png\",\"contentUrl\":\"https:\/\/nyforetagarcentrum.se\/mellerstaostergotland\/wp-content\/uploads\/sites\/12\/2026\/04\/mellerstaostergotland_bla.png\",\"width\":870,\"height\":355,\"caption\":\"Mellersta \u00d6sterg\u00f6tland\"},\"image\":{\"@id\":\"https:\/\/nyforetagarcentrum.se\/mellerstaostergotland\/#\/schema\/logo\/image\/\"}},{\"@type\":\"Person\",\"@id\":\"https:\/\/nyforetagarcentrum.se\/mellerstaostergotland\/#\/schema\/person\/df60f650d4cfd861af39663ad6a57e8c\",\"name\":\"mellerstaostergotland\",\"image\":{\"@type\":\"ImageObject\",\"inLanguage\":\"sv-SE\",\"@id\":\"https:\/\/nyforetagarcentrum.se\/mellerstaostergotland\/#\/schema\/person\/image\/\",\"url\":\"https:\/\/secure.gravatar.com\/avatar\/4307c1410fb6bf935926d2a3793208ab?s=96&d=mm&r=g\",\"contentUrl\":\"https:\/\/secure.gravatar.com\/avatar\/4307c1410fb6bf935926d2a3793208ab?s=96&d=mm&r=g\",\"caption\":\"mellerstaostergotland\"},\"url\":\"https:\/\/nyforetagarcentrum.se\/mellerstaostergotland\/author\/mellerstaostergotland\/\"}]}<\/script>\n<!-- \/ Yoast SEO plugin. -->","yoast_head_json":{"title":"Nytt samarbete med Sankt Kors och \u00d6sterg\u00f6tlands Stadsmission - Mellersta \u00d6sterg\u00f6tland","description":"Sankt Kors, \u00d6sterg\u00f6tlands Stadsmission och Nyf\u00f6retagarcentrum samverkar f\u00f6r att unga i utsatta omr\u00e5den ska kunna utforska nya karri\u00e4rv\u00e4gar","robots":{"index":"index","follow":"follow","max-snippet":"max-snippet:-1","max-image-preview":"max-image-preview:large","max-video-preview":"max-video-preview:-1"},"canonical":"https:\/\/nyforetagarcentrum.se\/mellerstaostergotland\/2024\/06\/11\/nytt-samarbete-med-sankt-kors-och-ostergotlands-stadsmission\/","og_locale":"sv_SE","og_type":"article","og_title":"Nytt samarbete med Sankt Kors och \u00d6sterg\u00f6tlands Stadsmission - Mellersta \u00d6sterg\u00f6tland","og_description":"Sankt Kors, \u00d6sterg\u00f6tlands Stadsmission och Nyf\u00f6retagarcentrum samverkar f\u00f6r att unga i utsatta omr\u00e5den ska kunna utforska nya karri\u00e4rv\u00e4gar","og_url":"https:\/\/nyforetagarcentrum.se\/mellerstaostergotland\/2024\/06\/11\/nytt-samarbete-med-sankt-kors-och-ostergotlands-stadsmission\/","og_site_name":"Mellersta \u00d6sterg\u00f6tland","article_published_time":"2024-06-11T08:41:28+00:00","article_modified_time":"2024-11-06T10:30:54+00:00","og_image":[{"width":800,"height":533,"url":"https:\/\/nyforetagarcentrum.se\/mellerstaostergotland\/wp-content\/uploads\/sites\/12\/2024\/06\/8575d17a1a22f0b2_800x800ar.jpg","type":"image\/jpeg"}],"author":"mellerstaostergotland","twitter_card":"summary_large_image","twitter_misc":{"Skriven av":"mellerstaostergotland","Ber\u00e4knad l\u00e4stid":"1 minut"},"schema":{"@context":"https:\/\/schema.org","@graph":[{"@type":"Article","@id":"https:\/\/nyforetagarcentrum.se\/mellerstaostergotland\/2024\/06\/11\/nytt-samarbete-med-sankt-kors-och-ostergotlands-stadsmission\/#article","isPartOf":{"@id":"https:\/\/nyforetagarcentrum.se\/mellerstaostergotland\/2024\/06\/11\/nytt-samarbete-med-sankt-kors-och-ostergotlands-stadsmission\/"},"author":{"name":"mellerstaostergotland","@id":"https:\/\/nyforetagarcentrum.se\/mellerstaostergotland\/#\/schema\/person\/df60f650d4cfd861af39663ad6a57e8c"},"headline":"Nytt samarbete med Sankt Kors och \u00d6sterg\u00f6tlands Stadsmission","datePublished":"2024-06-11T08:41:28+00:00","dateModified":"2024-11-06T10:30:54+00:00","mainEntityOfPage":{"@id":"https:\/\/nyforetagarcentrum.se\/mellerstaostergotland\/2024\/06\/11\/nytt-samarbete-med-sankt-kors-och-ostergotlands-stadsmission\/"},"wordCount":100,"commentCount":0,"publisher":{"@id":"https:\/\/nyforetagarcentrum.se\/mellerstaostergotland\/#organization"},"image":{"@id":"https:\/\/nyforetagarcentrum.se\/mellerstaostergotland\/2024\/06\/11\/nytt-samarbete-med-sankt-kors-och-ostergotlands-stadsmission\/#primaryimage"},"thumbnailUrl":"https:\/\/nyforetagarcentrum.se\/mellerstaostergotland\/wp-content\/uploads\/sites\/12\/2024\/06\/8575d17a1a22f0b2_800x800ar.jpg","articleSection":["StartUp Time"],"inLanguage":"sv-SE","potentialAction":[{"@type":"CommentAction","name":"Comment","target":["https:\/\/nyforetagarcentrum.se\/mellerstaostergotland\/2024\/06\/11\/nytt-samarbete-med-sankt-kors-och-ostergotlands-stadsmission\/#respond"]}]},{"@type":"WebPage","@id":"https:\/\/nyforetagarcentrum.se\/mellerstaostergotland\/2024\/06\/11\/nytt-samarbete-med-sankt-kors-och-ostergotlands-stadsmission\/","url":"https:\/\/nyforetagarcentrum.se\/mellerstaostergotland\/2024\/06\/11\/nytt-samarbete-med-sankt-kors-och-ostergotlands-stadsmission\/","name":"Nytt samarbete med Sankt Kors och \u00d6sterg\u00f6tlands Stadsmission - Mellersta \u00d6sterg\u00f6tland","isPartOf":{"@id":"https:\/\/nyforetagarcentrum.se\/mellerstaostergotland\/#website"},"primaryImageOfPage":{"@id":"https:\/\/nyforetagarcentrum.se\/mellerstaostergotland\/2024\/06\/11\/nytt-samarbete-med-sankt-kors-och-ostergotlands-stadsmission\/#primaryimage"},"image":{"@id":"https:\/\/nyforetagarcentrum.se\/mellerstaostergotland\/2024\/06\/11\/nytt-samarbete-med-sankt-kors-och-ostergotlands-stadsmission\/#primaryimage"},"thumbnailUrl":"https:\/\/nyforetagarcentrum.se\/mellerstaostergotland\/wp-content\/uploads\/sites\/12\/2024\/06\/8575d17a1a22f0b2_800x800ar.jpg","datePublished":"2024-06-11T08:41:28+00:00","dateModified":"2024-11-06T10:30:54+00:00","description":"Sankt Kors, \u00d6sterg\u00f6tlands Stadsmission och Nyf\u00f6retagarcentrum samverkar f\u00f6r att unga i utsatta omr\u00e5den ska kunna utforska nya karri\u00e4rv\u00e4gar","breadcrumb":{"@id":"https:\/\/nyforetagarcentrum.se\/mellerstaostergotland\/2024\/06\/11\/nytt-samarbete-med-sankt-kors-och-ostergotlands-stadsmission\/#breadcrumb"},"inLanguage":"sv-SE","potentialAction":[{"@type":"ReadAction","target":["https:\/\/nyforetagarcentrum.se\/mellerstaostergotland\/2024\/06\/11\/nytt-samarbete-med-sankt-kors-och-ostergotlands-stadsmission\/"]}]},{"@type":"ImageObject","inLanguage":"sv-SE","@id":"https:\/\/nyforetagarcentrum.se\/mellerstaostergotland\/2024\/06\/11\/nytt-samarbete-med-sankt-kors-och-ostergotlands-stadsmission\/#primaryimage","url":"https:\/\/nyforetagarcentrum.se\/mellerstaostergotland\/wp-content\/uploads\/sites\/12\/2024\/06\/8575d17a1a22f0b2_800x800ar.jpg","contentUrl":"https:\/\/nyforetagarcentrum.se\/mellerstaostergotland\/wp-content\/uploads\/sites\/12\/2024\/06\/8575d17a1a22f0b2_800x800ar.jpg","width":800,"height":533,"caption":"Startup Time"},{"@type":"BreadcrumbList","@id":"https:\/\/nyforetagarcentrum.se\/mellerstaostergotland\/2024\/06\/11\/nytt-samarbete-med-sankt-kors-och-ostergotlands-stadsmission\/#breadcrumb","itemListElement":[{"@type":"ListItem","position":1,"name":"Hem","item":"https:\/\/nyforetagarcentrum.se\/mellerstaostergotland\/"},{"@type":"ListItem","position":2,"name":"Nytt samarbete med Sankt Kors och \u00d6sterg\u00f6tlands Stadsmission"}]},{"@type":"WebSite","@id":"https:\/\/nyforetagarcentrum.se\/mellerstaostergotland\/#website","url":"https:\/\/nyforetagarcentrum.se\/mellerstaostergotland\/","name":"Mellersta \u00d6sterg\u00f6tland","description":"Sveriges ledande kraft f\u00f6r fler nya livskraftiga f\u00f6retag","publisher":{"@id":"https:\/\/nyforetagarcentrum.se\/mellerstaostergotland\/#organization"},"potentialAction":[{"@type":"SearchAction","target":{"@type":"EntryPoint","urlTemplate":"https:\/\/nyforetagarcentrum.se\/mellerstaostergotland\/?s={search_term_string}"},"query-input":"required name=search_term_string"}],"inLanguage":"sv-SE"},{"@type":"Organization","@id":"https:\/\/nyforetagarcentrum.se\/mellerstaostergotland\/#organization","name":"Mellersta \u00d6sterg\u00f6tland","url":"https:\/\/nyforetagarcentrum.se\/mellerstaostergotland\/","logo":{"@type":"ImageObject","inLanguage":"sv-SE","@id":"https:\/\/nyforetagarcentrum.se\/mellerstaostergotland\/#\/schema\/logo\/image\/","url":"https:\/\/nyforetagarcentrum.se\/mellerstaostergotland\/wp-content\/uploads\/sites\/12\/2026\/04\/mellerstaostergotland_bla.png","contentUrl":"https:\/\/nyforetagarcentrum.se\/mellerstaostergotland\/wp-content\/uploads\/sites\/12\/2026\/04\/mellerstaostergotland_bla.png","width":870,"height":355,"caption":"Mellersta \u00d6sterg\u00f6tland"},"image":{"@id":"https:\/\/nyforetagarcentrum.se\/mellerstaostergotland\/#\/schema\/logo\/image\/"}},{"@type":"Person","@id":"https:\/\/nyforetagarcentrum.se\/mellerstaostergotland\/#\/schema\/person\/df60f650d4cfd861af39663ad6a57e8c","name":"mellerstaostergotland","image":{"@type":"ImageObject","inLanguage":"sv-SE","@id":"https:\/\/nyforetagarcentrum.se\/mellerstaostergotland\/#\/schema\/person\/image\/","url":"https:\/\/secure.gravatar.com\/avatar\/4307c1410fb6bf935926d2a3793208ab?s=96&d=mm&r=g","contentUrl":"https:\/\/secure.gravatar.com\/avatar\/4307c1410fb6bf935926d2a3793208ab?s=96&d=mm&r=g","caption":"mellerstaostergotland"},"url":"https:\/\/nyforetagarcentrum.se\/mellerstaostergotland\/author\/mellerstaostergotland\/"}]}},"_links":{"self":[{"href":"https:\/\/nyforetagarcentrum.se\/mellerstaostergotland\/wp-json\/wp\/v2\/posts\/1826"}],"collection":[{"href":"https:\/\/nyforetagarcentrum.se\/mellerstaostergotland\/wp-json\/wp\/v2\/posts"}],"about":[{"href":"https:\/\/nyforetagarcentrum.se\/mellerstaostergotland\/wp-json\/wp\/v2\/types\/post"}],"author":[{"embeddable":true,"href":"https:\/\/nyforetagarcentrum.se\/mellerstaostergotland\/wp-json\/wp\/v2\/users\/65"}],"replies":[{"embeddable":true,"href":"https:\/\/nyforetagarcentrum.se\/mellerstaostergotland\/wp-json\/wp\/v2\/comments?post=1826"}],"version-history":[{"count":5,"href":"https:\/\/nyforetagarcentrum.se\/mellerstaostergotland\/wp-json\/wp\/v2\/posts\/1826\/revisions"}],"predecessor-version":[{"id":1909,"href":"https:\/\/nyforetagarcentrum.se\/mellerstaostergotland\/wp-json\/wp\/v2\/posts\/1826\/revisions\/1909"}],"wp:featuredmedia":[{"embeddable":true,"href":"https:\/\/nyforetagarcentrum.se\/mellerstaostergotland\/wp-json\/wp\/v2\/media\/1828"}],"wp:attachment":[{"href":"https:\/\/nyforetagarcentrum.se\/mellerstaostergotland\/wp-json\/wp\/v2\/media?parent=1826"}],"wp:term":[{"taxonomy":"category","embeddable":true,"href":"https:\/\/nyforetagarcentrum.se\/mellerstaostergotland\/wp-json\/wp\/v2\/categories?post=1826"},{"taxonomy":"post_tag","embeddable":true,"href":"https:\/\/nyforetagarcentrum.se\/mellerstaostergotland\/wp-json\/wp\/v2\/tags?post=1826"}],"curies":[{"name":"wp","href":"https:\/\/api.w.org\/{rel}","templated":true}]}}